{"id":1322,"date":"2015-11-18T01:00:00","date_gmt":"2015-11-17T22:00:00","guid":{"rendered":"http:\/\/lemotdujour.fr\/?p=1322"},"modified":"2017-05-08T13:27:34","modified_gmt":"2017-05-08T11:27:34","slug":"mercredi-18112015","status":"publish","type":"post","link":"https:\/\/lemotdujour.fr\/?p=1322","title":{"rendered":"Mercredi 18\/11\/2015"},"content":{"rendered":"<div class=\"mdjDate\">Mercredi 18\/11\/2015<\/div>\n<div class=\"mdjTexte\">\u00abLes moyens qu&rsquo;il faut d\u00e9velopper pour assurer la s\u00e9curit\u00e9 ne sont pas les m\u00eames que ceux qu&rsquo;il faut pour rassurer la population.\u00bb<\/div>\n<div class=\"mdjAuteur\">Thomas Legrand<br \/>Dans \u00e9mission sp\u00e9ciale de samedi soir le 14\/11 de Demorand \u00e0 France Inter<\/div>\n<div class=\"mdjComplements\">Pour rassurer la population il faut montrer des policiers. \u00c7a use les policiers et ne sert pas \u00e0 grand chose pour la s\u00e9curit\u00e9.<\/div>\n<div class=\"mdjComplements\">Car pour assurer la s\u00e9curit\u00e9, souvent il ne faut pas les montrer, il faut les cacher, il faut travailler dans l&rsquo;ombre.<\/div>\n<div class=\"mdjComplements\">Et c&rsquo;est tr\u00e8s compliqu\u00e9.<\/div>\n<div class=\"mdjComplements\">C&rsquo;est plus rentable politiquement de mettre des policiers partout, de les faire patrouiller dans les gares et les lieux publics.<\/div>\n<div class=\"mdjComplements\">Ils sont l\u00e0 pour rassurer.<\/div>\n<div class=\"mdjComplements\">M\u00eame si on avait mis 2 policiers en bas du bataclan, devant les hommes d\u00e9termin\u00e9s et avec des armes de guerre les policiers n&rsquo;auraient rien pu emp\u00eacher, ils auraient \u00e9t\u00e9 simplement parmi les victimes.<\/div>\n<div class=\"mdjComplements\">Tout ceci pose la question de notre rationalit\u00e9 collective.<\/div>\n","protected":false},"excerpt":{"rendered":"<p>Mercredi 18\/11\/2015 \u00abLes moyens qu&rsquo;il faut d\u00e9velopper pour assurer la s\u00e9curit\u00e9 ne sont pas les m\u00eames que ceux qu&rsquo;il faut pour rassurer la population.\u00bb Thomas LegrandDans \u00e9mission sp\u00e9ciale de samedi soir le 14\/11 de Demorand \u00e0 France Inter Pour rassurer<\/p>\n","protected":false},"author":1,"featured_media":0,"comment_status":"closed","ping_status":"closed","sticky":false,"template":"","format":"standard","meta":{"footnotes":""},"categories":[1],"tags":[],"class_list":["post-1322","post","type-post","status-publish","format-standard","hentry","category-motdujour"],"_links":{"self":[{"href":"https:\/\/lemotdujour.fr\/index.php?rest_route=\/wp\/v2\/posts\/1322","targetHints":{"allow":["GET"]}}],"collection":[{"href":"https:\/\/lemotdujour.fr\/index.php?rest_route=\/wp\/v2\/posts"}],"about":[{"href":"https:\/\/lemotdujour.fr\/index.php?rest_route=\/wp\/v2\/types\/post"}],"author":[{"embeddable":true,"href":"https:\/\/lemotdujour.fr\/index.php?rest_route=\/wp\/v2\/users\/1"}],"replies":[{"embeddable":true,"href":"https:\/\/lemotdujour.fr\/index.php?rest_route=%2Fwp%2Fv2%2Fcomments&post=1322"}],"version-history":[{"count":1,"href":"https:\/\/lemotdujour.fr\/index.php?rest_route=\/wp\/v2\/posts\/1322\/revisions"}],"predecessor-version":[{"id":1323,"href":"https:\/\/lemotdujour.fr\/index.php?rest_route=\/wp\/v2\/posts\/1322\/revisions\/1323"}],"wp:attachment":[{"href":"https:\/\/lemotdujour.fr\/index.php?rest_route=%2Fwp%2Fv2%2Fmedia&parent=1322"}],"wp:term":[{"taxonomy":"category","embeddable":true,"href":"https:\/\/lemotdujour.fr\/index.php?rest_route=%2Fwp%2Fv2%2Fcategories&post=1322"},{"taxonomy":"post_tag","embeddable":true,"href":"https:\/\/lemotdujour.fr\/index.php?rest_route=%2Fwp%2Fv2%2Ftags&post=1322"}],"curies":[{"name":"wp","href":"https:\/\/api.w.org\/{rel}","templated":true}]}}