{"id":13209,"date":"2022-02-23T00:25:17","date_gmt":"2022-02-22T23:25:17","guid":{"rendered":"https:\/\/lemotdujour.fr\/?p=13209"},"modified":"2022-02-23T10:36:22","modified_gmt":"2022-02-23T09:36:22","slug":"mercredi-23-fevrier-2022","status":"publish","type":"post","link":"https:\/\/lemotdujour.fr\/?p=13209","title":{"rendered":"Mercredi 23 f\u00e9vrier 2022"},"content":{"rendered":"<div class=\"mdjTexte\">\u00ab Au milieu de la plaine immense, dans mon Ukraine bien-aim\u00e9e, pour que je voie les champs sans fin. \u00bb<\/div>\n<div class=\"mdjAuteur\">Tarass Chevtchenko<\/div>\n<p><span style=\"color: #777777; font-family: Arial;\">L&rsquo;Ukraine&nbsp;!<br \/>\n<\/span><\/p>\n<p><span style=\"color: #777777; font-family: Arial;\">En lisant et butinant autour de ce pays divis\u00e9, menac\u00e9 par son immense voisin, je suis tomb\u00e9 sur des articles concernant <strong>Taras Chevtchenko <\/strong>surnomm\u00e9<strong> Kobzar<\/strong> que je ne connaissais pas.<br \/>\n<\/span><\/p>\n<p><a href=\"https:\/\/fr.wikipedia.org\/wiki\/Taras_Chevtchenko\"><span style=\"font-family: Arial;\"><span style=\"color: #0000ff;\">Wikipedia<\/span><\/span><\/a><span style=\"color: #777777; font-family: Arial;\"> \u00e9crit&nbsp;:<br \/>\n<\/span><\/p>\n<p style=\"margin-left: 28pt;\"><span style=\"color: #c00000; font-family: Arial;\">\u00ab&nbsp;Il est consid\u00e9r\u00e9 comme le plus grand po\u00e8te romantique de langue ukrainienne.<br \/>\n<\/span><span style=\"color: #c00000; font-family: Arial;\">Figure embl\u00e9matique dans l&rsquo;histoire de l&rsquo;Ukraine, il marque le r\u00e9veil national du pays au XIXe si\u00e8cle. Sa vie et son \u0153uvre font de lui une v\u00e9ritable ic\u00f4ne de la culture de l&rsquo;Ukraine et de la diaspora ukrainienne au cours des XIXe et XXe si\u00e8cles. La principale universit\u00e9 ukrainienne porte son nom depuis 1939 : universit\u00e9 nationale Taras-Chevtchenko de Kiev.&nbsp;\u00bb<br \/>\n<\/span><\/p>\n<p><span style=\"color: #777777; font-family: Arial;\">Chevtchenko est un nom patronymique ukrainien tr\u00e8s r\u00e9pandu. Les amateurs de football, ont en m\u00e9moire un ballon d&rsquo;or qui porte ce nom.<br \/>\n<\/span><\/p>\n<p><span style=\"color: #777777; font-family: Arial;\">Taras Chevtchenko a v\u00e9cu entre 1814 et 1861, ann\u00e9e dans laquelle il est mort \u00e0 47 ans. <\/span><span style=\"color: #777777; font-family: Arial;\">Il est n\u00e9 dans une famille de paysans serfs ukrainiens. C&rsquo;est-\u00e0-dire qu&rsquo;il est en r\u00e9alit\u00e9 un esclave qui appartient \u00e0 un seigneur<br \/>\n<\/span><\/p>\n<p><span style=\"color: #777777; font-family: Arial;\">Il est attir\u00e9 par la litt\u00e9rature et la peinture.<br \/>\n<\/span><\/p>\n<p><span style=\"color: #777777; font-family: Arial;\">Un soir, son seigneur surprend Chevtchenko \u00e0 dessiner, \u00e0 la lueur d&rsquo;une bougie, devant l&rsquo;un des tableaux de la maison. Il l&rsquo;accuse d&rsquo;avoir failli br\u00fbler le pr\u00e9cieux tableau et le fait battre aux \u00e9curies.<br \/>\n<\/span><\/p>\n<p><span style=\"color: #777777; font-family: Arial;\"><img loading=\"lazy\" decoding=\"async\" class=\"size-full wp-image-13205 alignright\" src=\"https:\/\/lemotdujour.fr\/wp-content\/uploads\/2022\/02\/022222_2325_Mercredi23f1.jpg\" alt=\"\" width=\"304\" height=\"496\" srcset=\"https:\/\/lemotdujour.fr\/wp-content\/uploads\/2022\/02\/022222_2325_Mercredi23f1.jpg 304w, https:\/\/lemotdujour.fr\/wp-content\/uploads\/2022\/02\/022222_2325_Mercredi23f1-184x300.jpg 184w\" sizes=\"auto, (max-width: 304px) 100vw, 304px\" \/>Mais la femme du Seigneur sugg\u00e8re \u00e0 ce dernier de l&rsquo;envoyer en apprentissage d&rsquo;art afin d&rsquo;en faire son peintre personnel.<br \/>\n<\/span><\/p>\n<p><span style=\"color: #777777; font-family: Arial;\">Ainsi fut fait.<br \/>\n<\/span><\/p>\n<p><span style=\"color: #777777; font-family: Arial;\">Talentueux, il attire l&rsquo;attention de plusieurs ma\u00eetres.<br \/>\n<\/span><\/p>\n<p><span style=\"color: #777777; font-family: Arial;\">Il rencontre finalement un c\u00e9l\u00e8bre peintre et professeur nomm\u00e9 Karl Briullov. Ce dernier mit en jeu dans une loterie son portrait du po\u00e8te russe Vassili Joukovski, ce qui lui permit d&rsquo;acheter et de rendre pour 2 500 roubles la libert\u00e9 \u00e0 Taras Chevtchenko le 5 mai 1838.<br \/>\n<\/span><\/p>\n<p><span style=\"color: #777777; font-family: Arial;\">Ainsi, Taras Chevtchenko put s&rsquo;inscrire \u00e0 l&rsquo;Acad\u00e9mie imp\u00e9riale des beaux-arts de Saint-P\u00e9tersbourg et faire ses \u00e9tudes sous la direction de Briullov.<br \/>\n<\/span><\/p>\n<p><span style=\"color: #777777; font-family: Arial;\">En 1840, il publie sa premi\u00e8re collection de po\u00e9sie, <strong>Kobzar <\/strong>(Le Barde), compos\u00e9e de huit po\u00e8mes<br \/>\n<\/span><\/p>\n<p><a href=\"https:\/\/fr.wikipedia.org\/wiki\/Taras_Chevtchenko\"><img loading=\"lazy\" decoding=\"async\" class=\"alignleft\" src=\"https:\/\/lemotdujour.fr\/wp-content\/uploads\/2022\/02\/022222_2325_Mercredi23f2.jpg\" alt=\"\" width=\"364\" height=\"492\" border=\"0\" align=\"left\"><\/a><span style=\"color: #777777; font-family: Arial;\">Pour illustrer son po\u00e8me <strong>Kateryna<\/strong>, Chevtchenko peint en \u00e9t\u00e9 1842 un tableau qui reste de nos jours une des images embl\u00e9matiques de la peinture ukrainienne. Il repr\u00e9sente une jeune Ukrainienne, enceinte, un soldat russe s&rsquo;\u00e9loignant, il est dit qu&rsquo;\u00e0 cette \u00e9poque les jeunes filles ukrainiennes qui acceptaient les faveurs des soldats russes de passage \u00e9taient rejet\u00e9es par leurs familles, enceintes des \u0153uvres de \u00ab l&rsquo;occupant \u00bb<br \/>\n<\/span><\/p>\n<p><span style=\"color: #777777; font-family: Arial;\">En plus de ses activit\u00e9s artistiques il s&rsquo;int\u00e9resse \u00e0 la vie sociale et politique.<br \/>\n<\/span><\/p>\n<p><span style=\"color: #777777; font-family: Arial;\">Il est scandalis\u00e9 par l&rsquo;oppression tsariste et la destruction de son Ukraine natale.<br \/>\n<\/span><\/p>\n<p><span style=\"color: #777777; font-family: Arial;\">En 1846, \u00e0 Kiev, Taras Chevtchenko rejoignit la Confr\u00e9rie de Cyrille et M\u00e9thode, organisation politique secr\u00e8te qui avait pour objectif d&rsquo;abolir le servage et d&rsquo;\u00e9tablir l&rsquo;\u00e9galit\u00e9 sociale. Comme les autres membres de la fraternit\u00e9, il fut arr\u00eat\u00e9 le 5 avril 1847. Le po\u00e8te fut emprisonn\u00e9 \u00e0 Saint-P\u00e9tersbourg. Apr\u00e8s la d\u00e9couverte et la confiscation par les autorit\u00e9s imp\u00e9riales de ses po\u00e8mes satiriques anti-tsaristes issus de son album, il fut condamn\u00e9 \u00e0 servir comme simple soldat dans le corps sp\u00e9cial d&rsquo;Orenbourg, un r\u00e9giment install\u00e9 dans une r\u00e9gion lointaine de Russie, pr\u00e8s de la mer Caspienne.<br \/>\n<\/span><\/p>\n<p><span style=\"color: #777777; font-family: Arial;\">Le tsar Nicolas Ier en personne donna l&rsquo;ordre d&rsquo;interdire \u00e0 Chevtchenko d&rsquo;\u00e9crire et de peindre. Le po\u00e8te r\u00e9ussit toutefois \u00e0 continuer \u00e0 peindre et \u00e0 \u00e9crire en cachette. Dans ses \u0153uvres, il parle toujours de son pays natal, l&rsquo;Ukraine, qui lutte contre l&rsquo;oppression et aspire \u00e0 la libert\u00e9.<br \/>\n<\/span><\/p>\n<p><span style=\"color: #777777; font-family: Arial;\">En 1850, Taras Chevtchenko fut transf\u00e9r\u00e9 \u00e0 la forteresse de Novopetrovsko\u00efe, au bord de la mer Caspienne, o\u00f9 les consignes sur son exil furent plus durement appliqu\u00e9es. Il r\u00e9ussit cependant \u00e0 cr\u00e9er plus de cent aquarelles et dessins. Il \u00e9crivit \u00e9galement plusieurs nouvelles en langue russe. Il fut lib\u00e9r\u00e9 de son exil militaire en 1857, deux ans apr\u00e8s la mort de Nicolas Ier. Mais il lui fut alors interdit de vivre en Ukraine. Apr\u00e8s avoir pass\u00e9 une grande partie des ann\u00e9es suivantes \u00e0 Nijni Novgorod, au bord de la Volga, il s&rsquo;\u00e9tablit \u00e0 Saint-P\u00e9tersbourg. Ce n&rsquo;est qu&rsquo;en 1859, qu&rsquo;il fut autoris\u00e9 \u00e0 rendre visite \u00e0 ses parents et \u00e0 ses amis en Ukraine. Mais il y fut retenu, interrog\u00e9, puis renvoy\u00e9 \u00e0 Saint-P\u00e9tersbourg. Taras Chevtchenko resta sous la surveillance de la police jusqu&rsquo;\u00e0 sa mort, en 1861.<br \/>\n<\/span><\/p>\n<p><span style=\"color: #777777; font-family: Arial;\">Il fut enterr\u00e9 \u00e0 Saint-P\u00e9tersbourg. Deux mois plus tard, conform\u00e9ment \u00e0 ses v\u0153ux, ses restes furent transf\u00e9r\u00e9s en Ukraine. Le peuple ukrainien organisa \u00e0 son po\u00e8te de grandes fun\u00e9railles. Sa d\u00e9pouille fut inhum\u00e9e sur Chernecha Hora (la Montagne du Moine) pr\u00e8s de Kaniv, une ville proche de son lieu de naissance. Depuis, sa tombe est consid\u00e9r\u00e9e comme un lieu de p\u00e8lerinage par des millions d&rsquo;Ukrainiens.<br \/>\n<\/span><\/p>\n<p><span style=\"color: #777777; font-family: Arial;\">Taras Chevtchenko occupe une place exceptionnelle dans l&rsquo;histoire culturelle de l&rsquo;Ukraine. Son nom reste un des symboles les plus marquants du r\u00e9veil de l&rsquo;esprit national ukrainien au XIXe si\u00e8cle. Vers la fin du XIXe si\u00e8cle, son Kobzar devient le livre de r\u00e9f\u00e9rence d&rsquo;enseignement de la langue ukrainienne.<br \/>\n<\/span><\/p>\n<p><span style=\"color: #777777; font-family: Arial;\">De ses 47 ans, Chevtchenko en v\u00e9cut 24 au servage et 10 en exil. Sa vie tragique et son amour pour son pays et sa langue refl\u00e8tent dans l&rsquo;imaginaire de ses compatriotes le destin du peuple ukrainien qui lutta \u00e0 travers des si\u00e8cles pour sa culture et sa libert\u00e9<br \/>\n<\/span><\/p>\n<p><span style=\"color: #777777; font-family: Arial;\"><em>Toutes ces pr\u00e9cisions sont issues de Wikipedia<br \/>\n<\/em><\/span><\/p>\n<p><img decoding=\"async\" class=\"alignright\" src=\"https:\/\/lemotdujour.fr\/wp-content\/uploads\/2022\/02\/022222_2325_Mercredi23f3.jpg\" alt=\"\" align=\"left\"><span style=\"color: #777777; font-family: Arial;\"><strong>France Info<\/strong> nous apprend qu&rsquo;en 2014, pour les deux cents ans de sa naissance, &lt;<a href=\"https:\/\/www.francetvinfo.fr\/monde\/russie\/l-hommage-au-poete-ukrainien-taras-chevtchenko-enjeu-nationaliste_3068547.html\"><span style=\"color: #0000ff;\">Sa m\u00e9moire fut encore l&rsquo;enjeu d&rsquo;un conflit nationaliste russo-ukrainien<\/span><\/a>&gt;&nbsp;:<br \/>\n<\/span><\/p>\n<p style=\"margin-left: 28pt;\"><span style=\"color: #c00000; font-family: Arial;\">\u00ab Les \u00e9v\u00e9nements en Ukraine semblent avoir refroidi l&rsquo;attitude de Moscou vis-\u00e0-vis du po\u00e8te ukrainien Taras Chevtchenko, n\u00e9 il y a tout juste 200 ans. Le site du Kremlin s&rsquo;est ainsi bien gard\u00e9 de mentionner l&rsquo;anniversaire de cet illustre po\u00e8te, et initiateur de l&rsquo;esprit national ukrainien.<br \/>\n<\/span><\/p>\n<p style=\"margin-left: 28pt;\"><span style=\"color: #c00000; font-family: Arial;\">En Ukraine, la journ\u00e9e du 9 mars 2014 a \u00e9t\u00e9 rythm\u00e9e par des rassemblements en m\u00e9moire de celui que beaucoup consid\u00e8rent comme un h\u00e9ros de l&rsquo;ind\u00e9pendance du pays. \u00abNous constituons un seul pays, une seule famille, et nous nous trouvons ici avec notre po\u00e8te Taras\u00bb, a d\u00e9clar\u00e9 au pr\u00e9sident ukrainien de transition, Oleksander Tourtchinov, lors d&rsquo;une c\u00e9r\u00e9monie \u00e0 Kiev, la capitale ukrainienne.&nbsp;[\u2026]<br \/>\n<\/span><span style=\"color: #c00000; font-family: Arial;\">A Kiev, des pro-Russes avaient \u00e9galement organis\u00e9 des rassemblements, notamment place L\u00e9nine, autour de la statue du fondateur de l&rsquo;URSS o\u00f9 2.000 manifestants ont applaudi de vieux chants de l&rsquo;\u00e9poque sovi\u00e9tique.&nbsp;\u00bb<br \/>\n<\/span><\/p>\n<p><span style=\"color: #777777; font-family: Arial;\">Dans mon butinage j&rsquo;ai trouv\u00e9 ce beau po\u00e8me&nbsp;:<br \/>\n<\/span><\/p>\n<p style=\"margin-left: 28pt;\"><span style=\"color: #c00000; font-family: Arial;\"><strong>Testament<br \/>\n<\/strong>po\u00e8mes<\/span><\/p>\n<p style=\"margin-left: 28pt;\"><span style=\"color: #c00000; font-family: Arial;\">Quand je serai mort, mettez-moi<br \/>\nDans le tertre qui sert de tombe<br \/>\nAu milieu de la plaine immense,<br \/>\nDans mon Ukraine bien-aim\u00e9e,<br \/>\nPour que je voie les champs sans fin,<br \/>\nLe Dniepr et ses rives abruptes,<br \/>\nEt que je l&rsquo;entende mugir.<br \/>\nLorsque le Dniepr emportera<br \/>\nVers la mer bleue, loin de l&rsquo;Ukraine,<br \/>\nLe sang de l&rsquo;ennemi, alors<br \/>\nJ&rsquo;abandonnerai les collines<br \/>\nEt j&rsquo;abandonnerai les champs,<br \/>\nJusqu&rsquo;au ciel je m&rsquo;envolerai<br \/>\nPour prier Dieu, mais si longtemps<br \/>\nQue cela n&rsquo;aura pas eu lieu<br \/>\nJe ne veux pas conna\u00eetre Dieu.<br \/>\nVous, enterrez-moi, levez-vous,<br \/>\nBrisez enfin, brisez vos cha\u00eenes,<br \/>\nLa libert\u00e9, arrosez-l\u00e0<br \/>\nAvec le sang de l&rsquo;ennemi.<br \/>\nPlus tard dans la grande famille,<br \/>\nLa famille libre et nouvelle,<br \/>\nN&rsquo;oubliez pas de m&rsquo;\u00e9voquer<br \/>\nAvec des mots doux et paisibles.<\/span><br \/>\n<em>Le 25 d\u00e9cembre 1845<br \/>\n\u00e0 Pereiaslav.<br \/>\nTraduit par Eug\u00e8ne Guillevic<br \/>\n<strong>Tarass Chevtchenko<\/strong>, Paris, Seghers, (Po\u00e8tes d&rsquo;aujourd&rsquo;hui no 110), 1964, pp. 69-70)<br \/>\n<\/em><\/p>\n<p><span style=\"color: #777777; font-family: Arial;\">Vous pouvez regarder cette petite vid\u00e9o de 5 minutes r\u00e9alis\u00e9e par France Culture : <span style=\"color: #0000ff;\">&lt;<a style=\"color: #0000ff;\" href=\"https:\/\/www.dailymotion.com\/video\/x883d3f\">Taras Chevtchenko, figure adul\u00e9e de la nation ukrainienne<\/a>&gt;.<\/span><br \/>\n<\/span><\/p>\n<p><span style=\"color: maroon; font-family: Arial;\">&lt;1656&gt;<span style=\"color: #777777;\"><br \/>\n<\/span><\/span><\/p>\n<p style=\"text-align: center;\"><a href=\"https:\/\/fr.wikipedia.org\/wiki\/Taras_Chevtchenko#\/media\/Fichier:Buste_square_Tarass-Chevtchenko,_Paris_6e.jpg\"><img decoding=\"async\" src=\"https:\/\/lemotdujour.fr\/wp-content\/uploads\/2022\/02\/022222_2325_Mercredi23f4.png\" alt=\"\"><\/a><\/p>\n","protected":false},"excerpt":{"rendered":"<p>\u00ab Au milieu de la plaine immense, dans mon Ukraine bien-aim\u00e9e, pour que je voie les champs sans fin. \u00bb Tarass Chevtchenko L&rsquo;Ukraine&nbsp;! En lisant et butinant autour de ce pays divis\u00e9, menac\u00e9 par son immense voisin, je suis tomb\u00e9<\/p>\n","protected":false},"author":1,"featured_media":0,"comment_status":"open","ping_status":"closed","sticky":false,"template":"","format":"standard","meta":{"footnotes":""},"categories":[1],"tags":[46,9,78,218],"class_list":["post-13209","post","type-post","status-publish","format-standard","hentry","category-motdujour","tag-art","tag-litterature","tag-russie","tag-ukraine"],"_links":{"self":[{"href":"https:\/\/lemotdujour.fr\/index.php?rest_route=\/wp\/v2\/posts\/13209","targetHints":{"allow":["GET"]}}],"collection":[{"href":"https:\/\/lemotdujour.fr\/index.php?rest_route=\/wp\/v2\/posts"}],"about":[{"href":"https:\/\/lemotdujour.fr\/index.php?rest_route=\/wp\/v2\/types\/post"}],"author":[{"embeddable":true,"href":"https:\/\/lemotdujour.fr\/index.php?rest_route=\/wp\/v2\/users\/1"}],"replies":[{"embeddable":true,"href":"https:\/\/lemotdujour.fr\/index.php?rest_route=%2Fwp%2Fv2%2Fcomments&post=13209"}],"version-history":[{"count":8,"href":"https:\/\/lemotdujour.fr\/index.php?rest_route=\/wp\/v2\/posts\/13209\/revisions"}],"predecessor-version":[{"id":13218,"href":"https:\/\/lemotdujour.fr\/index.php?rest_route=\/wp\/v2\/posts\/13209\/revisions\/13218"}],"wp:attachment":[{"href":"https:\/\/lemotdujour.fr\/index.php?rest_route=%2Fwp%2Fv2%2Fmedia&parent=13209"}],"wp:term":[{"taxonomy":"category","embeddable":true,"href":"https:\/\/lemotdujour.fr\/index.php?rest_route=%2Fwp%2Fv2%2Fcategories&post=13209"},{"taxonomy":"post_tag","embeddable":true,"href":"https:\/\/lemotdujour.fr\/index.php?rest_route=%2Fwp%2Fv2%2Ftags&post=13209"}],"curies":[{"name":"wp","href":"https:\/\/api.w.org\/{rel}","templated":true}]}}