{"id":1320,"date":"2015-11-17T01:00:00","date_gmt":"2015-11-16T22:00:00","guid":{"rendered":"http:\/\/lemotdujour.fr\/?p=1320"},"modified":"2017-05-08T13:27:34","modified_gmt":"2017-05-08T11:27:34","slug":"mardi-17112015","status":"publish","type":"post","link":"https:\/\/lemotdujour.fr\/?p=1320","title":{"rendered":"Mardi 17\/11\/2015"},"content":{"rendered":"<div class=\"mdjDate\">Mardi 17\/11\/2015<\/div>\n<div class=\"mdjTexte\">\u00abLe moment est venu pour [&#8230;] accro\u00eetre la division et d\u00e9truire la zone grise\u00bb<\/div>\n<div class=\"mdjAuteur\">Article de Dabiq, le magazine en ligne du califat<\/div>\n<div class=\"mdjComplements\">Nous sommes en guerre disent le premier ministre et le Pr\u00e9sident.<\/div>\n<div class=\"mdjComplements\">Ainsi, lundi apr\u00e8s-midi \u00e0 Versailles, devant le Parlement r\u00e9uni en congr\u00e8s, le Pr\u00e9sident, n\u2019a eu aucune h\u00e9sitation : \u00abLa France est en guerre. Les actes commis vendredi soir \u00e0 Paris et pr\u00e8s du Stade de France sont des actes de guerre. Ils sont le fait d\u2019une arm\u00e9e jihadiste qui nous combat \u00bb.<\/div>\n<div class=\"mdjComplements\">Mais d&rsquo;autres consid\u00e8rent que ce mot est largement inappropri\u00e9. Lib\u00e9ration pose la question<a href=\"http:\/\/www.liberation.fr\/debats\/2015\/11\/16\/sommes-nous-en-guerre_1413889\"> \u00absommes nous en guerre ?\u00bb<\/a> et r\u00e9pond plut\u00f4t non, ce que je pense aussi.<\/div>\n<div class=\"mdjComplements\"><a href=\"http:\/\/www.franceinter.fr\/emission-un-jour-dans-le-monde-paroles-armees-comprendre-et-combattre-la-propagande-terroriste-avec-\">&lt;Un philosophe Philippe-Joseph Salazar a \u00e9crit un livre Paroles arm\u00e9es : Comprendre et combattre la propagande terroriste &gt;<\/a> o\u00f9 ils poussent le raisonnement de cette rh\u00e9torique de guerre dans sa logique intrins\u00e8que. Il dit par exemple : si nous sommes en guerre, toute personne qui d&rsquo;une mani\u00e8re ou d&rsquo;une autre prend le parti de l&rsquo;ennemi est un traitre. Et s&rsquo;il est un traitre \u00e0 son pays, ce dernier r\u00e9agit imm\u00e9diatement et le met hors d&rsquo;\u00e9tat de nuire. <\/div>\n<div class=\"mdjComplements\">Mais laissons ce d\u00e9bat pour nous int\u00e9resser \u00e0 notre ennemi. Car si nous ne sommes pas certain d&rsquo;\u00eatre en guerre, selon les normes habituelles, ce qui est certain c&rsquo;est que nous avons un ennemi.<\/div>\n<div class=\"mdjComplements\">C&rsquo;est une grande erreur de penser que cet ennemi n&rsquo;est constitu\u00e9 que d&rsquo;une bande de psychopathes en mal d\u2019exaltation.<\/div>\n<div class=\"mdjComplements\">Il y a des paum\u00e9s et il y a des d\u00e9linquants qui sont r\u00e9cup\u00e9r\u00e9s et utilis\u00e9s pour r\u00e9aliser les basses besognes.<\/div>\n<div class=\"mdjComplements\">Mais le califat, car je pense que c&rsquo;est la mani\u00e8re la plus signifiante de d\u00e9signer notre ennemi est surtout comme l&rsquo;\u00e9crit Eric Leser dans un article de <a href=\"http:\/\/www.slate.fr\/story\/109981\/daech-vraie-nature\">&lt;Slate&gt;<\/a> un groupe religieux et militaire organis\u00e9, disposant de dirigeants comp\u00e9tents avec une strat\u00e9gie coh\u00e9rente au service de la guerre sainte.<\/div>\n<div class=\"mdjComplements\">C&rsquo;est excessivement compliqu\u00e9 pour nous de comprendre. Nous nous sommes tant \u00e9loign\u00e9s des croyances religieuses que nous avons du mal \u00e0 nous convaincre que ces hommes sont des id\u00e9ologues qui ne pensent absolument pas avec les m\u00eames raisonnements que nous. Mais ils pensent, il raisonnent et ils ont une strat\u00e9gie.<\/div>\n<div class=\"mdjComplements\">Et parmi les concepts qu&rsquo;ils manipulent il y a ce concept de \u00abzone grise\u00bb<\/div>\n<div class=\"mdjComplements\">Ainsi, Slate nous apprend que dans un texte de 10 pages publi\u00e9 sur le magazine en ligne de l\u2019Etat islamique, \u00ab\u00a0Dabiq\u00a0\u00bb et intitul\u00e9 \u00abLa zone grise\u00bb, ces id\u00e9ologues d\u00e9crivent l\u2019incertitude dans laquelle se trouvent aujourd\u2019hui la plupart des musulmans \u00abentre le bien et le mal, le califat et les infid\u00e8les\u2026 \u00abLe monde est divis\u00e9\u00bb et le \u00abmoment est venu pour un nouvel \u00e9v\u00e9nement\u2026 d\u2019accro\u00eetre la division et de d\u00e9truire la zone grise\u00bb. <\/div>\n<div class=\"mdjComplements\">Bref il y a un monde en noir et blanc (je ne sais pas qui est le monde noir et qui est le monde blanc) mais qui oppose le califat et les autres, les m\u00e9cr\u00e9ants, les ren\u00e9gats.<\/div>\n<div class=\"mdjComplements\">Au milieu il y a une zone grise, lieu de l&rsquo;\u00e9change, de la mixit\u00e9, du partage.<\/div>\n<div class=\"mdjComplements\">Cette zone doit \u00eatre d\u00e9truite.<\/div>\n<div class=\"mdjComplements\">Slate ajoute : \u00abC\u2019est exactement l\u2019objectif des attaques du 13 novembres 2015 \u00e0 Paris et \u00e0 Saint-Denis. Elles contribuent \u00e0 faire dispara\u00eetre la zone grise en augmentant l\u2019antagonisme entre les communaut\u00e9s et elle montre aux jeunes islamistes qu\u2019avec des moyens finalement assez limit\u00e9s, des kalachnikovs et des ceintures d\u2019explosifs, ils peuvent semer le chaos et le faire savoir au monde entier.\u00bb<\/div>\n<div class=\"mdjComplements\">Abdennour Bidar dit la m\u00eame chose dans <a href=\"http:\/\/www.liberation.fr\/debats\/2015\/11\/15\/abdennour-bidar-c-est-la-communion-l-unite-du-11-janvier-qui-vient-d-etre-visee_1413614\">&lt;Lib\u00e9ration&gt;<\/a> : \u00ab ils nous ont pris comme cible pour ce que nous repr\u00e9sentons dans le monde, ils cherchent \u00e0 nous d\u00e9truire comme ce peuple, cette soci\u00e9t\u00e9 \u00e9prise de paix, de libert\u00e9, de justice, qui incarne la force de la vie et de l\u2019amour contre lesquelles le n\u00e9ant ne peut rien. Ils ont cherch\u00e9 \u00e0 frapper assez fort pour briser notre unit\u00e9, pour an\u00e9antir ce qui est plus fort que leur n\u00e9ant.Et pour cela, ils cherchent \u00e0 ce que, sous l\u2019effet de la peur et du sentiment d\u2019impuissance, nous nous retournions les uns contre les autres : non musulmans contre musulmans\u00bb<\/div>\n<div class=\"mdjComplements\">Ils ont un objectif dans ces attentats, nous conduire \u00e0 nous diviser et notamment \u00e0 pousser les non musulmans contre les musulmans avec une telle force et une telle haine que ces derniers se sentent oblig\u00e9s \u00e0 basculer dans le camp du califat.<\/div>\n<div class=\"mdjComplements\">Ces gens, nos ennemis ne sont pas fous, ce sont des id\u00e9ologues qui ont des convictions et surtout des croyances.<\/div>\n<div class=\"mdjComplements\">Dans le monde musulman ils ont une capacit\u00e9 de s\u00e9duction \u00e9vidente.<\/div>\n<div class=\"mdjComplements\">Je doute fort qu&rsquo;une riposte uniquement militaire puisse avoir raison de cet ennemi<\/div>\n<div class=\"mdjComplements\">Notre environnement intellectuel ne nous permet ni de comprendre cette capacit\u00e9 de s\u00e9duction aupr\u00e8s des masses sunnites ni ce que Slate appelle \u00ab l\u2019intensit\u00e9 de la haine et de la d\u00e9testation dont nous faisons l\u2019objet.\u00bb <\/div>\n<div class=\"mdjComplements\">Et je poursuis la lecture de l&rsquo;article de Slate : \u00ab Contrairement au discours officiel tenu \u00e0 Paris comme \u00e0 Washington, l\u2019Etat islamique est vraiment islamique. Les musulmans qui expliquent que Daech n\u2019a rien \u00e0 voir avec l\u2019Islam sont \u00abvraiment mal-\u00e0-l&rsquo;aise, politiquement corrects et ont une vision \u00e0 l\u2019eau de rose de leur propre religion qui passe sous silence ce qu\u2019elle exige historiquement et l\u00e9galement\u00bb explique Bernard Haykel de l\u2019Universit\u00e9 de Princeton, l\u2019un des plus grands experts de l\u2019Islam radical.\u00bb<\/div>\n<div class=\"mdjComplements\">Notre ennemi vit dans un autre monde que nous, avec d&rsquo;autres rep\u00e8res et d&rsquo;autres valeurs.<\/div>\n<div class=\"mdjComplements\">Quand des gens s\u00e9rieux essayent d&rsquo;\u00e9valuer le nombre de combattants du Califat, ils parlent de 50 000 \u00e0 60 000 hommes.<\/div>\n<div class=\"mdjComplements\">C&rsquo;est ridicule par rapport \u00e0 la masse de ceux qui se pr\u00e9tendent leurs ennemis.<\/div>\n<div class=\"mdjComplements\">Il est vrai que ceux qu&rsquo;on appelle les alli\u00e9s, sont tout sauf unis dans leurs objectifs. L&rsquo;objectif principal de la Russie est de sauver le r\u00e9gime d&rsquo;Assad, m\u00eame s&rsquo;ils semblent quelquefois accepter qu&rsquo;Assad lui m\u00eame sorte du jeu, les turcs ont comme ennemi principal les kurdes, l&rsquo;Arabie saoudite a pour ennemi principal l&rsquo;Iran et r\u00e9ciproquement, la France jusqu&rsquo;\u00e0 pr\u00e9sent refusait de choisir entre le califat et Assad. Cette rapide description montre la complexit\u00e9 des relations militaires et permet de comprendre que le califat puisse profiter de cette d\u00e9sunion.<\/div>\n<div class=\"mdjComplements\">Mais je pense que c&rsquo;est une erreur de croire qu&rsquo;on pourra mettre fin \u00e0 notre ennemi par la seule r\u00e9ponse militaire fusse t&rsquo;elle massive selon les propos de notre gouvernement.<\/div>\n<div class=\"mdjComplements\">La bataille id\u00e9ologique est encore plus importante.<\/div>\n","protected":false},"excerpt":{"rendered":"<p>Mardi 17\/11\/2015 \u00abLe moment est venu pour [&#8230;] accro\u00eetre la division et d\u00e9truire la zone grise\u00bb Article de Dabiq, le magazine en ligne du califat Nous sommes en guerre disent le premier ministre et le Pr\u00e9sident. Ainsi, lundi apr\u00e8s-midi \u00e0<\/p>\n","protected":false},"author":1,"featured_media":0,"comment_status":"closed","ping_status":"closed","sticky":false,"template":"","format":"standard","meta":{"footnotes":""},"categories":[1],"tags":[],"class_list":["post-1320","post","type-post","status-publish","format-standard","hentry","category-motdujour"],"_links":{"self":[{"href":"https:\/\/lemotdujour.fr\/index.php?rest_route=\/wp\/v2\/posts\/1320","targetHints":{"allow":["GET"]}}],"collection":[{"href":"https:\/\/lemotdujour.fr\/index.php?rest_route=\/wp\/v2\/posts"}],"about":[{"href":"https:\/\/lemotdujour.fr\/index.php?rest_route=\/wp\/v2\/types\/post"}],"author":[{"embeddable":true,"href":"https:\/\/lemotdujour.fr\/index.php?rest_route=\/wp\/v2\/users\/1"}],"replies":[{"embeddable":true,"href":"https:\/\/lemotdujour.fr\/index.php?rest_route=%2Fwp%2Fv2%2Fcomments&post=1320"}],"version-history":[{"count":1,"href":"https:\/\/lemotdujour.fr\/index.php?rest_route=\/wp\/v2\/posts\/1320\/revisions"}],"predecessor-version":[{"id":1321,"href":"https:\/\/lemotdujour.fr\/index.php?rest_route=\/wp\/v2\/posts\/1320\/revisions\/1321"}],"wp:attachment":[{"href":"https:\/\/lemotdujour.fr\/index.php?rest_route=%2Fwp%2Fv2%2Fmedia&parent=1320"}],"wp:term":[{"taxonomy":"category","embeddable":true,"href":"https:\/\/lemotdujour.fr\/index.php?rest_route=%2Fwp%2Fv2%2Fcategories&post=1320"},{"taxonomy":"post_tag","embeddable":true,"href":"https:\/\/lemotdujour.fr\/index.php?rest_route=%2Fwp%2Fv2%2Ftags&post=1320"}],"curies":[{"name":"wp","href":"https:\/\/api.w.org\/{rel}","templated":true}]}}