{"id":13197,"date":"2022-02-22T00:27:27","date_gmt":"2022-02-21T23:27:27","guid":{"rendered":"https:\/\/lemotdujour.fr\/?p=13197"},"modified":"2022-02-22T00:32:21","modified_gmt":"2022-02-21T23:32:21","slug":"mardi-22-fevrier-2022","status":"publish","type":"post","link":"https:\/\/lemotdujour.fr\/?p=13197","title":{"rendered":"Mardi 22 f\u00e9vrier 2022"},"content":{"rendered":"<div class=\"mdjTexte\">\u00ab\u00a0La d\u00e9mocratie a recul\u00e9 dans le monde l&rsquo;ann\u00e9e derni\u00e8re.\u00a0\u00bb<\/div>\n<div class=\"mdjAuteur\">Constat, r\u00e9alis\u00e9 par le d\u00e9partement de recherche (EIU) de \u00ab The Economist \u00bb<\/div>\n<p><span style=\"color: #777777; font-family: Arial;\">Dans notre jeunesse nous pensions que l&rsquo;\u00e9volution vers la d\u00e9mocratie \u00e9tait in\u00e9luctable et que si certains Etats mettraient un peu plus de temps, le mouvement \u00e9tait g\u00e9n\u00e9ral et allait toujours dans le m\u00eame sens.<br \/>\n<\/span><\/p>\n<p><span style=\"color: #777777; font-family: Arial;\">Quand j&rsquo;\u00e9tais enfant, L&rsquo;Espagne, le Portugal, la Gr\u00e8ce, tous les pays de l&rsquo;Est de l&rsquo;Europe \u00e9taient des dictatures. Ces dictatures sont tomb\u00e9es les unes apr\u00e8s les autres.<br \/>\n<\/span><\/p>\n<p><span style=\"color: #777777; font-family: Arial;\">Avec la chute du bloc sovi\u00e9tique<strong>, Francis Fukuyama<\/strong> conceptualisait cette \u00e9volution dans un article c\u00e9l\u00e8bre intitul\u00e9 \u00ab\u00a0<strong>La fin de l&rsquo;histoire<\/strong>\u00a0\u00bb o\u00f9 il pr\u00e9disait le triomphe du mod\u00e8le d\u00e9mocratique sur toute la plan\u00e8te.<br \/>\n<\/span><\/p>\n<p><span style=\"color: #777777; font-family: Arial;\">Il semble que nous nous soyons tromp\u00e9s.<br \/>\n<\/span><\/p>\n<p><span style=\"color: #777777; font-family: Arial;\">Dans \u00ab\u00a0<strong>l&rsquo;Obs<\/strong>\u00a0\u00bb, <strong>Sara Daniel<\/strong> pose m\u00eame la question\u00a0: \u00ab\u00a0<span style=\"color: #c00000;\">La d\u00e9mocratie, un r\u00e9gime politique en voie de disparition ?<span style=\"color: #777777;\">\u00a0\u00bb<br \/>\n<\/span><\/span><\/span><\/p>\n<p><span style=\"color: #777777; font-family: Arial;\">Et elle se r\u00e9f\u00e8re \u00e0 une \u00e9tude du d\u00e9partement de recherche (EIU) de \u00ab <strong>The Economist<\/strong> \u00bb<br \/>\n<\/span><\/p>\n<p><span style=\"color: #777777; font-family: Arial;\"><strong>The Economist<\/strong> est un journal britannique et nous devons reconna\u00eetre que concernant la d\u00e9mocratie les anglais nous ont toujours \u00e9t\u00e9 sup\u00e9rieurs. Nous avons donc affaire \u00e0 des sp\u00e9cialistes.<br \/>\n<\/span><\/p>\n<p><span style=\"color: #777777; font-family: Arial;\">The Economist a cr\u00e9\u00e9 un \u00ab <strong>indice de d\u00e9mocratie<\/strong>\u00a0\u00bb qu&rsquo;il \u00e9value chaque ann\u00e9e depuis 2006 pour chacun des 167 pays que compte notre Plan\u00e8te.<br \/>\n<\/span><\/p>\n<p><span style=\"color: #777777; font-family: Arial;\">Le calcul est fond\u00e9 sur 60 crit\u00e8res regroup\u00e9s en cinq cat\u00e9gories :<br \/>\n<\/span><\/p>\n<ul>\n<li><span style=\"color: #777777; font-family: Arial;\">Le processus \u00e9lectoral et le pluralisme,<br \/>\n<\/span><\/li>\n<li><span style=\"color: #777777; font-family: Arial;\">Les libert\u00e9s civiles,<br \/>\n<\/span><\/li>\n<li><span style=\"color: #777777; font-family: Arial;\">Le fonctionnement du gouvernement,<br \/>\n<\/span><\/li>\n<li><span style=\"color: #777777; font-family: Arial;\">La participation politique<br \/>\n<\/span><\/li>\n<li><span style=\"color: #777777; font-family: Arial;\">La culture politique.<br \/>\n<\/span><\/li>\n<\/ul>\n<p><span style=\"color: #777777; font-family: Arial;\">La notation se fait selon une \u00e9chelle allant de 0 \u00e0 10.<br \/>\n<\/span><\/p>\n<p><span style=\"color: #777777; font-family: Arial;\">\u00c0 partir de cette note, les pays sont class\u00e9s selon quatre types de r\u00e9gime politiques :<br \/>\n<\/span><\/p>\n<ul>\n<li><span style=\"color: #777777; font-family: Arial;\">D\u00e9mocraties compl\u00e8tes<br \/>\n<\/span><\/li>\n<li><span style=\"color: #777777; font-family: Arial;\">D\u00e9mocraties imparfaites ou d\u00e9faillantes<br \/>\n<\/span><\/li>\n<li><span style=\"color: #777777; font-family: Arial;\">R\u00e9gime hybride<br \/>\n<\/span><\/li>\n<li><span style=\"color: #777777; font-family: Arial;\">R\u00e9gime autoritaire.<br \/>\n<\/span><\/li>\n<\/ul>\n<p><span style=\"color: #777777; font-family: Arial;\">Le pays le moins d\u00e9mocratique du monde a \u00e9t\u00e9 depuis plusieurs ann\u00e9es\u00a0: La Cor\u00e9e du Nord.<br \/>\n<\/span><\/p>\n<p><span style=\"color: #777777; font-family: Arial;\">Mais cette ann\u00e9e le classement du journal a trouv\u00e9 encore pire.<br \/>\n<\/span><\/p>\n<p><span style=\"color: #777777; font-family: Arial;\">La derni\u00e8re place du classement est d\u00e9sormais occup\u00e9e par l&rsquo;Afghanistan qui est donc 167<sup>\u00e8me<\/sup> avec un score de 0,32.<br \/>\n<\/span><\/p>\n<p><span style=\"color: #777777; font-family: Arial;\">Et la Cor\u00e9e du Nord n&rsquo;est m\u00eame pas avant derni\u00e8re, cette place est occup\u00e9e par la Birmanie dont l&rsquo;arm\u00e9e a renvers\u00e9 le pouvoir civil dirig\u00e9 par <strong>Aung San Suu Kyi <\/strong>et s&rsquo;est lanc\u00e9 dans une r\u00e9pression sanglante contre la population en r\u00e9volte contre ce coup de force.<br \/>\n<\/span><\/p>\n<p><img decoding=\"async\" class=\"alignleft\" src=\"https:\/\/lemotdujour.fr\/wp-content\/uploads\/2022\/02\/022122_2323_Mardi22fvri1.png\" alt=\"\" align=\"left\" \/><span style=\"color: #777777; font-family: Arial;\">Du c\u00f4t\u00e9 le plus vertueux, c&rsquo;est la Norv\u00e8ge qui occupe la premi\u00e8re place avec un score de 9,75 suivi par les autres pays nordiques Finlande, Su\u00e8de, Islande, Danemark.<br \/>\n<\/span><\/p>\n<p><span style=\"color: #777777; font-family: Arial;\">Mais la deuxi\u00e8me place est occup\u00e9e par la Nouvelle Z\u00e9lande qui s&rsquo;immisce dans le groupe des nordiques.<br \/>\n<\/span><\/p>\n<p><span style=\"color: #777777; font-family: Arial;\">Il est \u00e0 noter que sauf pour la Norv\u00e8ge, les 5 pays suivants ont tous \u00e0 leur t\u00eate une premi\u00e8re ministre femme.<br \/>\n<\/span><\/p>\n<p><span style=\"color: #777777; font-family: Arial;\">Il me semble pouvoir dire que ce n&rsquo;est pas parce qu&rsquo;ils ont \u00e0 leur t\u00eate des femmes qu&rsquo;ils sont vertueux, mais plut\u00f4t parce qu&rsquo;ils sont vertueux ils mettent facilement \u00e0 la premi\u00e8re place des femmes.<br \/>\n<\/span><\/p>\n<p><span style=\"color: #777777; font-family: Arial;\">La France, est class\u00e9e au-del\u00e0 de la 20<sup>\u00e8me<\/sup> place et a int\u00e9gr\u00e9 depuis l&rsquo;ann\u00e9e derni\u00e8re la cat\u00e9gorie des d\u00e9mocraties d\u00e9faillantes.<br \/>\n<\/span><\/p>\n<p><span style=\"color: #777777; font-family: Arial;\">Pour l&rsquo;\u00e9tude ce sont les mesures mises en place pour freiner la pand\u00e9mie de Covid-19 qui sont la cause de cette r\u00e9trogradation.<br \/>\n<\/span><br \/>\n<span style=\"color: #777777; font-family: Arial;\">\u00ab\u00a0<strong>Le Progr\u00e8s<\/strong>.\u00a0\u00bb rapporte les termes du rapport\u00a0:<br \/>\n<\/span><\/p>\n<p style=\"margin-left: 28pt;\"><span style=\"color: #c00000; font-family: Arial;\">\u00ab Imposer des pass et des vaccins pose la question du droit des individus \u00e0 participer librement \u00e0 la vie publique de leur pays s&rsquo;ils ne sont pas vaccin\u00e9s \u00bb, peut-on notamment lire dans l&rsquo;\u00e9tude, qui pointe \u00e9galement du doigt les propos d&rsquo;Emmanuel Macron dans Le Parisien, qui a d\u00e9clar\u00e9 il y a quelques semaines qu&rsquo;il voulait \u00ab emmerder les non-vaccin\u00e9s \u00bb.<br \/>\n<\/span><span style=\"color: #c00000; font-family: Arial;\">La France n&rsquo;est pas le seul pays d&rsquo;Europe de l&rsquo;Ouest o\u00f9 la restriction des libert\u00e9s individuelles pose question, selon l&rsquo;Index. L&rsquo;Espagne est ainsi pass\u00e9 cette ann\u00e9e de \u00ab d\u00e9mocratie compl\u00e8te \u00bb \u00e0 \u00ab d\u00e9mocratie d\u00e9faillante \u00bb et plusieurs pays voisins, comme l&rsquo;Italie, le Portugal et la Belgique sont eux aussi consid\u00e9r\u00e9s comme \u00ab d\u00e9faillants \u00bb dans leur syst\u00e8me d\u00e9mocratique.<br \/>\n<\/span><\/p>\n<p style=\"margin-left: 28pt;\"><span style=\"color: #c00000; font-family: Arial;\">Les \u00c9tats-Unis, Isra\u00ebl, le Br\u00e9sil et l&rsquo;Afrique du Sud figurent \u00e9galement dans cette cat\u00e9gorie.\u00a0\u00bb<br \/>\n<\/span><\/p>\n<p><span style=\"color: #777777; font-family: Arial;\">La Russie et la Chine sont bien \u00e9videmment class\u00e9es dans la derni\u00e8re cat\u00e9gorie, celle des r\u00e9gimes autoritaires.<br \/>\n<\/span><\/p>\n<p><span style=\"color: #777777; font-family: Arial;\">En 2021, seuls 6,4 % de la population mondiale ont v\u00e9cu dans des pays pleinement d\u00e9mocratiques.<br \/>\n<\/span><\/p>\n<p><span style=\"color: #777777; font-family: Arial;\">Globalement, <strong>la d\u00e9mocratie a recul\u00e9 dans le monde l&rsquo;ann\u00e9e derni\u00e8re<\/strong>. L&rsquo;indice de d\u00e9mocratie 2021 est en effet pass\u00e9 de 5,37 en 2020 \u00e0 <strong>5,28<\/strong>, soit la plus forte baisse annuelle depuis l&rsquo;ann\u00e9e 2010.<br \/>\n<\/span><\/p>\n<p><span style=\"color: #777777; font-family: Arial;\">Les r\u00e9gimes autoritaires ou hybrides sont largement majoritaires et gouvernent plus de la moiti\u00e9 de l&rsquo;humanit\u00e9 45,7 % de la population mondiale vivait dans une d\u00e9mocratie en 2021, contre 49,4 % un an plus t\u00f4t.<br \/>\n<\/span><\/p>\n<p><span style=\"color: #777777; font-family: Arial;\">Sara Daniel d\u00e9veloppe\u00a0:<br \/>\n<\/span><\/p>\n<p style=\"margin-left: 28pt;\"><span style=\"color: #c00000; font-family: Arial;\">\u00ab\u00a0Plusieurs facteurs expliquent ce reflux d\u00e9mocratique. La multiplication des hommes forts qui, du Russe Vladimir Poutine au Turc Recep Tayyip Erdogan, adossent leur pouvoir \u00e0 des d\u00e9mocratures. Les guerres sans fin ensanglantant le Moyen-Orient, le Sahel ou l&rsquo;Afghanistan, qui d\u00e9loge cette ann\u00e9e la Cor\u00e9e du Nord de la derni\u00e8re place du classement. La progression du mod\u00e8le chinois qui gagne le monde \u00e9mergent. Et enfin l&rsquo;\u00e9pid\u00e9mie de Covid qui a creus\u00e9 le foss\u00e9 entre dirigeants et citoyens.\u00a0\u00bb<br \/>\n<\/span><\/p>\n<p><span style=\"color: #777777; font-family: Arial;\">Et elle cite une journaliste am\u00e9ricaine\u00a0:<br \/>\n<\/span><\/p>\n<p style=\"margin-left: 28pt;\"><span style=\"color: #c00000; font-family: Arial;\">\u00ab\u00a0Dans un livre r\u00e9cemment publi\u00e9 chez Grasset, \u00ab D\u00e9mocraties en d\u00e9clin. R\u00e9flexions sur la tentation autoritaire \u00bb, la journaliste am\u00e9ricaine Anne Applebaum, d\u00e9j\u00e0 autrice d&rsquo;une passionnante histoire du Goulag, explique comment le mensonge assum\u00e9 est devenu une arme politique. Selon elle, la tentation de gouverner de mani\u00e8re autoritaire, dont le trumpisme fut l&rsquo;illustration la plus spectaculaire, est la m\u00eame partout, de l&rsquo;extr\u00eame droite fran\u00e7aise au r\u00e9gime de Poutine.\u00a0\u00bb<br \/>\n<\/span><\/p>\n<p><span style=\"color: #777777; font-family: Arial;\">J&rsquo;ai pris ces diff\u00e9rentes informations des articles suivants\u00a0:<br \/>\n<\/span><\/p>\n<p><span style=\"color: #777777; font-family: Arial;\"><strong>Wikipedia<\/strong>\u00a0: &lt;<a href=\"https:\/\/fr.wikipedia.org\/wiki\/Indice_de_d%C3%A9mocratie\"><span style=\"color: #0000ff;\">Indice de d\u00e9mocratie<\/span><\/a>&gt;<br \/>\n<\/span><\/p>\n<p><span style=\"color: #777777; font-family: Arial;\"><strong>L&rsquo;Obs<\/strong>\u00a0: &lt; <a href=\"https:\/\/www.nouvelobs.com\/chroniques\/20220221.OBS54751\/la-democratie-un-regime-politique-en-voie-de-disparition.html\"><span style=\"color: #0000ff;\">La d\u00e9mocratie, un r\u00e9gime politique en voie de disparition ?<\/span>&gt;<\/a><br \/>\n<\/span><\/p>\n<p><span style=\"color: #777777; font-family: Arial;\"><strong>L&rsquo;Obs<\/strong>\u00a0: &lt;<a href=\"https:\/\/www.nouvelobs.com\/coronavirus-de-wuhan\/20210203.OBS39722\/the-economist-classe-la-france-parmi-les-democraties-defaillantes-a-cause-des-restrictions-sanitaires.html\"><span style=\"color: #0000ff;\">The Economist classe la France parmi les \u00ab d\u00e9mocraties d\u00e9faillantes \u00bb<\/span><\/a>&gt;<br \/>\n<\/span><\/p>\n<p><span style=\"color: #777777; font-family: Arial;\"><strong>Le Progr\u00e8s<\/strong> &lt;<a href=\"https:\/\/www.leprogres.fr\/societe\/2022\/02\/11\/quels-sont-les-pays-les-plus-democratiques-et-les-plus-autoritaires\"><span style=\"color: #0000ff;\">Quels sont les pays les plus d\u00e9mocratiques ou les plus autoritaires au monde ?<\/span>&gt;<\/a><br \/>\n<\/span><\/p>\n<p><span style=\"color: #777777; font-family: Arial;\"><strong>Les Echos<\/strong>\u00a0: &lt;<a href=\"https:\/\/www.lesechos.fr\/monde\/enjeux-internationaux\/le-covid-bouscule-la-democratie-dans-le-monde-pour-la-deuxieme-annee-consecutive-1385948\"><span style=\"color: #0000ff;\">Le Covid bouscule la d\u00e9mocratie dans le monde pour la deuxi\u00e8me ann\u00e9e cons\u00e9cutive<\/span><\/a>&gt;<br \/>\n<\/span><\/p>\n<p><span style=\"color: #777777; font-family: Arial;\"><strong>Le Temps\u00a0:<\/strong> &lt;<a href=\"https:\/\/www.letemps.ch\/monde\/une-etude-salarme-dun-recul-democratie-monde-2021\"><span style=\"color: #0000ff;\">Une \u00e9tude s&rsquo;alarme d&rsquo;un recul de la d\u00e9mocratie dans le monde en 2021<\/span><\/a>&gt;<br \/>\n<\/span><\/p>\n<p><span style=\"color: #777777; font-family: Arial;\">Il me semble, en effet, que la d\u00e9mocratie recule dans le monde. Je ne crois pas que le COVID en soit le principal responsable.<br \/>\n<\/span><\/p>\n<p><span style=\"color: maroon; font-family: Arial;\"> &lt;1655&gt;<\/span><\/p>\n","protected":false},"excerpt":{"rendered":"<p>\u00ab\u00a0La d\u00e9mocratie a recul\u00e9 dans le monde l&rsquo;ann\u00e9e derni\u00e8re.\u00a0\u00bb Constat, r\u00e9alis\u00e9 par le d\u00e9partement de recherche (EIU) de \u00ab The Economist \u00bb Dans notre jeunesse nous pensions que l&rsquo;\u00e9volution vers la d\u00e9mocratie \u00e9tait in\u00e9luctable et que si certains Etats mettraient<\/p>\n","protected":false},"author":1,"featured_media":0,"comment_status":"open","ping_status":"closed","sticky":false,"template":"","format":"standard","meta":{"footnotes":""},"categories":[1],"tags":[77,41],"class_list":["post-13197","post","type-post","status-publish","format-standard","hentry","category-motdujour","tag-democratie","tag-liberte"],"_links":{"self":[{"href":"https:\/\/lemotdujour.fr\/index.php?rest_route=\/wp\/v2\/posts\/13197","targetHints":{"allow":["GET"]}}],"collection":[{"href":"https:\/\/lemotdujour.fr\/index.php?rest_route=\/wp\/v2\/posts"}],"about":[{"href":"https:\/\/lemotdujour.fr\/index.php?rest_route=\/wp\/v2\/types\/post"}],"author":[{"embeddable":true,"href":"https:\/\/lemotdujour.fr\/index.php?rest_route=\/wp\/v2\/users\/1"}],"replies":[{"embeddable":true,"href":"https:\/\/lemotdujour.fr\/index.php?rest_route=%2Fwp%2Fv2%2Fcomments&post=13197"}],"version-history":[{"count":5,"href":"https:\/\/lemotdujour.fr\/index.php?rest_route=\/wp\/v2\/posts\/13197\/revisions"}],"predecessor-version":[{"id":13204,"href":"https:\/\/lemotdujour.fr\/index.php?rest_route=\/wp\/v2\/posts\/13197\/revisions\/13204"}],"wp:attachment":[{"href":"https:\/\/lemotdujour.fr\/index.php?rest_route=%2Fwp%2Fv2%2Fmedia&parent=13197"}],"wp:term":[{"taxonomy":"category","embeddable":true,"href":"https:\/\/lemotdujour.fr\/index.php?rest_route=%2Fwp%2Fv2%2Fcategories&post=13197"},{"taxonomy":"post_tag","embeddable":true,"href":"https:\/\/lemotdujour.fr\/index.php?rest_route=%2Fwp%2Fv2%2Ftags&post=13197"}],"curies":[{"name":"wp","href":"https:\/\/api.w.org\/{rel}","templated":true}]}}