{"id":13179,"date":"2022-02-21T01:05:22","date_gmt":"2022-02-21T00:05:22","guid":{"rendered":"https:\/\/lemotdujour.fr\/?p=13179"},"modified":"2022-02-21T09:59:29","modified_gmt":"2022-02-21T08:59:29","slug":"lundi-21-fevrier-2022","status":"publish","type":"post","link":"https:\/\/lemotdujour.fr\/?p=13179","title":{"rendered":"Lundi 21 f\u00e9vrier 2022"},"content":{"rendered":"<div class=\"mdjTexte\">\u00ab\u00a0PatKop la violoniste aux pieds nus.\u00a0\u00bb<\/div>\n<div class=\"mdjAuteur\">Un objet musical non identifi\u00e9 nomm\u00e9 Patricia Kopatchinskaja<\/div>\n<p><span style=\"color: #777777; font-family: Arial;\">Ce dimanche, Annie et moi, accompagn\u00e9s de nos amis Joyce et Patrick, sommes all\u00e9s \u00e0 l&rsquo;Auditorium pour \u00e9couter un concert d&rsquo;\u0153uvres d&rsquo;Igor Stravinsky dirig\u00e9s par le chef hongrois <strong>Ivan Fischer<\/strong> \u00e0 la t\u00eate de l&rsquo;orchestre qu&rsquo;il a cr\u00e9\u00e9 en 1983\u00a0 et dont il est le Directeur musical depuis : \u00ab\u00a0<a href=\"https:\/\/bfz.hu\/en\/\"><strong><span style=\"color: #0000ff;\">L&rsquo;Orchestre du Festival de Budapest<\/span><\/strong><span style=\"color: #0000ff;\">\u00a0<\/span><\/a>\u00bb.<br \/>\n<\/span><\/p>\n<p style=\"text-align: left;\"><img loading=\"lazy\" decoding=\"async\" class=\"alignleft\" src=\"https:\/\/lemotdujour.fr\/wp-content\/uploads\/2022\/02\/022122_0001_Lundi21fvri1.jpg\" alt=\"\" width=\"602\" height=\"309\" align=\"left\" \/><span style=\"color: #777777; font-family: Arial;\">Pour <strong>Ivan Fischer<\/strong>, il s&rsquo;agissait d&rsquo;un retour \u00e0 Lyon, puisqu&rsquo;il a \u00e9t\u00e9 le directeur musical de l&rsquo;Op\u00e9ra de Lyon de 2001 \u00e0 2003.<br \/>\n<\/span><\/p>\n<p><span style=\"color: #777777; font-family: Arial;\">Ivan Fischer avait aussi fait parler de lui parce qu&rsquo;il s&rsquo;est fait \u00ab\u00a0<a href=\"https:\/\/www.radiofrance.fr\/francemusique\/le-chef-d-orchestre-ivan-fischer-se-fait-vacciner-en-plein-concert-9484990\"><span style=\"color: #0000ff;\">vacciner en plein concert le 25 ao\u00fbt 2021<\/span>\u00a0<\/a>\u00bb\u00a0:<br \/>\n<\/span><\/p>\n<p style=\"margin-left: 28pt;\"><span style=\"color: #c00000; font-family: Arial;\">\u00ab\u00a0Le geste, symbolique, a eu lieu lors d&rsquo;un concert gratuit en plein air devant quelques milliers de personne \u00e0 Budapest. Sur les vid\u00e9os on peut voir Iv\u00e1n Fischer diriger du bras droit pendant qu&rsquo;un m\u00e9decin lui administre une troisi\u00e8me dose de vaccin dans l&rsquo;autre bras, \u00e0 travers un trou m\u00e9nag\u00e9 expr\u00e8s dans sa chemise. [\u2026] Le site du festival de Budapest explique qu&rsquo;\u00e0 travers cette mise-en-sc\u00e8ne Iv\u00e1n Fischer \u00ab souhaite donner l&rsquo;exemple et attirer l&rsquo;attention du public sur l&rsquo;importance de la lutte contre l&rsquo;\u00e9pid\u00e9mie \u00bb. La Hongrie a en effet particuli\u00e8rement souffert au printemps, affichant d\u00e9but mai \u00ab la pire mortalit\u00e9 du monde \u00bb d&rsquo;apr\u00e8s le journal Le Monde. Depuis, la situation sanitaire s&rsquo;est am\u00e9lior\u00e9e mais reste d\u00e9licate.\u00a0\u00bb<br \/>\n<\/span><\/p>\n<p><span style=\"color: #777777; font-family: Arial;\">C&rsquo;est surtout un tr\u00e8s grand chef et nous avions h\u00e2te de l&rsquo;entendre dans ce concert dans lequel la seconde partie \u00e9tait consacr\u00e9e au \u00ab\u00a0<strong>Sacre du Printemps<\/strong>\u00a0\u00bb.<br \/>\n<\/span><\/p>\n<p><span style=\"color: #777777; font-family: Arial;\">Avant cela, il y avait une premi\u00e8re partie dans laquelle apr\u00e8s une autre \u0153uvre orchestrale, \u00ab\u00a0<strong>le concerto pour violon et orchestre<\/strong> \u00bb de Stravinski \u00e9tait au programme.<br \/>\n<\/span><\/p>\n<p><span style=\"color: #777777; font-family: Arial;\">C&rsquo;est une \u0153uvre assez aride et difficile \u00e0 jouer.<br \/>\n<\/span><\/p>\n<p><span style=\"color: #777777; font-family: Arial;\">Avec Annie nous nous pr\u00e9parons toujours au concert en \u00e9coutant plusieurs fois les \u0153uvres au programme.<br \/>\n<\/span><\/p>\n<p><span style=\"color: #777777; font-family: Arial;\">Nous avions un peu de mal avec cette \u0153uvre.<br \/>\n<\/span><\/p>\n<p><span style=\"color: #777777; font-family: Arial;\">J&rsquo;avais d\u00e9j\u00e0 entendu parler de la violoniste soliste\u00a0: <strong>Patricia Kopatchinskaja, <\/strong>mais je ne l&rsquo;avais jamais vu en concert, ni entendu par l&rsquo;\u00e9coute d&rsquo;un disque ou de la radio<strong>. <\/strong>J&rsquo;avais lu des avis tr\u00e8s contrast\u00e9s. Par exemple, cet avis du journal canadien \u00ab <a href=\"https:\/\/www.lapresse.ca\/arts\/musique\/musique-classique\/201808\/31\/01-5194831-patricia-kopatchinskaja-farouchement-libre.php\"><strong><span style=\"color: #0000ff;\">La Presse<\/span><\/strong>\u00a0<\/a>\u00bb<br \/>\n<\/span><\/p>\n<p style=\"margin-left: 28pt;\"><span style=\"color: #c00000; font-family: Arial;\">\u00ab\u00a0Des critiques et des m\u00e9lomanes l&rsquo;abhorrent, d&rsquo;autres l&rsquo;adorent. On lui reproche de trop grandes libert\u00e9s avec la partition, trop d&rsquo;exub\u00e9rance dans le jeu, trop de singularit\u00e9 dans l&rsquo;articulation ou les timbres, trop de feu dans les coups d&rsquo;archet. On l&rsquo;admire exactement pour les m\u00eames raisons.\u00a0\u00bb<br \/>\n<\/span><\/p>\n<p><span style=\"color: #777777; font-family: Arial;\">Donc nous voil\u00e0 au concert. <\/span><span style=\"color: #777777; font-family: Arial;\">La premi\u00e8re \u0153uvre, \u00ab\u00a0 <strong>Jeux de carte<\/strong> \u00bb me semblait un peu poussive, je n&rsquo;entrais pas bien dans le concert, \u00e9tait ce de mon fait ou de celui du chef et de l&rsquo;orchestre ?<br \/>\n<\/span><\/p>\n<p><span style=\"color: #777777; font-family: Arial;\">Puis vint le concerto et la violoniste n\u00e9e \u00e0 Chisinau en Moldavie en 1977, entra en sc\u00e8ne.<br \/>\n<\/span><\/p>\n<p><img decoding=\"async\" class=\"alignleft\" src=\"https:\/\/lemotdujour.fr\/wp-content\/uploads\/2022\/02\/022122_0001_Lundi21fvri2.jpg\" alt=\"\" align=\"left\" \/><span style=\"color: #777777; font-family: Arial;\">D\u00e9j\u00e0 sa tenue \u00e9tait singuli\u00e8re par rapport \u00e0 toutes les autres solistes qu&rsquo;il nous a \u00e9t\u00e9 donn\u00e9 de voir \u00e0 l&rsquo;Auditorium.<br \/>\n<\/span><\/p>\n<p><span style=\"color: #777777; font-family: Arial;\">Elle portait une robe que je qualifierai de folklorique, mais je ne sais pas de quelle r\u00e9gion.<br \/>\n<\/span><\/p>\n<p><span style=\"color: #777777; font-family: Arial;\">Et elle \u00e9tait pieds nus. <\/span><span style=\"color: #777777; font-family: Arial;\">On raconte qu&rsquo;un jour elle avait oubli\u00e9 ses chaussures en montant sur sc\u00e8ne. Et que ce jour l\u00e0, elle avait ressenti les vibrations de l&rsquo;orchestre comme jamais. Depuis elle r\u00e9it\u00e8re souvent cet oubli.<br \/>\n<\/span><\/p>\n<p><span style=\"color: #777777; font-family: Arial;\">Alors, elle l\u00e8ve l&rsquo;archet et prend \u00e0 bras le corps cette \u0153uvre rude et difficile et entra\u00eene l&rsquo;enthousiasme des musiciens et des auditeurs tout au long de son interpr\u00e9tation.<br \/>\n<\/span><\/p>\n<p><span style=\"color: #777777; font-family: Arial;\">Elle saisit l&rsquo;\u0153uvre et fait partager sa vision avec une force et un dynamisme incroyable.<br \/>\n<\/span><\/p>\n<p><span style=\"color: #777777; font-family: Arial;\">D&rsquo;ailleurs vous pouvez avoir la perception de cette interpr\u00e9tation, puisqu&rsquo;il existe sur internet une vid\u00e9o de ce concerto avec elle \u00e0 &lt;<a href=\"https:\/\/www.youtube.com\/watch?v=Wn6K53W_Nu0\"><span style=\"color: #0000ff;\">Francfort avec l&rsquo;orchestre de la radio de cette ville dirig\u00e9 Andr\u00e9s Orozco-Estrada<\/span><\/a>&gt;<br \/>\n<\/span><\/p>\n<p><span style=\"color: #777777; font-family: Arial;\">\u00c9poustouflant et unique !<br \/>\n<\/span><\/p>\n<p><span style=\"color: #777777; font-family: Arial;\">Et alors les bis\u00a0!<br \/>\n<\/span><\/p>\n<p><span style=\"color: #777777; font-family: Arial;\">Elle a jou\u00e9 successivement avec deux membres de l&rsquo;orchestre des danses populaires du compositeur hongrois <strong>Bartok<\/strong> et puis une \u0153uvre qu&rsquo;elle a d\u00e9crit comme pr\u00e9sentant le chaos de la globalisation dans laquelle elle joue du violon tout en chantant ou plut\u00f4t en lan\u00e7ant des cris et des grognements dans un acte th\u00e9\u00e2tral aussi d\u00e9routant que prenant.<br \/>\n<\/span><\/p>\n<p><span style=\"color: #777777; font-family: Arial;\">Apr\u00e8s cela, l&rsquo;orchestre du Festival de Budapest et Ivan Fischer, galvanis\u00e9 par ce qu&rsquo;il venait de vivre nous ont offert un Sacre du Printemps de toute beaut\u00e9.<br \/>\n<\/span><\/p>\n<p><span style=\"color: #777777; font-family: Arial;\">Et apr\u00e8s ce d\u00e9chainement de rythme et de violence et plusieurs rappels, l&rsquo;orchestre s&rsquo;est lev\u00e9, a laiss\u00e9 ses instruments et sous la direction d&rsquo;Ivan Fischer a chant\u00e9, a capella, l&rsquo; \u00ab <a href=\"https:\/\/www.youtube.com\/watch?v=aJW7Sc-NykQ\"><span style=\"color: #0000ff;\">Ave Maria\u00a0de Stravinsky<\/span><\/a> \u00a0\u00bb dans un moment extatique avec une qualit\u00e9 chorale incroyable.<br \/>\n<\/span><\/p>\n<p><span style=\"color: #777777; font-family: Arial;\">Un concert qui fait du bien et dont on sort plein d&rsquo;\u00e9nergie et de joie.<br \/>\n<\/span><\/p>\n<p><span style=\"color: #777777; font-family: Arial;\"><img loading=\"lazy\" decoding=\"async\" class=\"size-full wp-image-13188 alignright\" src=\"https:\/\/lemotdujour.fr\/wp-content\/uploads\/2022\/02\/Patcop2.jpg\" alt=\"\" width=\"510\" height=\"346\" srcset=\"https:\/\/lemotdujour.fr\/wp-content\/uploads\/2022\/02\/Patcop2.jpg 510w, https:\/\/lemotdujour.fr\/wp-content\/uploads\/2022\/02\/Patcop2-300x204.jpg 300w\" sizes=\"auto, (max-width: 510px) 100vw, 510px\" \/>Alors, j&rsquo;ai voulu en savoir un peu plus sur \u00ab\u00a0<strong>la violoniste aux pieds nus<\/strong>\u00a0\u00bb qu&rsquo;on appelle <strong>PatKop, <\/strong>pour \u00e9viter d&rsquo;\u00e9corcher son patronyme compliqu\u00e9<strong>\u00a0: Kopatchinskaja<\/strong><br \/>\n<\/span><\/p>\n<p><span style=\"color: #777777; font-family: Arial;\">Alors j&rsquo;ai \u00e9cout\u00e9 cette interpr\u00e9tation du &lt;<a href=\"https:\/\/www.youtube.com\/watch?v=xr9KmgDFwMc\"><span style=\"color: #0000ff;\">Concerto de Beethoven<\/span><\/a>&gt; avec Philippe Herreweghe, avec lequel elle l&rsquo;a enregistr\u00e9 d&rsquo;ailleurs. Et c&rsquo;est vrai qu&rsquo;elle prend quelque libert\u00e9 avec la partition. Elle joue parfois d&rsquo;autres notes que Beethoven a \u00e9crite. C&rsquo;est choquant, mais c&rsquo;est tr\u00e8s convaincant.<br \/>\n<\/span><\/p>\n<p><span style=\"color: #777777; font-family: Arial;\">Elle dit dans l&rsquo;article du journal canadien pr\u00e9cit\u00e9\u00a0:<br \/>\n<\/span><\/p>\n<p style=\"margin-left: 28pt;\"><span style=\"color: #c00000; font-family: Arial;\">\u00ab\u2009Bien s\u00fbr, affirme-t-elle d&#8217;embl\u00e9e, je m&rsquo;en tiens aux partitions \u00e9crites, mais je recherche d&rsquo;abord l&rsquo;esprit de l&rsquo;\u0153uvre&#8230; qui ne se trouve pas dans les pages. Je crois qu&rsquo;il faut lib\u00e9rer l&rsquo;esprit d&rsquo;une \u0153uvre, il faut le sortir de sa partition, qui peut devenir une prison.\u2009[\u2026]<br \/>\n<\/span><span style=\"color: #c00000; font-family: Arial;\">\u2009Il faut laisser cet esprit nous chevaucher, le laisser nous parler comme un guide qui se d\u00e9voile \u00e0 notre \u00e9poque, le laisser communiquer avec le public et les musiciens, et ainsi modeler notre fa\u00e7on de jouer l&rsquo;\u0153uvre ici et maintenant.\u2009\u00bb<br \/>\n<\/span><\/p>\n<p><span style=\"color: #777777; font-family: Arial;\">Et elle dit encore\u00a0:<br \/>\n<\/span><\/p>\n<p style=\"margin-left: 28pt;\"><span style=\"color: #c00000; font-family: Arial;\">\u00ab\u2009Si vous \u00eates scientifique et que vous vous int\u00e9ressez \u00e0 ce qui est connu, vous devenez professeur. Lorsque l&rsquo;inconnu, le risque ou m\u00eame la controverse ne vous font pas peur, vous devenez alors chercheur, ce qui s&rsquo;apparente \u00e0 un cr\u00e9ateur en art. Ce qui m&rsquo;int\u00e9resse se trouve de l&rsquo;autre c\u00f4t\u00e9 de la fronti\u00e8re, car je sais ce qui se trouve \u00e0 l&rsquo;int\u00e9rieur.\u2009\u00bb<br \/>\n<\/span><\/p>\n<p><span style=\"color: #777777; font-family: Arial;\">Bref, jouer une pi\u00e8ce de la m\u00eame mani\u00e8re pendant des d\u00e9cennies ne pr\u00e9sente pas grand int\u00e9r\u00eat pour elle.<br \/>\n<\/span><\/p>\n<p><span style=\"color: #777777; font-family: Arial;\">Dans ce contexte, elle accepte les critiques\u00a0:<br \/>\n<\/span><\/p>\n<p style=\"margin-left: 28pt;\"><span style=\"color: #c00000; font-family: Arial;\">\u00ab\u2009Il est bien de recevoir de bonnes et de mauvaises critiques, cela signifie que ceux qui ne nous aiment pas nous ont \u00e9cout\u00e9s avec une certaine attention, qu&rsquo;on les a touch\u00e9s malgr\u00e9 tout. Quoi qu&rsquo;ils pensent, les interpr\u00e9tations lisses et standardis\u00e9es ne m&rsquo;int\u00e9ressent absolument pas.\u2009\u00bb<br \/>\n<\/span><\/p>\n<p><span style=\"color: #777777; font-family: Arial;\">On trouve assez facilement des critiques d\u00e9favorables sur le net, mais elles ne m&rsquo;int\u00e9ressent pas apr\u00e8s le concert de ce dimanche.<br \/>\n<\/span><\/p>\n<p><span style=\"color: #777777; font-family: Arial;\"><img loading=\"lazy\" decoding=\"async\" class=\"wp-image-13191 alignleft\" src=\"https:\/\/lemotdujour.fr\/wp-content\/uploads\/2022\/02\/PatCop3-scaled.jpg\" alt=\"\" width=\"399\" height=\"399\" srcset=\"https:\/\/lemotdujour.fr\/wp-content\/uploads\/2022\/02\/PatCop3-scaled.jpg 2560w, https:\/\/lemotdujour.fr\/wp-content\/uploads\/2022\/02\/PatCop3-300x300.jpg 300w, https:\/\/lemotdujour.fr\/wp-content\/uploads\/2022\/02\/PatCop3-1024x1024.jpg 1024w, https:\/\/lemotdujour.fr\/wp-content\/uploads\/2022\/02\/PatCop3-150x150.jpg 150w, https:\/\/lemotdujour.fr\/wp-content\/uploads\/2022\/02\/PatCop3-768x768.jpg 768w, https:\/\/lemotdujour.fr\/wp-content\/uploads\/2022\/02\/PatCop3-1536x1536.jpg 1536w, https:\/\/lemotdujour.fr\/wp-content\/uploads\/2022\/02\/PatCop3-2048x2048.jpg 2048w, https:\/\/lemotdujour.fr\/wp-content\/uploads\/2022\/02\/PatCop3-230x230.jpg 230w, https:\/\/lemotdujour.fr\/wp-content\/uploads\/2022\/02\/PatCop3-365x365.jpg 365w\" sizes=\"auto, (max-width: 399px) 100vw, 399px\" \/>Je pense qu&rsquo;\u00e9tant donn\u00e9 sa libert\u00e9 d&rsquo;interpr\u00e9tation, il semble possible qu&rsquo;elle puisse \u00ab\u00a0s&rsquo;\u00e9garer\u00a0\u00bb parfois.<br \/>\n<\/span><\/p>\n<p><span style=\"color: #777777; font-family: Arial;\">Mais quand c&rsquo;est r\u00e9ussi comme ce dimanche \u00e0 Lyon, quelle pl\u00e9nitude.<br \/>\n<\/span><\/p>\n<p><span style=\"color: #777777; font-family: Arial;\">&lt;<span style=\"color: #0000ff;\"><a style=\"color: #0000ff;\" href=\"https:\/\/www.lemonde.fr\/culture\/article\/2021\/06\/17\/la-violoniste-patricia-kopatchinskaja-jongle-avec-les-identites_6084545_3246.html\">Le Monde<\/a><\/span>&gt; \u00e9crit\u00a0:<br \/>\n<\/span><\/p>\n<p style=\"margin-left: 28pt;\"><span style=\"color: #c00000; font-family: Arial;\">\u00ab\u00a0Loin de se limiter \u00e0 des d\u00e9charges strictement musicales, l&rsquo;interpr\u00e8te galvanisante a d\u00e9cid\u00e9, tr\u00e8s t\u00f4t, de ne renoncer \u00e0 aucun des sens de son corps dans la recherche optimale de l&rsquo;expression artistique. \u00ab J&rsquo;ai besoin de tout ressentir avec ma peau \u00bb, r\u00e9sume la violoniste qui a pris l&rsquo;habitude de se produire pieds nus et de s&rsquo;exposer telle quelle sur sc\u00e8ne. [\u2026] \u00ab Plus j&rsquo;avance en \u00e2ge et plus je m&rsquo;\u00e9loigne de tout ce qui m&rsquo;a \u00e9t\u00e9 appris, confie la musicienne de 44 ans. Les Japonais pensent qu&rsquo;on change de personnalit\u00e9 une fois qu&rsquo;on a atteint la moiti\u00e9 de sa vie, comme un serpent qui se d\u00e9barrasse de sa peau, mais en tant qu&rsquo;artiste qui se r\u00e9g\u00e9n\u00e8re, vous ne savez jamais o\u00f9 vous \u00eates vraiment vous-m\u00eame.\u00bb<br \/>\n<\/span><\/p>\n<p><span style=\"color: #777777; font-family: Arial;\">Elle a <span style=\"color: #0000ff;\"><a style=\"color: #0000ff;\" href=\"https:\/\/www.osm.ca\/fr\/patricia-kopatchinskaja-une-artiste-unique-en-son-genre\/\">r\u00e9sum\u00e9<\/a><\/span> lors d&rsquo;un entretien accord\u00e9 au Financial Times sa vision de libert\u00e9\u00a0:<br \/>\n<\/span><\/p>\n<p style=\"margin-left: 28pt;\"><span style=\"color: #c00000; font-family: Arial;\">\u00ab Les gens accordent beaucoup d&rsquo;importance \u00e0 la perfection et aux surfaces bien lisses. Ils veulent voir un beau g\u00e2teau sur sc\u00e8ne, pr\u00eat \u00e0 \u00eatre d\u00e9gust\u00e9. Je n&rsquo;apporte pas de g\u00e2teau. J&rsquo;apporte les ingr\u00e9dients et je les cuisine sur place. On doit prendre le risque que \u00e7a ne se passera pas bien \u2013 on a besoin des erreurs car elles nous font r\u00e9fl\u00e9chir et trouver de nouvelles fa\u00e7ons de faire. \u00bb<br \/>\n<\/span><\/p>\n<p><span style=\"color: #777777; font-family: Arial;\">Sur ce site consacr\u00e9 \u00e0 la Moldavie elle raconte un peu l&rsquo;Histoire de sa vie\u00a0:<br \/>\n<\/span><\/p>\n<p style=\"margin-left: 28pt;\"><span style=\"color: #c00000; font-family: Arial;\">\u00ab\u00a0Nous avons quitt\u00e9 la Moldavie avec mes parents d\u00e8s l&rsquo;ouverture des fronti\u00e8res en 1990. Je suis arriv\u00e9e \u00e0 Vienne, o\u00f9 j&rsquo;ai pass\u00e9 une dizaine d&rsquo;ann\u00e9es. Je suis ensuite venue \u00e0 Berne, car j&rsquo;avais obtenu une bourse pour y \u00e9tudier. J&rsquo;ai toujours r\u00eav\u00e9 de baser ma vie dans une grande capitale, mais je suis tomb\u00e9e amoureuse \u00e0 Berne, et j&rsquo;y suis rest\u00e9e. Et comme je voyage sans cesse, Berne est le lieu id\u00e9al pour d\u00e9compresser, recharger mes batteries.<br \/>\n<\/span><span style=\"color: #c00000; font-family: Arial;\">[<span style=\"color: #777777;\">Que pouvez-vous dire de la Moldavie ?]<br \/>\n<\/span><\/span><span style=\"color: #c00000; font-family: Arial;\">C&rsquo;est int\u00e9ressant de venir de nulle part, non ? ([\u2026]<br \/>\nPlus prosa\u00efquement, la Moldavie a connu tour \u00e0 tour la domination des Roumains et des Russes, et les deux n&rsquo;\u00e9taient pas mieux l&rsquo;un que l&rsquo;autre. Aujourd&rsquo;hui, c&rsquo;est un pays parmi les plus pauvres d&rsquo;Europe : 80% des actifs travaillent \u00e0 l&rsquo;\u00e9tranger. J&rsquo;y retourne avec Terre des hommes , pour donner des concerts, organiser des concours pour jeunes violonistes. Dans ma famille, chaque g\u00e9n\u00e9ration a une fois tout perdu et s&rsquo;est retrouv\u00e9e avec une valise pour seul bien. J&rsquo;en tire cette le\u00e7on : \u00ab Live now ! \u00bb \u00ab Vivez maintenant ! \u00bb<br \/>\n<\/span><\/p>\n<p><span style=\"color: #777777; font-family: Arial;\"><img loading=\"lazy\" decoding=\"async\" class=\"wp-image-13192 alignright\" src=\"https:\/\/lemotdujour.fr\/wp-content\/uploads\/2022\/02\/PatCop4.jpg\" alt=\"\" width=\"529\" height=\"298\" srcset=\"https:\/\/lemotdujour.fr\/wp-content\/uploads\/2022\/02\/PatCop4.jpg 1280w, https:\/\/lemotdujour.fr\/wp-content\/uploads\/2022\/02\/PatCop4-300x169.jpg 300w, https:\/\/lemotdujour.fr\/wp-content\/uploads\/2022\/02\/PatCop4-1024x576.jpg 1024w, https:\/\/lemotdujour.fr\/wp-content\/uploads\/2022\/02\/PatCop4-768x432.jpg 768w\" sizes=\"auto, (max-width: 529px) 100vw, 529px\" \/>Elle a d\u00e9sormais la triple nationalit\u00e9 moldave, autrichienne et suisse.<br \/>\n<\/span><\/p>\n<p><span style=\"color: #777777; font-family: Arial;\">\u00ab\u00a0<strong>Le Figaro\u00a0<\/strong>\u00bb parle en juin 2021 d&rsquo;elle comme d&rsquo;\u00ab\u00a0<span style=\"color: #c00000;\">un objet musical non identifi\u00e9<span style=\"color: #777777;\">\u00a0\u00bb et ajoute\u00a0:<br \/>\n<\/span><\/span><\/span><\/p>\n<p style=\"margin-left: 28pt;\"><span style=\"color: #c00000; font-family: Arial;\">\u00ab\u00a0Mais c&rsquo;est surtout par sa profonde originalit\u00e9 musicale qu&rsquo;elle frappe. Celle qui aime se comparer \u00e0 un enfant qui invente constamment de nouveaux jeux avec les m\u00eames jouets, assimile la musique classique \u00e0 un laboratoire et son parcours d&rsquo;interpr\u00e8te \u00e0 celui d&rsquo;Alice au pays des merveilles.<br \/>\nEn vraie funambule, elle pousse la musique dans ses ultimes retranchements expressifs\u00a0\u00bb<br \/>\n<\/span><\/p>\n<p><span style=\"color: #777777; font-family: Arial;\">Elle dispose bien s\u00fbr d&rsquo;un site\u00a0:<span style=\"color: #0000ff;\"> <a style=\"color: #0000ff;\" href=\"https:\/\/www.patriciakopatchinskaja.com\/\">https:\/\/www.patriciakopatchinskaja.com\/<\/a> <\/span><br \/>\n<\/span><\/p>\n<p><span style=\"color: #777777; font-family: Arial;\">Et pour finir, je vous propose d&rsquo;\u00e9couter ces 5 minutes magiques dans lesquelles avec d&rsquo;autres musiciens et particuli\u00e8rement le chef <strong>Teodor Currentzis<\/strong>, elle chante et joue en interpr\u00e9tant &lt;<span style=\"color: #0000ff;\"><a style=\"color: #0000ff;\" href=\"https:\/\/www.youtube.com\/watch?v=TtIQbM9k0UE\">John Dowland<\/a><\/span>&gt; compositeur anglais mort en 1626.<\/span><\/p>\n<p><span style=\"color: maroon; font-family: Arial;\">&lt;1654&gt;<\/span><\/p>\n","protected":false},"excerpt":{"rendered":"<p>\u00ab\u00a0PatKop la violoniste aux pieds nus.\u00a0\u00bb Un objet musical non identifi\u00e9 nomm\u00e9 Patricia Kopatchinskaja Ce dimanche, Annie et moi, accompagn\u00e9s de nos amis Joyce et Patrick, sommes all\u00e9s \u00e0 l&rsquo;Auditorium pour \u00e9couter un concert d&rsquo;\u0153uvres d&rsquo;Igor Stravinsky dirig\u00e9s par le<\/p>\n","protected":false},"author":1,"featured_media":0,"comment_status":"open","ping_status":"closed","sticky":false,"template":"","format":"standard","meta":{"footnotes":""},"categories":[1],"tags":[217,216,20],"class_list":["post-13179","post","type-post","status-publish","format-standard","hentry","category-motdujour","tag-hongrie","tag-moldavie","tag-musique"],"_links":{"self":[{"href":"https:\/\/lemotdujour.fr\/index.php?rest_route=\/wp\/v2\/posts\/13179","targetHints":{"allow":["GET"]}}],"collection":[{"href":"https:\/\/lemotdujour.fr\/index.php?rest_route=\/wp\/v2\/posts"}],"about":[{"href":"https:\/\/lemotdujour.fr\/index.php?rest_route=\/wp\/v2\/types\/post"}],"author":[{"embeddable":true,"href":"https:\/\/lemotdujour.fr\/index.php?rest_route=\/wp\/v2\/users\/1"}],"replies":[{"embeddable":true,"href":"https:\/\/lemotdujour.fr\/index.php?rest_route=%2Fwp%2Fv2%2Fcomments&post=13179"}],"version-history":[{"count":8,"href":"https:\/\/lemotdujour.fr\/index.php?rest_route=\/wp\/v2\/posts\/13179\/revisions"}],"predecessor-version":[{"id":13195,"href":"https:\/\/lemotdujour.fr\/index.php?rest_route=\/wp\/v2\/posts\/13179\/revisions\/13195"}],"wp:attachment":[{"href":"https:\/\/lemotdujour.fr\/index.php?rest_route=%2Fwp%2Fv2%2Fmedia&parent=13179"}],"wp:term":[{"taxonomy":"category","embeddable":true,"href":"https:\/\/lemotdujour.fr\/index.php?rest_route=%2Fwp%2Fv2%2Fcategories&post=13179"},{"taxonomy":"post_tag","embeddable":true,"href":"https:\/\/lemotdujour.fr\/index.php?rest_route=%2Fwp%2Fv2%2Ftags&post=13179"}],"curies":[{"name":"wp","href":"https:\/\/api.w.org\/{rel}","templated":true}]}}