{"id":1316,"date":"2015-11-10T01:00:00","date_gmt":"2015-11-09T22:00:00","guid":{"rendered":"http:\/\/lemotdujour.fr\/?p=1316"},"modified":"2025-12-12T01:50:45","modified_gmt":"2025-12-12T00:50:45","slug":"mardi-10112015","status":"publish","type":"post","link":"https:\/\/lemotdujour.fr\/?p=1316","title":{"rendered":"Mardi 10 novembre 2015"},"content":{"rendered":"<div class=\"mdjDate\">Mardi 10\/11\/2015<\/div>\n<div class=\"mdjTexte\">\u00ab\u00a0Les gens ach\u00e8tent ce qui rend jaloux le voisin,<br \/>Voil\u00e0 le cr\u00e9neau qui nous int\u00e9resse.\u00a0\u00bb<\/div>\n<div class=\"mdjAuteur\">Caius Saugrenus personnage du\u00a0<strong>\u00ab\u00a0<\/strong>Ob\u00e9lix et Cie<strong>\u00a0\u00bb<\/strong>\u00a0(<em>avant dernier album<\/em>) cr\u00e9\u00e9 par Ren\u00e9 Goscinny<\/div>\n<div class=\"mdjComplements\">Ren\u00e9 Girard nous a expliqu\u00e9 que le d\u00e9sir \u00e9tait mim\u00e9tique, nous d\u00e9sirons ce que d\u00e9sire l&rsquo;autre.<\/div>\n<div class=\"mdjComplements\">Si l&rsquo;objet de ce d\u00e9sir est unique, le d\u00e9sir fait na\u00eetre la violence. Mais la r\u00e9volution industrielle et la production d&rsquo;un grand nombre d&rsquo;objets \u00a0identiques a fait na\u00eetre dans le monde moderne un autre ph\u00e9nom\u00e8ne : la consommation de masse.<\/div>\n<div class=\"mdjComplements\">Le d\u00e9sir est toujours mim\u00e9tique mais la cons\u00e9quence n&rsquo;est plus la violence mais l&rsquo;achat d&rsquo;objets parfaitement inutiles ou le remplacement inutile d&rsquo;objets que nous poss\u00e9dons d\u00e9j\u00e0 et qui r\u00e9pondent parfaitement \u00e0 nos besoins.<\/div>\n<div class=\"mdjComplements\">Goscinny a magnifiquement expliqu\u00e9 cela dans sa BD \u00ab\u00a0Ob\u00e9lix et Cie\u00a0\u00bb<\/div>\n<div class=\"mdjComplements\">Ainsi un \u00e9conomiste antique (<em>ayant vaguement ressemblance avec Jacques Chirac&#8230;jeune<\/em>) et fra\u00eechement sorti de l&rsquo;<strong>E<\/strong>cole <strong>N<\/strong>ouvelle d&rsquo;<strong>A<\/strong>ffranchis va expliquer \u00e0 C\u00e9sar que pour an\u00e9antir le village d&rsquo;Ast\u00e9rix il faut les pousser \u00e0 n&rsquo;avoir plus qu&rsquo;une id\u00e9e : produire des menhirs.<\/div>\n<div class=\"mdjComplements\">Pour que ceci soit possible il faut que C\u00e9sar ach\u00e8te massivement ces menhirs.<\/div>\n<div class=\"mdjComplements\">Mais dans un second temps il faudra que C\u00e9sar puisse les revendre.<\/div>\n<div class=\"mdjComplements\">Et l\u00e0 nous arrivons \u00e0 cette d\u00e9monstration d&rsquo;Economie antique o\u00f9 gr\u00e2ce \u00e0 la publicit\u00e9, C\u00e9sar va parvenir \u00e0 convaincre les romains d&rsquo;acheter cet objet parfaitement inutile qu&rsquo;est le menhir.<\/div>\n<div class=\"mdjComplements\">Le d\u00e9sir mim\u00e9tique \u00e9tant magnifiquement mis en sc\u00e8ne par Ren\u00e9 Goscinny en montrant cette femme qui dit : \u00ab\u00a0tu sais nos voisins les incongrus ont d\u00e9j\u00e0 achet\u00e9 un menhir\u00a0\u00bb<\/div>\n<div class=\"mdjComplements\">Apr\u00e8s cet effort de p\u00e9dagogie, je vais me reposer quelques jours, le prochain mot du jour est pr\u00e9vu pour le 16 novembre.<\/div>\n<table>\n<tr>\n<td><\/td>\n<\/tr>\n<tr>\n<td><\/td>\n<\/tr>\n<tr>\n<td><\/td>\n<\/tr>\n<\/table>\n","protected":false},"excerpt":{"rendered":"<p>Mardi 10\/11\/2015 \u00ab\u00a0Les gens ach\u00e8tent ce qui rend jaloux le voisin,Voil\u00e0 le cr\u00e9neau qui nous int\u00e9resse.\u00a0\u00bb Caius Saugrenus personnage du\u00a0\u00ab\u00a0Ob\u00e9lix et Cie\u00a0\u00bb\u00a0(avant dernier album) cr\u00e9\u00e9 par Ren\u00e9 Goscinny Ren\u00e9 Girard nous a expliqu\u00e9 que le d\u00e9sir \u00e9tait mim\u00e9tique, nous d\u00e9sirons<\/p>\n","protected":false},"author":1,"featured_media":0,"comment_status":"closed","ping_status":"closed","sticky":false,"template":"","format":"standard","meta":{"footnotes":""},"categories":[1],"tags":[],"class_list":["post-1316","post","type-post","status-publish","format-standard","hentry","category-motdujour"],"_links":{"self":[{"href":"https:\/\/lemotdujour.fr\/index.php?rest_route=\/wp\/v2\/posts\/1316","targetHints":{"allow":["GET"]}}],"collection":[{"href":"https:\/\/lemotdujour.fr\/index.php?rest_route=\/wp\/v2\/posts"}],"about":[{"href":"https:\/\/lemotdujour.fr\/index.php?rest_route=\/wp\/v2\/types\/post"}],"author":[{"embeddable":true,"href":"https:\/\/lemotdujour.fr\/index.php?rest_route=\/wp\/v2\/users\/1"}],"replies":[{"embeddable":true,"href":"https:\/\/lemotdujour.fr\/index.php?rest_route=%2Fwp%2Fv2%2Fcomments&post=1316"}],"version-history":[{"count":2,"href":"https:\/\/lemotdujour.fr\/index.php?rest_route=\/wp\/v2\/posts\/1316\/revisions"}],"predecessor-version":[{"id":16659,"href":"https:\/\/lemotdujour.fr\/index.php?rest_route=\/wp\/v2\/posts\/1316\/revisions\/16659"}],"wp:attachment":[{"href":"https:\/\/lemotdujour.fr\/index.php?rest_route=%2Fwp%2Fv2%2Fmedia&parent=1316"}],"wp:term":[{"taxonomy":"category","embeddable":true,"href":"https:\/\/lemotdujour.fr\/index.php?rest_route=%2Fwp%2Fv2%2Fcategories&post=1316"},{"taxonomy":"post_tag","embeddable":true,"href":"https:\/\/lemotdujour.fr\/index.php?rest_route=%2Fwp%2Fv2%2Ftags&post=1316"}],"curies":[{"name":"wp","href":"https:\/\/api.w.org\/{rel}","templated":true}]}}