{"id":13159,"date":"2022-02-17T00:11:00","date_gmt":"2022-02-16T23:11:00","guid":{"rendered":"https:\/\/lemotdujour.fr\/?p=13159"},"modified":"2022-02-16T23:23:16","modified_gmt":"2022-02-16T22:23:16","slug":"jeudi-17-fevrier-2022","status":"publish","type":"post","link":"https:\/\/lemotdujour.fr\/?p=13159","title":{"rendered":"Jeudi 17 f\u00e9vrier 2022"},"content":{"rendered":"<div class=\"mdjTexte\">\u00ab Elle est de la race des h\u00e9ro\u00efnes. \u00bb<\/div>\n<div class=\"mdjAuteur\">Le pr\u00e9fet parlant de Fatima Zekkour<\/div>\n<p><span style=\"color: #777777; font-family: Arial;\">Je reviens souvent vers des mots du jour \u00e9crits les ann\u00e9es pass\u00e9es que je relis..<br \/>\n<\/span><br \/>\n<span style=\"color: #777777; font-family: Arial;\">Il y a 2 ans, &lt;<span style=\"color: #0000ff;\"><a style=\"color: #0000ff;\" href=\"https:\/\/lemotdujour.fr\/?p=8112\">Le 17 f\u00e9vrier 2020<\/a><\/span>&gt; j&rsquo;\u00e9voquais une jeune fille qui a pour nom <strong>Fatima Zekkour.<br \/>\n<\/strong><\/span><br \/>\n<span style=\"color: #777777; font-family: Arial;\">Le 4 mai 2013, Fatima, 17 ans, est entr\u00e9e dans un immeuble en flamme \u00e0 Nevers. Avec sa s\u0153ur enceinte, elles sont all\u00e9es taper \u00e0 toutes les portes des quatre \u00e9tages de l&rsquo;immeuble. Des personnes ont \u00e9t\u00e9 sauv\u00e9es gr\u00e2ce \u00e0 cette intervention.<br \/>\n<\/span><br \/>\n<span style=\"color: #777777; font-family: Arial;\">La s\u0153ur de Fatima est sortie plus t\u00f4t. Mais Fatima est rest\u00e9e prisonni\u00e8re des flammes, elle pensait que les pompiers n&rsquo;allaient pas tarder mais les pompiers n&rsquo;avaient pas cru sa maman qui les avait appel\u00e9s. Ne voyant rien venir, Fatima est all\u00e9e seule traverser le rideau de feu.<br \/>\n<\/span><\/p>\n<p style=\"margin-left: 28pt;\"><span style=\"color: #c00000; font-family: Arial;\">\u00ab\u00a0Je suis tomb\u00e9e dans les pommes plusieurs fois en descendant. J&rsquo; ai travers\u00e9 le hall, je me suis \u00e0 nouveau \u00e9vanouie sur le canap\u00e9 en feu. Je ne me souviens pas comment j&rsquo;ai pu ouvrir la porte et sortir\u00a0\u00bb.<br \/>\n<\/span><\/p>\n<p><span style=\"color: #777777; font-family: Arial;\">Elle est brul\u00e9e \u00e0 70\u202f%,\u00a0au visage aux mains aux jambes, aux poumons, on la plonge dans un coma artificiel pendant 20 jours, quand elle se r\u00e9veille elle a tout oubli\u00e9 et puis elle se souvient et elle cauchemarde envelopp\u00e9e de bandages, on va l&rsquo;op\u00e9rer 50 fois, micro chirurgie et greffes de peau\u2026<br \/>\n<\/span><\/p>\n<p><span style=\"color: #777777; font-family: Arial;\">La ville de Nevers lui d\u00e9cernera la m\u00e9daille de la ville pour sa bravoure.<br \/>\n<\/span><\/p>\n<p><span style=\"color: #777777; font-family: Arial;\">L&rsquo;article du \u00ab\u00a0<strong>Journal du Centre<\/strong>\u00a0\u00bb qui relate cette remise de m\u00e9daille &lt;<a href=\"https:\/\/www.lejdc.fr\/nievre\/actualite\/2014\/12\/27\/la-ville-de-nevers-medaille-l-heroine-fatima-zekkour_11274141.html?fbclid=IwAR0JZyUMGpMCD2hZ2CJcXhnn8Pyb0wmx2oK_rXRHngXyC-xRcurihzrFIXs\"><span style=\"color: #0000ff;\">cite<\/span><\/a>&gt; les propos du pr\u00e9fet\u00a0:<br \/>\n<\/span><\/p>\n<p style=\"margin-left: 28pt;\"><span style=\"color: #c00000; font-family: Arial;\">\u00ab\u00a0Jean-Pierre Condemine, pr\u00e9fet de la Ni\u00e8vre, a ajout\u00e9 sa partition \u00e0 ce concert d&rsquo;\u00e9loges. \u00ab Gri\u00e8vement br\u00fbl\u00e9e, aussit\u00f4t prise en charge par les secours, Fatima n&rsquo;abandonnera jamais le combat, ne se plaindra jamais et fera face. Elle est de la race des h\u00e9ro\u00efnes, dont le courage et le d\u00e9vouement n&rsquo;ont d&rsquo;\u00e9gal que la modestie et la simplicit\u00e9. Elle nous donne \u00e0 tous une le\u00e7on \u00e9mouvante et magistrale. \u00bb<br \/>\n<\/span><\/p>\n<p><span style=\"color: #777777; font-family: Arial;\">Alors, j&rsquo;ai souhait\u00e9 faire des recherches pour savoir si les journaux parlaient encore de Fatima Zekkour.<br \/>\n<\/span><\/p>\n<p><span style=\"color: #777777; font-family: Arial;\">Et, j&rsquo;ai trouv\u00e9 cet article du journal \u00ab <strong>Le Populaire du Centre<\/strong>\u00a0\u00bb de juillet 2021\u00a0: &lt; <a href=\"https:\/\/www.lepopulaire.fr\/nevers-58000\/loisirs\/huit-ans-apres-avoir-sacrifie-sa-peau-pour-sauver-celle-des-autres-fatima-zekkour-a-retrouve-le-gout-de-la-vie_13977398\/\"><span style=\"color: #0000ff;\">Huit ans apr\u00e8s avoir sacrifi\u00e9 sa peau pour sauver celle des autres, Fatima Zekkour a retrouv\u00e9 le go\u00fbt de la vie<\/span><\/a> &gt;<br \/>\n<\/span><\/p>\n<p><span style=\"color: #777777; font-family: Arial;\">Et dans cet article on apprend que <strong>Fatima Zekkour<\/strong> s&rsquo;est mari\u00e9e et a accouch\u00e9 d&rsquo;une fille pr\u00e9nomm\u00e9e Delya.<br \/>\n<\/span><\/p>\n<p><span style=\"color: #777777; font-family: Arial;\">Un journaliste du Populaire lui a rendu visite. Je cite quelques extraits\u00a0:<br \/>\n<\/span><\/p>\n<p style=\"margin-left: 28pt;\"><span style=\"color: #c00000; font-family: Arial;\">\u00ab\u00a0Quand on ouvre la porte de son appartement de Nevers, c&rsquo;est Romain, son mari, qui nous ouvre la porte. Dans la p\u00e9nombre de son salon, les volets ferm\u00e9s pour limiter l&rsquo;entr\u00e9e du soleil, Fatima Zekkour est assise sur son canap\u00e9, un b\u00e9b\u00e9 de quelques mois sur les genoux [\u2026]<br \/>\n<\/span><\/p>\n<p style=\"margin-left: 28pt;\"><span style=\"color: #c00000; font-family: Arial;\">\u00c0 25 ans, Fatima a accompli une partie de ses v\u0153ux. Avoir un mari, un enfant&#8230; Ce qu&rsquo;elle pensait impossible il y a quelque temps, se souvient sa maman, Christine. \u00ab Elle est heureuse, croque la vie \u00e0 pleines dents, elle est \u00e9panouie\u2026 Elle n&rsquo;est plus renferm\u00e9e sur elle-m\u00eame comme avant \u00bb.<br \/>\n<\/span><\/p>\n<p style=\"margin-left: 28pt;\"><span style=\"color: #c00000; font-family: Arial;\">[\u2026] \u00ab Quand notre enfant vit un accident comme \u00e7a, on se pose tous la question en tant que parents : \u00ab\u00a0Est-ce que notre fille aura une vie normale ?\u00a0\u00bb \u00bb<br \/>\n<\/span><\/p>\n<p style=\"margin-left: 28pt;\"><span style=\"color: #c00000; font-family: Arial;\">[\u2026] Il y a un an, Fatima portait encore des gants ; aujourd&rsquo;hui, elle n&rsquo;en met plus<br \/>\n<\/span><\/p>\n<p style=\"margin-left: 28pt;\"><span style=\"color: #c00000; font-family: Arial;\">Les yeux noirs p\u00e9tillants, les l\u00e8vres soulign\u00e9es d&rsquo;un rouge \u00e0 l\u00e8vres vif, les cheveux d\u00e9tach\u00e9s et la bonne humeur de cette petite brune de 25 ans camouflent discr\u00e8tement les cicatrices, vestiges de son accident. Certaines blessures physiques restent taboues. Sa famille \u00e9vite d&rsquo;en parler.<br \/>\n<\/span><\/p>\n<p style=\"margin-left: 28pt;\"><span style=\"color: #c00000; font-family: Arial;\">D&rsquo;autres moins visibles, restent ind\u00e9l\u00e9biles. Fatima ne veut pas retourner devant l&rsquo;immeuble, m\u00eame pour une photo. Mais petit \u00e0 petit, elle reprend confiance. Apprend \u00e0 moins avoir peur du feu. D\u00e9sormais, elle peut rallumer des bougies sans appr\u00e9hension.<br \/>\n<\/span><\/p>\n<p style=\"margin-left: 28pt;\"><span style=\"color: #c00000; font-family: Arial;\"> \u00ab \u00c0 l&rsquo;h\u00f4pital, le chirurgien lui a demand\u00e9 : \u00ab\u00a0Qu&rsquo;est-ce que tu ferais si tu voyais un accident ?\u00a0\u00bb Elle a r\u00e9pondu : \u00ab\u00a0Je ferais autrement. Mais je le ferais. Si je dois sauver des gens, je sauverais des gens\u00a0\u00bb \u00bb Avec plus de pr\u00e9cautions, en prenant moins de risques, Fatima retournerait en premi\u00e8re ligne.\u00a0\u00bb<br \/>\n<\/span><\/p>\n<p><span style=\"color: #777777; font-family: Arial;\">Je finissais le mot du jour du 17 f\u00e9vrier 2020 par ces mots\u00a0: \u00ab\u00a0La vie est plus belle quand on croise la route, m\u00eame si ce n&rsquo;est qu&rsquo;\u00e0 l&rsquo;occasion d&rsquo;un article ou d&rsquo;une \u00e9mission, d&rsquo;une femme comme <strong>Fatima Zekkour<\/strong>.\u00a0\u00bb.<br \/>\n<\/span><\/p>\n<p><span style=\"color: #777777; font-family: Arial;\">Aujourd&rsquo;hui, j&rsquo;ai \u00e9crit une sorte de \u00ab\u00a0mot de suivi\u00a0\u00bb<br \/>\n<\/span><\/p>\n<p><span style=\"color: #777777; font-family: Arial;\">Avant son cong\u00e9 parental, elle exer\u00e7ait dans un centre m\u00e9dico-social destin\u00e9 aux personnes atteintes de la maladie d&rsquo;alzheimer.<br \/>\n<\/span><\/p>\n<p><span style=\"color: maroon; font-family: Arial;\"> &lt;1652&gt;<span style=\"color: #777777;\"><br \/>\n<\/span><\/span><\/p>\n","protected":false},"excerpt":{"rendered":"<p>\u00ab Elle est de la race des h\u00e9ro\u00efnes. \u00bb Le pr\u00e9fet parlant de Fatima Zekkour Je reviens souvent vers des mots du jour \u00e9crits les ann\u00e9es pass\u00e9es que je relis.. Il y a 2 ans, &lt;Le 17 f\u00e9vrier 2020&gt; j&rsquo;\u00e9voquais<\/p>\n","protected":false},"author":1,"featured_media":0,"comment_status":"open","ping_status":"closed","sticky":false,"template":"","format":"standard","meta":{"footnotes":""},"categories":[1],"tags":[15,54,14],"class_list":["post-13159","post","type-post","status-publish","format-standard","hentry","category-motdujour","tag-france","tag-humanisme","tag-recit"],"_links":{"self":[{"href":"https:\/\/lemotdujour.fr\/index.php?rest_route=\/wp\/v2\/posts\/13159","targetHints":{"allow":["GET"]}}],"collection":[{"href":"https:\/\/lemotdujour.fr\/index.php?rest_route=\/wp\/v2\/posts"}],"about":[{"href":"https:\/\/lemotdujour.fr\/index.php?rest_route=\/wp\/v2\/types\/post"}],"author":[{"embeddable":true,"href":"https:\/\/lemotdujour.fr\/index.php?rest_route=\/wp\/v2\/users\/1"}],"replies":[{"embeddable":true,"href":"https:\/\/lemotdujour.fr\/index.php?rest_route=%2Fwp%2Fv2%2Fcomments&post=13159"}],"version-history":[{"count":3,"href":"https:\/\/lemotdujour.fr\/index.php?rest_route=\/wp\/v2\/posts\/13159\/revisions"}],"predecessor-version":[{"id":13163,"href":"https:\/\/lemotdujour.fr\/index.php?rest_route=\/wp\/v2\/posts\/13159\/revisions\/13163"}],"wp:attachment":[{"href":"https:\/\/lemotdujour.fr\/index.php?rest_route=%2Fwp%2Fv2%2Fmedia&parent=13159"}],"wp:term":[{"taxonomy":"category","embeddable":true,"href":"https:\/\/lemotdujour.fr\/index.php?rest_route=%2Fwp%2Fv2%2Fcategories&post=13159"},{"taxonomy":"post_tag","embeddable":true,"href":"https:\/\/lemotdujour.fr\/index.php?rest_route=%2Fwp%2Fv2%2Ftags&post=13159"}],"curies":[{"name":"wp","href":"https:\/\/api.w.org\/{rel}","templated":true}]}}