{"id":13155,"date":"2022-02-16T00:45:02","date_gmt":"2022-02-15T23:45:02","guid":{"rendered":"https:\/\/lemotdujour.fr\/?p=13155"},"modified":"2022-02-16T00:47:31","modified_gmt":"2022-02-15T23:47:31","slug":"mercredi-16-fevrier-2022","status":"publish","type":"post","link":"https:\/\/lemotdujour.fr\/?p=13155","title":{"rendered":"Mercredi 16 f\u00e9vrier 2022"},"content":{"rendered":"<div class=\"mdjTexte\">\u00ab Il n&rsquo;y a qu&rsquo;\u00e0 l&rsquo;\u00e9tranger que je suis fran\u00e7ais. \u00bb<\/div>\n<div class=\"mdjAuteur\">Amar Mekrous, fran\u00e7ais de confession musulmane qui a quitt\u00e9 son pays<\/div>\n<p><span style=\"color: #777777; font-family: Arial;\">C&rsquo;est La revue de Presse de <strong>Claude Askolovitch<\/strong> &lt;<a href=\"https:\/\/www.franceinter.fr\/emissions\/la-revue-de-presse\/la-revue-de-presse-du-lundi-14-fevrier-2022\"><span style=\"color: #0000ff;\">d<\/span><\/a><\/span><span style=\"font-family: Arial; color: #0000ff;\"><a style=\"color: #0000ff;\" href=\"https:\/\/www.franceinter.fr\/emissions\/la-revue-de-presse\/la-revue-de-presse-du-lundi-14-fevrier-2022\">u 14 f\u00e9vrier 2022<\/a><\/span><span style=\"font-family: Arial;\">&gt;<\/span><span style=\"color: #777777; font-family: Arial;\"> qui m&rsquo;a fait d\u00e9couvrir l&rsquo;article du <strong>New York Times<\/strong> traduit en fran\u00e7ais sur son site et accessible gratuitement\u00a0: &lt; <a href=\"https:\/\/www.nytimes.com\/fr\/2022\/02\/13\/world\/europe\/musulmans-france-exil-discrimination.html\"><span style=\"color: #0000ff;\">Le d\u00e9part en sourdine des musulmans de France<\/span><\/a>&gt;<br \/>\n<\/span><\/p>\n<p><span style=\"color: #777777; font-family: Arial;\">Claude Askolovitch rappelle\u00a0:<br \/>\n<\/span><\/p>\n<p style=\"margin-left: 28pt;\"><span style=\"color: #c00000; font-family: Arial;\">\u00ab\u00a0Qui lit le New York Times le sait, ce journal am\u00e9ricain juge souvent la France dont la la\u00efcit\u00e9 jacobine ne lui correspond pas&#8230;\u00a0\u00bb<br \/>\n<\/span><\/p>\n<p><span style=\"color: #777777; font-family: Arial;\">Je serais plus direct : le New York Times n&rsquo;aime pas la France r\u00e9publicaine et la\u00efque. <\/span><span style=\"color: #777777; font-family: Arial;\">Il a os\u00e9 donner pour titre \u00e0 l&rsquo;article qui relatait la d\u00e9capitation de <strong>Samuel Paty<\/strong> par un tch\u00e9tch\u00e8ne se r\u00e9clamant de l&rsquo;Islam\u00a0:<br \/>\n<\/span><\/p>\n<p style=\"margin-left: 28pt;\"><span style=\"color: #c00000; font-family: Arial;\">\u00ab\u00a0La police fran\u00e7aise tire et tue un homme apr\u00e8s une attaque mortelle au couteau dans la rue<strong>\u00a0\u00bb<\/strong><\/span><\/p>\n<p><span style=\"color: #777777; font-family: Arial;\">J&rsquo;avais relat\u00e9 ce fait dans le mot du jour du &lt;<a href=\"https:\/\/lemotdujour.fr\/?p=9937\"><span style=\"color: #0000ff;\">28 octobre 2020<\/span><\/a>&gt;<br \/>\n<\/span><\/p>\n<p><span style=\"color: #777777; font-family: Arial;\">Mais il faut savoir sortir de sa zone de confort et aussi lire et \u00e9couter ses adversaires.<br \/>\n<\/span><\/p>\n<p><span style=\"color: #777777; font-family: Arial;\">D&rsquo;autant que cette fois, le New York Times ne se contente pas d&rsquo;ass\u00e9ner ses certitudes mais r\u00e9v\u00e8le, pour l&rsquo;essentiel, le r\u00e9sultat d&rsquo;une enqu\u00eate men\u00e9e par deux de ses journalistes\u00a0: <strong>Norimitsu Onishi <\/strong>et <strong>Aida Alami<br \/>\n<\/strong><\/span><\/p>\n<p><span style=\"color: #777777; font-family: Arial;\">C&rsquo;est une enqu\u00eate qui parle d&rsquo;exil. <\/span><span style=\"color: #777777; font-family: Arial;\">Les journalistes \u00e9voquent\u00a0: \u00ab\u00a0<span style=\"color: #c00000;\">La France et son \u00e2me meurtrie<span style=\"color: #777777;\">\u00a0\u00bb.<br \/>\n<\/span><\/span><\/span><\/p>\n<p><span style=\"color: #777777; font-family: Arial;\">Il utilisent cette expression pour parler d&rsquo;un premier exil\u00e9 qui est un \u00e9crivain fran\u00e7ais, n\u00e9 \u00e0 Saint-\u00c9tienne en 1983, dans une famille d&rsquo;origine alg\u00e9rienne : <a href=\"https:\/\/fr.wikipedia.org\/wiki\/Sabri_Louatah\"><span style=\"color: #0000ff;\">Sabri Louatah<\/span><\/a>\u00a0:<br \/>\n<\/span><\/p>\n<p style=\"margin-left: 28pt;\"><span style=\"color: #c00000; font-family: Arial;\">\u00ab\u00a0La France et son \u00e2me meurtrie sont le personnage invisible de chacun des romans de <strong>Sabri Louatah<\/strong> [\u2026] Il \u00e9voque son \u00ab\u00a0amour sensuel, charnel, visc\u00e9ral\u00a0\u00bb pour la langue fran\u00e7aise et son fort attachement \u00e0 sa ville d&rsquo;origine, Saint-\u00c9tienne, baignant dans la lumi\u00e8re caract\u00e9ristique de la r\u00e9gion. Il suit de pr\u00e8s la campagne des prochaines \u00e9lections pr\u00e9sidentielles.<br \/>\n<\/span><\/p>\n<p style=\"margin-left: 28pt;\"><span style=\"color: #c00000; font-family: Arial;\">Mais M. Louatah fait tout cela depuis Philadelphie, devenue sa ville d&rsquo;adoption depuis les attentats de 2015 en France par des extr\u00e9mistes islamistes qui ont fait 130 victimes et profond\u00e9ment traumatis\u00e9 le pays. Avec le raidissement de l&rsquo;opinion qui a suivi \u00e0 l&rsquo;\u00e9gard de tous les Fran\u00e7ais musulmans, il ne se sentait plus en s\u00e9curit\u00e9 dans son propre pays. Un jour, on lui a crach\u00e9 dessus et on l&rsquo;a trait\u00e9 de \u00ab\u00a0sale Arabe\u00a0\u00bb.\u00a0\u00bb<br \/>\n<\/span><\/p>\n<p><span style=\"color: #777777; font-family: Arial;\">Et il d\u00e9clare \u00e0 ces journalistes\u00a0:<br \/>\n<\/span><\/p>\n<p style=\"margin-left: 28pt;\"><span style=\"color: #c00000; font-family: Arial;\">\u00ab\u00a0C&rsquo;est vraiment les attentats de 2015 qui m&rsquo;ont fait partir \u2014 j&rsquo;ai compris qu&rsquo;on n&rsquo;allait pas nous pardonner.\u00a0\u00bb<br \/>\n<\/span><\/p>\n<p><span style=\"color: #777777; font-family: Arial;\">Et le New York Times de r\u00e9v\u00e9ler que cela fait des ann\u00e9es que la France perd des professionnels hautement qualifi\u00e9s partis chercher plus de dynamisme et d&rsquo;opportunit\u00e9s ailleurs. Parmi eux, d&rsquo;apr\u00e8s des chercheurs universitaires, on trouve un nombre croissant de Fran\u00e7ais musulmans qui affirment que la discrimination a \u00e9t\u00e9 un puissant facteur de leur d\u00e9part et qu&rsquo;ils se sont sentis contraints de quitter la France en raison d&rsquo;un plafond de verre de pr\u00e9jug\u00e9s, d&rsquo;un questionnement persistant au sujet de leur s\u00e9curit\u00e9 et d&rsquo;un sentiment de non-appartenance.<br \/>\n<\/span><\/p>\n<p><span style=\"color: #777777; font-family: Arial;\">Nous devons convenir avec le journal am\u00e9ricain que ni les politiciens ni les m\u00e9dias n&rsquo;\u00e9voquent ce flux d&rsquo;\u00e9migration.<br \/>\n<\/span><\/p>\n<p><span style=\"color: #777777; font-family: Arial;\">Ils citent <strong>Olivier Esteves,<\/strong> professeur au Centre d&rsquo;\u00c9tudes et de Recherches Administratives, Politiques et Sociales de l&rsquo;Universit\u00e9 de Lille qui a men\u00e9 une enqu\u00eate aupr\u00e8s de 900 Fran\u00e7ais musulmans \u00e9migr\u00e9s, dont des entretiens approfondis avec 130 d&rsquo;entre eux\u00a0:<br \/>\n<\/span><\/p>\n<p style=\"margin-left: 28pt;\"><span style=\"color: #c00000; font-family: Arial;\">\u00ab\u00a0La France se tire une grosse balle dans le pied.\u00a0\u00bb<br \/>\n<\/span><\/p>\n<p><span style=\"color: #777777; font-family: Arial;\">Le New York Times reprend alors des \u00e9l\u00e9ments de ce qui se passe dans notre campagne pr\u00e9sidentielle actuelle qui est, selon moi, d&rsquo;une indigence absolue :<br \/>\n<\/span><\/p>\n<p style=\"margin-left: 28pt;\"><span style=\"color: #c00000; font-family: Arial;\">\u00ab\u00a0[Les musulmans] sont associ\u00e9s \u00e0 la criminalit\u00e9 ou \u00e0 d&rsquo;autres fl\u00e9aux sociaux par le biais d&rsquo;expressions-choc telles que \u00ab\u00a0les zones de non-France\u00a0\u00bb, d\u00e9crites par Val\u00e9rie P\u00e9cresse, la candidate de centre-droit actuellement au coude-\u00e0-coude avec la cheffe de file d&rsquo;extr\u00eame droite Marine Le Pen pour la deuxi\u00e8me place derri\u00e8re M. Macron. Ils sont point\u00e9s du doigt par le commentateur de t\u00e9l\u00e9vision et candidat d&rsquo;extr\u00eame-droite \u00c9ric Zemmour, qui a d\u00e9clar\u00e9 que les employeurs avaient le droit de refuser des Noirs et des Arabes.\u00a0\u00bb<br \/>\n<\/span><\/p>\n<p><span style=\"color: #777777; font-family: Arial;\">Ces exil\u00e9s vont s&rsquo;installer aux Royaume-Uni et aux \u00c9tats-Unis, pays pour lesquels Les journalistes am\u00e9ricains reconnaissent \u00ab\u00a0[<span style=\"color: #c00000;\">qu&rsquo;ils] sont loin d&rsquo;\u00eatre des paradis libres de discriminations \u00e0 l&rsquo;encontre des musulmans ou d&rsquo;autres groupes minoritaires<span style=\"color: #777777;\">\u00a0\u00bb mais dans lesquels ces fran\u00e7ais de religion musulmane affirment trouver davantage d&rsquo;opportunit\u00e9s et d&rsquo;acceptation.<br \/>\n<\/span><\/span><\/span><\/p>\n<p><span style=\"color: #777777; font-family: Arial;\">Et il cite un autre de ces exil\u00e9s <strong>Amar Mekrous, <\/strong>46 ans qui s&rsquo;est install\u00e9 \u00e0 Leicester en Angleterre\u00a0:<br \/>\n<\/span><\/p>\n<p style=\"margin-left: 28pt;\"><span style=\"color: #c00000; font-family: Arial;\"><strong>\u00ab\u00a0<\/strong>Il n&rsquo;y a qu&rsquo;\u00e0 l&rsquo;\u00e9tranger que je suis fran\u00e7ais. [\u2026] Je suis fran\u00e7ais, je suis mari\u00e9 \u00e0 une Fran\u00e7aise, je parle fran\u00e7ais et je vis fran\u00e7ais. J&rsquo;aime la bouffe, la culture fran\u00e7aises. Mais dans mon pays, je ne suis pas fran\u00e7ais. \u00bb.<br \/>\n<\/span><\/p>\n<p><span style=\"color: #777777; font-family: Arial;\">On apprend que ces chercheurs lillois se sont associ\u00e9s \u00e0 des chercheurs de trois autres universit\u00e9s (Li\u00e8ge et la KU Leuven en Belgique, et celle d&rsquo;Amsterdam aux Pays-Bas) pour une \u00e9tude de l&rsquo;\u00e9migration de musulmans depuis la France, mais aussi depuis la Belgique et les Pays-Bas.<br \/>\n<\/span><\/p>\n<p><span style=\"color: #777777; font-family: Arial;\">Un de ces chercheurs, <strong>J\u00e9r\u00e9my Mandin<\/strong>, qui a particip\u00e9 \u00e0 cette \u00e9tude explique que\u00a0:<br \/>\n<\/span><\/p>\n<p style=\"margin-left: 28pt;\"><span style=\"color: #c00000; font-family: Arial;\"> \u00ab\u00a0Nombre de jeunes Fran\u00e7ais musulmans \u00e9taient d\u00e9senchant\u00e9s par le fait \u00ab\u00a0d&rsquo;avoir jou\u00e9 selon les r\u00e8gles, d&rsquo;avoir fait tout ce qu&rsquo;on ce qu&rsquo;on leur avait dit et, au final, de ne pas acc\u00e9der \u00e0 une vie d\u00e9sirable.\u00a0\u00bb<br \/>\n<\/span><\/p>\n<p><span style=\"color: #777777; font-family: Arial;\">Parce qu&rsquo;il y a une discrimination \u00e0 l&#8217;embauche et aussi un ras le bol de tracasseries dans le quotidien\u00a0:<br \/>\n<\/span><\/p>\n<p style=\"margin-left: 28pt;\"><span style=\"color: #c00000; font-family: Arial;\">\u00ab\u00a0Malgr\u00e9 ses dipl\u00f4mes de droit europ\u00e9en et de gestion de projet, Myriam Grubo, 31 ans, dit qu&rsquo;elle n&rsquo;a jamais r\u00e9ussi \u00e0 trouver d&#8217;emploi en France. Apr\u00e8s une demi-douzaine d&rsquo;ann\u00e9es \u00e0 l&rsquo;\u00e9tranger \u2014 Gen\u00e8ve d&rsquo;abord, \u00e0 l&rsquo;Organisation Mondiale de la Sant\u00e9, puis au S\u00e9n\u00e9gal \u00e0 l&rsquo;Institut Pasteur de Dakar \u2014 elle est revenue \u00e0 Paris chez ses parents. Elle cherche un emploi \u2014 \u00e0 l&rsquo;\u00e9tranger. \u00ab\u00a0Me sentir \u00e9trang\u00e8re dans mon pays me pose un probl\u00e8me\u00a0\u00bb dit-elle, ajoutant qu&rsquo;elle a envie qu&rsquo;on la \u00ab\u00a0laisse tranquille\u00a0\u00bb pour pratiquer sa foi.\u00a0\u00bb<br \/>\n<\/span><\/p>\n<p><span style=\"color: #777777; font-family: Arial;\">Le New York Times cite encore quelques autres exemples dont Rama Yade qui fut dans le gouvernement, sous la pr\u00e9sidence Sarkozy, et qui a \u00e9galement quitt\u00e9 la France.<br \/>\n<\/span><\/p>\n<p><span style=\"color: #777777; font-family: Arial;\">Aucun des exemples cit\u00e9s par le New York Times ne correspond au profil de cette petite minorit\u00e9 de marchands de haine ou encore de marchands de poup\u00e9e sans visage ou de croyants archa\u00efques qui pr\u00f4nent des valeurs en contradiction absolue avec nos valeurs r\u00e9publicaines.<br \/>\n<\/span><\/p>\n<p><span style=\"color: #777777; font-family: Arial;\">Mais pour diverses raisons, les autorit\u00e9s \u00e9tatiques et municipales n&rsquo;ont pas agi de mani\u00e8re s\u00e9rieuse et rigoureuse pour lutter contre ces d\u00e9rives minoritaires.<br \/>\n<\/span><\/p>\n<p><span style=\"color: #777777; font-family: Arial;\">Et nous arrivons d\u00e9sormais \u00e0 une situation dans laquelle les identitaires parviennent \u00e0 mobiliser de plus en plus largement dans les deux camps\u00a0: celui des anti-musulmans et celui en face de fran\u00e7ais de confession musulmane qui sont \u00e9galement entrain\u00e9s dans un repli sur soi allant jusqu&rsquo;\u00e0 des comportements sectaires.<br \/>\n<\/span><\/p>\n<p><span style=\"color: #777777; font-family: Arial;\">Tout cela au d\u00e9triment de la plus grande partie des fran\u00e7ais de confession musulmane qui sont pratiquants ou non mais qui se sentent rejet\u00e9s, discrimin\u00e9s et comme le dit Amar Mekrous sentent qu&rsquo;on nie leur appartenance \u00e0 la nation fran\u00e7aise.<br \/>\n<\/span><\/p>\n<p><span style=\"color: #777777; font-family: Arial;\">Claude Askolovitch termine sa citation de l&rsquo;article du New York Times par cette question\u00a0:<br \/>\n<\/span><\/p>\n<p style=\"margin-left: 28pt;\"><span style=\"color: #c00000; font-family: Arial;\">Est-ce rattrapable ?<br \/>\n<\/span><\/p>\n<p><span style=\"color: #777777; font-family: Arial;\">Nous devons nous rappeler que l&rsquo;Histoire de France a connu un autre grand exode pour des raisons religieuses dans le pass\u00e9. C&rsquo;\u00e9tait apr\u00e8s la r\u00e9vocation de l&rsquo;Edit de Nantes par Louis XIV. Les fran\u00e7ais de foi protestante se sont enfuis de France pour rejoindre les \u00e9lites des Pays-Bas, de la Suisse et de l&rsquo;Allemagne notamment \u00e0 Berlin. Ils ont alors enrichis par leur pr\u00e9sence, leur dynamisme et leur travail ces pays et la France, en retour, a perdu cette richesse intellectuelle et \u00e9conomique.<br \/>\n<\/span><\/p>\n<p><span style=\"color: #777777; font-family: Arial;\">Nous ne sommes pas exactement dans le m\u00eame cas, car \u00e0 l&rsquo;\u00e9poque de Louis XIV les pers\u00e9cutions \u00e9taient plus explicites et \u00e9manaient directement de l\u2019\u00c9tat central.<br \/>\n<\/span><\/p>\n<p><span style=\"color: #777777; font-family: Arial;\">Aujourd&rsquo;hui les discriminations ne sont pas de m\u00eame niveau et n&rsquo;\u00e9manent pas pour l&rsquo;essentiel de l\u2019\u00c9tat.<br \/>\n<\/span><\/p>\n<p><span style=\"color: #777777; font-family: Arial;\">Mais des femmes et des hommes, comme les pr\u00e9sentent le New York Times, qui ont le courage et la d\u00e9termination de quitter le pays o\u00f9 ils sont n\u00e9s pour aller vivre et r\u00e9ussir leur vie ailleurs sont forc\u00e9ment des personnes de grande qualit\u00e9 et appartiennent \u00e0 une \u00e9lite r\u00e9elle. <\/span><span style=\"color: #777777; font-family: Arial;\">S&rsquo;en priver est, comme l&rsquo;\u00e9crit Olivier Esteves, se tirer une balle dans le pied.<br \/>\n<\/span><\/p>\n<p><span style=\"color: maroon; font-family: Arial;\">&lt;1651&gt;<\/span><\/p>\n","protected":false},"excerpt":{"rendered":"<p>\u00ab Il n&rsquo;y a qu&rsquo;\u00e0 l&rsquo;\u00e9tranger que je suis fran\u00e7ais. \u00bb Amar Mekrous, fran\u00e7ais de confession musulmane qui a quitt\u00e9 son pays C&rsquo;est La revue de Presse de Claude Askolovitch &lt;du 14 f\u00e9vrier 2022&gt; qui m&rsquo;a fait d\u00e9couvrir l&rsquo;article du<\/p>\n","protected":false},"author":1,"featured_media":0,"comment_status":"open","ping_status":"closed","sticky":false,"template":"","format":"standard","meta":{"footnotes":""},"categories":[1],"tags":[15,86,7],"class_list":["post-13155","post","type-post","status-publish","format-standard","hentry","category-motdujour","tag-france","tag-islam","tag-societe"],"_links":{"self":[{"href":"https:\/\/lemotdujour.fr\/index.php?rest_route=\/wp\/v2\/posts\/13155","targetHints":{"allow":["GET"]}}],"collection":[{"href":"https:\/\/lemotdujour.fr\/index.php?rest_route=\/wp\/v2\/posts"}],"about":[{"href":"https:\/\/lemotdujour.fr\/index.php?rest_route=\/wp\/v2\/types\/post"}],"author":[{"embeddable":true,"href":"https:\/\/lemotdujour.fr\/index.php?rest_route=\/wp\/v2\/users\/1"}],"replies":[{"embeddable":true,"href":"https:\/\/lemotdujour.fr\/index.php?rest_route=%2Fwp%2Fv2%2Fcomments&post=13155"}],"version-history":[{"count":3,"href":"https:\/\/lemotdujour.fr\/index.php?rest_route=\/wp\/v2\/posts\/13155\/revisions"}],"predecessor-version":[{"id":13158,"href":"https:\/\/lemotdujour.fr\/index.php?rest_route=\/wp\/v2\/posts\/13155\/revisions\/13158"}],"wp:attachment":[{"href":"https:\/\/lemotdujour.fr\/index.php?rest_route=%2Fwp%2Fv2%2Fmedia&parent=13155"}],"wp:term":[{"taxonomy":"category","embeddable":true,"href":"https:\/\/lemotdujour.fr\/index.php?rest_route=%2Fwp%2Fv2%2Fcategories&post=13155"},{"taxonomy":"post_tag","embeddable":true,"href":"https:\/\/lemotdujour.fr\/index.php?rest_route=%2Fwp%2Fv2%2Ftags&post=13155"}],"curies":[{"name":"wp","href":"https:\/\/api.w.org\/{rel}","templated":true}]}}