{"id":13144,"date":"2022-02-15T00:04:00","date_gmt":"2022-02-14T23:04:00","guid":{"rendered":"https:\/\/lemotdujour.fr\/?p=13144"},"modified":"2022-02-15T00:24:11","modified_gmt":"2022-02-14T23:24:11","slug":"mardi-15-fevrier-2022","status":"publish","type":"post","link":"https:\/\/lemotdujour.fr\/?p=13144","title":{"rendered":"Mardi 15 f\u00e9vrier 2022"},"content":{"rendered":"<div class=\"mdjTexte\">\u00ab\u00a0Andrew Wakefield\u00a0\u00bb<\/div>\n<div class=\"mdjAuteur\">Ancien m\u00e9decin, falsificateur anti-vaccin<\/div>\n<p><span style=\"color: #777777; font-family: Arial;\">Nous sortons lentement, je l&rsquo;esp\u00e8re au moins, de cette incroyable p\u00e9riode de la COVID19 qui a d\u00e9but\u00e9 pour nous au d\u00e9but de l&rsquo;ann\u00e9e 2020.<br \/>\n<\/span><\/p>\n<p><span style=\"color: #777777; font-family: Arial;\">Beaucoup de clivages sont apparus. Des familles m\u00eames se sont d\u00e9chir\u00e9es.<br \/>\n<\/span><\/p>\n<p><span style=\"color: #777777; font-family: Arial;\">Le vaccin et la vaccination ont, il me semble, constitu\u00e9 le paroxysme de ces oppositions.<br \/>\n<\/span><\/p>\n<p><span style=\"color: #777777; font-family: Arial;\">Il faut admettre que ce sont des vaccins un peu \u00e9tonnants.<br \/>\n<\/span><\/p>\n<p><span style=\"color: #777777; font-family: Arial;\">Le professeur de pharmacologie <strong>Bernard B\u00e9gaud<\/strong>, &lt;<span style=\"color: #0000ff;\"><a style=\"color: #0000ff;\" href=\"https:\/\/www.liberation.fr\/checknews\/les-vaccins-anti-covid-qualifies-de-medicaments-par-jean-francois-delfraissy-sont-ils-si-particuliers-20220128_4SCTYN4QXBCMFHDJLIYPBUWMMA\/\">cit\u00e9 par LIBE<\/a><\/span>&gt; explique qu&rsquo;ils pr\u00e9sentent \u00ab<span style=\"color: #c00000;\">une particularit\u00e9 que l&rsquo;on n&rsquo;a pas assez soulign\u00e9e<\/span>\u00bb, celle de \u00ab<span style=\"color: #c00000;\">ne pas emp\u00eacher les contaminations<\/span>\u00bb, \u00ab<span style=\"color: #c00000;\">m\u00eame si les vaccin\u00e9s y sont moins sensibles<\/span>\u00bb.<br \/>\n<\/span><\/p>\n<p><span style=\"color: #777777; font-family: Arial;\">Depuis le d\u00e9but de leur mise sur le march\u00e9, les autorit\u00e9s sanitaires qui pr\u00e9conisaient la vaccination justifiaient leur position par le b\u00e9n\u00e9fice d&rsquo;\u00e9viter les cas graves de la maladie pour la plus grande part des vaccin\u00e9s.<br \/>\n<\/span><\/p>\n<p><span style=\"color: #777777; font-family: Arial;\">A la faiblesse du vaccin contre la transmission du virus, une autre limite est rapidement apparue celle de la limite dans le temps de l&rsquo;effet b\u00e9n\u00e9fique des vaccins.<br \/>\n<\/span><\/p>\n<p><span style=\"color: #777777; font-family: Arial;\">Cette seconde faiblesse a conduit \u00e0 la multiplication des doses.<br \/>\n<\/span><\/p>\n<p><span style=\"color: #777777; font-family: Arial;\">La multiplication des doses qui a conduit \u00e0 augmenter encore les b\u00e9n\u00e9fices des laboratoires qui ont produit ces vaccins.<br \/>\n<\/span><\/p>\n<p><span style=\"color: #777777; font-family: Arial;\">Le propos de ce mot du jour n&rsquo;est pas de d\u00e9velopper les diff\u00e9rentes controverses sur les vaccins contre la COVID.<br \/>\n<\/span><\/p>\n<p><span style=\"color: #777777; font-family: Arial;\">J&rsquo;ai simplement voulu faire cette introduction pour signaler qu&rsquo;il y a des questions l\u00e9gitimes qui se posent et que le d\u00e9bat n&rsquo;est ni binaire, ni simple.<br \/>\n<\/span><\/p>\n<p><span style=\"color: #777777; font-family: Arial;\">Mais si du c\u00f4t\u00e9 des Pro Vax il y a des laboratoires que certains nomment \u00ab\u00a0big pharma\u00a0\u00bb qui constituent des entreprises tr\u00e8s lucratives, il existe aussi du c\u00f4t\u00e9 de certains qui ont des positions tr\u00e8s anti-vax des entreprises tr\u00e8s lucratives.<br \/>\n<\/span><\/p>\n<p><span style=\"color: #777777; font-family: Arial;\">J&rsquo;ai regard\u00e9 avec beaucoup d&rsquo;\u00e9tonnement et de surprise le documentaire d&rsquo;ARTE &lt; &lt;<a href=\"https:\/\/www.arte.tv\/fr\/videos\/103025-000-A\/antivax-les-marchands-de-doute\/\"><span style=\"color: #0000ff;\">Antivax &#8211; Les marchands de doute<\/span><\/a>&gt; qui parle essentiellement d&rsquo;un m\u00e9decin anglais d\u00e9chu\u00a0: <strong>Andrew Wakefield.<\/strong>.<br \/>\n<\/span><\/p>\n<p><span style=\"color: #777777; font-family: Arial;\">Cet homme dont les fraudes ont \u00e9t\u00e9 prouv\u00e9es et d\u00e9nonc\u00e9es en Grande Bretagne a poursuivi, pour le plus grand b\u00e9n\u00e9fice de son patrimoine et ses revenus, ses agissements troubles aux \u00c9tats-Unis.<br \/>\n<\/span><\/p>\n<p><span style=\"color: #777777; font-family: Arial;\">Ce que j&rsquo;ai appris dans le documentaire d&rsquo;ARTE est aussi d\u00e9velopp\u00e9 dans <span style=\"color: #0000ff;\"><a style=\"color: #0000ff;\" href=\"https:\/\/fr.wikipedia.org\/wiki\/Andrew_Wakefield\">Wikipedia<\/a> <\/span>que je reprends largement pour simplifier l&rsquo;\u00e9criture de ce mot du jour.<br \/>\n<\/span><\/p>\n<p><span style=\"color: #777777; font-family: Arial;\">Andrew Jeremy Wakefield (n\u00e9 en 1956 \u00e0 Eton) \u00e9tait chirurgien britannique et chercheur en m\u00e9decine.<br \/>\n<\/span><\/p>\n<p><span style=\"color: #777777; font-family: Arial;\">Il a publi\u00e9 une \u00e9tude, en 1998, dans \u00ab\u00a0<strong>The Lancet<\/strong> \u00a0\u00bb qui pr\u00e9tendait \u00e9tablir une relation de cause \u00e0 effet entre le vaccin contre la rougeole, la rub\u00e9ole et les oreillons et ce qu&rsquo;il a appel\u00e9 \u00ab l&rsquo;ent\u00e9rocolite autistique \u00bb terme de son invention.<br \/>\n<\/span><\/p>\n<p><span style=\"color: #777777; font-family: Arial;\">En terme plus simple, il pr\u00e9tendait que le vaccin ROR pr\u00e9sentait de forts risques de rendre autistes les enfants vaccin\u00e9s.<br \/>\n<\/span><\/p>\n<p><span style=\"color: #777777; font-family: Arial;\">Des scientifiques ont repris les \u00e9tudes de Wakefield et r\u00e9alis\u00e9 des \u00e9tudes compl\u00e9mentaires qui ont d\u00e9montr\u00e9 la fraude scientifique de Wakefield en 2010.<br \/>\n<\/span><\/p>\n<p><span style=\"color: #777777; font-family: Arial;\">Le 28 janvier 2010, un tribunal de 5 membres du <strong>British General Medical (<\/strong>GMC) prouve la v\u00e9racit\u00e9 de plus d&rsquo;une trentaine des inculpations contre Wakefield, parmi lesquelles quatre inculpations pour \u00ab malhonn\u00eatet\u00e9 \u00bb, et douze pour abus contre enfants victimes de troubles du d\u00e9veloppement. Le tribunal a jug\u00e9 que Wakefield a \u00ab failli \u00e0 son devoir de consultant responsable \u00bb, a agi contre l&rsquo;int\u00e9r\u00eat de ses patients, \u00ab malhonn\u00eatement et de mani\u00e8re non responsable \u00bb lors de son \u00e9tude. The Lancet r\u00e9tracte imm\u00e9diatement et compl\u00e8tement la publication de l&rsquo;\u00e9tude de 1998 de Wakefield sur la base des r\u00e9sultats de l&rsquo;enqu\u00eate du GMC, notant que des \u00e9l\u00e9ments du manuscrit ont \u00e9t\u00e9 falsifi\u00e9s.<\/span><\/p>\n<p><span style=\"color: #777777; font-family: Arial;\">Wakefield est radi\u00e9 du registre m\u00e9dical (c&rsquo;est-\u00e0-dire renvoy\u00e9 de l&rsquo;Ordre des m\u00e9decins) en mai 2010 et n&rsquo;est plus autoris\u00e9 \u00e0 exercer la m\u00e9decine au Royaume-Uni.<br \/>\n<\/span><\/p>\n<p><span style=\"color: #777777; font-family: Arial;\">De nombreuses recherches \u00e9pid\u00e9miologiques ont depuis d\u00e9montr\u00e9 une absence de lien entre les vaccins et l&rsquo;autisme, ce qui fait l&rsquo;objet d&rsquo;un consensus g\u00e9n\u00e9ral dans la communaut\u00e9 scientifique.<br \/>\n<\/span><\/p>\n<p><span style=\"color: #777777; font-family: Arial;\">L&rsquo;enqu\u00eate d&rsquo;un reporter du Sunday Times (journal britannique), <strong>Brian Deer<\/strong>, identifie des conflits d&rsquo;int\u00e9r\u00eats d&rsquo;ordre financier non divulgu\u00e9s par Wakefield. La plupart de ses coauteurs r\u00e9tractent alors leur soutien \u00e0 Wakefield et aux conclusions de son \u00e9tude.<br \/>\n<\/span><\/p>\n<p><span style=\"color: #777777; font-family: Arial;\">Deer affirme que Wakefield pr\u00e9voyait de lancer une entreprise s&rsquo;appuyant sur une campagne de propagande anti-vaccins. Un prospectus pour les investisseurs potentiels dans l&rsquo;entreprise de Wakefield sugg\u00e9rait qu&rsquo;un test de d\u00e9pistage pour la maladie que Wakefield voulait appeler \u00ab ent\u00e9rocolite autistique \u00bb pouvait produire jusqu&rsquo;\u00e0 28 millions de Livres Sterling de revenus (plus de 32 millions d&rsquo;euros), avec des tests de d\u00e9pistages effectu\u00e9s dans le cas de litiges entre patients et m\u00e9decins comme march\u00e9 initial, aux \u00c9tats-Unis et en Grande-Bretagne.<br \/>\n<\/span><\/p>\n<p><span style=\"color: #777777; font-family: Arial;\">Malgr\u00e9 le consensus scientifique, l&rsquo;\u00e9tude de Wakefield a \u00e9t\u00e9 la premi\u00e8re \u00e0 engendrer une controverse sur le r\u00f4le de la vaccination dans l&rsquo;autisme dans l&rsquo;opinion publique, qui est encore pr\u00e9sente aujourd&rsquo;hui.<br \/>\n<\/span><\/p>\n<p><span style=\"color: #777777; font-family: Arial;\">Le documentaire d&rsquo;ARTE relate des cas o\u00f9 des enfants non vaccin\u00e9s en raison de cette campagne ont \u00e9t\u00e9 tr\u00e8s touch\u00e9s par ces maladies et certains en sont m\u00eame d\u00e9c\u00e9d\u00e9s.<br \/>\n<\/span><\/p>\n<p><span style=\"color: #777777; font-family: Arial;\">En 2015, Wakefield s&rsquo;exile aux \u00c9tats-Unis, o\u00f9 il continue ses pseudos- recherches et ses interventions sur le sujet des vaccins. Tr\u00e8s proche des milieux ultra-conservateurs am\u00e9ricains, il participe en 2017 au bal inaugural du pr\u00e9sident Donald Trump.<br \/>\n<\/span><\/p>\n<p><span style=\"color: #777777; font-family: Arial;\">En continuant \u00e0 ass\u00e9ner ces contre-v\u00e9rit\u00e9s il a su capter toute une communaut\u00e9 de personnes convaincues de ses affirmations pour le plus grand bien de ses finances.<br \/>\n<\/span><\/p>\n<p><span style=\"color: #777777; font-family: Arial;\">Il est devenu tr\u00e8s riche, son combat contre les vaccins est devenu pour lui un business mod\u00e8le.<br \/>\n<\/span><\/p>\n<p><span style=\"color: #777777; font-family: Arial;\">&lt;<a href=\"https:\/\/www.conspiracywatch.info\/andrew-wakefield\"><span style=\"color: #0000ff;\">Conspiracywatch<\/span>&gt;<\/a> publie aussi un article \u00e9clairant sur cet individu, ainsi que la &lt;<a href=\"https:\/\/www.rtbf.be\/article\/investigation-andrew-wakefield-antivax-a-tout-prix-10884149\"><span style=\"color: #0000ff;\">Radio T\u00e9l\u00e9vision Belge<\/span><\/a>&gt;<br \/>\n<\/span><\/p>\n<p><span style=\"color: #777777; font-family: Arial;\">Il ne s&rsquo;agit pas de faire un amalgame entre toutes celles et ceux qui ont exprim\u00e9 leurs doutes et leurs questionnements contre les vaccins contre la Covid19 et ce m\u00e9decin d\u00e9chu, mais simplement d&rsquo;informer qu&rsquo;au sein de la campagne anti-vaccination qui s&rsquo;est d\u00e9velopp\u00e9 dans le monde occidental depuis les ann\u00e9es 2000, il y a aussi les man\u0153uvres de cet homme qui ont eu des cons\u00e9quences d\u00e9sastreuses : en 2019 le monde a fait face \u00e0 &lt;<a href=\"https:\/\/www.lemonde.fr\/sciences\/article\/2019\/03\/25\/rougeole-le-casse-tete-face-a-la-flambee-mondiale_5441150_1650684.html\"><span style=\"color: #0000ff;\">Une flamb\u00e9e mondiale<\/span><\/a>&gt; de rougeole alors que cette maladie aurait d\u00fb \u00eatre \u00e9radiqu\u00e9e.<br \/>\n<\/span><\/p>\n<p><span style=\"color: #777777; font-family: Arial;\">M\u00eame Donald Trump avait alors pris ses distances avec Wakefield &lt;<a href=\"https:\/\/www.lemonde.fr\/international\/article\/2019\/04\/26\/face-a-l-epidemie-de-rougeole-aux-etats-unis-donald-trump-change-sa-position-sur-les-vaccins_5455524_3210.html\">f<span style=\"color: #0000ff;\">ace \u00e0 l&rsquo;\u00e9pid\u00e9mie de rougeole, Trump change sa position sur les vaccins<\/span><\/a>&gt;<br \/>\n<\/span><\/p>\n<p><span style=\"color: #777777; font-family: Arial;\">Lien vers le <a href=\"https:\/\/www.arte.tv\/fr\/videos\/103025-000-A\/antivax-les-marchands-de-doute\/\">&lt;<\/a><\/span><span style=\"font-family: Arial; color: #0000ff;\"><a style=\"color: #0000ff;\" href=\"https:\/\/www.arte.tv\/fr\/videos\/103025-000-A\/antivax-les-marchands-de-doute\/\">Documentaire d&rsquo;ARTE<\/a><\/span><span style=\"color: #777777; font-family: Arial;\"><a href=\"https:\/\/www.arte.tv\/fr\/videos\/103025-000-A\/antivax-les-marchands-de-doute\/\">&gt;<\/a><br \/>\n<\/span><\/p>\n<p><span style=\"color: maroon; font-family: Arial;\">&lt;1650&gt;<\/span><\/p>\n","protected":false},"excerpt":{"rendered":"<p>\u00ab\u00a0Andrew Wakefield\u00a0\u00bb Ancien m\u00e9decin, falsificateur anti-vaccin Nous sortons lentement, je l&rsquo;esp\u00e8re au moins, de cette incroyable p\u00e9riode de la COVID19 qui a d\u00e9but\u00e9 pour nous au d\u00e9but de l&rsquo;ann\u00e9e 2020. Beaucoup de clivages sont apparus. Des familles m\u00eames se sont<\/p>\n","protected":false},"author":1,"featured_media":0,"comment_status":"open","ping_status":"closed","sticky":false,"template":"","format":"standard","meta":{"footnotes":""},"categories":[1],"tags":[132,126,13],"class_list":["post-13144","post","type-post","status-publish","format-standard","hentry","category-motdujour","tag-medecine","tag-pandemie","tag-sante"],"_links":{"self":[{"href":"https:\/\/lemotdujour.fr\/index.php?rest_route=\/wp\/v2\/posts\/13144","targetHints":{"allow":["GET"]}}],"collection":[{"href":"https:\/\/lemotdujour.fr\/index.php?rest_route=\/wp\/v2\/posts"}],"about":[{"href":"https:\/\/lemotdujour.fr\/index.php?rest_route=\/wp\/v2\/types\/post"}],"author":[{"embeddable":true,"href":"https:\/\/lemotdujour.fr\/index.php?rest_route=\/wp\/v2\/users\/1"}],"replies":[{"embeddable":true,"href":"https:\/\/lemotdujour.fr\/index.php?rest_route=%2Fwp%2Fv2%2Fcomments&post=13144"}],"version-history":[{"count":7,"href":"https:\/\/lemotdujour.fr\/index.php?rest_route=\/wp\/v2\/posts\/13144\/revisions"}],"predecessor-version":[{"id":13153,"href":"https:\/\/lemotdujour.fr\/index.php?rest_route=\/wp\/v2\/posts\/13144\/revisions\/13153"}],"wp:attachment":[{"href":"https:\/\/lemotdujour.fr\/index.php?rest_route=%2Fwp%2Fv2%2Fmedia&parent=13144"}],"wp:term":[{"taxonomy":"category","embeddable":true,"href":"https:\/\/lemotdujour.fr\/index.php?rest_route=%2Fwp%2Fv2%2Fcategories&post=13144"},{"taxonomy":"post_tag","embeddable":true,"href":"https:\/\/lemotdujour.fr\/index.php?rest_route=%2Fwp%2Fv2%2Ftags&post=13144"}],"curies":[{"name":"wp","href":"https:\/\/api.w.org\/{rel}","templated":true}]}}