{"id":13138,"date":"2022-02-14T00:55:05","date_gmt":"2022-02-13T23:55:05","guid":{"rendered":"https:\/\/lemotdujour.fr\/?p=13138"},"modified":"2022-02-14T01:13:46","modified_gmt":"2022-02-14T00:13:46","slug":"lundi-14-fevrier-2022","status":"publish","type":"post","link":"https:\/\/lemotdujour.fr\/?p=13138","title":{"rendered":"Lundi 14 f\u00e9vrier 2022"},"content":{"rendered":"<div class=\"mdjTexte\">\u00ab\u00a0L&rsquo;\u00e9cologie r\u00e9ussit l&rsquo;exploit de paniquer les gens puis de les faire bailler d&rsquo;ennui.\u00a0\u00bb<\/div>\n<div class=\"mdjAuteur\">Bruno Latour<\/div>\n<p><span style=\"color: #777777; font-family: Arial;\"><strong>Bruno Latour<\/strong> a \u00e9crit avec <strong>Nikolaj Schultz <\/strong>un nouveau livre qu&rsquo;ils ont intitul\u00e9<strong>\u00a0: \u00ab\u00a0<span style=\"color: #0000ff;\"><a style=\"color: #0000ff;\" href=\"https:\/\/livre.fnac.com\/a16354486\/Bruno-Latour-Memo-sur-la-nouvelle-classe-ecologique-Comment-faire-emerger-une-classe-ecologique-consciente-et-f\">M\u00e9mo sur la nouvelle classe \u00e9cologique<\/a><\/span><\/strong>\u00a0\u00bb avec pour sous-titre\u00a0: \u00ab\u00a0Comment faire \u00e9merger une classe \u00e9cologique consciente et fi\u00e8re d&rsquo;elle-m\u00eame\u00a0\u00bb<br \/>\n<\/span><\/p>\n<p><span style=\"color: #777777; font-family: Arial;\">Pour pr\u00e9senter son livre, Bruno Latour a \u00e9t\u00e9 l&rsquo;invit\u00e9 du Grand entretien de France Inter du 7 janvier 2022\u00a0: \u00ab\u00a0<a href=\"https:\/\/www.franceinter.fr\/emissions\/l-invite-de-8h20-le-grand-entretien\/l-invite-de-8h20-le-grand-entretien-du-vendredi-07-janvier-2022\"><span style=\"color: #0000ff;\">Les \u00e9cologistes ne peuvent pas esp\u00e9rer mobiliser sans faire le travail id\u00e9ologique.<\/span>\u00a0<\/a>\u00bb<br \/>\n<\/span><\/p>\n<p><span style=\"color: #777777; font-family: Arial;\">Il esp\u00e8re la constitution d&rsquo;une classe \u00e9cologique qui serait consciente d&rsquo;elle-m\u00eame.<br \/>\n<\/span><\/p>\n<p><span style=\"color: #777777; font-family: Arial;\">Il pense que les jeunes peuvent \u00eatre le fer de lance de cette classe.<br \/>\n<\/span><\/p>\n<p><span style=\"color: #777777; font-family: Arial;\">Il reconnait cependant que\u00a0:<br \/>\n<\/span><\/p>\n<p style=\"margin-left: 28pt;\"><span style=\"color: #c00000; font-family: Arial;\">\u00ab\u00a0Il n&rsquo;y a pas un sujet sur lequel nous sommes consensuel\u00a0: les \u00e9oliennes, les plastiques, les mani\u00e8res de se d\u00e9placer&#8230; c&rsquo;est une particularit\u00e9 de l&rsquo;\u00e9cologie.\u00a0\u00bb<br \/>\n<\/span><\/p>\n<p><span style=\"color: #777777; font-family: Arial;\">Et puis surtout, il a cette formule sur le discours actuel du mouvement \u00e9cologiste \u00ab\u00a0<strong>de la panique et de l&rsquo;ennui.<\/strong>\u00a0\u00bb<br \/>\n<\/span><\/p>\n<p><span style=\"color: #777777; font-family: Arial;\">Autrement dit, pour l&rsquo;instant la parole \u00e9cologiste n&rsquo;a pas trouv\u00e9 son r\u00e9cit d\u00e9sirable.<br \/>\n<\/span><\/p>\n<p><span style=\"color: #777777; font-family: Arial;\">Bruno Latour n&rsquo;a d&rsquo;ailleurs pas de solution non plus\u00a0:<br \/>\n<\/span><\/p>\n<p style=\"margin-left: 28pt;\"><span style=\"color: #c00000; font-family: Arial;\">\u00ab\u00a0Aujourd&rsquo;hui tout le monde est conscient mais on ne sait pas quoi faire.\u00a0\u00bb<br \/>\n<\/span><\/p>\n<p><span style=\"color: #777777; font-family: Arial;\">Et il exprime cette crainte\u00a0:<br \/>\n<\/span><\/p>\n<p style=\"margin-left: 28pt;\"><span style=\"color: #c00000; font-family: Arial;\"><em>\u00ab\u00a0<\/em>Les masses suivraient-elles des d\u00e9cisions difficiles si l&rsquo;\u00e9cologie \u00e9tait au pouvoir\u00a0?<em>\u00a0\u00bb<br \/>\n<\/em><\/span><\/p>\n<p><span style=\"color: #777777; font-family: Arial;\">En tout cas, les sondages que rapportent les m\u00e9dias ne semblent pas indiquer que le candidat de l&rsquo;\u00e9cologie soit pouss\u00e9 par l&rsquo;\u00e9mergence d&rsquo;une classe \u00e9cologique puissante.<br \/>\n<\/span><\/p>\n<p><span style=\"color: #777777; font-family: Arial;\">Cependant &lt;<a href=\"https:\/\/www.nouvelobs.com\/election-presidentielle-2022\/20220211.OBS54317\/bruno-latour-appelle-a-voter-yannick-jadot-le-temps-de-l-ecologie-est-venu.html\"><span style=\"color: #0000ff;\">Bruno Latour appelle \u00e0 voter Yannick Jadot<\/span><\/a>&gt; et il publie avec d&rsquo;autres une tribune qu&rsquo;on trouve sur le site de l&rsquo;Obs o\u00f9 on peut lire\u00a0:<br \/>\n<\/span><\/p>\n<p style=\"margin-left: 28pt;\"><span style=\"color: #c00000; font-family: Arial;\">\u00ab\u00a0Le temps de l&rsquo;\u00e9cologie est venu. Elle repr\u00e9sente un projet porteur d&rsquo;avenir, un projet qui r\u00e9pond aux grands d\u00e9fis de notre temps. Protection de l&rsquo;environnement, solidarit\u00e9, d\u00e9fense des services publics, de la culture, renforcement de la d\u00e9mocratie et d\u00e9passement du pr\u00e9sidentialisme, l&rsquo;\u00e9cologie c&rsquo;est aussi la cr\u00e9ation de centaines de milliers d&#8217;emplois par une \u00e9conomie de l&rsquo;innovation et de la qualit\u00e9 ancr\u00e9e dans les territoires.<br \/>\n<\/span><span style=\"color: #c00000; font-family: Arial;\">C&rsquo;est pourquoi, aujourd&rsquo;hui, nous appelons tous les humanistes et les progressistes \u00e0 soutenir la candidature de Yannick Jadot \u00e0 l&rsquo;\u00e9lection pr\u00e9sidentielle. La France ne peut pas se permettre de perdre cinq ans de plus : nous devons changer de cap d\u00e8s 2022.<br \/>\n<\/span><span style=\"color: #c00000; font-family: Arial;\">C&rsquo;est le moment de poser les fondements d&rsquo;une soci\u00e9t\u00e9 plus juste, plus solidaire, plus harmonieuse.<br \/>\n<\/span><span style=\"color: #c00000; font-family: Arial;\">C&rsquo;est le moment d&rsquo;\u00e9crire une nouvelle page de notre histoire. \u00bb<br \/>\n<\/span><\/p>\n<p><span style=\"color: #777777; font-family: Arial;\">Je dois avouer mon scepticisme\u00a0:<br \/>\n<\/span><\/p>\n<p><span style=\"color: #777777; font-family: Arial;\">Est-il question de faire la r\u00e9volution \u00e9cologique dans un seul pays\u00a0?<br \/>\n<\/span><\/p>\n<p><span style=\"color: #777777; font-family: Arial;\">Les voies pr\u00e9conis\u00e9es : La voiture \u00e9lectrique, les \u00e9oliennes, les panneaux solaires, le tout num\u00e9rique qui tous mobilisent des ressources \u00e9normes en m\u00e9taux et en \u00e9nergie constituent-ils des solutions p\u00e9rennes et raisonnables ?<br \/>\n<\/span><\/p>\n<p><span style=\"color: #777777; font-family: Arial;\">Comment les classes d\u00e9favoris\u00e9es qui auront certainement des r\u00e9ticences \u00e0 int\u00e9grer la classe \u00e9cologique pourront-ils acc\u00e9der aux services et faire face \u00e0 leurs besoins essentiels dans ce nouvel paradigme\u00a0?<br \/>\n<\/span><\/p>\n<p><span style=\"color: #777777; font-family: Arial;\">Je trouve la formule <strong>\u00ab\u00a0la panique et l&rsquo;ennui\u00a0\u00bb<\/strong> assez juste.<br \/>\n<\/span><\/p>\n<p><span style=\"color: #777777; font-family: Arial;\">Pour le reste, je n&rsquo;ai que des questions et tr\u00e8s peu de r\u00e9ponses qui me semblent op\u00e9rationnelles.<\/span><\/p>\n<p><span style=\"color: #800000;\">&lt;1649&gt;<\/span><\/p>\n","protected":false},"excerpt":{"rendered":"<p>\u00ab\u00a0L&rsquo;\u00e9cologie r\u00e9ussit l&rsquo;exploit de paniquer les gens puis de les faire bailler d&rsquo;ennui.\u00a0\u00bb Bruno Latour Bruno Latour a \u00e9crit avec Nikolaj Schultz un nouveau livre qu&rsquo;ils ont intitul\u00e9\u00a0: \u00ab\u00a0M\u00e9mo sur la nouvelle classe \u00e9cologique\u00a0\u00bb avec pour sous-titre\u00a0: \u00ab\u00a0Comment faire \u00e9merger<\/p>\n","protected":false},"author":1,"featured_media":0,"comment_status":"open","ping_status":"closed","sticky":false,"template":"","format":"standard","meta":{"footnotes":""},"categories":[1],"tags":[43,15,3],"class_list":["post-13138","post","type-post","status-publish","format-standard","hentry","category-motdujour","tag-ecologie","tag-france","tag-politique"],"_links":{"self":[{"href":"https:\/\/lemotdujour.fr\/index.php?rest_route=\/wp\/v2\/posts\/13138","targetHints":{"allow":["GET"]}}],"collection":[{"href":"https:\/\/lemotdujour.fr\/index.php?rest_route=\/wp\/v2\/posts"}],"about":[{"href":"https:\/\/lemotdujour.fr\/index.php?rest_route=\/wp\/v2\/types\/post"}],"author":[{"embeddable":true,"href":"https:\/\/lemotdujour.fr\/index.php?rest_route=\/wp\/v2\/users\/1"}],"replies":[{"embeddable":true,"href":"https:\/\/lemotdujour.fr\/index.php?rest_route=%2Fwp%2Fv2%2Fcomments&post=13138"}],"version-history":[{"count":4,"href":"https:\/\/lemotdujour.fr\/index.php?rest_route=\/wp\/v2\/posts\/13138\/revisions"}],"predecessor-version":[{"id":13143,"href":"https:\/\/lemotdujour.fr\/index.php?rest_route=\/wp\/v2\/posts\/13138\/revisions\/13143"}],"wp:attachment":[{"href":"https:\/\/lemotdujour.fr\/index.php?rest_route=%2Fwp%2Fv2%2Fmedia&parent=13138"}],"wp:term":[{"taxonomy":"category","embeddable":true,"href":"https:\/\/lemotdujour.fr\/index.php?rest_route=%2Fwp%2Fv2%2Fcategories&post=13138"},{"taxonomy":"post_tag","embeddable":true,"href":"https:\/\/lemotdujour.fr\/index.php?rest_route=%2Fwp%2Fv2%2Ftags&post=13138"}],"curies":[{"name":"wp","href":"https:\/\/api.w.org\/{rel}","templated":true}]}}