{"id":13122,"date":"2022-02-11T00:40:27","date_gmt":"2022-02-10T23:40:27","guid":{"rendered":"https:\/\/lemotdujour.fr\/?p=13122"},"modified":"2022-02-11T22:56:06","modified_gmt":"2022-02-11T21:56:06","slug":"vendredi-10-fevrier-2022","status":"publish","type":"post","link":"https:\/\/lemotdujour.fr\/?p=13122","title":{"rendered":"Vendredi 11 f\u00e9vrier 2022"},"content":{"rendered":"<div class=\"mdjTexte\">\u00ab\u00a0Bigger Than Us\u00a0\u00bb<\/div>\n<div class=\"mdjAuteur\">Film documentaire de Flore Vasseur<\/div>\n<p><span style=\"color: #777777; font-family: Arial;\">\u00ab\u00a0<span style=\"color: #0000ff;\"><a style=\"color: #0000ff;\" href=\"https:\/\/biggerthanus.film\/\"><strong>Bigger Than Us<\/strong>\u00a0<\/a><\/span>\u00bb\u00a0: \u00ab\u00a0<strong>Plus grand que nous<\/strong>.\u00a0\u00bb est un documentaire plan\u00e9taire r\u00e9alis\u00e9 par Flore Vasseur et qui raconte ce que des jeunes filles et des jeunes gar\u00e7ons ont su entreprendre pour que l&rsquo;Humanit\u00e9, la nature, la v\u00e9rit\u00e9 se portent mieux.<br \/><\/span><\/p>\n<p style=\"text-align: left;\"><img decoding=\"async\" src=\"https:\/\/lemotdujour.fr\/wp-content\/uploads\/2022\/02\/021022_2326_Vendredi10f1.jpg\" alt=\"\" align=\"left\" \/><span style=\"color: #777777; font-family: Arial;\">La cam\u00e9ra va d&rsquo;abord \u00e0 Bali \u00e0 la rencontre de &lt;<span style=\"color: #0000ff;\"><a style=\"color: #0000ff;\" href=\"https:\/\/biggerthanus.film\/melati-wijsen\"><strong>Melati Wijsen<\/strong><\/a><\/span><strong>&gt; <\/strong>qui a 18 ans au moment du film.<br \/><\/span><\/p>\n<p><span style=\"color: #777777; font-family: Arial;\">Mais c&rsquo;est depuis l&rsquo;\u00e2ge de 12 ans que Melati avec sa s\u0153ur <strong>Isabel <\/strong>lutte contre la pollution plastique.<br \/><\/span><\/p>\n<p><span style=\"color: #777777; font-family: Arial;\">Avec sa s\u0153ur, elle est \u00e0 l&rsquo;initiative de <a href=\"http:\/\/www.byebyeplasticbags.org\/\"><span style=\"color: #0000ff;\"><strong>Bye Bye Plastic Bags<\/strong><\/span>.<\/a> Ensemble, elles ont mobilis\u00e9 des milliers d&rsquo;enfants et de touristes et ont obtenu par d\u00e9cret l&rsquo;interdiction de la vente et de la distribution de sacs, d&#8217;emballages et de pailles en plastique sur leur \u00eele, Bali.<br \/><\/span><\/p>\n<p><span style=\"color: #777777; font-family: Arial;\">C&rsquo;est ensuite Melati qui va accompagner et \u00eatre le lien du tour du monde de Flore Vasseur \u00e0 la rencontre de jeunes qui se sont lev\u00e9s pour agir et contribuer \u00e0 ce que leurs actions soient positives.<br \/><\/span><\/p>\n<p><span style=\"color: #777777; font-family: Arial;\">Le film nous fait voyager au Malawi, au Liban, au Br\u00e9sil, aux Etats-Unis, en Gr\u00e8ce, en Indon\u00e9sie et en Ouganda, \u00e0 la rencontre de Rene, de Memory, de Winnie, de Xiuhtezcatl, de Mohamad et de Mary<br \/><\/span><\/p>\n<p><span style=\"color: #777777; font-family: Arial;\">Tous se sont lev\u00e9s pour une cause qui est plus grande qu&rsquo;eux, la lutte pour les droits humains, la dignit\u00e9, le climat, la libert\u00e9 d&rsquo;expression, la justice sociale, l&rsquo;acc\u00e8s \u00e0 l&rsquo;\u00e9ducation ou l&rsquo;alimentation.<br \/><\/span><\/p>\n<p><span style=\"color: #777777; font-family: Arial;\">Annie poursuit une collaboration f\u00e9conde avec une institution lyonnaise remarquable sur laquelle je reviendrais probablement un mot du jour prochain\u00a0: \u00ab\u00a0<a href=\"https:\/\/www.maisondelapprendre.org\/\"><strong><span style=\"color: #0000ff;\">La maison de l&rsquo;apprendre<\/span><\/strong><\/a> \u00bb. <\/span><span style=\"color: #777777; font-family: Arial;\">Et c&rsquo;est La maison de l&rsquo;apprendre qui organise sur Lyon \u00ab <strong>le<\/strong> <strong>Festival<\/strong>\u00a0<strong>de l&rsquo;Apprendre<\/strong> \u00bb pr\u00e9sente partout en France pour c\u00e9l\u00e9brer tous les apprentissages, tous les acteurs et tous les lieux qui les permettent dans chaque territoire.<br \/><\/span><\/p>\n<p><span style=\"color: #777777; font-family: Arial;\">Le Festival de l&rsquo;Apprendre s&rsquo;inscrit dans la dynamique <span style=\"color: #0000ff;\"><a style=\"color: #0000ff;\" href=\"https:\/\/www.learning-planet.org\/fr\">Learning Planet<\/a> <\/span>impuls\u00e9e par le Centre de Recherches Interdisciplinaire et l&rsquo;Unesco. Je ne d\u00e9veloppe pas, peut \u00eatre ult\u00e9rieurement\u2026<br \/><\/span><\/p>\n<p><span style=\"color: #777777; font-family: Arial;\">Toujours est il que cette ann\u00e9e le festival de l&rsquo;apprendre se terminait \u00e0 Lyon, par la projection de ce documentaire <strong>en pr\u00e9sence de Flore Vasseur<\/strong>. Nous y sommes donc all\u00e9s et avons pu \u00e9changer \u00e0 la fin du film avec la r\u00e9alisatrice.<br \/><\/span><\/p>\n<p><a href=\"https:\/\/florevasseur.com\/\"><span style=\"font-family: Arial;\"><strong><img loading=\"lazy\" decoding=\"async\" class=\"wp-image-13134 alignleft\" src=\"https:\/\/lemotdujour.fr\/wp-content\/uploads\/2022\/02\/Flore-Vasseur-1.jpg\" alt=\"\" width=\"290\" height=\"387\" srcset=\"https:\/\/lemotdujour.fr\/wp-content\/uploads\/2022\/02\/Flore-Vasseur-1.jpg 600w, https:\/\/lemotdujour.fr\/wp-content\/uploads\/2022\/02\/Flore-Vasseur-1-225x300.jpg 225w\" sizes=\"auto, (max-width: 290px) 100vw, 290px\" \/><\/strong><\/span><\/a> <span style=\"color: #777777; font-family: Arial;\"><strong> Flore Vasseur<\/strong> est une femme singuli\u00e8re, issue\u00a0 du monde des start up et de la Finance et qui va basculer dans tout \u00e0 fait autre chose que l&rsquo;on pourrait d\u00e9crire par \u00abchanger le monde par l&rsquo;\u00e9criture et le t\u00e9moignage.\u00bb. T\u00e9moignages de la rencontre avec des femmes et des hommes qui ont agi ou agissent non pour la gloire, non pour devenir milliardaire, mais pour ce qui est plus grand qu&rsquo;eux, leur communaut\u00e9, la pr\u00e9servation de la biosph\u00e8re, rendre l&rsquo;humanit\u00e9 plus raisonnable et plus r\u00e9siliente.<br \/><\/span><\/p>\n<p><span style=\"color: #777777; font-family: Arial;\">J&rsquo;ai d\u00e9j\u00e0 \u00e9voqu\u00e9 Flore Vasseur lors du mot du jour consacr\u00e9 \u00e0 \u00ab\u00a0<\/span><span style=\"font-family: Arial; color: #0000ff;\"><a style=\"color: #0000ff;\" href=\"https:\/\/lemotdujour.fr\/?p=6476\"><strong>Aaron Schwartz<\/strong>\u00a0<\/a><\/span><span style=\"color: #777777; font-family: Arial;\">\u00bb, ce g\u00e9nie de l&rsquo;informatique qui voulait un monde ouvert et une connaissance partag\u00e9e. Il s&rsquo;est heurt\u00e9 aux puissances de l&rsquo;argent, \u00e0 celles et ceux qui veulent la marchandisation de toutes chosse. Devant l&rsquo;ampleur de l&rsquo;assaut et la menace de condamnation tr\u00e8s lourde, il s&rsquo;est suicid\u00e9 \u00e0 26 ans. <\/span><span style=\"color: #777777; font-family: Arial;\">Flore Vasseur avait \u00e9crit le livre\u00a0: <span style=\"color: blue;\">&lt;<a href=\"https:\/\/www.decitre.fr\/livres\/ce-qu-il-reste-de-nos-reves-9782849905227.html\"><span style=\"color: #0000ff;\">Ce qu&rsquo;il reste de nos r\u00eaves<\/span><\/a>&gt; <span style=\"color: #777777;\">enti\u00e8rement d\u00e9di\u00e9 \u00e0 cet humaniste bless\u00e9 et dont elle dit : <span style=\"color: #c00000;\">\u00ab\u00a0Aaron \u00e9tait le meilleur d&rsquo;entre nous.\u00a0\u00bb<span style=\"color: #777777;\"><br \/><\/span><\/span><\/span><\/span><\/span><\/p>\n<p><span style=\"color: #777777; font-family: Arial;\">Flore Vasseur est n\u00e9e en 1973 \u00e0 Annecy. Elle fait de brillantes \u00e9tudes qui la conduisent \u00e0 int\u00e9grer HEC Paris.<br \/><\/span><\/p>\n<p><span style=\"color: #777777; font-family: Arial;\">\u00c0 l&rsquo;issue de ses \u00e9tudes, Flore Vasseur est recrut\u00e9e par un groupe de l&rsquo;industrie du luxe. Elle s&rsquo;installe \u00e0 New York en 1999 et fonde une soci\u00e9t\u00e9 de marketing.<br \/><\/span><\/p>\n<p><span style=\"color: #777777; font-family: Arial;\">Elle raconte son parcours dans sa bio qu&rsquo;elle a publi\u00e9 sur son site <span style=\"color: #0000ff;\"><a style=\"color: #0000ff;\" href=\"https:\/\/florevasseur.com\/bio\/\">https:\/\/florevasseur.com\/bio\/<\/a><\/span><br \/><\/span><\/p>\n<p style=\"margin-left: 28pt;\"><span style=\"color: #c00000; font-family: Arial;\">\u00ab\u00a0Je m&rsquo;installe \u00e0 New York \u00e0 25 ans pour cr\u00e9er mon cabinet d&rsquo;\u00e9tudes marketing. Je vis la bulle Internet, le 11 Septembre, un syst\u00e8me capitaliste qui craqu\u00e8le de toute part. Depuis, j&rsquo;\u00e9cris pour comprendre la fin d&rsquo;un monde, l&rsquo;\u00e9mergence d&rsquo;un autre et le travail de celles et ceux qui, peut-\u00eatre, le feront.<br \/><\/span><span style=\"color: #c00000; font-family: Arial;\">Je m&rsquo;attaque \u00e0 l&#8217;emprise de la finance et \u00e0 la folie d&rsquo;un monde assis sur la technologie. J&rsquo;interroge notre rapport au pouvoir, l&rsquo;\u00e9lite en mode panique, nos consentements. En fait, je tire le fil qui, depuis le 11 septembre, ne m&rsquo;a jamais quitt\u00e9 : qui gouverne ?<br \/><\/span><span style=\"color: #c00000; font-family: Arial;\">Pour y r\u00e9pondre, j&rsquo;apprends \u00e0 utiliser tous les autres supports (articles, film, roman, chroniques, s\u00e9ries) et tous les espaces (presse, livres, TV, cin\u00e9ma) : JE CHERCHE.<br \/><\/span><\/p>\n<p style=\"margin-left: 28pt;\"><span style=\"color: #c00000; font-family: Arial;\">J&rsquo;entreprends un travail au long cours sur la piste des activistes, des d\u00e9fenseurs des droits et des lanceurs d&rsquo;alerte.<br \/><\/span><span style=\"color: #c00000; font-family: Arial;\">A Moscou, je r\u00e9alise MEETING SNOWDEN avec ancien contractant de la NSA. Arte qui a commissionn\u00e9 ce travail m&rsquo;a autoris\u00e9 \u00e0 \u00ab\u00a0lib\u00e9rer\u00a0\u00bb ce travail, accessible gratuitement sur Internet.<br \/><\/span><span style=\"color: #c00000; font-family: Arial;\">Puis mon roman-enqu\u00eate, CE QU&rsquo;IL RESTE DE NOS REVES, tente de retracer l&rsquo;histoire m\u00e9connue et r\u00e9elle d&rsquo;Aaron Swartz, enfant prodige du code qui nous voulait libre, pers\u00e9cut\u00e9 par l&rsquo;administration Obama.<br \/><\/span><span style=\"color: #c00000; font-family: Arial;\">BIGGER THAN US, produit avec Marion Cotillard et Denis Carot, est mon premier film documentaire de cin\u00e9ma.\u00a0\u00bb<br \/><\/span><\/p>\n<p><span style=\"color: #777777; font-family: Arial;\">Elle \u00e9crit aussi des chroniques dans les journaux fran\u00e7ais et r\u00e9alise une chronique sur France Culture.<br \/><\/span><\/p>\n<p><span style=\"color: #777777; font-family: Arial;\">Sur le<span style=\"color: #0000ff;\"> <a style=\"color: #0000ff;\" href=\"https:\/\/www.rtbf.be\/article\/flore-vasseur-bigger-than-us-sengager-cest-defendre-la-vie-et-la-dignite-10850864\">site de la t\u00e9l\u00e9vision belge<\/a><\/span> elle explique\u00a0:<br \/><\/span><\/p>\n<p style=\"margin-left: 28pt;\"><span style=\"color: #c00000; font-family: Arial;\">\u00ab\u00a0Il y a eu des tonnes de documentaires donnant la parole aux adultes, aux experts. Ces productions ont fait leur travail, mais je pense qu&rsquo;il faut maintenant tendre le micro \u00e0 d&rsquo;autres personnes, explique la journaliste et romanci\u00e8re Flore Vasseur, r\u00e9alisatrice du film. Il faut sortir de ce r\u00e9cit dominant et montrer que l&rsquo;intelligence de situation est partout. On ne fait juste pas l&rsquo;effort d&rsquo;\u00e9couter.\u00a0\u00bb<br \/><\/span><\/p>\n<p><span style=\"color: #777777; font-family: Arial;\">Et elle finit l&rsquo;article par cette harangue\u00a0:<br \/><\/span><\/p>\n<p style=\"margin-left: 28pt;\"><span style=\"color: #c00000; font-family: Arial;\">\u00ab\u00a0Par leurs actions, ces jeunes posent un acte profond\u00e9ment politique, avec un grand \u00a0\u00bb P \u00ab\u00a0. Ils tendent un miroir \u00e0 ceux qui nous gouvernent et qui font de la petite politique \u00e9lectorale. Je pense que les jeunes sont totalement d\u00e9sint\u00e9ress\u00e9s et compl\u00e8tement dans l&rsquo;action. Ce qu&rsquo;ils veulent c&rsquo;est aider leurs semblables \u00e0 survivre, tout simplement. [\u2026]<br \/><\/span><span style=\"color: #c00000; font-family: Arial;\">La question des victoires est presque annexe. La victoire c&rsquo;est d&rsquo;\u00eatre debout, \u00eatre dans la vie, dans la joie.\u00a0\u00bb<br \/><\/span><\/p>\n<p><span style=\"color: #777777; font-family: Arial;\">Ce film documentaire <strong>Bigger Than Us<\/strong>\u00a0est un moment d&rsquo;\u00e9motion, de questions et de remise en cause de la mani\u00e8re dont nous autres humains vivons et agissons sur notre biosph\u00e8re et sur les autres humains. Ce que des traditions s\u00e9culaires dans certaines communaut\u00e9s engendrent comme violence.<br \/><\/span><\/p>\n<p><span style=\"color: #777777; font-family: Arial;\"><strong><img loading=\"lazy\" decoding=\"async\" class=\"wp-image-13124 alignleft\" src=\"https:\/\/lemotdujour.fr\/wp-content\/uploads\/2022\/02\/memory.jpg\" alt=\"\" width=\"511\" height=\"351\" srcset=\"https:\/\/lemotdujour.fr\/wp-content\/uploads\/2022\/02\/memory.jpg 640w, https:\/\/lemotdujour.fr\/wp-content\/uploads\/2022\/02\/memory-300x206.jpg 300w\" sizes=\"auto, (max-width: 511px) 100vw, 511px\" \/>Memory Banda<\/strong> du Malawi est une fille d&rsquo;une \u00e9nergie, d&rsquo;une lucidit\u00e9 et d&rsquo;une intelligence extraordinaire.<br \/><\/span><\/p>\n<p><span style=\"color: #777777; font-family: Arial;\">Elle a os\u00e9 d\u00e9fier la tradition du viol institutionnalis\u00e9 des jeunes filles dans des camps d&rsquo;initiation d\u00e9di\u00e9s. Elle a fait cesser cette pratique dans tout le pays, puis a fait modifier la constitution du Malawi pour relever l&rsquo;\u00e2ge l\u00e9gal de 15 \u00e0 18 ans afin de prot\u00e9ger les filles du mariage forc\u00e9.<br \/><\/span><\/p>\n<p><span style=\"color: #777777; font-family: Arial;\">Au Malawi, 42% des filles sont mari\u00e9es avant l&rsquo;\u00e2ge de 18 ans. Dans le monde, c&rsquo;est 1 fille sur 5 (Unicef).<br \/><\/span><\/p>\n<p><span style=\"color: #777777; font-family: Arial;\">Elle raconte\u00a0:<br \/><\/span><\/p>\n<p style=\"margin-left: 28pt;\"><span style=\"color: #c00000; font-family: Arial;\">\u00ab Ma petite s\u0153ur a d\u00fb aller au camp d&rsquo;initiation. Quand vous avez vos premi\u00e8res r\u00e8gles, vous devez y aller pour en apprendre plus sur les traditions et devenir &lsquo;femme&rsquo;. Et un jour, la communaut\u00e9 engage un homme qui va au camp et viole les filles. C&rsquo;est le rite traditionnel de passage vers l&rsquo;\u00e2ge adulte. Elles ont 11 ou 12 ans. Lorsqu&rsquo;elle est revenue de l\u00e0, ma petite s\u0153ur est tomb\u00e9e enceinte et a \u00e9t\u00e9 forc\u00e9e d&rsquo;\u00e9pouser la personne qui l&rsquo;avait mise enceinte. C&rsquo;est \u00e0 ce moment-l\u00e0 que j&rsquo;ai r\u00e9alis\u00e9 que cela n&rsquo;avait pas \u00e0 m&rsquo;arriver, que cela n&rsquo;\u00e9tait pas une chose normale. Et aussi que personne ne parlerait pour nous. \u00bb<br \/><\/span><\/p>\n<p><span style=\"color: #777777; font-family: Arial;\">Elle dit\u00a0:<br \/><\/span><\/p>\n<p style=\"margin-left: 28pt;\"><span style=\"color: #c00000; font-family: Arial;\">\u00ab\u00a0La plupart du temps, nous les jeunes nous nous sous-estimons, nous et nos capacit\u00e9s. Mais, par mon exp\u00e9rience, j&rsquo;ai appris que ce sont les jeunes les vrais moteurs du changement. Ici par exemple, ce sont les jeunes qui ont r\u00e9veill\u00e9 leurs communaut\u00e9s, port\u00e9 le message jusqu&rsquo;au parlement et vu ce changement incroyable pour le Malawi. Ce sont les jeunes qui instillent le changement.\u00a0\u00bb<br \/><\/span><\/p>\n<p><span style=\"color: #777777; font-family: Arial;\">Vous pourrez lire cela sur &lt;<span style=\"color: #0000ff;\"><a style=\"color: #0000ff;\" href=\"https:\/\/biggerthanus.film\/memory-banda\">la page<\/a><\/span>&gt; qui lui est consacr\u00e9e sur le site du film remarquablement riche<br \/><\/span><\/p>\n<p><span style=\"color: #777777; font-family: Arial;\">Le site du film\u00a0: \u00ab\u00a0<a href=\"https:\/\/biggerthanus.film\/\"><strong><span style=\"color: #0000ff;\">Bigger Than Us<\/span><\/strong>\u00a0<\/a>\u00bb consacre ainsi une page \u00e0 chacun des protagonistes de ce film.<br \/><\/span><\/p>\n<p><span style=\"color: #777777; font-family: Arial;\"><img loading=\"lazy\" decoding=\"async\" class=\"wp-image-13125 alignright\" src=\"https:\/\/lemotdujour.fr\/wp-content\/uploads\/2022\/02\/melati1.jpg\" alt=\"\" width=\"442\" height=\"304\" srcset=\"https:\/\/lemotdujour.fr\/wp-content\/uploads\/2022\/02\/melati1.jpg 640w, https:\/\/lemotdujour.fr\/wp-content\/uploads\/2022\/02\/melati1-300x206.jpg 300w\" sizes=\"auto, (max-width: 442px) 100vw, 442px\" \/>Je ne peux les citer tous mais je voudrais revenir sur <strong>Melati Wilsen<\/strong> qui ouvre le film puis sera le fil conducteur ou plut\u00f4t \u00ab la fille conductrice \u00bb du film. <\/span><span style=\"color: #777777; font-family: Arial;\">Elle dit\u00a0:<br \/><\/span><\/p>\n<p style=\"margin-left: 28pt;\"><span style=\"color: #c00000; font-family: Arial;\">\u00ab\u00a0Dans l&rsquo;Histoire, il y a toujours eu des grands rassemblements de personnes qui s&rsquo;unissent r\u00e9ellement. Au point o\u00f9 il n&rsquo;y avait plus de moyen de voir les choses autrement. C&rsquo;\u00e9tait le r\u00e9sultat de gens qui se sentaient \u00e0 nouveau \u00e0 leur place et \u00e0 nouveau vivants et qui avaient trouv\u00e9 un but plus grand.\u00a0\u00bb<br \/><\/span><\/p>\n<p><span style=\"color: #777777; font-family: Arial;\">Aujourd&rsquo;hui elle d\u00e9veloppe &lt;<a href=\"https:\/\/youthtopia.world\/\"><span style=\"color: #0000ff;\">Youthtopia<\/span><\/a>&gt;, une plateforme d&rsquo;\u00e9ducation et de partage d&rsquo;outils pour des jeunes souhaitant s&rsquo;engager.<br \/><\/span><\/p>\n<p><span style=\"color: #777777; font-family: Arial;\">Elle le pr\u00e9sente ainsi\u00a0:<br \/><\/span><\/p>\n<p style=\"margin-left: 28pt;\"><span style=\"color: #c00000; font-family: Arial;\">\u00ab Mon projet Youthtopia s&rsquo;est construit depuis quatre ans dans ma t\u00eate, dans mon c\u0153ur. Ma rencontres avec les diff\u00e9rents personnages du film et au-del\u00e0, les histoires que j&rsquo;ai entendues, les probl\u00e8mes du monde et solutions que je per\u00e7ois rendent tout cela encore plus \u00e9vident pour moi. Ma prochaine \u00e9tape est de cr\u00e9er ce lieu pour ma g\u00e9n\u00e9ration, pour nous r\u00e9unir et nous donner une \u00e9ducation de pair \u00e0 pair. Ce dont nous avons vraiment besoin en ce moment, c&rsquo;est d&rsquo;un espace pour nous retrouver de mani\u00e8re authentique. Un espace construit et anim\u00e9 par des jeunes, pour des jeunes, \u00e0 une \u00e9chelle universelle. Cet endroit est un besoin urgent pour notre g\u00e9n\u00e9ration. Et c&rsquo;est un Youthtopia. \u00bb<br \/><\/span><\/p>\n<p><span style=\"color: #777777; font-family: Arial;\">Alors, si vous voulez voir ce film, la mani\u00e8re traditionnelle de trouver une salle de cin\u00e9ma o\u00f9 est projet\u00e9 ce film est possible mais tr\u00e8s restreinte. <\/span><span style=\"color: #777777; font-family: Arial;\">Nous sommes dans la modernit\u00e9 et il y a de nombreuses possibilit\u00e9s de le voir. Tout est expliqu\u00e9 sur la page du site du film\u00a0: <a href=\"https:\/\/biggerthanus.film\/voir-le-film\"><span style=\"color: #0000ff;\">https:\/\/biggerthanus.film\/voir-le-film<\/span><\/a><br \/><\/span><\/p>\n<p><span style=\"color: #777777; font-family: Arial;\">Du souffle, de la fra\u00eecheur, de la force de vie\u2026et une invitation \u00e0 s&rsquo;engager.<br \/><\/span><\/p>\n<p><img loading=\"lazy\" decoding=\"async\" class=\"alignnone  wp-image-13128\" src=\"https:\/\/lemotdujour.fr\/wp-content\/uploads\/2022\/02\/melati3.jpg\" alt=\"\" width=\"810\" height=\"557\" srcset=\"https:\/\/lemotdujour.fr\/wp-content\/uploads\/2022\/02\/melati3.jpg 640w, https:\/\/lemotdujour.fr\/wp-content\/uploads\/2022\/02\/melati3-300x206.jpg 300w\" sizes=\"auto, (max-width: 810px) 100vw, 810px\" \/><\/p>\n<p><span style=\"color: #800000;\">&lt;1648&gt;<\/span><\/p>\n<p>\u00a0<\/p>\n\n\n<p><\/p>\n","protected":false},"excerpt":{"rendered":"<p>\u00ab\u00a0Bigger Than Us\u00a0\u00bb Film documentaire de Flore Vasseur \u00ab\u00a0Bigger Than Us\u00a0\u00bb\u00a0: \u00ab\u00a0Plus grand que nous.\u00a0\u00bb est un documentaire plan\u00e9taire r\u00e9alis\u00e9 par Flore Vasseur et qui raconte ce que des jeunes filles et des jeunes gar\u00e7ons ont su entreprendre pour que<\/p>\n","protected":false},"author":1,"featured_media":0,"comment_status":"open","ping_status":"closed","sticky":false,"template":"","format":"standard","meta":{"footnotes":""},"categories":[1],"tags":[12,43,54],"class_list":["post-13122","post","type-post","status-publish","format-standard","hentry","category-motdujour","tag-documentaire","tag-ecologie","tag-humanisme"],"_links":{"self":[{"href":"https:\/\/lemotdujour.fr\/index.php?rest_route=\/wp\/v2\/posts\/13122","targetHints":{"allow":["GET"]}}],"collection":[{"href":"https:\/\/lemotdujour.fr\/index.php?rest_route=\/wp\/v2\/posts"}],"about":[{"href":"https:\/\/lemotdujour.fr\/index.php?rest_route=\/wp\/v2\/types\/post"}],"author":[{"embeddable":true,"href":"https:\/\/lemotdujour.fr\/index.php?rest_route=\/wp\/v2\/users\/1"}],"replies":[{"embeddable":true,"href":"https:\/\/lemotdujour.fr\/index.php?rest_route=%2Fwp%2Fv2%2Fcomments&post=13122"}],"version-history":[{"count":7,"href":"https:\/\/lemotdujour.fr\/index.php?rest_route=\/wp\/v2\/posts\/13122\/revisions"}],"predecessor-version":[{"id":13137,"href":"https:\/\/lemotdujour.fr\/index.php?rest_route=\/wp\/v2\/posts\/13122\/revisions\/13137"}],"wp:attachment":[{"href":"https:\/\/lemotdujour.fr\/index.php?rest_route=%2Fwp%2Fv2%2Fmedia&parent=13122"}],"wp:term":[{"taxonomy":"category","embeddable":true,"href":"https:\/\/lemotdujour.fr\/index.php?rest_route=%2Fwp%2Fv2%2Fcategories&post=13122"},{"taxonomy":"post_tag","embeddable":true,"href":"https:\/\/lemotdujour.fr\/index.php?rest_route=%2Fwp%2Fv2%2Ftags&post=13122"}],"curies":[{"name":"wp","href":"https:\/\/api.w.org\/{rel}","templated":true}]}}