{"id":13103,"date":"2022-02-09T00:07:34","date_gmt":"2022-02-08T23:07:34","guid":{"rendered":"https:\/\/lemotdujour.fr\/?p=13103"},"modified":"2022-02-09T00:17:22","modified_gmt":"2022-02-08T23:17:22","slug":"mercredi-9-fevrier-2022","status":"publish","type":"post","link":"https:\/\/lemotdujour.fr\/?p=13103","title":{"rendered":"Mercredi 9 f\u00e9vrier 2022"},"content":{"rendered":"<div class=\"mdjTexte\">\u00ab\u00a0J&rsquo;admire la capacit\u00e9 des victimes \u00e0 ne pas c\u00e9der \u00e0 la haine, \u00e0 ne pas faire d&rsquo;amalgames, \u00e0 croire en notre d\u00e9mocratie et en l&rsquo;Etat de droit. [\u2026] Cela redonne confiance en l&rsquo;humanit\u00e9 dont nous serions parfois tent\u00e9s de d\u00e9sesp\u00e9rer.\u00a0\u00bb<\/div>\n<div class=\"mdjAuteur\">Georges Salines<\/div>\n<p><span style=\"color: #777777; font-family: Arial;\">Le t\u00e9moignage d&rsquo;Aur\u00e9lie Sylvestre que j&rsquo;ai \u00e9voqu\u00e9 hier, je l&rsquo;ai d\u00e9couvert en \u00e9coutant l&rsquo;\u00e9mission de <strong>Philippe Meyer<\/strong> \u00ab\u00a0<strong>Le nouvel Esprit Public<\/strong>\u00a0\u00bb du &lt;<span style=\"color: #0000ff;\"><a style=\"color: #0000ff;\" href=\"https:\/\/www.lenouvelespritpublic.fr\/podcasts\/295\">26 d\u00e9cembre 2021<\/a><\/span>&gt;, consacr\u00e9e au Proc\u00e8s des attentats du 13 novembre 2015.<br \/>\n<\/span><\/p>\n<p><span style=\"color: #777777; font-family: Arial;\">Philippe Meyer avait invit\u00e9 <strong>Georges Salines<\/strong> qui est m\u00e9decin comme son \u00e9pouse Emmanuelle. Le couple qui a eu trois enfants, deux gar\u00e7ons et une fille, a perdu sa fille Lola, assassin\u00e9e au Bataclan.<br \/>\n<\/span><\/p>\n<p><a href=\"https:\/\/www.lemonde.fr\/attaques-a-paris\/visuel\/2015\/12\/10\/lola-salines-29-ans-enmemoire_4829310_4809495.html\"><img decoding=\"async\" class=\"alignleft\" src=\"https:\/\/lemotdujour.fr\/wp-content\/uploads\/2022\/02\/020822_2307_Mercredi9fv1.png\" alt=\"\" align=\"left\" border=\"0\" \/><\/a><span style=\"color: #777777; font-family: Arial;\">Comme pour toutes les autres victimes, \u00ab\u00a0<strong>Le Monde<\/strong>\u00a0\u00bb a consacr\u00e9 une page \u00e0 <span style=\"color: #0000ff;\">&lt;<a style=\"color: #0000ff;\" href=\"https:\/\/www.lemonde.fr\/attaques-a-paris\/visuel\/2015\/12\/10\/lola-salines-29-ans-enmemoire_4829310_4809495.html\">Lola Salines, 29 ans<\/a>&gt;<\/span><br \/>\n<\/span><\/p>\n<p><span style=\"color: #777777; font-family: Arial;\">J&rsquo;avais d\u00e9j\u00e0 \u00e9crit un mot du jour parlant de Georges Salines, c&rsquo;\u00e9tait il y a un environ un an\u00a0: \u00ab <a href=\"https:\/\/lemotdujour.fr\/?p=7939\"><span style=\"color: #0000ff;\">Il nous reste les mots<\/span><\/a> \u00bb qui est le titre d&rsquo;un ouvrage \u00e9crit par deux hommes, le premier p\u00e8re de Lola assassin\u00e9e, le second <strong>Azdyne Amimour, <\/strong>p\u00e8re d&rsquo;un des assassins<strong>.<\/strong><br \/>\n<\/span><\/p>\n<p><span style=\"color: #777777; font-family: Arial;\">Azdyne Amimour semble \u00eatre mis en difficult\u00e9 lors du proc\u00e8s. \u00ab <strong>Lib\u00e9ration<\/strong>\u00a0\u00bb \u00e9voque les doutes sur le r\u00e9cit qu&rsquo;il fait notamment sur un voyage en Syrie \u00e0 la recherche de son fils\u00a0: &lt; <span style=\"color: #0000ff;\"><a style=\"color: #0000ff;\" href=\"https:\/\/www.liberation.fr\/societe\/police-justice\/azdyne-amimour-est-il-reellement-alle-en-syrie-pour-ramener-son-fils-kamikaze-du-bataclan-20211207_3SQQWQJWGJGHJJGK3NKZJAR4PQ\/?redirected=1\">Azdyne Amimour est-il r\u00e9ellement all\u00e9 en Syrie pour ramener son fils, kamikaze du Bataclan ?<\/a><\/span>&gt;<br \/>\n<\/span><\/p>\n<p><span style=\"color: #777777; font-family: Arial;\">\u00ab\u00a0<strong>Le Monde<\/strong>\u00a0\u00bb d\u00e9crit le manque de clart\u00e9 dans ses r\u00e9ponses &lt;<span style=\"color: #0000ff;\"> <a style=\"color: #0000ff;\" href=\"https:\/\/www.lemonde.fr\/societe\/article\/2021\/12\/11\/au-proces-des-attentas-du-13-novembre-le-vain-interrogatoire-des-peres-de-deux-terroristes-du-bataclan_6105632_3224.html\">le vain interrogatoire des p\u00e8res de deux terroristes du Bataclan<\/a><\/span>&gt;<br \/>\n<\/span><\/p>\n<p><span style=\"color: #777777; font-family: Arial;\">Lors de l&rsquo;\u00e9mission de Philippe Meyer, Georges Salines est plein de bienveillance disant simplement qu&rsquo;Azdyne Amimour a des probl\u00e8mes avec sa m\u00e9moire.<br \/>\n<\/span><\/p>\n<p><span style=\"color: #777777; font-family: Arial;\">Je crois qu&rsquo;il faut \u00e9couter cette \u00e9mission. <\/span><span style=\"color: #777777; font-family: Arial;\">Georges Salines est un exemple d&rsquo;homme qui rend fier d&rsquo;appartenir \u00e0 l&rsquo;esp\u00e8ce homo sapiens, ce qui n&rsquo;est pas toujours simple, vous en conviendrez.<br \/>\n<\/span><\/p>\n<p><span style=\"color: #777777; font-family: Arial;\"><strong>David Dja\u00efz<\/strong> , un des intervenants de l&rsquo;\u00e9mission, s&rsquo;est adress\u00e9 \u00e0 lui\u00a0:<br \/>\n<\/span><\/p>\n<p style=\"margin-left: 28pt;\"><span style=\"color: #c00000; font-family: Arial;\">\u00ab\u00a0Il est difficile de trouver les mots, mais je voudrais d&rsquo;abord vous exprimer ma compassion, mon admiration et mon respect. [\u2026] J&rsquo;admire la dignit\u00e9 et la discipline avec lesquelles vous faites face, vous continuez \u00e0 vous tenir droit et \u00e0 t\u00e9moigner.\u00a0\u00bb<br \/>\n<\/span><\/p>\n<p><span style=\"color: #777777; font-family: Arial;\">Et <strong>Jean-Louis Bourlanges<\/strong> a ajout\u00e9 :<br \/>\n<\/span><\/p>\n<p style=\"margin-left: 28pt;\"><span style=\"color: #c00000; font-family: Arial;\">\u00ab\u00a0Je partage absolument ce qu&rsquo;a dit David sur le respect qu&rsquo;inspire votre attitude, cette discipline, cet effort d&rsquo;objectivation, de mise \u00e0 distance intellectuelle, tout cela est admirable. Je le dis d&rsquo;autant plus volontiers que j&rsquo;occupe le r\u00f4le de l&rsquo;homme politique dans cette \u00e9mission, et je ressens qu&rsquo;un homme politique devrait avoir le m\u00eame courage que vous, cette capacit\u00e9 de traiter intellectuellement des probl\u00e8mes aussi charg\u00e9s \u00e9motionnellement. Personnellement, je m&rsquo;en sais incapable.\u00a0\u00bb<br \/>\n<\/span><\/p>\n<p><span style=\"color: #777777; font-family: Arial;\">Je soulignerai trois moments dans l&rsquo;intervention de Georges Salines\u00a0:<br \/>\n<\/span><\/p>\n<p><span style=\"color: #777777; font-family: Arial;\">D&rsquo;abord son indulgence devant l&rsquo;erreur humaine\u00a0:<br \/>\n<\/span><\/p>\n<p style=\"margin-left: 28pt;\"><span style=\"color: #c00000; font-family: Arial;\">\u00ab\u00a0Je suis a priori plut\u00f4t indulgent face aux erreurs ou aux faiblesses des pouvoirs publics : parce que c&rsquo;est tr\u00e8s compliqu\u00e9, parce que les moyens ne sont pas l\u00e0, et parce que l&rsquo;erreur est humaine. Je ne m&rsquo;attendais pas \u00e0 ce qu&rsquo;on d\u00e9batte autant de ces probl\u00e8mes, car les assassins de nos enfants sont les terroristes, pas Fran\u00e7ois Hollande ou la police belge [\u2026]. Mais il y a tout de m\u00eame des manquements s\u00e9rieux. C\u00f4t\u00e9 fran\u00e7ais, Samy Amimour avait \u00e9t\u00e9 arr\u00eat\u00e9 et plac\u00e9 en garde-\u00e0-vie en 2012 \u00e0 cause d&rsquo;un projet de d\u00e9part en zone djihadiste. Plac\u00e9 sous contr\u00f4le judiciaire par le juge d&rsquo;instruction Marc Tr\u00e9vidic, ses papiers lui ont \u00e9t\u00e9 confisqu\u00e9s. Or, un an plus tard, il a pu quitter le territoire national avec une vraie carte d&rsquo;identit\u00e9. Soit le fonctionnaire qui a refait les papiers n&rsquo;a pas v\u00e9rifi\u00e9 dans le fichier d&rsquo;interdiction de sortie du territoire, ce qui est une faute, soit ce fichier n&rsquo;avait pas \u00e9t\u00e9 renseign\u00e9 correctement (autre faute, de la Justice cette fois), soit on ne lui a retir\u00e9 que son passeport, mais pas sa carte d&rsquo;identit\u00e9. Pour le moment, on ne sait pas quelle hypoth\u00e8se est la bonne, mais on ne peut s&#8217;emp\u00eacher de penser \u00e0 ce qui se serait pass\u00e9 si tout le monde avait fait son travail correctement \u2026<br \/>\nTout ne fonctionne pas en France, mais c&rsquo;est bien pire en Belgique. Un v\u00e9ritable d\u00e9sastre \u00e0 vrai dire. Je ne vais pas entrer dans les d\u00e9tails, d&rsquo;autant que l&rsquo;on ressent ce proc\u00e8s par phases, et je sors d&rsquo;une semaine de d\u00e9positions des enqu\u00eateurs belges, dont les d\u00e9positions ont r\u00e9v\u00e9l\u00e9 des manquements graves. Mais on ne peut pas refaire l&rsquo;Histoire, et s&rsquo;appesantir sur ces manquements ne fera pas revivre nos enfants.\u00a0\u00bb<br \/>\n<\/span><\/p>\n<p><img decoding=\"async\" class=\"alignright\" src=\"https:\/\/lemotdujour.fr\/wp-content\/uploads\/2022\/02\/020822_2307_Mercredi9fv2.jpg\" alt=\"\" align=\"left\" \/><span style=\"color: #777777; font-family: Arial;\">Ensuite cette difficult\u00e9 de comprendre comment on devient terroriste et aussi le constat que les id\u00e9ologues de Daesh ont d\u00e9cid\u00e9 d&rsquo;attaquer la France depuis longtemps non pour se venger de bombardements, mais parce qu&rsquo;ils ha\u00efssent notre mani\u00e8re de vivre :<br \/>\n<\/span><\/p>\n<p style=\"margin-left: 28pt;\"><span style=\"color: #c00000; font-family: Arial;\">\u00ab\u00a0Comment devient-on un terroriste ? C&rsquo;est la question qui me taraude depuis le d\u00e9but. Le 14 novembre, je me demandais d\u00e9j\u00e0 comment faire pour que ce qui venait de m&rsquo;arriver n&rsquo;arrive pas \u00e0 quelqu&rsquo;un d&rsquo;autre. J&rsquo;ai int\u00e9gr\u00e9 mes r\u00e9flexions \u00e0 mes livres, [\u2026] Ce que je peux faire, c&rsquo;est pr\u00eater mon concours \u00e0 des activit\u00e9s de type \u00e9ducatif. Je le fais, dans les coll\u00e8ges, les lyc\u00e9es, ou en prison. Je ne sais pas si cela sert \u00e0 quelque chose, je demande d&rsquo;ailleurs \u00e0 ce que ce soit \u00e9valu\u00e9. Mais pour que ce type d&rsquo;action soit efficace, il nous faut mieux comprendre la mani\u00e8re dont on franchit le pas du terrorisme. Le proc\u00e8s m&rsquo;apprend beaucoup, j&rsquo;ai \u00e9galement beaucoup lu et \u00e9chang\u00e9 \u00e0 ce sujet. Il n&rsquo;y a manifestement pas un mod\u00e8le unique, mais des parcours de vie tr\u00e8s diff\u00e9rents. Ce qui est frappant au proc\u00e8s, c&rsquo;est que presque tous les membres de la cellule terroriste se connaissaient. Ils \u00e9taient fr\u00e8res, cousins, vivaient \u00e0 quelques centaines de m\u00e8tres les uns des autres, fr\u00e9quentaient le m\u00eame bistrot \u2026 Il ne faut pas oublier le r\u00f4le que jouent les pr\u00e9dicateurs ou certains sites internet dans la radicalisation. Dans ces affaires-l\u00e0, il faut se garder de la na\u00efvet\u00e9, et s&rsquo;efforcer de ne pas faciliter la t\u00e2che des recruteurs. Par exemple, il est tout \u00e0 fait \u00e9vident que le discours de Daech (dans les communiqu\u00e9s revendiquant les attentats, dans les d\u00e9clarations des trois terroristes du Bataclan \u00e0 leurs victimes, et dans ce que r\u00e9p\u00e8te Salah Abdeslam \u00e0 la Cour), consistant \u00e0 dire que les attentats ne sont que des repr\u00e9sailles apr\u00e8s les bombardements fran\u00e7ais, est mensonger. C&rsquo;est absolument faux : on sait que Daech a commenc\u00e9 \u00e0 pr\u00e9parer ces attentats avant que la France ne bombarde quoi que ce soit.\u00a0\u00bb<br \/>\n<\/span><\/p>\n<p><span style=\"color: #777777; font-family: Arial;\">Enfin, quand nous renon\u00e7ons \u00e0 nos valeurs, cela ne joue aucun r\u00f4le aupr\u00e8s des id\u00e9ologues, en revanche cela leur permet de trouver beaucoup plus facilement des ex\u00e9cutants au sein de certaines franges de la communaut\u00e9 musulmane\u00a0:<br \/>\n<\/span><\/p>\n<p style=\"margin-left: 28pt;\"><span style=\"color: #c00000; font-family: Arial;\">\u00ab\u00a0Nos manquements vis-\u00e0-vis de nos propres principes peuvent faciliter le recrutement de certains \u00e0 qui l&rsquo;on monte la t\u00eate sur le th\u00e8me de la malfaisance de l&rsquo;Occident. Hugo Micheron, expert de l&rsquo;islamisme, remarquait que Guantanamo \u00e9tait du pain b\u00e9ni pour Daech. \u00c9vitons donc ce genre d&rsquo;erreur.\u00a0\u00bb<br \/>\n<\/span><\/p>\n<p><span style=\"color: #777777; font-family: Arial;\">Georges Saline a fond\u00e9 l&rsquo;association \u00ab\u00a0<a href=\"http:\/\/13onze15.org\/\"><span style=\"color: #0000ff;\">13Onze15 Fraternit\u00e9 et v\u00e9rit\u00e9<\/span><\/a><span style=\"color: #0000ff;\">\u00a0<\/span>\u00bb<br \/>\n<\/span><\/p>\n<p><span style=\"color: #777777; font-family: Arial;\">Avant d&rsquo;\u00e9crire \u00ab<span style=\"color: #0000ff;\"> <a style=\"color: #0000ff;\" href=\"https:\/\/lemotdujour.fr\/?p=7939\">Il nous reste les mots<\/a><\/span> \u00bb, il avait publi\u00e9 un livre racontant sa douleur et son combat pour la fraternit\u00e9, la v\u00e9rit\u00e9 et la justice\u00a0: \u00ab\u00a0<a href=\"https:\/\/www.seuil.com\/ouvrage\/l-indicible-de-a-a-z-georges-salines\/9782021334203\"><span style=\"color: #0000ff;\">L&rsquo;Indicible de A \u00e0 Z<\/span><\/a><span style=\"color: #0000ff;\">\u00a0<\/span>\u00bb,<br \/>\n<\/span><\/p>\n<p><span style=\"color: #777777; font-family: Arial;\">Devant la Cour d&rsquo;Assises, il a eu <a href=\"https:\/\/www.liberation.fr\/societe\/police-justice\/proces-du-13-novembre-georges-salines-plaide-pour-lhumanite-face-a-la-haine-20211023_2NY37WMKQJHFFHZ7CH6FY6TSAA\/\"><span style=\"color: #0000ff;\">ces mots<\/span>\u00a0<\/a>:<br \/>\n<\/span><\/p>\n<p style=\"margin-left: 28pt;\"><span style=\"color: #c00000; font-family: Arial;\">\u00ab J&rsquo;admire la capacit\u00e9 des victimes \u00e0 ne pas c\u00e9der \u00e0 la haine, \u00e0 ne pas faire d&rsquo;amalgames, \u00e0 croire en notre d\u00e9mocratie et en l&rsquo;Etat de droit. [\u2026] Cela redonne confiance en l&rsquo;humanit\u00e9 dont nous serions parfois tent\u00e9s de d\u00e9sesp\u00e9rer. \u00bb<br \/>\n<\/span><\/p>\n<p><span style=\"color: maroon; font-family: Arial;\">&lt;1646&gt;<\/span><\/p>\n","protected":false},"excerpt":{"rendered":"<p>\u00ab\u00a0J&rsquo;admire la capacit\u00e9 des victimes \u00e0 ne pas c\u00e9der \u00e0 la haine, \u00e0 ne pas faire d&rsquo;amalgames, \u00e0 croire en notre d\u00e9mocratie et en l&rsquo;Etat de droit. [\u2026] Cela redonne confiance en l&rsquo;humanit\u00e9 dont nous serions parfois tent\u00e9s de d\u00e9sesp\u00e9rer.\u00a0\u00bb<\/p>\n","protected":false},"author":1,"featured_media":0,"comment_status":"open","ping_status":"closed","sticky":false,"template":"","format":"standard","meta":{"footnotes":""},"categories":[1],"tags":[15,54,51],"class_list":["post-13103","post","type-post","status-publish","format-standard","hentry","category-motdujour","tag-france","tag-humanisme","tag-justice"],"_links":{"self":[{"href":"https:\/\/lemotdujour.fr\/index.php?rest_route=\/wp\/v2\/posts\/13103","targetHints":{"allow":["GET"]}}],"collection":[{"href":"https:\/\/lemotdujour.fr\/index.php?rest_route=\/wp\/v2\/posts"}],"about":[{"href":"https:\/\/lemotdujour.fr\/index.php?rest_route=\/wp\/v2\/types\/post"}],"author":[{"embeddable":true,"href":"https:\/\/lemotdujour.fr\/index.php?rest_route=\/wp\/v2\/users\/1"}],"replies":[{"embeddable":true,"href":"https:\/\/lemotdujour.fr\/index.php?rest_route=%2Fwp%2Fv2%2Fcomments&post=13103"}],"version-history":[{"count":3,"href":"https:\/\/lemotdujour.fr\/index.php?rest_route=\/wp\/v2\/posts\/13103\/revisions"}],"predecessor-version":[{"id":13107,"href":"https:\/\/lemotdujour.fr\/index.php?rest_route=\/wp\/v2\/posts\/13103\/revisions\/13107"}],"wp:attachment":[{"href":"https:\/\/lemotdujour.fr\/index.php?rest_route=%2Fwp%2Fv2%2Fmedia&parent=13103"}],"wp:term":[{"taxonomy":"category","embeddable":true,"href":"https:\/\/lemotdujour.fr\/index.php?rest_route=%2Fwp%2Fv2%2Fcategories&post=13103"},{"taxonomy":"post_tag","embeddable":true,"href":"https:\/\/lemotdujour.fr\/index.php?rest_route=%2Fwp%2Fv2%2Ftags&post=13103"}],"curies":[{"name":"wp","href":"https:\/\/api.w.org\/{rel}","templated":true}]}}