{"id":13086,"date":"2022-02-08T00:19:51","date_gmt":"2022-02-07T23:19:51","guid":{"rendered":"https:\/\/lemotdujour.fr\/?p=13086"},"modified":"2022-02-09T00:29:01","modified_gmt":"2022-02-08T23:29:01","slug":"mardi-8-fevrier-2022","status":"publish","type":"post","link":"https:\/\/lemotdujour.fr\/?p=13086","title":{"rendered":"Mardi 8 f\u00e9vrier 2022"},"content":{"rendered":"<div class=\"mdjTexte\">\u00ab\u00a0Et chaque jour je remplis un peu davantage mes cuves d&rsquo;humanit\u00e9.\u00a0\u00bb<\/div>\n<div class=\"mdjAuteur\">Aur\u00e9lie Silvestre<\/div>\n<p><span style=\"color: #777777; font-family: Arial;\">En ce moment se tient le proc\u00e8s des attentats du 13 novembre 2015. Initialement pr\u00e9vu \u00e0 partir de janvier 2021, le proc\u00e8s fut report\u00e9 en raison de la pand\u00e9mie de Covid-19.<br \/><\/span><\/p>\n<p><span style=\"color: #777777; font-family: Arial;\">Il s&rsquo;est ouvert le 8 septembre 2021 et il est pr\u00e9vu qu&rsquo;il se d\u00e9roule jusqu&rsquo;\u00e0 fin mai 2022 devant la cour d&rsquo;assises sp\u00e9ciale de Paris.<br \/><\/span><\/p>\n<p><span style=\"color: #777777; font-family: Arial;\">Ces attentats au Bataclan, contre des terrasses de caf\u00e9 de Paris et au stade de France ont entra\u00een\u00e9 la mort de 131 personnes et 413 bless\u00e9s.<br \/><\/span><\/p>\n<p><span style=\"color: #777777; font-family: Arial;\">Tous les terroristes \u00e0 l&rsquo;exception d&rsquo;un seul ont \u00e9t\u00e9 tu\u00e9s ou se sont suicid\u00e9s.<br \/><\/span><\/p>\n<p><span style=\"color: #777777; font-family: Arial;\">Le terroriste survivant et 19 complices pr\u00e9sum\u00e9s sont jug\u00e9s mais 6 d&rsquo;entre eux sont \u00ab jug\u00e9s en absence \u00bb<br \/><\/span><\/p>\n<p><span style=\"color: #777777; font-family: Arial;\">Pr\u00e9sid\u00e9e par Jean-Louis P\u00e9ri\u00e8s, cinq magistrats professionnels composent la cour d&rsquo;assises sp\u00e9ciale, trois avocats g\u00e9n\u00e9raux repr\u00e9senteront l&rsquo;accusation avec un dossier d&rsquo;instruction de 542 tomes.<br \/><\/span><\/p>\n<p><span style=\"color: #777777; font-family: Arial;\">1 765 personnes physiques et morales sont constitu\u00e9es partie civile.<br \/><\/span><\/p>\n<p><span style=\"color: #777777; font-family: Arial;\">Parmi ces 1\u00a0765 personnes, il y a <strong>Aur\u00e9lie Sylvestre.<\/strong><br \/><\/span><\/p>\n<p><span style=\"color: #777777; font-family: Arial;\"><a href=\"https:\/\/www.lemonde.fr\/attaques-a-paris\/visuel\/2015\/12\/01\/matthieu-giroud-39-ans-enmemoire_4821005_4809495.html\"><img loading=\"lazy\" decoding=\"async\" class=\"wp-image-13109 alignleft\" src=\"https:\/\/lemotdujour.fr\/wp-content\/uploads\/2022\/02\/Matthieu-Giroud.png\" alt=\"\" width=\"422\" height=\"357\" srcset=\"https:\/\/lemotdujour.fr\/wp-content\/uploads\/2022\/02\/Matthieu-Giroud.png 839w, https:\/\/lemotdujour.fr\/wp-content\/uploads\/2022\/02\/Matthieu-Giroud-300x254.png 300w, https:\/\/lemotdujour.fr\/wp-content\/uploads\/2022\/02\/Matthieu-Giroud-768x649.png 768w\" sizes=\"auto, (max-width: 422px) 100vw, 422px\" \/><\/a>Le 13 novembre 2015, <strong>Aur\u00e9lie Sylvestre<\/strong> avait 34 ans, un enfant de trois ans Gary et un b\u00e9b\u00e9 dans le ventre. Son compagnon<strong> Mathieu Giroud<\/strong>, rencontr\u00e9 15 ans plus t\u00f4t, \u00e9tait au Bataclan. Elle n&rsquo;y \u00e9tait pas all\u00e9e pour se reposer parce qu&rsquo;elle portait son b\u00e9b\u00e9.<br \/><\/span><\/p>\n<p><span style=\"color: #777777; font-family: Arial;\">Aur\u00e9lie et Mathieu savent que ce sera une petite fille, une \u00e9chographie l&rsquo;a r\u00e9v\u00e9l\u00e9 le 6 novembre. Thelma na\u00eetra quatre mois apr\u00e8s les attentats.<br \/><\/span><\/p>\n<p><span style=\"color: #777777; font-family: Arial;\">Matthieu est prof \u00e0 la fac en g\u00e9ographie et Aur\u00e9lie travaille avec une amie, cr\u00e9atrice de bijoux.<br \/><\/span><\/p>\n<p><span style=\"color: #777777; font-family: Arial;\">Elle a livr\u00e9 un t\u00e9moignage bouleversant que <strong>France Inter<\/strong> a restitu\u00e9 int\u00e9gralement.<br \/><\/span><\/p>\n<p><span style=\"color: #777777; font-family: Arial;\">Elle raconte sa vie avant, pendant et apr\u00e8s l&rsquo;attentat,<br \/><\/span><\/p>\n<p><span style=\"color: #777777; font-family: Arial;\">Pendant, un appel t\u00e9l\u00e9phonique lui avait annonc\u00e9 que Mathieu \u00e9tait vivant. Elle n&rsquo;apprendra officiellement sa mort que le 14 novembre au soir.<br \/><\/span><\/p>\n<p><span style=\"color: #777777; font-family: Arial;\">Et elle finit son r\u00e9cit en disant qu&rsquo;elle n&rsquo;osait pas venir \u00e0 ce proc\u00e8s, qu&rsquo;elle avait peur. Mais elle a trouv\u00e9 la force d&rsquo;y aller le premier jour et elle a pens\u00e9 ne pas revenir.<br \/><\/span><\/p>\n<p><span style=\"color: #777777; font-family: Arial;\">Et puis elle raconte\u00a0:<br \/><\/span><\/p>\n<p style=\"margin-left: 28pt;\"><span style=\"color: #c00000; font-family: Arial;\">\u00ab Mais je suis revenue le lendemain, et le jour d&rsquo;apr\u00e8s aussi.<br \/>Quasiment tous les jours en fait. Et petit \u00e0 petit j&rsquo;ai compris. Je viens ici pour entendre ce qu&rsquo;il se dit &#8211; et c&rsquo;est souvent tr\u00e8s dur &#8211; mais je repars plus souvent encore galvanis\u00e9e par ce qu&rsquo;il s&rsquo;y passe. Il y a dans cette salle des mains qui se touchent, des familles qui s&rsquo;\u00e9treignent, des amis qui se r\u00e9confortent.<br \/>On d\u00e9crit l&rsquo;horreur et au milieu &#8211; souvent involontairement &#8211; se glisse l&rsquo;amour, la grande amiti\u00e9, les verres partag\u00e9s sur une terrasse, le bonheur d&rsquo;\u00e9couter du son ensemble.<br \/><\/span><\/p>\n<p style=\"margin-left: 28pt;\"><span style=\"color: #c00000; font-family: Arial;\"> C&rsquo;est assez subtil mais par moments suffisamment puissant pour que j&rsquo;arrive \u00e0 sentir quelques notes du parfum de la vie d&rsquo;avant. \u00c7a ne dure souvent qu&rsquo;une seconde mais nous le savons mieux que personne ici : il y a des secondes qui contiennent des vies.<br \/><\/span><\/p>\n<p style=\"margin-left: 28pt;\"><span style=\"color: #c00000; font-family: Arial;\">\u00a0C&rsquo;est assez fou mais je crois qu&rsquo;il y a ici tout ce qui faisait de nous une cible : l&rsquo;ouverture \u00e0 l&rsquo;autre, la capacit\u00e9 d&rsquo;aimer, de r\u00e9fl\u00e9chir, de partager et c&rsquo;est incroyable de constater qu&rsquo;au milieu de tout ce qui s&rsquo;est cass\u00e9 pour nous ce soir-l\u00e0, \u00e7a &#8211; ce truc l\u00e0 &#8211; est rest\u00e9 intact je crois.<br \/>Alors je continue \u00e0 venir ici.<br \/>Et chaque jour je remplis un peu davantage mes cuves d&rsquo;humanit\u00e9.<br \/>J&rsquo;entends des histoires de h\u00e9ros de coin des rues et je les rapporte \u00e0 mes enfants le soir. Je leur raconte ce fr\u00e8re qui a sauv\u00e9 sa s\u0153ur en la plaquant au sol.<br \/>Je leur dis cet homme qui a d\u00e9cid\u00e9 de rester avec mon amie Edith quand son corps lui emp\u00eachait de se sauver et moi je ne suis pas pr\u00e8s de me remettre de l&rsquo;histoire de ce policier qui s&rsquo;est couch\u00e9 sur le terroriste pour que les otages puissent passer apr\u00e8s l&rsquo;assaut.<br \/>Je dis aussi \u00e0 mes enfants qu&rsquo;un soir, quand il se faisait tard, des parties civiles ont fait passer de la nourriture aux accus\u00e9s.<br \/>Et m\u00eame, que les avocats se sont cotis\u00e9s pour payer une bonne d\u00e9fense aux \u00ab\u00a0m\u00e9chants\u00a0\u00bb. Je peux expliquer \u00e0 mes enfants qu&rsquo;il n&rsquo;y a que ce qui est \u00e9quitable qui est juste.<br \/>L&rsquo;autre jour une de mes amies m&rsquo;a dit que cette salle \u00e9tait le pays dans lequel on voulait vivre.<br \/>Je crois qu&rsquo;elle a raison.<br \/>Je vous remercie d&rsquo;avoir pris le temps de m&rsquo;\u00e9couter. \u00bb.<br \/><\/span><\/p>\n<p><span style=\"color: #777777; font-family: Arial;\">Des hommes, car c&rsquo;\u00e9taient des hommes, souvent anciens d\u00e9linquants, ont adh\u00e9r\u00e9 \u00e0 un r\u00e9cit religieux fanatique et violent.<br \/><\/span><\/p>\n<p><span style=\"color: #777777; font-family: Arial;\">En se r\u00e9f\u00e9rant \u00e0 une organisation et des d\u00e9cisions prises par des criminels religieux venant du Moyen-Orient et se r\u00e9clamant de l&rsquo;Islam, ces monstres ont tir\u00e9 avec des armes de guerre sur des civils d\u00e9sarm\u00e9s qui vivaient une vie paisible et conviviale.<br \/><\/span><\/p>\n<p><span style=\"color: #777777; font-family: Arial;\">Notre r\u00e9ponse ne peut pas, ne doit pas se situer dans le m\u00eame registre de violence et de vengeance de ces \u00e9gar\u00e9s en voie de d\u00e9shumanisation.<br \/><\/span><\/p>\n<p><span style=\"color: #777777; font-family: Arial;\">Notre r\u00e9ponse doit \u00eatre celle du droit et de notre humanisme.<br \/><\/span><\/p>\n<p><span style=\"color: #777777; font-family: Arial;\">C&rsquo;est ce que les mots d&rsquo;Aur\u00e9lie Sylvestre expriment avec une clart\u00e9 et une \u00e9motion saisissantes.<br \/><\/span><\/p>\n<p><img decoding=\"async\" class=\"alignleft\" src=\"https:\/\/lemotdujour.fr\/wp-content\/uploads\/2022\/02\/020722_2317_Mardi8fvrie1.jpg\" alt=\"\" align=\"left\" \/><span style=\"color: #777777; font-family: Arial;\">L&rsquo;int\u00e9gralit\u00e9 de son t\u00e9moignage se trouve sur le site de France Inter &lt;<span style=\"color: #0000ff;\"><a style=\"color: #0000ff;\" href=\"https:\/\/www.franceinter.fr\/justice\/proces-du-13-novembre-in-extenso-le-temoignage-poignant-d-aurelie-dont-le-compagnon-est-mort-au-bataclan\">Je suis devenue une athl\u00e8te du deuil<\/a><\/span>&gt;<br \/><\/span><\/p>\n<p><span style=\"color: #777777; font-family: Arial;\">Elle a \u00e9crit un livre\u00a0: <a href=\"https:\/\/livre.fnac.com\/a9933851\/Aurelie-Silvestre-Nos-14-novembre\"><span style=\"color: #0000ff;\">&lt;Nos 14 novembre&gt;<\/span><\/a><br \/><\/span><\/p>\n<p><span style=\"color: #777777; font-family: Arial;\">\u00ab\u00a0<strong>L&rsquo;Humanit\u00e9<\/strong>\u00a0\u00bb a consacr\u00e9 un article \u00e0 ce livre\u00a0: <span style=\"color: #0000ff;\"><a style=\"color: #0000ff;\" href=\"https:\/\/www.humanite.fr\/la-lecon-de-vie-daurelie-silvestre-625989\">&lt;La le\u00e7on de vie d&rsquo;Aur\u00e9lie Silvestre&gt;<\/a><\/span><br \/><\/span><\/p>\n<p><span style=\"color: #777777; font-family: Arial;\">\u00ab\u00a0<strong>Elle<\/strong>\u00a0\u00bb a r\u00e9alis\u00e9 une interview \u00e0 l&rsquo;occasion de la sortie du livre\u00a0: <span style=\"color: #0000ff;\">&lt;<a style=\"color: #0000ff;\" href=\"https:\/\/www.elle.fr\/Societe\/Interviews\/Aurelie-Silvestre-a-perdu-le-pere-de-ses-2-enfants-au-Bataclan-lecon-de-survie-3335273\">le\u00e7on de survie<\/a>&gt;<\/span><br \/><\/span><\/p>\n<p><span style=\"color: #777777; font-family: Arial;\">Dans cet interview, elle dit <strong>puiser sa force dans la beaut\u00e9 de ce monde.<\/strong>\u00a0:<br \/><\/span><\/p>\n<p style=\"margin-left: 28pt;\"><span style=\"color: #c00000; font-family: Arial;\">\u00ab\u00a0C&rsquo;est ce qui me sauve. J&rsquo;ai palp\u00e9 la folie du monde, \u00e0 d\u00e9faut de la comprendre et de pouvoir l&rsquo;arr\u00eater. Le lendemain, alors que l&rsquo;homme de ma vie venait de mourir sous les balles des terroristes, j&rsquo;ai travers\u00e9 Paris pour me rendre au centre de crise de l&rsquo;\u00c9cole militaire. Ce matin-l\u00e0, j&rsquo;aurais pu ne rien voir. Et pourtant, j&rsquo;ai vu le soleil se lever sur la grande roue, place de la Concorde, c&rsquo;est un r\u00e9sidu de beaut\u00e9 qui m&rsquo;a fait basculer. \u00c0 ce moment pr\u00e9cis, j&rsquo;ai d\u00e9cid\u00e9 que j&rsquo;allais continuer \u00e0 vivre.<br \/><\/span><\/p>\n<p style=\"margin-left: 28pt;\"><span style=\"color: #c00000; font-family: Arial;\">[\u2026] Tout cela aurait pu me terrasser, m&rsquo;abattre d\u00e9finitivement, mais non. Mes enfants vont bien, je vais bien. Mon quotidien est loin d&rsquo;\u00eatre simple, mais je suis \u00ab debout \u00bb et je sais que ma capacit\u00e9 \u00e0 aimer est intacte. Elle est m\u00eame d\u00e9cupl\u00e9e.\u00a0\u00bb<br \/><\/span><\/p>\n<p><span style=\"color: #777777; font-family: Arial;\">Sur France 2, elle avait t\u00e9moign\u00e9 sur le plateau du &lt;<span style=\"color: #0000ff;\">20 heures<\/span>&gt; et a aussi \u00e9t\u00e9 interview\u00e9e dans le cadre de l&rsquo;\u00e9mission : &lt;<a href=\"https:\/\/www.youtube.com\/watch?v=vyRNrrAn3E8\"><span style=\"color: #0000ff;\">La Maison des maternelles<\/span><\/a>&gt;. <\/span><\/p>\n<p><span style=\"color: #777777; font-family: Arial;\">Vous pouvez aussi lire le t\u00e9moignage d&rsquo;Aur\u00e9lie Sylvestre devant la Cour d&rsquo;Assises derri\u00e8re ce &lt;<span style=\"color: #0000ff;\"><a style=\"color: #0000ff;\" href=\"https:\/\/lemotdujour.fr\/wp-content\/uploads\/2022\/02\/Le-temoignage-dAurelie-Sylvestre.pdf\">Lien<\/a><\/span>&gt;<br \/><\/span><\/p>\n<p><span style=\"color: maroon; font-family: Arial;\">&lt;1645&gt;<\/span><\/p>\n\n\n<p><\/p>\n","protected":false},"excerpt":{"rendered":"<p>\u00ab\u00a0Et chaque jour je remplis un peu davantage mes cuves d&rsquo;humanit\u00e9.\u00a0\u00bb Aur\u00e9lie Silvestre En ce moment se tient le proc\u00e8s des attentats du 13 novembre 2015. Initialement pr\u00e9vu \u00e0 partir de janvier 2021, le proc\u00e8s fut report\u00e9 en raison de<\/p>\n","protected":false},"author":1,"featured_media":0,"comment_status":"open","ping_status":"closed","sticky":false,"template":"","format":"standard","meta":{"footnotes":""},"categories":[1],"tags":[15,54,51],"class_list":["post-13086","post","type-post","status-publish","format-standard","hentry","category-motdujour","tag-france","tag-humanisme","tag-justice"],"_links":{"self":[{"href":"https:\/\/lemotdujour.fr\/index.php?rest_route=\/wp\/v2\/posts\/13086","targetHints":{"allow":["GET"]}}],"collection":[{"href":"https:\/\/lemotdujour.fr\/index.php?rest_route=\/wp\/v2\/posts"}],"about":[{"href":"https:\/\/lemotdujour.fr\/index.php?rest_route=\/wp\/v2\/types\/post"}],"author":[{"embeddable":true,"href":"https:\/\/lemotdujour.fr\/index.php?rest_route=\/wp\/v2\/users\/1"}],"replies":[{"embeddable":true,"href":"https:\/\/lemotdujour.fr\/index.php?rest_route=%2Fwp%2Fv2%2Fcomments&post=13086"}],"version-history":[{"count":9,"href":"https:\/\/lemotdujour.fr\/index.php?rest_route=\/wp\/v2\/posts\/13086\/revisions"}],"predecessor-version":[{"id":13110,"href":"https:\/\/lemotdujour.fr\/index.php?rest_route=\/wp\/v2\/posts\/13086\/revisions\/13110"}],"wp:attachment":[{"href":"https:\/\/lemotdujour.fr\/index.php?rest_route=%2Fwp%2Fv2%2Fmedia&parent=13086"}],"wp:term":[{"taxonomy":"category","embeddable":true,"href":"https:\/\/lemotdujour.fr\/index.php?rest_route=%2Fwp%2Fv2%2Fcategories&post=13086"},{"taxonomy":"post_tag","embeddable":true,"href":"https:\/\/lemotdujour.fr\/index.php?rest_route=%2Fwp%2Fv2%2Ftags&post=13086"}],"curies":[{"name":"wp","href":"https:\/\/api.w.org\/{rel}","templated":true}]}}