{"id":13074,"date":"2022-02-07T00:10:00","date_gmt":"2022-02-06T23:10:00","guid":{"rendered":"https:\/\/lemotdujour.fr\/?p=13074"},"modified":"2023-08-15T01:16:26","modified_gmt":"2023-08-14T23:16:26","slug":"lundi-7-fevrier-2022","status":"publish","type":"post","link":"https:\/\/lemotdujour.fr\/?p=13074","title":{"rendered":"Lundi 7 f\u00e9vrier 2022"},"content":{"rendered":"<div class=\"mdjTexte\">\u00ab Je pense donc je ne suis pas vraiment l\u00e0. .\u00bb<\/div>\n<div class=\"mdjAuteur\">Thich Nhat Hanh<\/div>\n<p><span style=\"color: #777777; font-family: Arial;\">C&rsquo;est sur les r\u00e9seaux sociaux que j&rsquo;ai appris cette nouvelle\u00a0: <strong>Thich Nhat Hanh<\/strong> s&rsquo;est \u00e9teint, \u00e0 l&rsquo;\u00e2ge de 95 ans, au Temple T\u1eeb Hi\u1ebfu \u00e0 Hu\u1ebf au Vietnam, au moment du passage du 21 au 22 Janvier 2022.<br \/>\n<\/span><\/p>\n<p><span style=\"color: #777777; font-family: Arial;\"><img loading=\"lazy\" decoding=\"async\" class=\"wp-image-13079 alignleft\" src=\"https:\/\/lemotdujour.fr\/wp-content\/uploads\/2022\/02\/thich-Nhat-Hanh01.jpg\" alt=\"\" width=\"396\" height=\"258\" srcset=\"https:\/\/lemotdujour.fr\/wp-content\/uploads\/2022\/02\/thich-Nhat-Hanh01.jpg 550w, https:\/\/lemotdujour.fr\/wp-content\/uploads\/2022\/02\/thich-Nhat-Hanh01-300x195.jpg 300w\" sizes=\"auto, (max-width: 396px) 100vw, 396px\" \/>Plusieurs amis ont relay\u00e9 cette information, ce qui m&rsquo;a conduit \u00e0 m&rsquo;int\u00e9resser \u00e0 cet homme issu de la spiritualit\u00e9 bouddhiste et qui \u00e9tait je crois, un grand sage.<br \/>\n<\/span><\/p>\n<p><span style=\"color: #777777; font-family: Arial;\">J&rsquo;aborde l&rsquo;\u00e9criture de ce mot du jour avec une \u00e9norme humilit\u00e9, celle de la vall\u00e9e qui constitue la seconde \u00e9tape de <span style=\"color: #000080;\"><a style=\"color: #000080;\" href=\"https:\/\/lemotdujour.fr\/?p=9601\"><span style=\"color: #0000ff;\">&lt;l&rsquo;effet Dunning-Kruger &gt;<\/span><\/a><\/span><br \/>\n<\/span><\/p>\n<p><span style=\"color: #777777; font-family: Arial;\">Je connais si peu de cet homme que je ne peux rien en dire de savant.<br \/>\n<\/span><\/p>\n<p><span style=\"color: #777777; font-family: Arial;\">Je sais m\u00eame que parmi celles et ceux qui lisent ces mots du jour, il en est qui en savent beaucoup plus sur lui.<br \/>\n<\/span><\/p>\n<p><span style=\"color: #777777; font-family: Arial;\">Je suis pourtant pouss\u00e9, apr\u00e8s ce que j&rsquo;ai lu et que j&rsquo;ai entendu ou vu, de recommencer mon \u00e9criture quotidienne, apr\u00e8s une longue pause, par le partage de ce que j&rsquo;ai appris et qui r\u00e9sonne en moi du message de cet homme<br \/>\n<\/span><\/p>\n<p><span style=\"color: #777777; font-family: Arial;\">Il est consid\u00e9r\u00e9 en Occident comme celui ayant introduit le concept de \u00ab\u00a0<strong>pleine conscience<\/strong>\u00a0\u00bb, \u00ab\u00a0m\u00e9ditation de la pleine conscience\u00a0\u00bb directement issu de la spiritualit\u00e9 bouddhiste.<br \/>\n<\/span><\/p>\n<p><span style=\"color: #777777; font-family: Arial;\">Pleine conscience que l&rsquo;on peut aussi appeler, il me semble, la pleine pr\u00e9sence.<br \/>\n<\/span><\/p>\n<p><span style=\"color: #777777; font-family: Arial;\">A ce stade, je vais narrer ce que j&rsquo;ai v\u00e9cu dans mon corps, un jour particulier.<br \/>\n<\/span><\/p>\n<p><span style=\"color: #777777; font-family: Arial;\">C&rsquo;\u00e9tait en janvier 2019. Le lendemain du jour o\u00f9 l&rsquo;urologue qui m&rsquo;avait annonc\u00e9, 8 ans auparavant, qu&rsquo;il me gu\u00e9rirait du cancer qui venait d&rsquo;\u00eatre diagnostiqu\u00e9, avait conc\u00e9d\u00e9 son \u00e9chec \u00e0 r\u00e9aliser sa promesse. Le cancer \u00e9tait devenu un cancer de stade 4 avec des m\u00e9tastases osseuses.<br \/>\n<\/span><\/p>\n<p><span style=\"color: #777777; font-family: Arial;\">Je me promenais dans Lyon, et mes pens\u00e9es se bousculaient dans ma t\u00eate.<br \/>\n<\/span><span style=\"color: #777777; font-family: Arial;\">Nous savons tous que nous sommes mortels, et que le rideau peut \u00eatre tir\u00e9 en quelques instants.<br \/>\n<\/span><span style=\"color: #777777; font-family: Arial;\">Mais l&rsquo;annonce de cette nouvelle m&rsquo;a conduit \u00e0 penser que mon horloge de vie avait avanc\u00e9 beaucoup plus vite que je ne le soup\u00e7onnais.<br \/>\n<\/span><span style=\"color: #777777; font-family: Arial;\">Et puis, brusquement j&rsquo;ai eu une \u00e9tonnante sensation.<br \/>\n<\/span><span style=\"color: #777777; font-family: Arial;\">Et j&rsquo;ai regard\u00e9 les arbres, les feuilles des arbres, les troncs comme jamais je ne les avais regard\u00e9s.<br \/>\n<\/span><span style=\"color: #777777; font-family: Arial;\">Je ne les ai pas rang\u00e9s dans des cases, pour dire dans ma t\u00eate ceci est un platane, ceci est un marronnier.<br \/>\n<\/span><span style=\"color: #777777; font-family: Arial;\">Non, j&rsquo;observais simplement avec intensit\u00e9 et exclusivit\u00e9 ce que mes yeux rapportaient comme images \u00e0 mon cerveau.<br \/>\n<\/span><span style=\"color: #777777; font-family: Arial;\">Je regardais de m\u00eame les humains que je croisais, les immeubles que je longeais et le ciel sous lequel je marchais.<br \/>\n<\/span><span style=\"color: #777777; font-family: Arial;\">Et, je constatais que jamais je n&rsquo;avais per\u00e7u tant de beaut\u00e9 et d&rsquo;intensit\u00e9.<br \/>\n<\/span><span style=\"color: #777777; font-family: Arial;\">Un immense calme s&rsquo;est alors empar\u00e9 de mon \u00eatre\u00a0: je vivais, j&rsquo;\u00e9tais pr\u00e9sent \u00e0 la vie.<br \/>\n<\/span><span style=\"color: #777777; font-family: Arial;\">Et fr\u00e9quemment je tente et r\u00e9ussis souvent \u00e0 retrouver cette capacit\u00e9 de pr\u00e9sence, qui passe bien s\u00fbr par le fait de se centrer sur sa respiration et l&rsquo;inspiration profonde.<br \/>\n<\/span><span style=\"color: #777777; font-family: Arial;\">Depuis cette r\u00e9v\u00e9lation, je suis calme et je vis avec bonheur tout le reste de ce que je vais avoir la gr\u00e2ce de vivre.<br \/>\n<\/span><\/p>\n<p><span style=\"color: #777777; font-family: Arial;\">Alors je suis particuli\u00e8rement attentif et r\u00e9ceptif quand je lis ce que dit <strong>Thich Nhat Hanh<\/strong><br \/>\n<\/span><\/p>\n<p style=\"margin-left: 28pt;\"><span style=\"color: #c00000; font-family: Arial;\">\u00ab\u00a0On peut manger dans la pleine conscience<br \/>\nOn peut se brosser les dents dans la pleine conscience<br \/>\nOn peut marcher dans la pleine conscience<br \/>\nOn peut prendre une douche dans la peine conscience<br \/>\nOn peut conduire sa voiture dans la pleine conscience<br \/>\nEt comme cela ont vit chaque moment de sa vie quotidienne en profondeur, chaque moment qui nous est donn\u00e9 \u00e0 vivre. La qualit\u00e9 de la vie.\u00a0\u00bb<br \/>\n<\/span><\/p>\n<p><span style=\"color: #777777; font-family: Arial;\">Il le dit par exemple dans cette \u00e9mission bouddhiste sur France 2 qui avait rapport\u00e9 des \u00e9changes lors d&rsquo;un rassemblement sur le parvis de la D\u00e9fense que Thich Nhat Hanh avait anim\u00e9\u00a0: &lt;<a href=\"https:\/\/www.youtube.com\/watch?v=wLEmw10_QoQ\"><span style=\"color: #0000ff;\">La marche inspirante<\/span><\/a>&gt;.<br \/>\n<\/span><\/p>\n<p><span style=\"color: #777777; font-family: Arial;\">Un peu plus loin il prend notre vieux <strong>Descartes<\/strong>, celui du \u00ab\u00a0cogito ergo sum\u00a0\u00bb, \u00ab\u00a0je pense donc je suis\u00a0\u00bb \u00e0 contre-pied\u00a0:<br \/>\n<\/span><\/p>\n<p style=\"margin-left: 28pt;\"><span style=\"color: #c00000; font-family: Arial;\">\u00ab\u00a0On pense beaucoup, mais nos pens\u00e9es ne sont pas (toujours] tr\u00e8s productives<br \/>\n<\/span><span style=\"color: #c00000; font-family: Arial;\"><strong>Je pense donc je ne suis pas vraiment l\u00e0.<br \/>\n<\/strong><\/span><span style=\"color: #c00000; font-family: Arial;\">Je pense donc je suis perdu dans ma pens\u00e9e.\u00a0\u00bb<br \/>\n<\/span><\/p>\n<p><span style=\"color: #777777; font-family: Arial;\">Il ne remet pas en cause le g\u00e9nie cart\u00e9sien et la capacit\u00e9 de l&rsquo;homme \u00e0 penser, \u00e0 imaginer, \u00e0 cr\u00e9er et \u00e0 construire.<br \/>\n<\/span><\/p>\n<p><span style=\"color: #777777; font-family: Arial;\"><img loading=\"lazy\" decoding=\"async\" class=\"wp-image-13082 alignleft\" src=\"https:\/\/lemotdujour.fr\/wp-content\/uploads\/2022\/02\/Thich-Nhat-Hanh-et-le-Dalai-Lama.jpg\" alt=\"\" width=\"431\" height=\"288\" srcset=\"https:\/\/lemotdujour.fr\/wp-content\/uploads\/2022\/02\/Thich-Nhat-Hanh-et-le-Dalai-Lama.jpg 1000w, https:\/\/lemotdujour.fr\/wp-content\/uploads\/2022\/02\/Thich-Nhat-Hanh-et-le-Dalai-Lama-300x200.jpg 300w, https:\/\/lemotdujour.fr\/wp-content\/uploads\/2022\/02\/Thich-Nhat-Hanh-et-le-Dalai-Lama-768x513.jpg 768w\" sizes=\"auto, (max-width: 431px) 100vw, 431px\" \/>Il parle simplement de cette pollution des pens\u00e9es qui se bousculent si souvent dans nos t\u00eates et nous emp\u00eachent d&rsquo;\u00eatre pr\u00e9sent \u00e0 nous m\u00eame et d&rsquo;\u00eatre pr\u00e9sent aux autres.<br \/>\n<\/span><\/p>\n<p><span style=\"color: #777777; font-family: Arial;\">J&rsquo;ai lu dans plusieurs articles qu&rsquo;il \u00e9tait la figure la plus connue du bouddhisme apr\u00e8s le Dala\u00ef Lama<br \/>\n<\/span><\/p>\n<p><span style=\"color: #777777; font-family: Arial;\">Il est n\u00e9 en 1926 \u00e0 Hu\u00e9 qui faisait alors partie du protectorat fran\u00e7ais d&rsquo;Annam en Indochine fran\u00e7aise Il sera ordonn\u00e9 moine \u00e0 16 ans.<br \/>\n<\/span><\/p>\n<p><span style=\"color: #777777; font-family: Arial;\"><img loading=\"lazy\" decoding=\"async\" class=\" wp-image-13081 alignright\" src=\"https:\/\/lemotdujour.fr\/wp-content\/uploads\/2022\/02\/037-31-May-1966-Chicago-Sheraton-Hotel-ThichNH-with-MLK.jpg\" alt=\"\" width=\"431\" height=\"288\" srcset=\"https:\/\/lemotdujour.fr\/wp-content\/uploads\/2022\/02\/037-31-May-1966-Chicago-Sheraton-Hotel-ThichNH-with-MLK.jpg 590w, https:\/\/lemotdujour.fr\/wp-content\/uploads\/2022\/02\/037-31-May-1966-Chicago-Sheraton-Hotel-ThichNH-with-MLK-300x200.jpg 300w\" sizes=\"auto, (max-width: 431px) 100vw, 431px\" \/>Il tentera toute sa vie \u00e0 \u0153uvrer pour la paix. En 1966, rencontrant le leader de la lutte pour les droits civiques <strong>Martin Luther King<\/strong>, il se joint \u00e0 ses appels \u00e0 mettre fin \u00e0 la guerre du Vietnam. Cet appel d\u00e9plut aux autorit\u00e9s vietnamiennes qui lui interdirent \u00e0 rentrer dans son pays.<br \/>\n<\/span><\/p>\n<p><span style=\"color: #777777; font-family: Arial;\">En 1967, Martin Luther King proposera son nom pour le Prix Nobel de la Paix, soutenant dans une lettre adress\u00e9e au comit\u00e9 que \u00ab\u00a0<span style=\"color: #c00000;\">ce doux moine bouddhiste<span style=\"color: #777777;\">\u00a0\u00bb \u00e9tait \u00ab\u00a0<span style=\"color: #c00000;\">un \u00e9rudit aux immenses capacit\u00e9s intellectuelles<span style=\"color: #777777;\">\u00a0\u00bb.<br \/>\n<\/span><\/span><\/span><\/span><\/span><\/p>\n<p><span style=\"color: #777777; font-family: Arial;\">A partir de 1966 il se r\u00e9fugie en France et continuera \u00e0 pratiquer son enseignement \u00e0 partir de notre pays.<br \/>\n<\/span><\/p>\n<p><span style=\"color: #777777; font-family: Arial;\">En 1982, il \u00e9tablit, en Dordogne le monast\u00e8re du <a href=\"https:\/\/plumvillage.org\/fr\/\"><span style=\"color: #0000ff;\">village des pruniers<\/span><\/a><span style=\"color: #0000ff;\">.<\/span> Le village des pruniers est le plus grand monast\u00e8re bouddhiste d&rsquo;Europe et d&rsquo;Am\u00e9rique, avec plus de 200 moines et plus de 10 000 visiteurs par an.<br \/>\n<\/span><\/p>\n<p><span style=\"color: #777777; font-family: Arial;\">France 3 Nouvel-Aquitaine a r\u00e9alis\u00e9 un reportage en 2001 sur le &lt;<a href=\"https:\/\/www.youtube.com\/watch?v=bzWxelNJKcQ\"><span style=\"color: #0000ff;\">Village des pruniers<\/span><\/a>&gt;.<br \/>\n<\/span><\/p>\n<p><span style=\"color: #777777; font-family: Arial;\">Parall\u00e8lement \u00e0 son action spirituelle il a poursuivi une action sociale pour construire des \u00e9coles et des h\u00f4pitaux.<br \/>\n<\/span><\/p>\n<p><span style=\"color: #777777; font-family: Arial;\">Le Viet Nam l&rsquo;a autoris\u00e9 \u00e0 revisiter son pays en 2005.<br \/>\n<\/span><\/p>\n<p><span style=\"color: #777777; font-family: Arial;\">En 2014, il a subi un accident vasculaire c\u00e9r\u00e9bral depuis lequel, il ne pouvait plus ni parler, ni se d\u00e9placer. En 2018, les autorit\u00e9s vietnamiennes l&rsquo;ont autoris\u00e9 \u00e0 revenir pour finir sa vie dans son monast\u00e8re originelle, c&rsquo;est l\u00e0 qu&rsquo;il a quitt\u00e9 la communaut\u00e9 des vivants en janvier 2022.<br \/>\n<\/span><\/p>\n<p><span style=\"color: #777777; font-family: Arial;\">Depuis 2019, je vais r\u00e9guli\u00e8rement consulter un m\u00e9decin asiatique, d&rsquo;origine vietnamienne. J&rsquo;ai la conviction, en effet, qu&rsquo;il est utile de compl\u00e9ter la puissante et cibl\u00e9e m\u00e9decine occidentale par une m\u00e9decine holistique, c&rsquo;est-\u00e0-dire qui est plus douce et prend davantage en compte l&rsquo;ensemble du corps et son \u00e9quilibre.<br \/>\n<\/span><\/p>\n<p><span style=\"color: #777777; font-family: Arial;\">Ce m\u00e9decin est un disciple spirituel de Thich Nhat Hanh. Je lui ai demand\u00e9 de me conseiller un livre, parmi la tr\u00e8s nombreuse production, de son guide spirituel me permettant d&rsquo;acc\u00e9der un peu \u00e0 sa pens\u00e9e.<br \/>\n<\/span><\/p>\n<p><span style=\"color: #777777; font-family: Arial;\">Il a choisi \u00ab\u00a0<strong>Il n&rsquo;y a ni mort, ni peur<\/strong>\u00a0\u00bb<br \/>\n<\/span><\/p>\n<p><span style=\"color: #777777; font-family: Arial;\">Ce livre s&rsquo;inscrit totalement dans le r\u00e9cit spirituel bouddhiste qui m&rsquo;est \u00e9tranger, mais il distille aussi des paroles de sagesse et une invitation \u00e0 la m\u00e9ditation en pleine conscience m\u00eame si on n&rsquo;adh\u00e8re pas \u00e0 la spiritualit\u00e9 bouddhiste<br \/>\n<\/span><\/p>\n<p><span style=\"color: #777777; font-family: Arial;\">Il \u00e9crit d&rsquo;ailleurs cet avertissement que je trouve remarquablement inspirant et qui devrait aussi inspirer les tenants des religions monoth\u00e9istes qui sont parfois tr\u00e8s \u00e9loign\u00e9s de cette sagesse de vie\u00a0:<br \/>\n<\/span><\/p>\n<p style=\"margin-left: 28pt;\"><span style=\"color: #c00000; font-family: Arial;\">\u00ab\u00a0Le Bouddha nous a conseill\u00e9 de ne pas consid\u00e9rer des enseignements comme vrais uniquement parce qu&rsquo;un ma\u00eetre c\u00e9l\u00e8bre les enseigne ou qu&rsquo;on les a trouv\u00e9s dans des livres saints. Cela vaut aussi pour le canon bouddhiste. Nous ne pouvons accepter que les enseignements que nous avons mis en pratique avec notre propre compr\u00e9hension \u00e9veill\u00e9e, ceux dont nous avons pu nous rendre compte qu&rsquo;ils \u00e9taient vrais de notre propre exp\u00e9rience.\u00a0\u00bb<br \/>\n<em>\u00ab\u00a0Il n&rsquo;y a ni mort, ni peur\u00a0\u00bb page 94<br \/>\n<\/em><\/span><\/p>\n<p><span style=\"color: #777777; font-family: Arial;\">Dans cette &lt; <a href=\"https:\/\/www.youtube.com\/watch?v=5JIjyJKtBFo\"><span style=\"color: #0000ff;\">Introduction lors de la Retraite pour les Enseignants et \u00c9ducateurs | 2014 10 27<\/span><\/a> &gt; qui a eu lieu quelques semaines avant son AVC qui lui enl\u00e8vera la parole il revient sur la relation entre la respiration profonde et la vie, je veux dire de se sentir pleinement vivant\u00a0:<br \/>\n<\/span><\/p>\n<p style=\"margin-left: 28pt;\"><span style=\"color: #c00000; font-family: Arial;\">\u00ab\u00a0L&rsquo;inspiration permet d&rsquo;arr\u00eater de penser<br \/>\n<\/span><span style=\"color: #c00000; font-family: Arial;\">L&rsquo;inspiration peut donner beaucoup de joie.<br \/>\n<\/span><span style=\"color: #c00000; font-family: Arial;\">Inspirer signifie qu&rsquo;on est vivant.<br \/>\n<\/span><span style=\"color: #c00000; font-family: Arial;\">Et \u00eatre vivant c&rsquo;est un miracle.<br \/>\n<\/span><span style=\"color: #c00000; font-family: Arial;\">Le plus grand miracle du monde<br \/>\n<\/span><span style=\"color: #c00000; font-family: Arial;\">Quand vous inspirez vous revenez vers votre corps.<br \/>\n<\/span><span style=\"color: #c00000; font-family: Arial;\">Souvent votre corps est l\u00e0, mais votre esprit est ailleurs, dans le pass\u00e9, dans le futur, dans vos projets, dans votre col\u00e8re.<\/span><span style=\"color: #c00000; font-family: Arial;\">Corps et esprit ne sont pas ensemble et alors vous n&rsquo;\u00eates pas vraiment vivant, pas vraiment l\u00e0.\u00a0\u00bb<br \/>\n<\/span><\/p>\n<p><span style=\"color: #777777; font-family: Arial;\">Dans cet enseignement il explique aussi longuement ce que peut \u00eatre une \u00ab\u00a0parole aimante\u00a0\u00bb qui s&rsquo;ouvre totalement \u00e0 l&rsquo;autre et une \u00ab\u00a0\u00e9coute compassionnelle\u00a0\u00bb qui recueille le t\u00e9moignage de l&rsquo;autre sans jugement simplement pour permettre l&rsquo;expression en totale confiance<br \/>\n<\/span><\/p>\n<p><span style=\"color: #777777; font-family: Arial;\">Dans la spiritualit\u00e9 dans laquelle s&rsquo;inscrit Thich Nhat Hanh tout se trouve dans la continuit\u00e9\u00a0: la vraie nature de l&rsquo;homme est dans la non naissance et la non-mort. L&rsquo;\u00eatre existait avant la naissance, il n&rsquo;est pas cr\u00e9\u00e9 par la naissance et il ne disparait pas par la mort.<br \/>\n<\/span><\/p>\n<p><span style=\"color: #777777; font-family: Arial;\">Thich Nhat Hanh a ainsi \u00e9crit ce po\u00e8me\u00a0:<br \/>\n<\/span><\/p>\n<p style=\"margin-left: 28pt;\"><span style=\"color: #c00000; font-family: Arial;\"><img loading=\"lazy\" decoding=\"async\" class=\" wp-image-13083 alignright\" src=\"https:\/\/lemotdujour.fr\/wp-content\/uploads\/2022\/02\/thich-Nhat-Hanh02.jpg\" alt=\"\" width=\"381\" height=\"381\" srcset=\"https:\/\/lemotdujour.fr\/wp-content\/uploads\/2022\/02\/thich-Nhat-Hanh02.jpg 526w, https:\/\/lemotdujour.fr\/wp-content\/uploads\/2022\/02\/thich-Nhat-Hanh02-300x300.jpg 300w, https:\/\/lemotdujour.fr\/wp-content\/uploads\/2022\/02\/thich-Nhat-Hanh02-150x150.jpg 150w, https:\/\/lemotdujour.fr\/wp-content\/uploads\/2022\/02\/thich-Nhat-Hanh02-230x230.jpg 230w, https:\/\/lemotdujour.fr\/wp-content\/uploads\/2022\/02\/thich-Nhat-Hanh02-365x365.jpg 365w\" sizes=\"auto, (max-width: 381px) 100vw, 381px\" \/>\u00ab\u00a0Ce corps n&rsquo;est pas moi.<br \/>\nJe ne suis pas limit\u00e9 par ce corps.<br \/>\nJe suis la vie sans limites.<br \/>\nJe ne suis jamais n\u00e9 et jamais ne mourrai.<br \/>\nRegarde le vaste oc\u00e9an et le ciel immense l\u00e0-haut<br \/>\n\u00c9tincelant de milliers d&rsquo;\u00e9toiles.<br \/>\nTout n&rsquo;est que la manifestation de mon esprit.<br \/>\nDepuis toujours, je suis libre.<br \/>\nNaissance et mort ne sont que jeu de cache-cache,<br \/>\nPortes d&rsquo;entr\u00e9e et de sortie.<br \/>\nPrends ma main et rions tous les deux.<br \/>\nCeci n&rsquo;est qu&rsquo;un au revoir.<br \/>\nNous nous reverrons encore.<br \/>\nNous ne cessons de nous rencontrer<br \/>\nAujourd&rsquo;hui et demain<br \/>\nA notre source et \u00e0 chaque instant<br \/>\nSous toutes les formes de la vie.\u00a0\u00bb<br \/>\n<em>Extrait de \u00ab\u00a0C\u00e9r\u00e9monie du c\u0153ur\u00a0\u00bb (Ed. Sully 2010)<\/em><br \/>\n<\/span><\/p>\n<p><span style=\"color: #777777; font-family: Arial;\">Un \u00eatre de lumi\u00e8re et de spiritualit\u00e9 qui me semble avoir cette qualit\u00e9 rare : savoir parler \u00e0 tous, quelles que soient leurs croyances ou non croyances et qui s&rsquo;adresse \u00e0 ce qu&rsquo;il y a de plus profond en l&rsquo;homme.<\/span><\/p>\n<p><span style=\"color: #800000;\">&lt;1644&gt;<\/span><\/p>\n","protected":false},"excerpt":{"rendered":"<p>\u00ab Je pense donc je ne suis pas vraiment l\u00e0. .\u00bb Thich Nhat Hanh C&rsquo;est sur les r\u00e9seaux sociaux que j&rsquo;ai appris cette nouvelle\u00a0: Thich Nhat Hanh s&rsquo;est \u00e9teint, \u00e0 l&rsquo;\u00e2ge de 95 ans, au Temple T\u1eeb Hi\u1ebfu \u00e0 Hu\u1ebf<\/p>\n","protected":false},"author":1,"featured_media":0,"comment_status":"open","ping_status":"closed","sticky":false,"template":"","format":"standard","meta":{"footnotes":""},"categories":[1],"tags":[80,29,54,212],"class_list":["post-13074","post","type-post","status-publish","format-standard","hentry","category-motdujour","tag-asie","tag-hommage","tag-humanisme","tag-spiritualite"],"_links":{"self":[{"href":"https:\/\/lemotdujour.fr\/index.php?rest_route=\/wp\/v2\/posts\/13074","targetHints":{"allow":["GET"]}}],"collection":[{"href":"https:\/\/lemotdujour.fr\/index.php?rest_route=\/wp\/v2\/posts"}],"about":[{"href":"https:\/\/lemotdujour.fr\/index.php?rest_route=\/wp\/v2\/types\/post"}],"author":[{"embeddable":true,"href":"https:\/\/lemotdujour.fr\/index.php?rest_route=\/wp\/v2\/users\/1"}],"replies":[{"embeddable":true,"href":"https:\/\/lemotdujour.fr\/index.php?rest_route=%2Fwp%2Fv2%2Fcomments&post=13074"}],"version-history":[{"count":4,"href":"https:\/\/lemotdujour.fr\/index.php?rest_route=\/wp\/v2\/posts\/13074\/revisions"}],"predecessor-version":[{"id":13084,"href":"https:\/\/lemotdujour.fr\/index.php?rest_route=\/wp\/v2\/posts\/13074\/revisions\/13084"}],"wp:attachment":[{"href":"https:\/\/lemotdujour.fr\/index.php?rest_route=%2Fwp%2Fv2%2Fmedia&parent=13074"}],"wp:term":[{"taxonomy":"category","embeddable":true,"href":"https:\/\/lemotdujour.fr\/index.php?rest_route=%2Fwp%2Fv2%2Fcategories&post=13074"},{"taxonomy":"post_tag","embeddable":true,"href":"https:\/\/lemotdujour.fr\/index.php?rest_route=%2Fwp%2Fv2%2Ftags&post=13074"}],"curies":[{"name":"wp","href":"https:\/\/api.w.org\/{rel}","templated":true}]}}