{"id":13062,"date":"2021-12-24T03:02:00","date_gmt":"2021-12-24T02:02:00","guid":{"rendered":"https:\/\/lemotdujour.fr\/?p=13062"},"modified":"2022-01-29T22:49:57","modified_gmt":"2022-01-29T21:49:57","slug":"vendredi-24-decembre-2021","status":"publish","type":"post","link":"https:\/\/lemotdujour.fr\/?p=13062","title":{"rendered":"Vendredi 24 d\u00e9cembre 2021"},"content":{"rendered":"<div class=\"mdjTexte\">\u00ab Le mot du jour est en cong\u00e9.\u00bb<\/div>\n<div class=\"mdjAuteur\">Il reviendra le 8 f\u00e9vrier<\/div>\n<p><span style=\"color: #777777; font-family: Arial;\">Lors de la p\u00e9riode de fin d&rsquo;ann\u00e9e, il n&rsquo;y a pas le temps de lire des mots du jour et pas non plus pour les \u00e9crire<\/span><span style=\"font-family: Times New Roman;\"><br \/>\n<\/span><\/p>\n<p><img loading=\"lazy\" decoding=\"async\" class=\"wp-image-13063 alignleft\" src=\"https:\/\/lemotdujour.fr\/wp-content\/uploads\/2021\/12\/Chat-sapin.jpg\" alt=\"\" width=\"441\" height=\"292\" srcset=\"https:\/\/lemotdujour.fr\/wp-content\/uploads\/2021\/12\/Chat-sapin.jpg 630w, https:\/\/lemotdujour.fr\/wp-content\/uploads\/2021\/12\/Chat-sapin-300x199.jpg 300w\" sizes=\"auto, (max-width: 441px) 100vw, 441px\" \/><\/p>\n<p><span style=\"color: #777777;\">Il me semble donc l\u00e9gitime d&rsquo;entamer une tr\u00eave de No\u00ebl qu&rsquo;il me faut bien sur \u00e9tendre un peu pour me reposer.<br \/>\n<\/span><\/p>\n<p><span style=\"color: #777777;\">C&rsquo;est le second No\u00ebl o\u00f9 le COVID plane sur ces f\u00eates avec sa dose d&rsquo;incertitude, d&rsquo;inqui\u00e9tude et pour certains d&rsquo;incompr\u00e9hension et de col\u00e8re. Je n&rsquo;ai pas la r\u00e9ponse \u00e0 tous ces myst\u00e8res, mais autant que possible je vous souhaite de belles f\u00eates o\u00f9 l&rsquo;essentiel sera en capacit\u00e9 de l&#8217;emporter sur le futile et l&rsquo;accessoire.<br \/>\n<\/span><\/p>\n<p><span style=\"color: #777777;\">\u00a0<\/span><\/p>\n<p><span style=\"color: #800000;\">&lt;mot sans num\u00e9ro&gt;<\/span><\/p>\n","protected":false},"excerpt":{"rendered":"<p>\u00ab Le mot du jour est en cong\u00e9.\u00bb Il reviendra le 8 f\u00e9vrier Lors de la p\u00e9riode de fin d&rsquo;ann\u00e9e, il n&rsquo;y a pas le temps de lire des mots du jour et pas non plus pour les \u00e9crire Il<\/p>\n","protected":false},"author":1,"featured_media":0,"comment_status":"open","ping_status":"closed","sticky":false,"template":"","format":"standard","meta":{"footnotes":""},"categories":[1],"tags":[],"class_list":["post-13062","post","type-post","status-publish","format-standard","hentry","category-motdujour"],"_links":{"self":[{"href":"https:\/\/lemotdujour.fr\/index.php?rest_route=\/wp\/v2\/posts\/13062","targetHints":{"allow":["GET"]}}],"collection":[{"href":"https:\/\/lemotdujour.fr\/index.php?rest_route=\/wp\/v2\/posts"}],"about":[{"href":"https:\/\/lemotdujour.fr\/index.php?rest_route=\/wp\/v2\/types\/post"}],"author":[{"embeddable":true,"href":"https:\/\/lemotdujour.fr\/index.php?rest_route=\/wp\/v2\/users\/1"}],"replies":[{"embeddable":true,"href":"https:\/\/lemotdujour.fr\/index.php?rest_route=%2Fwp%2Fv2%2Fcomments&post=13062"}],"version-history":[{"count":2,"href":"https:\/\/lemotdujour.fr\/index.php?rest_route=\/wp\/v2\/posts\/13062\/revisions"}],"predecessor-version":[{"id":13073,"href":"https:\/\/lemotdujour.fr\/index.php?rest_route=\/wp\/v2\/posts\/13062\/revisions\/13073"}],"wp:attachment":[{"href":"https:\/\/lemotdujour.fr\/index.php?rest_route=%2Fwp%2Fv2%2Fmedia&parent=13062"}],"wp:term":[{"taxonomy":"category","embeddable":true,"href":"https:\/\/lemotdujour.fr\/index.php?rest_route=%2Fwp%2Fv2%2Fcategories&post=13062"},{"taxonomy":"post_tag","embeddable":true,"href":"https:\/\/lemotdujour.fr\/index.php?rest_route=%2Fwp%2Fv2%2Ftags&post=13062"}],"curies":[{"name":"wp","href":"https:\/\/api.w.org\/{rel}","templated":true}]}}