{"id":13053,"date":"2021-12-22T00:02:00","date_gmt":"2021-12-21T23:02:00","guid":{"rendered":"https:\/\/lemotdujour.fr\/?p=13053"},"modified":"2021-12-22T00:00:53","modified_gmt":"2021-12-21T23:00:53","slug":"mercredi-22-decembre-2021","status":"publish","type":"post","link":"https:\/\/lemotdujour.fr\/?p=13053","title":{"rendered":"Mercredi 22 d\u00e9cembre 2021"},"content":{"rendered":"<div class=\"mdjTexte\">\u00ab D\u00e9battre est un verbe qui d\u00e9signe ce qu&rsquo;il faut faire pour ne pas se battre ! \u00bb<\/div>\n<div class=\"mdjAuteur\">Etienne Klein<\/div>\n<p><span style=\"color: #777777; font-family: Arial;\">C&rsquo;est dans son interview \u00e0 Thinkerview que j&rsquo;ai cit\u00e9 lors du mot du jour du &lt;<span style=\"color: #0000ff;\"><a style=\"color: #0000ff;\" href=\"https:\/\/lemotdujour.fr\/?p=13001\">15 d\u00e9cembre 2021<\/a> <\/span>&gt; qu&rsquo;Etienne Klein a cit\u00e9 cette phrase pleine de sens.<br \/>\n<\/span><br \/>\n<span style=\"color: #777777; font-family: Arial;\">Armer, cela signifie qu&rsquo;on donne des armes pour aller faire la guerre ou une autre activit\u00e9 qui utilise des armes.<br \/>\n<\/span><br \/>\n<span style=\"color: #777777; font-family: Arial;\"><strong>D\u00e9<\/strong>sarmer, c&rsquo;est enlever les armes.<br \/>\n<\/span><br \/>\n<span style=\"color: #777777; font-family: Arial;\">Miner un terrain, c&rsquo;est mettre des mines pour le rendre infranchissable et dangereux.<br \/>\n<\/span><br \/>\n<span style=\"color: #777777; font-family: Arial;\"><strong>D\u00e9<\/strong>miner, c&rsquo;est enlever les mines\u00a0!<br \/>\n<\/span><br \/>\n<span style=\"color: #777777; font-family: Arial;\">Stresser, c&rsquo;est cr\u00e9er de la tension, une angoisse.<br \/>\n<\/span><br \/>\n<span style=\"color: #777777; font-family: Arial;\"><strong>D\u00e9<\/strong>stresser, c&rsquo;est enlever la tension et l&rsquo;angoisse\u00a0!<br \/>\n<\/span><br \/>\n<span style=\"color: #777777; font-family: Arial;\">Et donc <strong>D\u00e9<\/strong>battre, c&rsquo;est ne pas se battre, enlever de l&rsquo;\u00e9change ce moyen d&rsquo;interaction qui consiste \u00e0 se battre pour soumettre l&rsquo;autre. C&rsquo;est argumenter, \u00e9couter l&rsquo;autre, se donner la facult\u00e9 d&rsquo;\u00e9voluer en fonction des arguments de celui avec qui on d\u00e9bat et on ne se bat pas.<br \/>\n<\/span><br \/>\n<span style=\"color: #777777; font-family: Arial;\">Ce n&rsquo;est certainement pas, faire cohabiter deux monologues qui ne se rencontrent jamais.<br \/>\n<\/span><br \/>\n<span style=\"color: #777777; font-family: Arial;\">L&rsquo;\u00e9change a lieu, dans l&rsquo;\u00e9mission, \u00e0 environ une demi-heure de la fin. Le journaliste de Thinkerview pose d&rsquo;abord cette question \u00e0 Etienne Klein : <\/span><span style=\"color: #777777; font-family: Arial;\">\u00ab\u00a0<strong>Selon vous dans quelle Direction se dirige la science ? Quel serait son but ultime, envers la soci\u00e9t\u00e9 ?<\/strong>\u00a0\u00bb<br \/>\n<\/span><\/p>\n<p style=\"margin-left: 28pt;\"><span style=\"color: #c00000; font-family: Arial;\">\u00ab\u00a0C&rsquo;est \u00e0 la Soci\u00e9t\u00e9 de r\u00e9pondre\u00a0!<br \/>\nC&rsquo;est \u00e0 soci\u00e9t\u00e9 de d\u00e9cider du type de compagnonnage qu&rsquo;elle entend mener avec les nouvelles technologies rendues possible par la Science.<br \/>\n<\/span><\/p>\n<p style=\"margin-left: 28pt;\"><span style=\"color: #c00000; font-family: Arial;\">Pendant longtemps la science a \u00e9t\u00e9 ench\u00e2ss\u00e9e dans l&rsquo;id\u00e9e du progr\u00e8s, la science est le moteur du progr\u00e8s.<br \/>\n<\/span><\/p>\n<p style=\"margin-left: 28pt;\"><span style=\"color: #c00000; font-family: Arial;\">Le mot progr\u00e8s a disparu, on l&rsquo;a remplac\u00e9 par le mot innovation.<br \/>\n<\/span><\/p>\n<p style=\"margin-left: 28pt;\"><span style=\"color: #c00000; font-family: Arial;\">Et enfin, on a compris une chose essentielle, c&rsquo;est que la science produit des connaissances qui ont de la valeur, mais elle produit aussi de l&rsquo;incertitude.<br \/>\n<\/span><\/p>\n<p style=\"margin-left: 28pt;\"><span style=\"color: #c00000; font-family: Arial;\">La science ne nous dit pas ce que nous devons faire des possibilit\u00e9s qu&rsquo;elle nous donne.<br \/>\n<\/span><\/p>\n<p style=\"margin-left: 28pt;\"><span style=\"color: #c00000; font-family: Arial;\">Il faut donc en discuter, mais c&rsquo;est tr\u00e8s difficile d&rsquo;en discuter parce qu&rsquo;on observe une sorte de d\u00e9corr\u00e9lation entre la militance et la comp\u00e9tence.<br \/>\n<\/span><\/p>\n<p style=\"margin-left: 28pt;\"><span style=\"color: #c00000; font-family: Arial;\">Les gens militants pour ou contre ne sont pas forc\u00e9ment tr\u00e8s comp\u00e9tents.<br \/>\n<\/span><\/p>\n<p style=\"margin-left: 28pt;\"><span style=\"color: #c00000; font-family: Arial;\">Et les gens comp\u00e9tents et mod\u00e9r\u00e9s s&rsquo;expriment peu.<br \/>\n<\/span><\/p>\n<p style=\"margin-left: 28pt;\"><span style=\"color: #c00000; font-family: Arial;\">C&rsquo;est pourquoi je pense que les gens mod\u00e9r\u00e9s doivent s&rsquo;engager sans mod\u00e9ration pour que les d\u00e9bats aient lieu ! <\/span><span style=\"color: #c00000; font-family: Arial;\">[Pour \u00e9viter] que ce soit des affrontements st\u00e9riles, avec des positions assez radicales.<br \/>\n<\/span><\/p>\n<p style=\"margin-left: 28pt;\"><span style=\"color: #c00000; font-family: Arial;\">Ma r\u00e9ponse \u00e0 la question est\u00a0: que la science ouvre les champs du possible et elle ferme aussi des portes, elle dit qu&rsquo;il y a des choses impossibles\u00a0!<br \/>\n<\/span><\/p>\n<p style=\"margin-left: 28pt;\"><span style=\"color: #c00000; font-family: Arial;\">Il y a des choses qu&rsquo;elle nous permet de faire.<br \/>\n<\/span><\/p>\n<p style=\"margin-left: 28pt;\"><span style=\"color: #c00000; font-family: Arial;\">La question est qu&rsquo;est-ce qu&rsquo;on choisit\u00a0? Comment on choisit\u00a0? Et selon quels crit\u00e8res\u00a0?<br \/>\n<\/span><\/p>\n<p style=\"margin-left: 28pt;\"><span style=\"color: #c00000; font-family: Arial;\">C&rsquo;est un probl\u00e8me Politique\u00a0! Il faut en d\u00e9battre<br \/>\n<\/span><\/p>\n<p><span style=\"color: #777777; font-family: Arial;\">Et Sky relance alors l&rsquo;\u00e9change, en demandant qu&rsquo;est-ce qu&rsquo;il faut pour un bon d\u00e9bat\u00a0?<br \/>\n<\/span><\/p>\n<p><span style=\"color: #777777; font-family: Arial;\">Et c&rsquo;est ainsi qu&rsquo;Etienne Klein r\u00e9pond\u00a0:<br \/>\n<\/span><\/p>\n<p style=\"margin-left: 28pt;\"><span style=\"color: #c00000; font-family: Arial;\">\u00ab\u00a0Un bon d\u00e9bat, c&rsquo;est un d\u00e9bat qui respecte l&rsquo;\u00e9tymologie du verbe d\u00e9battre.<br \/>\n<\/span><span style=\"color: #c00000; font-family: Arial;\"><strong>C&rsquo;est un verbe qui d\u00e9signe ce qu&rsquo;il faut faire pour ne pas se battre<\/strong>\u00a0!<br \/>\n<\/span><\/p>\n<p style=\"margin-left: 28pt;\"><span style=\"color: #c00000; font-family: Arial;\">D\u00e9battre, c&rsquo;est discuter, discuter sans utiliser d&rsquo;argument d&rsquo;autorit\u00e9.<br \/>\n<\/span><span style=\"color: #c00000; font-family: Arial;\">C&rsquo;est donc argumenter, c&rsquo;est pratiquer ce que Bergson aurait appel\u00e9 une politesse de l&rsquo;esprit.<br \/>\n<\/span><\/p>\n<p style=\"margin-left: 28pt;\"><span style=\"color: #c00000; font-family: Arial;\">Cela peut prendre du temps, \u00e7a peut \u00eatre ennuyeux, un vrai d\u00e9bat.<br \/>\n<\/span><span style=\"color: #c00000; font-family: Arial;\">Mais \u00e0 la fin, on sait sur quoi on est d&rsquo;accord et sur quoi on n&rsquo;est pas d&rsquo;accord. [\u2026]<br \/>\n<\/span><\/p>\n<p style=\"margin-left: 28pt;\"><span style=\"color: #c00000; font-family: Arial;\">Ce qu&rsquo;on appelle aujourd&rsquo;hui d\u00e9bat, c&rsquo;est une discussion tr\u00e8s vive, remplie d&rsquo;invectives.<br \/>\n<\/span><\/p>\n<p style=\"margin-left: 28pt;\"><span style=\"color: #c00000; font-family: Arial;\">D\u00e9battre cela signifie qu&rsquo;on accorde du temps \u00e0 la discussion.<br \/>\n<\/span><span style=\"color: #c00000; font-family: Arial;\">Et qu&rsquo;on comprenne qu&rsquo;avoir un avis, ce n&rsquo;est pas la m\u00eame chose que se forger un avis.<br \/>\n<\/span><\/p>\n<p style=\"margin-left: 28pt;\"><span style=\"color: #c00000; font-family: Arial;\">Moi j&rsquo;ai l&rsquo;impression que les gens qui ont un avis tranch\u00e9 s&rsquo;estiment d\u00e9douan\u00e9s de l&rsquo;obligation d&rsquo;apprendre \u00e0 propos de sur quoi, ils ont un avis tranch\u00e9. [\u2026]<br \/>\n<\/span><\/p>\n<p style=\"margin-left: 28pt;\"><span style=\"color: #c00000; font-family: Arial;\">Je pense que si on d\u00e9cide de d\u00e9battre, on doit s&rsquo;informer, apprendre, questionner, interpeller les experts, faire ce travail qui est chronophage.<br \/>\n<\/span><\/p>\n<p style=\"margin-left: 28pt;\"><span style=\"color: #c00000; font-family: Arial;\">Alors on est capable d&rsquo;avoir un avis, de l&rsquo;\u00e9tayer et on est capable de le d\u00e9fendre.\u00a0\u00bb<br \/>\n<\/span><\/p>\n<p><span style=\"color: #777777; font-family: Arial;\">Un d\u00e9bat n&rsquo;est pas un combat\u00a0! C&rsquo;est pratiquer la politesse de l&rsquo;esprit\u00a0!<br \/>\n<\/span><\/p>\n<p><span style=\"color: #777777; font-family: Arial;\">Je redonne le lien vers l&rsquo;\u00e9mission de Thinkerview\u00a0: &lt;<a href=\"https:\/\/www.youtube.com\/watch?v=44Vnvcsd4ME\"><span style=\"color: #0000ff;\">Science et soci\u00e9t\u00e9, o\u00f9 va-t-on ?<\/span><\/a>&gt;<br \/>\n<\/span><\/p>\n<p><span style=\"color: maroon; font-family: Arial;\">&lt;1642&gt;<\/span><\/p>\n","protected":false},"excerpt":{"rendered":"<p>\u00ab D\u00e9battre est un verbe qui d\u00e9signe ce qu&rsquo;il faut faire pour ne pas se battre ! \u00bb Etienne Klein C&rsquo;est dans son interview \u00e0 Thinkerview que j&rsquo;ai cit\u00e9 lors du mot du jour du &lt;15 d\u00e9cembre 2021 &gt; qu&rsquo;Etienne<\/p>\n","protected":false},"author":1,"featured_media":0,"comment_status":"open","ping_status":"closed","sticky":false,"template":"","format":"standard","meta":{"footnotes":""},"categories":[1],"tags":[6,35],"class_list":["post-13053","post","type-post","status-publish","format-standard","hentry","category-motdujour","tag-philosophie","tag-sciences"],"_links":{"self":[{"href":"https:\/\/lemotdujour.fr\/index.php?rest_route=\/wp\/v2\/posts\/13053","targetHints":{"allow":["GET"]}}],"collection":[{"href":"https:\/\/lemotdujour.fr\/index.php?rest_route=\/wp\/v2\/posts"}],"about":[{"href":"https:\/\/lemotdujour.fr\/index.php?rest_route=\/wp\/v2\/types\/post"}],"author":[{"embeddable":true,"href":"https:\/\/lemotdujour.fr\/index.php?rest_route=\/wp\/v2\/users\/1"}],"replies":[{"embeddable":true,"href":"https:\/\/lemotdujour.fr\/index.php?rest_route=%2Fwp%2Fv2%2Fcomments&post=13053"}],"version-history":[{"count":3,"href":"https:\/\/lemotdujour.fr\/index.php?rest_route=\/wp\/v2\/posts\/13053\/revisions"}],"predecessor-version":[{"id":13056,"href":"https:\/\/lemotdujour.fr\/index.php?rest_route=\/wp\/v2\/posts\/13053\/revisions\/13056"}],"wp:attachment":[{"href":"https:\/\/lemotdujour.fr\/index.php?rest_route=%2Fwp%2Fv2%2Fmedia&parent=13053"}],"wp:term":[{"taxonomy":"category","embeddable":true,"href":"https:\/\/lemotdujour.fr\/index.php?rest_route=%2Fwp%2Fv2%2Fcategories&post=13053"},{"taxonomy":"post_tag","embeddable":true,"href":"https:\/\/lemotdujour.fr\/index.php?rest_route=%2Fwp%2Fv2%2Ftags&post=13053"}],"curies":[{"name":"wp","href":"https:\/\/api.w.org\/{rel}","templated":true}]}}