{"id":13028,"date":"2021-12-17T03:38:00","date_gmt":"2021-12-17T02:38:00","guid":{"rendered":"https:\/\/lemotdujour.fr\/?p=13028"},"modified":"2021-12-17T00:08:20","modified_gmt":"2021-12-16T23:08:20","slug":"vendredi-17-decembre-2021","status":"publish","type":"post","link":"https:\/\/lemotdujour.fr\/?p=13028","title":{"rendered":"Vendredi 17 d\u00e9cembre 2021"},"content":{"rendered":"<div class=\"mdjTexte\">\u00ab Pause (Saint-Sa\u00ebns) \u00bb<\/div>\n<div class=\"mdjAuteur\">Un jour sans mot du jour nouveau<\/div>\n<p><span style=\"color: #777777; font-family: Arial;\">Dans la vie, il faut faire des choix. Et le soir du 16 d\u00e9cembre, j&rsquo;ai choisi d&rsquo;\u00e9couter de la musique de Camille Saint-Sa\u00ebns. J&rsquo;ai \u00e9coute tout l&rsquo;op\u00e9ra Samson et Dalila, dans la merveilleuse version de George Pr\u00eatre puis l&rsquo;int\u00e9grale des symphonies dans la version de Martinon.<br \/>\n<\/span><\/p>\n<p><span style=\"color: #777777; font-family: Arial;\"><img loading=\"lazy\" decoding=\"async\" class=\"wp-image-13029 alignleft\" src=\"https:\/\/lemotdujour.fr\/wp-content\/uploads\/2021\/12\/Chat-et-violon.jpg\" alt=\"\" width=\"417\" height=\"333\" srcset=\"https:\/\/lemotdujour.fr\/wp-content\/uploads\/2021\/12\/Chat-et-violon.jpg 1280w, https:\/\/lemotdujour.fr\/wp-content\/uploads\/2021\/12\/Chat-et-violon-300x240.jpg 300w, https:\/\/lemotdujour.fr\/wp-content\/uploads\/2021\/12\/Chat-et-violon-1024x819.jpg 1024w, https:\/\/lemotdujour.fr\/wp-content\/uploads\/2021\/12\/Chat-et-violon-768x614.jpg 768w\" sizes=\"auto, (max-width: 417px) 100vw, 417px\" \/><\/span><\/p>\n<p><span style=\"color: #777777; font-family: Arial;\">Et je ne peux pas \u00e9couter de la musique et \u00e9crire en m\u00eame temps. D\u00e8s lors, \u00e9crire sur le sujet des relations compliqu\u00e9es entre Saint-Sa\u00ebns et les compositeurs qui se sont impos\u00e9s dans le d\u00e9but du XX\u00e8me si\u00e8cle, se r\u00e9alisera plus tard.<br \/>\n<\/span><\/p>\n<p><span style=\"color: #777777; font-family: Arial;\">En attendant, voici le &lt;<span style=\"color: #0000ff;\"><a style=\"color: #0000ff;\" href=\"https:\/\/www.youtube.com\/watch?v=DZxwiABbock\">3\u00e8me concerto de violon<\/a><\/span>&gt; de ce compositeur g\u00e9nial interpr\u00e9t\u00e9 par Joshua Bell.<\/span><\/p>\n<p><span style=\"color: #777777; font-family: Arial;\">Comme ce chat fascin\u00e9 par la beaut\u00e9 d&rsquo;un violon, j&rsquo;ai \u00e9t\u00e9 conquis d\u00e8s la premi\u00e8re \u00e9coute de ce concerto, particuli\u00e8rement le deuxi\u00e8me mouvement qui est divin.<br \/>\n<\/span><\/p>\n<p><span style=\"color: maroon; font-family: Arial;\">&lt;Mot du jour sans num\u00e9ro&gt;<\/span><\/p>\n","protected":false},"excerpt":{"rendered":"<p>\u00ab Pause (Saint-Sa\u00ebns) \u00bb Un jour sans mot du jour nouveau Dans la vie, il faut faire des choix. Et le soir du 16 d\u00e9cembre, j&rsquo;ai choisi d&rsquo;\u00e9couter de la musique de Camille Saint-Sa\u00ebns. J&rsquo;ai \u00e9coute tout l&rsquo;op\u00e9ra Samson et<\/p>\n","protected":false},"author":1,"featured_media":0,"comment_status":"open","ping_status":"closed","sticky":false,"template":"","format":"standard","meta":{"footnotes":""},"categories":[1],"tags":[96],"class_list":["post-13028","post","type-post","status-publish","format-standard","hentry","category-motdujour","tag-pause"],"_links":{"self":[{"href":"https:\/\/lemotdujour.fr\/index.php?rest_route=\/wp\/v2\/posts\/13028","targetHints":{"allow":["GET"]}}],"collection":[{"href":"https:\/\/lemotdujour.fr\/index.php?rest_route=\/wp\/v2\/posts"}],"about":[{"href":"https:\/\/lemotdujour.fr\/index.php?rest_route=\/wp\/v2\/types\/post"}],"author":[{"embeddable":true,"href":"https:\/\/lemotdujour.fr\/index.php?rest_route=\/wp\/v2\/users\/1"}],"replies":[{"embeddable":true,"href":"https:\/\/lemotdujour.fr\/index.php?rest_route=%2Fwp%2Fv2%2Fcomments&post=13028"}],"version-history":[{"count":3,"href":"https:\/\/lemotdujour.fr\/index.php?rest_route=\/wp\/v2\/posts\/13028\/revisions"}],"predecessor-version":[{"id":13037,"href":"https:\/\/lemotdujour.fr\/index.php?rest_route=\/wp\/v2\/posts\/13028\/revisions\/13037"}],"wp:attachment":[{"href":"https:\/\/lemotdujour.fr\/index.php?rest_route=%2Fwp%2Fv2%2Fmedia&parent=13028"}],"wp:term":[{"taxonomy":"category","embeddable":true,"href":"https:\/\/lemotdujour.fr\/index.php?rest_route=%2Fwp%2Fv2%2Fcategories&post=13028"},{"taxonomy":"post_tag","embeddable":true,"href":"https:\/\/lemotdujour.fr\/index.php?rest_route=%2Fwp%2Fv2%2Ftags&post=13028"}],"curies":[{"name":"wp","href":"https:\/\/api.w.org\/{rel}","templated":true}]}}