{"id":13001,"date":"2021-12-15T01:19:00","date_gmt":"2021-12-15T00:19:00","guid":{"rendered":"https:\/\/lemotdujour.fr\/?p=13001"},"modified":"2021-12-15T01:08:48","modified_gmt":"2021-12-15T00:08:48","slug":"mercredi-15-decembre-2021","status":"publish","type":"post","link":"https:\/\/lemotdujour.fr\/?p=13001","title":{"rendered":"Mercredi 15 d\u00e9cembre 2021"},"content":{"rendered":"<div class=\"mdjTexte\">\u00ab\u00a0Nous les scientifiques, on a foir\u00e9\u00a0!\u00a0\u00bb<\/div>\n<div class=\"mdjAuteur\">Propos d&rsquo;Axel Kahn quelques semaines avant sa mort \u00e0 propos de l&rsquo;action des scientifiques pendant la COVID19<\/div>\n<p><a href=\"https:\/\/www.youtube.com\/channel\/UCQgWpmt02UtJkyO32HGUASQ\"><span style=\"color: blue; font-family: Arial; text-decoration: underline;\"><strong>Thinkerview<\/strong><\/span><\/a><span style=\"color: #777777; font-family: Arial;\"> est une cha\u00eene et une \u00e9mission qui ont \u00e9t\u00e9 lanc\u00e9es, en janvier 2013, sur YouTube.<\/span><\/p>\n<p><img decoding=\"async\" class=\"alignleft\" src=\"https:\/\/lemotdujour.fr\/wp-content\/uploads\/2021\/12\/121421_2346_Mercredi15d1.jpg\" alt=\"\" align=\"left\" \/><span style=\"color: #777777; font-family: Arial;\">Son format consiste en de longs entretiens entre un pr\u00e9sentateur qui se fait appeler \u00ab Sky \u00bb et le plus souvent un invit\u00e9, quelquefois deux, rarement plus.<\/span><\/p>\n<p><span style=\"color: #777777; font-family: Arial;\">Les entrevues sont r\u00e9alis\u00e9es dans un cadre minimaliste : fauteuil sur fond noir, l&rsquo;invit\u00e9 est seul pr\u00e9sent \u00e0 l&rsquo;\u00e9cran. Il n&rsquo;y a pas de montage.<\/span><\/p>\n<p><span style=\"color: #777777; font-family: Arial;\">Le logo un cygne noir : le but serait de d\u00e9celer l&rsquo;id\u00e9e rare. Je rappelle que la th\u00e9orie du cygne noir a \u00e9t\u00e9 d\u00e9velopp\u00e9e par <a href=\"https:\/\/fr.wikipedia.org\/wiki\/Nassim_Nicholas_Taleb\"><span style=\"color: blue; text-decoration: underline;\"><strong>Nassim Taleb<\/strong><\/span><\/a> qui appelle cygne noir un \u00e9v\u00e9nement impr\u00e9visible qui a une faible probabilit\u00e9 de se d\u00e9rouler (appel\u00e9 \u00ab \u00e9v\u00e9nement rare \u00bb en th\u00e9orie des probabilit\u00e9s) et qui, s&rsquo;il se r\u00e9alise, a des cons\u00e9quences d&rsquo;une port\u00e9e exceptionnelle<\/span><\/p>\n<p><span style=\"color: #777777; font-family: Arial;\">Les invit\u00e9s sont extr\u00eamement divers, politiques, scientifiques, intellectuels et de tout bord.<\/span><\/p>\n<p><span style=\"color: #777777; font-family: Arial;\">Le pr\u00e9sentateur veut conserver l&rsquo;anonymat, m\u00eame si des sp\u00e9culations sur son identit\u00e9 sont r\u00e9guli\u00e8rement avanc\u00e9es.<\/span><\/p>\n<p><span style=\"color: #777777; font-family: Arial;\">Il travaille son entretien et souvent les questions sont tr\u00e8s pertinentes.<\/span><\/p>\n<p><span style=\"color: #777777;\"><span style=\"font-family: Arial;\">Il a des d\u00e9tracteurs notamment Rudy Reichstadt, directeur <span style=\"color: #0070c0;\"><span style=\"color: #0000ff;\">de <a style=\"color: #0000ff;\" href=\"https:\/\/www.conspiracywatch.info\/\" target=\"_blank\" rel=\"noopener\">Conspiracy Watch<\/a><\/span><span style=\"color: #777777;\"> dont j&rsquo;avais parl\u00e9 lors du mot du jour du &lt;<span style=\"color: #0000ff;\"><a style=\"color: #0000ff;\" href=\"https:\/\/lemotdujour.fr\/?p=968\">19 janvier 2015<\/a><\/span>&gt; qui dit\u00a0:<\/span><\/span><\/span><br \/>\n<\/span><\/p>\n<p style=\"margin-left: 28pt;\"><span style=\"color: #c00000; font-family: Arial;\">\u00ab\u00a0M\u00eame s&rsquo;il invite parfois des invit\u00e9s int\u00e9ressants, on sent qu&rsquo;il y a une culture complotico-compatible, qu&rsquo;on est dans la culture du cach\u00e9\u00a0\u00bb<\/span><\/p>\n<p><span style=\"color: #777777; font-family: Arial;\">France Info lui a consacr\u00e9 une page\u00a0: &lt;<a href=\"https:\/\/www.francetvinfo.fr\/economie\/transports\/gilets-jaunes\/qui-se-cache-derriere-thinkerview-la-chaine-youtube-qui-surfe-sur-le-mouvement-des-gilets-jaunes_3441317.html\"><span style=\"color: #0000ff;\">Qui se cache derri\u00e8re Thinkerview ?<\/span><\/a>&gt;<\/span><\/p>\n<p><span style=\"color: #777777; font-family: Arial;\">Pour ma part, je trouve beaucoup de ses \u00e9missions tr\u00e8s int\u00e9ressantes, en raison d&rsquo;invit\u00e9s passionnants, de questions pertinentes et surtout parce qu&rsquo;il y a le temps de d\u00e9velopper des id\u00e9es et d&rsquo;argumenter.<\/span><\/p>\n<p><span style=\"color: #777777; font-family: Arial;\">R\u00e9cemment, j&rsquo;ai regard\u00e9 avec beaucoup d&rsquo;int\u00e9r\u00eat l&rsquo;\u00e9mission du 1<sup>er<\/sup> d\u00e9cembre 2021 avec &lt;<span style=\"color: #0000ff;\"><a style=\"color: #0000ff;\" href=\"https:\/\/www.youtube.com\/watch?v=E7e7v-Ig9Ds\">Cl\u00e9ment Viktorovitch<\/a><\/span>&gt; le sp\u00e9cialiste de la rh\u00e9torique qui d\u00e9cortique avec talent les discours politiques ou marketing sur la radio <strong>Franceinfo<\/strong> dans la chronique <a href=\"https:\/\/www.francetvinfo.fr\/replay-radio\/entre-les-lignes\/\"><span style=\"color: #0000ff;\">\u00ab Entre les lignes \u00bb<\/span><\/a><\/span><\/p>\n<p><span style=\"color: #777777; font-family: Arial;\">Mais aujourd&rsquo;hui j&rsquo;ai l&rsquo;intention de citer un extrait d&rsquo;une autre \u00e9mission, plus r\u00e9cente avec <strong>Etienne Klein<\/strong>.<\/span><\/p>\n<p><span style=\"color: #777777; font-family: Arial;\">C&rsquo;est l&rsquo;\u00e9mission du 8 d\u00e9cembre 2021 &lt;<a href=\"https:\/\/www.youtube.com\/watch?v=44Vnvcsd4ME\"><span style=\"color: #0000ff;\">Science et soci\u00e9t\u00e9, o\u00f9 va-t-on ?<\/span><\/a>&gt;<\/span><\/p>\n<p><img decoding=\"async\" class=\"alignleft\" src=\"https:\/\/lemotdujour.fr\/wp-content\/uploads\/2021\/12\/121421_2346_Mercredi15d2.png\" alt=\"\" align=\"left\" \/><span style=\"color: #777777; font-family: Arial;\">Tout au d\u00e9but de l&rsquo;\u00e9mission Sky demande \u00e0 Etienne Klein\u00a0: \u00ab\u00a0A quoi tu r\u00e9fl\u00e9chis en ce moment\u00a0?\u00bb<\/span><\/p>\n<p><span style=\"color: #777777; font-family: Arial;\">Voici la r\u00e9ponse d&rsquo;Etienne Klein\u00a0:<\/span><\/p>\n<p style=\"margin-left: 28pt;\"><span style=\"color: #c00000; font-family: Arial;\">\u00ab\u00a0Je r\u00e9fl\u00e9chis \u00e0 une phrase que m&rsquo;a dite <a href=\"https:\/\/lemotdujour.fr\/?p=11361\"><span style=\"color: blue; text-decoration: underline;\"><strong>Axel Kahn<\/strong><\/span><\/a>, il y a quelques mois. [\u2026]<br \/>\nJe l&rsquo;ai crois\u00e9 dans la rue quelques jours seulement apr\u00e8s qu&rsquo;il apprenne [\u2026] qu&rsquo;il \u00e9tait condamn\u00e9 par la m\u00e9decine [\u00e0 courte \u00e9ch\u00e9ance].<br \/>\nNous avons march\u00e9 ensemble une heure.<br \/>\nEt nous avons parl\u00e9 de la mise en sc\u00e8ne de la science et de la recherche pendant la crise sanitaire que nous traversons.<br \/>\nEt il \u00e9tait assez inquiet.<br \/>\nEt \u00e0 la fin de la discussion il m&rsquo;a dit\u00a0: \u00ab <strong>\u00c9tienne, Nous les scientifiques, on a foir\u00e9 !<\/strong>\u00a0\u00bb<br \/>\n<\/span><\/p>\n<p style=\"margin-left: 28pt;\"><span style=\"color: #c00000; font-family: Arial;\">Et la question que je me pose\u00a0: est ce qu&rsquo;il avait raison\u00a0?<br \/>\nC&rsquo;est-\u00e0-dire, est ce qu&rsquo;il n&rsquo;y a pas de le\u00e7on \u00e0 tirer de ces mois et de ces ann\u00e9es maintenant que nous avons pass\u00e9 avec ce virus\u00a0?<br \/>\nEst-ce que les scientifiques n&rsquo;ont pas rat\u00e9 l&rsquo;exercice de p\u00e9dagogie qu&rsquo;ils \u00e9taient invit\u00e9s \u00e0 faire\u00a0?<br \/>\n<\/span><\/p>\n<p style=\"margin-left: 28pt;\"><span style=\"color: #c00000; font-family: Arial;\">J&rsquo;ai toujours \u00e9t\u00e9 un d\u00e9fenseur de la vulgarisation scientifique [\u2026]<br \/>\nMoi j&rsquo;avais l&rsquo;impression, avant, que la vulgarisation, \u00e7a marche. On voit bien que les livres qu&rsquo;on \u00e9crit, les conf\u00e9rences qu&rsquo;on tient suscitent des vocations [\u2026]<br \/>\nQuand on dit [\u00e7a marche] on est victime d&rsquo;un biais \u00e9norme de confirmation. En fait, la vulgarisation ne touche que les personnes int\u00e9ress\u00e9es par la vulgarisation\u00a0!<br \/>\nEt ce qu&rsquo;a montr\u00e9 la crise, c&rsquo;est que cette proportion est assez faible. [\u2026]<br \/>\n<\/span><\/p>\n<p style=\"margin-left: 28pt;\"><span style=\"color: #c00000; font-family: Arial;\">Ce qu&rsquo;a montr\u00e9 la mise en sc\u00e8ne de la science et de la recherche, pendant la crise sanitaire, c&rsquo;est qu&rsquo;il y a toute une s\u00e9rie de biais cognitifs qui interviennent, entre l&rsquo;\u00e9mission d&rsquo;un message scientifique et sa r\u00e9ception et qui font que le message \u00e0 la fin peut \u00eatre compl\u00e8tement transform\u00e9, parfois carr\u00e9ment transform\u00e9 en son contraire.<br \/>\nEt cela me fait r\u00e9fl\u00e9chir sur la bonne fa\u00e7on de faire.<br \/>\n<\/span><\/p>\n<p style=\"margin-left: 28pt;\"><span style=\"color: #c00000; font-family: Arial;\"><img loading=\"lazy\" decoding=\"async\" class=\"wp-image-13014 alignright\" src=\"https:\/\/lemotdujour.fr\/wp-content\/uploads\/2021\/12\/Axel-Kahn-a-la-Grande-Librairie-1.jpg\" alt=\"\" width=\"492\" height=\"301\" srcset=\"https:\/\/lemotdujour.fr\/wp-content\/uploads\/2021\/12\/Axel-Kahn-a-la-Grande-Librairie-1.jpg 991w, https:\/\/lemotdujour.fr\/wp-content\/uploads\/2021\/12\/Axel-Kahn-a-la-Grande-Librairie-1-300x183.jpg 300w, https:\/\/lemotdujour.fr\/wp-content\/uploads\/2021\/12\/Axel-Kahn-a-la-Grande-Librairie-1-768x470.jpg 768w\" sizes=\"auto, (max-width: 492px) 100vw, 492px\" \/>Et quand Axel Kahn dit \u00ab on a foir\u00e9 \u00bb, c&rsquo;est sans doute vrai mais la question est comment faire pour ne plus foirer [\u2026]<br \/>\nIl faut comprendre ce qui s&rsquo;est pass\u00e9. Il y a des choses qui m&rsquo;ont vraiment frapp\u00e9 sur cette fa\u00e7on de mettre en sc\u00e8ne la science et la recherche.<br \/>\n<\/span><\/p>\n<p style=\"margin-left: 28pt;\"><span style=\"color: #c00000; font-family: Arial;\">Une \u00e9tude r\u00e9cente, men\u00e9e par Daniel Cohen dans plusieurs pays europ\u00e9ens, a montr\u00e9 qu&rsquo;en France, la confiance des fran\u00e7ais dans les scientifiques a chut\u00e9 de 20 points\u00a0; alors qu&rsquo;elle est rest\u00e9e stable dans les autres pays. Dans tous les pays elle \u00e9tait \u00e0 environ 90%, avant la crise.<br \/>\n<\/span><\/p>\n<p style=\"margin-left: 28pt;\"><span style=\"color: #c00000; font-family: Arial;\">Je n&rsquo;ai pas fait d&rsquo;\u00e9tude comparative et sociologique. Mais je suis all\u00e9 en Allemagne en juillet 2020 et j&rsquo;ai assist\u00e9 \u00e0 une conf\u00e9rence de presse d&rsquo;Angela Merkel qui parlait \u00e0 la t\u00e9l\u00e9vision \u00e0 tous les allemands. Elle \u00e9tait sans tableau, sans \u00eatre accompagn\u00e9 par un ministre ou un expert. Et elle a donn\u00e9 des cours de sciences aux allemands. Elle leur a expliqu\u00e9 ce qu&rsquo;\u00e9tait une exponentielle, en y prenant le temps. Et puis quand elle parlait des scientifiques, elle disait\u00a0: \u00ab\u00a0<strong>Les scientifiques<\/strong>\u00a0\u00bb m&rsquo;ont dit.<br \/>\nElle ne disait pas Professeur Machin, ou Professeur Bidule, elle disait \u00ab\u00a0Les scientifiques\u00a0\u00bb<br \/>\nEt elle faisait donc intervenir dans son argumentation, une communaut\u00e9 scientifique, un \u00ab\u00a0Nous\u00a0\u00bb pas un \u00ab\u00a0Je\u00a0\u00bb<br \/>\nIl me semble qu&rsquo;en France, au contraire, on a beaucoup personnalis\u00e9 les discussions.<br \/>\n<\/span><\/p>\n<p style=\"margin-left: 28pt;\"><span style=\"color: #c00000; font-family: Arial;\">On avait une occasion historique de faire de la p\u00e9dagogie, puisque les gens \u00e9taient inquiets, int\u00e9ress\u00e9s et voulaient comprendre.<br \/>\nEt on aurait pu expliquer jour apr\u00e8s jour, par exemple les diff\u00e9rentes m\u00e9thodologies de la science. On sait qu&rsquo;elles ne sont pas les m\u00eames selon les sciences [\u2026]<br \/>\n<\/span><\/p>\n<p style=\"margin-left: 28pt;\"><span style=\"color: #c00000; font-family: Arial;\">On aurait pu tenter d&rsquo;expliquer s&rsquo;agissant des traitements ce qu&rsquo;est <a href=\"https:\/\/www.chu-nantes.fr\/qu-est-ce-qu-un-essai-en-double-aveugle-2\"><span style=\"color: #0000ff;\">un essai en double aveugle<\/span><\/a><span style=\"color: #0000ff;\">, <a style=\"color: #0000ff;\" href=\"https:\/\/www.futura-sciences.com\/sante\/definitions\/medecine-etude-randomisee-3337\/\">un essai randomis\u00e9<\/a><\/span>, Pourquoi la th\u00e9orie des probabilit\u00e9s est parfois contre-intuitive.<br \/>\nPourquoi il ne faut pas confondre co\u00efncidence, corr\u00e9lation, causalit\u00e9.<br \/>\nAu lieu de cette p\u00e9dagogie qui aurait pu int\u00e9resser les gens, on a pr\u00e9f\u00e9r\u00e9 organiser des joutes, des clashs entre des personnalit\u00e9s dont on connaissait par avance les opinions et cela a particip\u00e9 \u00e0 la confusion g\u00e9n\u00e9rale.<br \/>\n<\/span><\/p>\n<p style=\"margin-left: 28pt;\"><span style=\"color: #c00000; font-family: Arial;\">On s&rsquo;est dit, si les experts ne sont pas d&rsquo;accord, pourquoi moi, avec mon ressenti, mon bon sens, mes croyances, mes connaissances, je ne serais pas en droit de dire mon opinion sur tel ou tel sujet qui apparemment fait controverse ?<br \/>\n<\/span><\/p>\n<p style=\"margin-left: 28pt;\"><span style=\"color: #c00000; font-family: Arial;\">Il y a une autre chose qui m&rsquo;a frapp\u00e9\u00a0: <strong>on a confondu la science et la recherche<\/strong>. La science et la recherche ne sont pas deux activit\u00e9s \u00e9trang\u00e8res l&rsquo;une \u00e0 l&rsquo;autre, mais elles ne se confondent pas.<br \/>\nCe que j&rsquo;appelle la science, c&rsquo;est un corpus de connaissances bien \u00e9tabli qui sont pense t&rsquo;on <strong>les bonnes r\u00e9ponses \u00e0 des questions bien pos\u00e9es<\/strong>. Ce ne sont pas des v\u00e9rit\u00e9s absolues, ce ne sont pas des v\u00e9rit\u00e9s d\u00e9finitives. Mais on ne peut les contester que si on a des arguments scientifiques. On ne peut pas les contester avec son bon sens. \u00ab\u00a0Moi je pense que\u00a0\u00bb n&rsquo;est pas un argument suffisant. Par exemple la question de la forme de la terre a \u00e9t\u00e9 tranch\u00e9e\u00a0: elle n&rsquo;est pas plate, elle est plut\u00f4t ronde, mais elle n&rsquo;est pas sph\u00e9rique.<br \/>\n<\/span><\/p>\n<p style=\"margin-left: 28pt;\"><span style=\"color: #c00000; font-family: Arial;\">Une question a \u00e9t\u00e9 pos\u00e9e pendant des mill\u00e9naires\u00a0: est ce que l&rsquo;atome existe\u00a0? Elle a \u00e9t\u00e9 tranch\u00e9e en 1906 quand <a href=\"https:\/\/fr.wikipedia.org\/wiki\/Jean_Perrin\"><span style=\"color: #0000ff;\">Jean Perrin<\/span><\/a> a montr\u00e9 exp\u00e9rimentalement que l&rsquo;atome existait. La question a \u00e9t\u00e9 tranch\u00e9e, l&rsquo;affaire est r\u00e9gl\u00e9e ! [\u2026]<br \/>\nCe corpus, par essence, est incomplet. Des questions se posent dont nous ne connaissons pas les r\u00e9ponses, c&rsquo;est pour cela qu&rsquo;on fait de la Recherche\u00a0!<br \/>\n<\/span><\/p>\n<p style=\"margin-left: 28pt;\"><span style=\"color: #c00000; font-family: Arial;\">On sait ce qu&rsquo;on ne sait pas. La recherche est activ\u00e9e par le doute, c&rsquo;est son combustible. Au fur et \u00e0 mesure qu&rsquo;on a des r\u00e9sultats le doute se d\u00e9place.<br \/>\n<\/span><\/p>\n<p style=\"margin-left: 28pt;\"><span style=\"color: #c00000; font-family: Arial;\">Et quand on confond la recherche et la science, comme on l&rsquo;a beaucoup fait pendant cette crise, le doute qui est consubstantiel \u00e0 la recherche vient coloniser la science.\u00a0\u00bb<br \/>\n<\/span><\/p>\n<p><span style=\"color: #777777; font-family: Arial;\">A ce stade, nous sommes \u00e0 la quinzi\u00e8me minutes de l&rsquo;\u00e9mission, il y a encore 1h03 \u00e0 \u00e9couter.<br \/>\n<\/span><\/p>\n<p><span style=\"color: #777777; font-family: Arial;\">Il me semble qu&rsquo; <strong>Etienne Klein<\/strong> dit l\u00e0 des choses fondamentales.<br \/>\n<\/span><\/p>\n<p><span style=\"color: #777777; font-family: Arial;\">La science n&rsquo;est pas d\u00e9mocratique, la recherche non plus d&rsquo;ailleurs.<br \/>\n<\/span><\/p>\n<p><span style=\"color: #777777; font-family: Arial;\">Je veux dire que dans ces domaines, il n&rsquo;y a pas diff\u00e9rents experts qui viennent pr\u00e9senter leurs th\u00e8ses devant une assembl\u00e9e de citoyens qui va voter pour d\u00e9signer celle qui lui parait la plus juste ou la plus cr\u00e9dible.<br \/>\n<\/span><\/p>\n<p><span style=\"color: #777777; font-family: Arial;\">Les probl\u00e8mes scientifiques se r\u00e8glent au sein de la communaut\u00e9 scientifique, sur la base de protocoles et d&rsquo;argumentaires en mesure de convaincre les autres scientifiques du m\u00eame domaine qui connaissent l&rsquo;\u00e9tat de la science et comprennent les recherches en cours.<br \/>\n<\/span><\/p>\n<p><span style=\"color: #777777; font-family: Arial;\">Dans cette affaire compliqu\u00e9e pour nous, b\u00e9otiens, le plus raisonnable est de faire confiance au consensus scientifique, c&rsquo;est-\u00e0-dire l&rsquo;avis majoritaire de la communaut\u00e9 scientifique comp\u00e9tente sur le sujet, de nous m\u00e9fier de notre bon sens qui peut nous \u00e9garer et d&rsquo;accepter l&rsquo;incertitude.<br \/>\n<\/span><\/p>\n<p><span style=\"color: #c00000; font-family: Arial;\">&lt;1638&gt;<\/span><\/p>\n","protected":false},"excerpt":{"rendered":"<p>\u00ab\u00a0Nous les scientifiques, on a foir\u00e9\u00a0!\u00a0\u00bb Propos d&rsquo;Axel Kahn quelques semaines avant sa mort \u00e0 propos de l&rsquo;action des scientifiques pendant la COVID19 Thinkerview est une cha\u00eene et une \u00e9mission qui ont \u00e9t\u00e9 lanc\u00e9es, en janvier 2013, sur YouTube. Son<\/p>\n","protected":false},"author":1,"featured_media":0,"comment_status":"open","ping_status":"closed","sticky":false,"template":"","format":"standard","meta":{"footnotes":""},"categories":[1],"tags":[15,126,35],"class_list":["post-13001","post","type-post","status-publish","format-standard","hentry","category-motdujour","tag-france","tag-pandemie","tag-sciences"],"_links":{"self":[{"href":"https:\/\/lemotdujour.fr\/index.php?rest_route=\/wp\/v2\/posts\/13001","targetHints":{"allow":["GET"]}}],"collection":[{"href":"https:\/\/lemotdujour.fr\/index.php?rest_route=\/wp\/v2\/posts"}],"about":[{"href":"https:\/\/lemotdujour.fr\/index.php?rest_route=\/wp\/v2\/types\/post"}],"author":[{"embeddable":true,"href":"https:\/\/lemotdujour.fr\/index.php?rest_route=\/wp\/v2\/users\/1"}],"replies":[{"embeddable":true,"href":"https:\/\/lemotdujour.fr\/index.php?rest_route=%2Fwp%2Fv2%2Fcomments&post=13001"}],"version-history":[{"count":8,"href":"https:\/\/lemotdujour.fr\/index.php?rest_route=\/wp\/v2\/posts\/13001\/revisions"}],"predecessor-version":[{"id":13016,"href":"https:\/\/lemotdujour.fr\/index.php?rest_route=\/wp\/v2\/posts\/13001\/revisions\/13016"}],"wp:attachment":[{"href":"https:\/\/lemotdujour.fr\/index.php?rest_route=%2Fwp%2Fv2%2Fmedia&parent=13001"}],"wp:term":[{"taxonomy":"category","embeddable":true,"href":"https:\/\/lemotdujour.fr\/index.php?rest_route=%2Fwp%2Fv2%2Fcategories&post=13001"},{"taxonomy":"post_tag","embeddable":true,"href":"https:\/\/lemotdujour.fr\/index.php?rest_route=%2Fwp%2Fv2%2Ftags&post=13001"}],"curies":[{"name":"wp","href":"https:\/\/api.w.org\/{rel}","templated":true}]}}