{"id":12993,"date":"2021-12-14T00:19:00","date_gmt":"2021-12-13T23:19:00","guid":{"rendered":"https:\/\/lemotdujour.fr\/?p=12993"},"modified":"2021-12-13T23:44:48","modified_gmt":"2021-12-13T22:44:48","slug":"mardi-14-decembre-2021","status":"publish","type":"post","link":"https:\/\/lemotdujour.fr\/?p=12993","title":{"rendered":"Mardi 14 d\u00e9cembre 2021"},"content":{"rendered":"<div class=\"mdjTexte\">\u00ab\u00a0Ils en ont parl\u00e9 !\u00a0\u00bb<\/div>\n<div class=\"mdjAuteur\">Caran d&rsquo;Ache<\/div>\n<p><span style=\"color: #777777; font-family: Arial;\">Un dessin vaut mieux qu&rsquo;un long discours selon un propos qu&rsquo;on attribue \u00e0 Napol\u00e9on Ier.<br \/>\n<\/span><\/p>\n<p><span style=\"color: #777777; font-family: Arial;\">Dessins de presse, caricatures ont illustr\u00e9 les journaux bien avant l&rsquo;invention de la photographie.<br \/>\n<\/span><\/p>\n<p><span style=\"color: #777777; font-family: Arial;\">Un des dessins de presse les plus c\u00e9l\u00e8bre de l&rsquo;Histoire de la presse fran\u00e7aise s&rsquo;appelle \u00ab\u00a0<strong>Un d\u00eener en famille<\/strong>\u00a0\u00bb.<br \/>\n<\/span><\/p>\n<p><span style=\"color: #777777; font-family: Arial;\">Il a \u00e9t\u00e9 publi\u00e9 dans Le Figaro <strong>le 14 f\u00e9vrier 1898<\/strong>. C&rsquo;est un dyptique compos\u00e9 de deux dessins superpos\u00e9s<br \/>\n<\/span><\/p>\n<p><img decoding=\"async\" src=\"https:\/\/lemotdujour.fr\/wp-content\/uploads\/2021\/12\/121321_2219_Mardi14dcem1.jpg\" alt=\"\" align=\"left\" \/><span style=\"color: #777777; font-family: Arial;\">Le premier repr\u00e9sente une famille attabl\u00e9e pour le d\u00e9but du d\u00eener et le patriarche de la famille l\u00e8ve l&rsquo;index et donne l&rsquo;injonction suivante \u00e0 sa famille\u00a0:<br \/>\n<\/span><\/p>\n<p style=\"margin-left: 28pt;\"><span style=\"color: #c00000; font-family: Arial;\"> \u00ab\u00a0Surtout ! N&rsquo;en parlons pas\u00a0!\u00a0\u00bb<br \/>\n<\/span><\/p>\n<p><span style=\"color: #777777; font-family: Arial;\">Ce dessin est l&rsquo;\u0153uvre de <a href=\"https:\/\/fr.wikipedia.org\/wiki\/Caran_d%27Ache\"><strong><span style=\"color: #000080;\">Caran d&rsquo;Ache<\/span><\/strong><\/a> qui \u00e9tait le nom d&rsquo;artiste <strong>d&rsquo;Emmanuel Poir\u00e9<\/strong>. <\/span><span style=\"color: #777777; font-family: Arial;\">Dessinateur fran\u00e7ais d&rsquo;origine russe n\u00e9 le 6 novembre 1858 \u00e0 Moscou et mort le 25 f\u00e9vrier 1909 \u00e0 Pari.<br \/>\n<\/span><\/p>\n<p><span style=\"color: #777777; font-family: Arial;\">Ce dessin est tellement c\u00e9l\u00e8bre qu&rsquo;il poss\u00e8de sa propre &lt;<a href=\"https:\/\/fr.wikipedia.org\/wiki\/Un_d%C3%AEner_en_famille\"><span style=\"color: #000080;\">page Wikip\u00e9dia<\/span><\/a>&gt;<br \/>\n<\/span><\/p>\n<p><span style=\"color: #777777; font-family: Arial;\">De quoi ne fallait-il point parler en f\u00e9vrier 1898 ?<br \/>\n<\/span><\/p>\n<p><span style=\"color: #777777; font-family: Arial;\">La r\u00e9ponse est\u00a0: \u00ab\u00a0<strong>De l&rsquo;affaire Dreyfus<\/strong>\u00a0\u00bb bien s\u00fbr.<br \/>\n<\/span><\/p>\n<p><span style=\"color: #777777; font-family: Arial;\">D&rsquo;ailleurs le texte pr\u00e9cis qui se trouvait sous ce dessin le 14 f\u00e9vrier 1898 \u00e9tait\u00a0:<br \/>\n<\/span><\/p>\n<p style=\"margin-left: 28pt;\"><span style=\"color: #c00000; font-family: Arial;\">\u00ab Surtout ! ne parlons pas de l&rsquo;affaire Dreyfus ! \u00bb<br \/>\n<\/span><\/p>\n<p><span style=\"color: #777777; font-family: Arial;\">A part les \u00e9rudits, les cin\u00e9astes comme Polansky et certains chroniqueurs \u00e9gar\u00e9s en politique, plus personne ne parle de l&rsquo;affaire Dreyfus.<br \/>\n<\/span><\/p>\n<p><span style=\"color: #777777; font-family: Arial;\">Mais il y a d&rsquo;autres sujets qui l&rsquo;ont remplac\u00e9 pour cr\u00e9er des diners agit\u00e9s, conflictuels voire davantage.<br \/>\n<\/span><\/p>\n<p><span style=\"color: #777777; font-family: Arial;\">Pendant longtemps ce fut \u00ab\u00a0l<strong>e r\u00e9chauffement climatique d\u00fb \u00e0 l&rsquo;homme<\/strong>\u00a0\u00bb qui \u00e9tait en mesure de cr\u00e9er des f\u00e2cheries irr\u00e9conciliables entre des familiers dont on n&rsquo;aurait pas pu supposer qu&rsquo;ils entrent dans de telles disputes.<br \/>\n<\/span><\/p>\n<p><span style=\"color: #777777; font-family: Arial;\">Maintenant le r\u00e9chauffement climatique fait consensus, il n&rsquo;y a plus lieu de se disputer sur ce point\u2026<br \/>\n<\/span><\/p>\n<p><span style=\"color: #777777; font-family: Arial;\">Mais on a trouv\u00e9 d&rsquo;autres sujets.<br \/>\n<\/span><\/p>\n<p><span style=\"color: #777777; font-family: Arial;\">Beaucoup ont lien avec l&rsquo;alimentation\u00a0: les v\u00e9g\u00e9tariens, les v\u00e9gans et puis sont apparus les <a href=\"https:\/\/www.l214.com\/antispecisme\"><span style=\"color: #000080;\">antisp\u00e9cistes<\/span>.<\/a><br \/>\n<\/span><\/p>\n<p><span style=\"color: #777777; font-family: Arial;\">Je n&rsquo;ai pas encore consacr\u00e9 de mot du jour sur ce sujet passionnant et conflictuel, mais ce n&rsquo;est qu&rsquo;une question de temps.<br \/>\n<\/span><\/p>\n<p><span style=\"color: #777777; font-family: Arial;\">Mais depuis d\u00e9but 2020, \u00ab\u00a0<strong>la COVID 19<\/strong>\u00a0\u00bb, \u00ab\u00a0<strong>les vaccins<\/strong>\u00a0\u00bb et \u00ab\u00a0<strong>le pass sanitaire<\/strong> \u00bb sont devenus des sujets hautement inflammables. <\/span><span style=\"color: #c00000; font-family: Arial;\">\u00ab Surtout ! N&rsquo;en parlons pas ! \u00bb <\/span><span style=\"color: #777777; font-family: Arial;\">Sinon, le pire peut arriver : des familles peuvent se f\u00e2cher d\u00e9finitivement, des amis de longue date qui en ont parl\u00e9, ne plus se parler de rien du tout.<br \/>\n<\/span><\/p>\n<p><span style=\"color: #777777; font-family: Arial;\">Les journaux s&rsquo;en sont fait l&rsquo;\u00e9cho.<br \/>\n<\/span><\/p>\n<p><span style=\"color: #777777; font-family: Arial;\">Ainsi cet article d&rsquo;\u00ab\u00a0<strong>Ouest France<\/strong>\u00a0\u00bb\u00a0: \u00a0\u00ab <a href=\"https:\/\/www.ouest-france.fr\/sante\/virus\/coronavirus\/pass-sanitaire\/temoignages-conflits-ruptures-quand-le-vaccin-et-le-passe-sanitaire-fracturent-des-familles-8860529a-fa74-11eb-ae6b-59023aa7ebeb\"><span style=\"color: #0000ff;\">Vaccin et passe sanitaire. \u00ab Il ne veut plus nous revoir \u00bb : quand le d\u00e9bat fracture des familles<\/span>\u00a0<\/a>\u00bb<br \/>\n<\/span><\/p>\n<p><span style=\"color: #777777; font-family: Arial;\">\u00ab\u00a0<strong>France Info<\/strong>\u00a0\u00bb\u00a0: \u00ab\u00a0<a href=\"https:\/\/www.francetvinfo.fr\/sante\/maladie\/coronavirus\/pass-sanitaire\/tensions-autour-du-pass-sanitaire-ca-nous-monte-les-uns-contre-les-autres-cest-ignoble_4730511.html\"><span style=\"color: #0000ff;\">\u00c7a nous monte les uns contre les autres, c&rsquo;est ignoble\u00a0<\/span><\/a>\u00bb. Article dans lequel on peut lire\u00a0:<br \/>\n<\/span><\/p>\n<p style=\"margin-left: 28pt;\"><span style=\"color: #c00000; font-family: Arial;\">\u00ab\u00a0Deux jours apr\u00e8s la validation de son extension par le Conseil constitutionnel, le pass sanitaire est le nouveau sujet qui f\u00e2che dans les familles comme au travail.\u00a0\u00bb<br \/>\n<\/span><\/p>\n<p><span style=\"color: #777777; font-family: Arial;\">Et aussi \u00ab\u00a0<strong>France Inter<\/strong>\u00a0\u00bb\u00a0: \u00ab\u00a0<a href=\"https:\/\/www.franceinter.fr\/info\/un-vaccin-qui-dechire-les-familles\"><span style=\"color: #0000ff;\">Un vaccin qui d\u00e9chire les familles<\/span>\u00a0<\/a>\u00bb<br \/>\n<\/span><\/p>\n<p><span style=\"color: #777777; font-family: Arial;\">Alors, le second dessin du dyptique est sous-titr\u00e9\u00a0: \u00ab\u00a0<span style=\"color: #c00000;\"><strong>Ils en ont parl\u00e9\u00a0!<\/strong><span style=\"color: #777777;\">\u00bb<br \/>\n<\/span><\/span><\/span><\/p>\n<p><img decoding=\"async\" src=\"https:\/\/lemotdujour.fr\/wp-content\/uploads\/2021\/12\/121321_2219_Mardi14dcem2.jpg\" alt=\"\" align=\"left\" \/><span style=\"color: #777777; font-family: Arial;\">Le magazine \u00ab\u00a0<strong>Femina<\/strong>\u00a0\u00bb tente une conciliation\u00a0: \u00ab\u00a0<a href=\"https:\/\/www.femina.fr\/article\/covid-ne-laissons-pas-les-polemiques-nous-separer\"><span style=\"color: #0000ff;\">Covid, ne laissons pas les pol\u00e9miques nous s\u00e9parer<\/span>\u00a0<\/a>\u00bb<br \/>\n<\/span><\/p>\n<p><span style=\"color: #777777; font-family: Arial;\">Femina cite <strong>Claire Bidart<\/strong>, sociologue et directrice de recherche au CNRS \u00e0 Aix-Marseille Universit\u00e9 :<br \/>\n<\/span><\/p>\n<p style=\"margin-left: 28pt;\"><span style=\"color: #c00000; font-family: Arial;\">\u00ab Les premiers touch\u00e9s par ces conflits sont les amis (30,4% des liens d\u00e9grad\u00e9s), suivis de pr\u00e8s par la famille (29,1%). Viennent ensuite le conjoint (21,7%) puis les coll\u00e8gues (19,4%). Les connaissances (9,2%) et les voisins (7,7%) arrivent loin derri\u00e8re. Ce sont les liens les plus forts, affectivement et symboliquement, qui sont le plus susceptibles de se d\u00e9grader. \u00bb<br \/>\n<\/span><\/p>\n<p><span style=\"color: #777777; font-family: Arial;\">Pour le philosophe <strong>Alexandre Lacroix<\/strong>, directeur de la r\u00e9daction de \u00ab\u00a0<strong>Philosophie Magazine<\/strong>\u00a0\u00bb notre seuil de tol\u00e9rance \u00e0 la divergence d&rsquo;opinion a \u00e9t\u00e9 abaiss\u00e9 par l&rsquo;effet des technologies.<br \/>\n<\/span><\/p>\n<p style=\"margin-left: 28pt;\"><span style=\"color: #c00000; font-family: Arial;\">\u00ab Apr\u00e8s des mois de confinement, de distanciation, on a pris l&rsquo;habitude de ne communiquer qu&rsquo;avec des personnes qui sont comme nous, qui pensent comme nous. Par leurs algorithmes, les r\u00e9seaux sociaux nous enferment dans des bulles de savoirs \u00e9tanches, nous privant d&rsquo;une dynamique essentielle de la vie sociale la confrontation \u00e0 des opinions divergentes. Plus que la peur du conflit, c&rsquo;est la jouissance de se voir confort\u00e9 dans ses certitudes qui est \u00e0 l&rsquo;\u0153uvre dans notre refus du dialogue. \u00bb<br \/>\n<\/span><\/p>\n<p><span style=\"color: #777777; font-family: Arial;\">Zygmunt Bauman \u00e9crivait\u00a0:<br \/>\n<\/span><\/p>\n<p><span style=\"color: #777777; font-family: Arial;\">\u00ab <a href=\"https:\/\/lemotdujour.fr\/?p=1632\"><span style=\"color: #0000ff;\">S&rsquo;enfermer dans [\u2026] une zone de confort, o\u00f9 le seul bruit qu&rsquo;on entend est l&rsquo;\u00e9cho de sa propre voix, o\u00f9 la seule chose qu&rsquo;on voit est le reflet de son propre visage<\/span><\/a>.\u00bb<br \/>\n<\/span><\/p>\n<p><span style=\"color: #777777; font-family: Arial;\">Alors ne faut-il pas en parler\u00a0?<br \/>\n<\/span><\/p>\n<p><span style=\"color: #777777; font-family: Arial;\">La psychanalyste <strong>Saverio Tomasella<\/strong> \u00e9crit :<br \/>\n<\/span><\/p>\n<p style=\"margin-left: 28pt;\"><span style=\"color: #c00000; font-family: Arial;\">\u00ab Une vraie amiti\u00e9 sinc\u00e8re est un vecteur de croissance humaine. Elle va aider les deux amis \u00e0 grandir, \u00e0 \u00e9voluer, \u00e0 s&rsquo;\u00e9panouir, en prenant appui sur leurs similitudes mais aussi leurs diff\u00e9rences. \u00bb<br \/>\n<\/span><\/p>\n<p><span style=\"color: #777777; font-family: Arial;\">\u00c9videmment, si on commence \u00e0 traiter l&rsquo;autre de \u00ab fou \u00bb, de \u00ab dangereux \u00bb ou de \u00ab na\u00eff \u00bb, il est difficile d&rsquo;esp\u00e9rer de pouvoir cr\u00e9er un dialogue constructif.<br \/>\n<\/span><\/p>\n<p><span style=\"color: #777777; font-family: Arial;\">Alors, \u00ab <strong>F\u00e9mina<\/strong>\u00a0\u00bb donne quelques pistes\u00a0:<br \/>\n<\/span><\/p>\n<p style=\"margin-left: 28pt;\"><span style=\"color: #c00000; font-family: Arial;\">\u00ab\u00a0Pourquoi tel ou tel sujet nous fait-il sortir de nos gonds ? Nos convictions sont-elles le fruit de notre anxi\u00e9t\u00e9 ? S&rsquo;appuient-elles sur des sources fiables et surtout diversifi\u00e9es ? \u00a0\u00bb<br \/>\n<\/span><\/p>\n<p><span style=\"color: #777777; font-family: Arial;\">Pour <strong>Alexandre Lacroix<\/strong> pour d\u00e9passionner les d\u00e9bats, il faudrait peut-\u00eatre fonder la discussion sur certaines interrogations politiques ou philosophiques\u00a0:<br \/>\n<\/span><\/p>\n<p style=\"margin-left: 28pt;\"><span style=\"color: #c00000;\">\u00ab Est-ce qu&rsquo;il y a un d\u00e9ficit d\u00e9mocratique dans la fa\u00e7on dont l&rsquo;ex\u00e9cutif met en place la politique sanitaire ? \u00bb<br \/>\n<\/span><span style=\"color: #c00000;\">\u00ab Qu&rsquo;est-ce qui est le plus important : la sant\u00e9 ou la libert\u00e9 ?\u00a0\u00bb<br \/>\n<\/span><span style=\"color: #c00000;\">\u00ab Cela laisse \u00e0 chacun la possibilit\u00e9 d&rsquo;\u00e9tayer, de justifier sa pr\u00e9f\u00e9rence, en se nourrissant de l&rsquo;apport de l&rsquo;autre. \u00bb<br \/>\n<\/span><\/p>\n<p><span style=\"color: #777777; font-family: Arial;\">Pendant le premier confinement, <strong>Augustin Trapenard<\/strong> avait pris l&rsquo;initiative de lire une lettre que lui avait envoy\u00e9 un \u00e9crivain ou un artiste, sur France Inter, chaque matin \u00e0 neuf heures moins 5.<br \/>\n<\/span><\/p>\n<p><span style=\"color: #777777; font-family: Arial;\">Plusieurs mots du jour ont fait r\u00e9f\u00e9rence \u00e0 ces textes d&rsquo;une humanit\u00e9 essentielle.<br \/>\n<\/span><\/p>\n<p><span style=\"color: #777777; font-family: Arial;\">Et je finirai ce mot par une lettre que l&rsquo;\u00e9crivaine et journaliste Sophie Fontanel a adress\u00e9 \u00e0 son fr\u00e8re\u00a0:<br \/>\n<\/span><\/p>\n<p style=\"margin-left: 28pt;\"><span style=\"color: #c00000; font-family: Arial;\">\u00ab <span style=\"color: #0000ff;\"><a style=\"color: #0000ff;\" href=\"https:\/\/lemotdujour.fr\/?p=8721\">Mais nous, dis, nous resterons tendres ? <\/a><\/span><br \/>\n<\/span><span style=\"color: #c00000; font-family: Arial;\"><a href=\"https:\/\/lemotdujour.fr\/?p=8721\"><span style=\"color: #0000ff;\">On va pas se faire avaler ! <\/span><\/a>\u00bb<br \/>\n<\/span><\/p>\n<p><span style=\"color: #c00000; font-family: Arial;\">&lt;1637&gt;<\/span><\/p>\n","protected":false},"excerpt":{"rendered":"<p>\u00ab\u00a0Ils en ont parl\u00e9 !\u00a0\u00bb Caran d&rsquo;Ache Un dessin vaut mieux qu&rsquo;un long discours selon un propos qu&rsquo;on attribue \u00e0 Napol\u00e9on Ier. Dessins de presse, caricatures ont illustr\u00e9 les journaux bien avant l&rsquo;invention de la photographie. Un des dessins de<\/p>\n","protected":false},"author":1,"featured_media":0,"comment_status":"open","ping_status":"closed","sticky":false,"template":"","format":"standard","meta":{"footnotes":""},"categories":[1],"tags":[89,126],"class_list":["post-12993","post","type-post","status-publish","format-standard","hentry","category-motdujour","tag-media","tag-pandemie"],"_links":{"self":[{"href":"https:\/\/lemotdujour.fr\/index.php?rest_route=\/wp\/v2\/posts\/12993","targetHints":{"allow":["GET"]}}],"collection":[{"href":"https:\/\/lemotdujour.fr\/index.php?rest_route=\/wp\/v2\/posts"}],"about":[{"href":"https:\/\/lemotdujour.fr\/index.php?rest_route=\/wp\/v2\/types\/post"}],"author":[{"embeddable":true,"href":"https:\/\/lemotdujour.fr\/index.php?rest_route=\/wp\/v2\/users\/1"}],"replies":[{"embeddable":true,"href":"https:\/\/lemotdujour.fr\/index.php?rest_route=%2Fwp%2Fv2%2Fcomments&post=12993"}],"version-history":[{"count":3,"href":"https:\/\/lemotdujour.fr\/index.php?rest_route=\/wp\/v2\/posts\/12993\/revisions"}],"predecessor-version":[{"id":12997,"href":"https:\/\/lemotdujour.fr\/index.php?rest_route=\/wp\/v2\/posts\/12993\/revisions\/12997"}],"wp:attachment":[{"href":"https:\/\/lemotdujour.fr\/index.php?rest_route=%2Fwp%2Fv2%2Fmedia&parent=12993"}],"wp:term":[{"taxonomy":"category","embeddable":true,"href":"https:\/\/lemotdujour.fr\/index.php?rest_route=%2Fwp%2Fv2%2Fcategories&post=12993"},{"taxonomy":"post_tag","embeddable":true,"href":"https:\/\/lemotdujour.fr\/index.php?rest_route=%2Fwp%2Fv2%2Ftags&post=12993"}],"curies":[{"name":"wp","href":"https:\/\/api.w.org\/{rel}","templated":true}]}}