{"id":12984,"date":"2021-12-13T00:06:56","date_gmt":"2021-12-12T23:06:56","guid":{"rendered":"https:\/\/lemotdujour.fr\/?p=12984"},"modified":"2021-12-15T23:36:58","modified_gmt":"2021-12-15T22:36:58","slug":"lundi-13-decembre-2021","status":"publish","type":"post","link":"https:\/\/lemotdujour.fr\/?p=12984","title":{"rendered":"Lundi 13 d\u00e9cembre 2021"},"content":{"rendered":"<div class=\"mdjTexte\">\u00ab Les g\u00e2teaux de No\u00ebl alsaciens\u00bb<\/div>\n<div class=\"mdjAuteur\">Publication de la page consacr\u00e9e \u00e0 la s\u00e9rie<\/div>\n<p><span style=\"color: #777777; font-family: Arial;\">Bient\u00f4t No\u00ebl ! En Alsace, il existe une tradition de g\u00e2teaux sp\u00e9cialement produits pour cette f\u00eate.<br \/>\n<\/span><\/p>\n<p><span style=\"color: #777777; font-family: Arial;\">Notre amie Fran\u00e7oise nous avait appris \u00e0 les faire et depuis chaque ann\u00e9e avec Annie nous continuions cette tradition douce et sucr\u00e9e.&nbsp;<\/span><\/p>\n<p><span style=\"color: #777777; font-family: Arial;\">En d\u00e9cembre 2019, une ann\u00e9e apr\u00e8s la disparition de Fran\u00e7oise, j&rsquo;avais trouv\u00e9 pertinent d&rsquo;\u00e9largir les th\u00e8mes abord\u00e9s par le mot du jour aux recettes de cuisine..<br \/>\n<\/span><\/p>\n<p><span style=\"color: #777777; font-family: Arial;\">Et, je rappelle par ce mot que ces recettes existent sur le site.<\/span><span style=\"color: #777777; font-family: Arial;\"><br \/>\n<\/span><\/p>\n<p><span style=\"color: #777777; font-family: Arial;\">En outre, en les rassemblant sur une page accessible par la page des s\u00e9ries, ces recettes seront plus facilement accessibles.<\/span><\/p>\n<p><span style=\"color: #777777; font-family: Arial;\">La page consacr\u00e9e aux recettes de g\u00e2teaux alsaciens est en ligne sur la <span style=\"color: #0000ff;\"><a style=\"color: #0000ff;\" href=\"https:\/\/lemotdujour.fr\/?page_id=2543\">page des s\u00e9ries<\/a>.<\/span><br \/>\n<\/span><\/p>\n<p><span style=\"color: #777777; font-family: Arial;\">Mais vous pouvez aller directement sur la page en suivant ce lien : <span style=\"color: #0000ff;\"><a style=\"color: #0000ff;\" href=\"https:\/\/lemotdujour.fr\/?page_id=12969\">&lt; Les g\u00e2teaux de No\u00ebl alsaciens &gt;<\/a><\/span><br \/>\n<\/span><\/p>\n<p><span style=\"color: #c00000; font-family: Arial;\">&lt;Mot sans num\u00e9ro&gt;<br \/>\n<\/span><\/p>\n","protected":false},"excerpt":{"rendered":"<p>\u00ab Les g\u00e2teaux de No\u00ebl alsaciens\u00bb Publication de la page consacr\u00e9e \u00e0 la s\u00e9rie Bient\u00f4t No\u00ebl ! En Alsace, il existe une tradition de g\u00e2teaux sp\u00e9cialement produits pour cette f\u00eate. Notre amie Fran\u00e7oise nous avait appris \u00e0 les faire et<\/p>\n","protected":false},"author":1,"featured_media":0,"comment_status":"open","ping_status":"closed","sticky":false,"template":"","format":"standard","meta":{"footnotes":""},"categories":[1],"tags":[26],"class_list":["post-12984","post","type-post","status-publish","format-standard","hentry","category-motdujour","tag-retrospective"],"_links":{"self":[{"href":"https:\/\/lemotdujour.fr\/index.php?rest_route=\/wp\/v2\/posts\/12984","targetHints":{"allow":["GET"]}}],"collection":[{"href":"https:\/\/lemotdujour.fr\/index.php?rest_route=\/wp\/v2\/posts"}],"about":[{"href":"https:\/\/lemotdujour.fr\/index.php?rest_route=\/wp\/v2\/types\/post"}],"author":[{"embeddable":true,"href":"https:\/\/lemotdujour.fr\/index.php?rest_route=\/wp\/v2\/users\/1"}],"replies":[{"embeddable":true,"href":"https:\/\/lemotdujour.fr\/index.php?rest_route=%2Fwp%2Fv2%2Fcomments&post=12984"}],"version-history":[{"count":3,"href":"https:\/\/lemotdujour.fr\/index.php?rest_route=\/wp\/v2\/posts\/12984\/revisions"}],"predecessor-version":[{"id":13027,"href":"https:\/\/lemotdujour.fr\/index.php?rest_route=\/wp\/v2\/posts\/12984\/revisions\/13027"}],"wp:attachment":[{"href":"https:\/\/lemotdujour.fr\/index.php?rest_route=%2Fwp%2Fv2%2Fmedia&parent=12984"}],"wp:term":[{"taxonomy":"category","embeddable":true,"href":"https:\/\/lemotdujour.fr\/index.php?rest_route=%2Fwp%2Fv2%2Fcategories&post=12984"},{"taxonomy":"post_tag","embeddable":true,"href":"https:\/\/lemotdujour.fr\/index.php?rest_route=%2Fwp%2Fv2%2Ftags&post=12984"}],"curies":[{"name":"wp","href":"https:\/\/api.w.org\/{rel}","templated":true}]}}