{"id":1296,"date":"2015-10-27T01:00:00","date_gmt":"2015-10-26T22:00:00","guid":{"rendered":"http:\/\/lemotdujour.fr\/?p=1296"},"modified":"2017-05-08T13:27:23","modified_gmt":"2017-05-08T11:27:23","slug":"mardi-le-27102015","status":"publish","type":"post","link":"https:\/\/lemotdujour.fr\/?p=1296","title":{"rendered":"Mardi, le 27\/10\/2015"},"content":{"rendered":"<div class=\"mdjDate\">Mardi, le 27\/10\/2015<\/div>\n<div class=\"mdjTexte\">\u00ab\u00a0Chaque entreprise rivalise d\u2019imagination pour \u00eatre plus \u00e9colo que les autres\u00bb<\/div>\n<div class=\"mdjAuteur\">Guillaume Meurice<\/div>\n<div class=\"mdjComplements\">Dans une \u00e9mission de France Inter o\u00f9 des \u00e9trangers <a href=\"http:\/\/www.franceinter.fr\/emission-si-tu-ecoutes-jannule-tout-eric-antoine\">(Charline Vanhoenacker et Alex Vizorek) <\/a>venant de Belgique ont colonis\u00e9 la radio fran\u00e7aise &lt;Si tu \u00e9coutes j&rsquo;annule tout&gt;, il y a un dr\u00f4le de journaliste humoriste, Guillaume Meurice, qui va sur le terrain interroger des personnes en leur posant des questions d\u00e9stabilisantes et les mettant souvent devant leurs contradictions.<\/div>\n<div class=\"mdjComplements\">Cette fois, le 23 octobre, il est all\u00e9 \u00e0 la foire d&rsquo;automne de Paris o\u00f9 toutes les entreprises sont \u00ab\u00a0eco responsables\u00a0\u00bb pour les interroger sur la r\u00e9alit\u00e9 de leurs informations : <a href=\"http:\/\/www.franceinter.fr\/emission-le-moment-meurice-green-washing\">http:\/\/www.franceinter.fr\/emission-le-moment-meurice-green-washing<\/a><\/div>\n<div class=\"mdjCiter\">Guillaume Meurice (GM) : \u00ab L\u2019humanit\u00e9 est sauv\u00e9e, j&rsquo;en suis absolument certain.<\/div>\n<div class=\"mdjCiter\">Pourquoi on est sauv\u00e9 ? C\u2019est parce que ce matin je me suis rendu \u00e0 l\u2019ouverture de la foire d\u2019automne Porte de Versailles. (<a href=\"http:\/\/www.foiredautomne.fr\/\">http:\/\/www.foiredautomne.fr\/)<\/a><\/div>\n<div class=\"mdjCiter\">Je peux vous l\u2019assurer\u00a0: tout est bio, tout est naturel.<\/div>\n<div class=\"mdjCiter\">Chaque entreprise rivalise d\u2019imagination pour \u00eatre plus \u00e9colo que les autres.<\/div>\n<div class=\"mdjCiter\">J\u2019ai \u00e9t\u00e9 vraiment \u00e9mu par tant de prise de conscience.<\/div>\n<div class=\"mdjCiter\">J\u2019ai commenc\u00e9 \u00e0 interroger un marchand de canap\u00e9 archi-ecolo\u00a0:\u00bb<\/div>\n<div class=\"mdjCiter\">Marchand\u00a0: \u00abNous on fait tr\u00e8s attention \u00e0 nos provenances, comme le cuir, et nos mousses sont\u2026 elles sont \u2026.elles sont de plus en plus \u2026. Euh\u2026..comment\u00a0? \u2026 euh \u2026. Je cherche mes mots \u2026.\u00bb<\/div>\n<div class=\"mdjComplements\">C\u2019est mieux \u00e0 l\u2019\u00e9coute, o\u00f9 on sent l\u2019embarras du marchand. On ne r\u00e9p\u00e9tera jamais assez ce propos de Nicolas Boileau\u00a0: \u00ab\u00a0Ce qui se con\u00e7oit bien s&rsquo;\u00e9nonce clairement &#8211; Et les mots pour le dire arrivent ais\u00e9ment.\u00a0\u00bb. Je vous laisse comprendre quand c\u2019est l\u2019inverse.<\/div>\n<div class=\"mdjComplements\">GM se tourne alors vers un autre marchand de canap\u00e9 \u00ab\u00a0lui aussi \u00e9colo \u00e0 fond\u00a0\u00bb<\/div>\n<div class=\"mdjComplements\">Il l\u2019interroge sur ce qui est \u00e9colo chez lui et voici l\u2019\u00e9change\u00a0:<\/div>\n<div class=\"mdjCiter\">Marchand\u00a0: \u00ab\u00a0D\u00e9j\u00e0 on a l\u2019\u00e9cotaxe sur l\u2019ensemble des canap\u00e9s\u00a0 qu\u2019il n\u2019y avait pas avant.\u00bb<\/div>\n<div class=\"mdjCiter\">GM\u00a0: \u00ab\u00a0Cela fait combien de pour cent\u00a0?\u00a0\u00bb<\/div>\n<div class=\"mdjCiter\">Marchand\u00a0: \u00ab\u00a0Euh\u2026, cela ne se chiffre pas en pourcentage \u2026 c\u2019est de l\u2019ordre de 3 \u00e0 8 euros par canap\u00e9.\u00a0\u00bb<\/div>\n<div class=\"mdjCiter\">GM\u00a0: \u00ab\u00a0Pour un canap\u00e9 qui co\u00fbte combien\u00a0?\u00a0\u00bb<\/div>\n<div class=\"mdjCiter\">Marchand\u00a0: \u00ab\u00a0Pour un canap\u00e9 qui Euh\u2026, coute au environ de 3000 euros\u00a0\u00bb<\/div>\n<div class=\"mdjCiter\">GM\u00a0: \u00ab\u00a0Eh bien voil\u00e0\u00a0! Je vous le disais on est sauv\u00e9. 3 \u00e0 8 euros sur 3000 vont \u00e0 la protection de l\u2019environnement. L\u00e0 on est \u00e0 la limite du terrorisme vert\u00a0! A c\u00f4t\u00e9 de ce mec-l\u00e0. Nicolas Hulot est un chasseur de buffles\u00a0!\u00a0\u00bb<\/div>\n<div class=\"mdjComplements\">Il est all\u00e9 voir ensuite un marchand de produit d\u00e9tachant qui avait pour slogan \u00ab\u00a0des produits con\u00e7us dans une d\u00e9marche de respect de l\u2019environnement. C\u2019est la saponette\u00a0!\u00bb<\/div>\n<div class=\"mdjCiter\">GM\u00a0: \u00ab\u00a0La saponette qu\u2019est ce qu\u2019il y a dedans\u00a0?\u00a0\u00bb<\/div>\n<div class=\"mdjCiter\">Marchand\u00a0: \u00ab\u00a0Saponette\u00a0: bois de Panama, terre de Sommi\u00e8res, fleurs de lierre\u00a0\u00bb<\/div>\n<div class=\"mdjCiter\">GM \u00ab\u00a0 Ah\u00a0! il y a du bois de Panama quand m\u00eame\u00a0?\u00a0\u00bb<\/div>\n<div class=\"mdjCiter\">Marchande\u00a0: \u00ab\u00a0Oui \u2026 mais bon \u2026\u00a0\u00bb<\/div>\n<div class=\"mdjCiter\">GM \u00ab\u00a0Il faut couper des arbres et les ramener du Panama\u00a0jusqu\u2019ici\u00bb<\/div>\n<div class=\"mdjCiter\">Marchande\u00a0: \u00ab\u00a0bon &#8230;\u00a0\u00a0\u00a0 rire g\u00ean\u00e9e \u2026\u00a0\u00bb<\/div>\n<div class=\"mdjCiter\">GM \u00ab\u00a0Il faut aller chercher le bois au Panama.\u00a0 On peut penser qu\u2019ils y vont pas expr\u00e8s, ils demandent \u00e0 des copains qui vont en vacances l\u00e0-bas de leur en ramener quelques tonnes\u2026\u00a0\u00bb.<\/div>\n<div class=\"mdjCiter\">GM \u00abDans un souci d\u2019\u00e9cologie on peut aussi s\u2019acheter un Spa\u2026\u00a0Sur la brochure c\u2019\u00e9tait \u00e9crit eco-responsable. Alors Monsieur le vendeur pourquoi c\u2019est eco responsable..\u00bb<\/div>\n<div class=\"mdjCiter\">Marchand \u00ab\u00a0C\u2019est \u00e9colo parce que \u2026Euh c\u2019est \u00e9colo \u00e9colo\u2026.bon on utilise des pompes qui utilisent de moins en moins d\u2019\u00e9nergie\u00a0\u00bb<\/div>\n<div class=\"mdjCiter\">GM \u00ab\u00a0Bon ce n\u2019est pas hyper \u00e9colo !\u00bb<\/div>\n<div class=\"mdjCiter\">Marchand \u00ab\u00a0Ce n\u2019est pas hyper \u00e9colo mais \u00e7a fait beaucoup de bien\u00a0!\u00a0\u00bb<\/div>\n<div class=\"mdjCiter\">GM \u00ab est ce que le plus \u00e9colo ce serait de ne pas acheter de spa finalement\u00a0?\u00a0\u00bb<\/div>\n<div class=\"mdjCiter\">Marchand \u00ab\u00a0Oui effectivement, mais cela ne nous arrangerait pas quand m\u00eame \u00ab\u00a0<\/div>\n<div class=\"mdjComplements\">Et pour finir il est all\u00e9 voir un marchand de coussin r\u00e9alis\u00e9 uniquement avec des produits naturels.<\/div>\n<div class=\"mdjCiter\">GM \u00ab\u00a0Alors c\u2019est fait avec quoi\u00a0?\u00a0\u00bb<\/div>\n<div class=\"mdjCiter\">Marchand \u00ab\u00a0c\u2019est fait avec de la viscose\u00a0\u00bb<\/div>\n<div class=\"mdjCiter\">GM\u00a0: \u00ab\u00a0 Ah et cela se trouve o\u00f9\u00a0?\u00a0\u00bb<\/div>\n<div class=\"mdjCiter\">Marchand\u00a0: \u00ab\u00a0ben c\u2019\u2019est fabriqu\u00e9 dans une usine \u00e0 partir d\u2019huiles\u00a0\u00bb<\/div>\n<div class=\"mdjCiter\">GM\u00a0: \u00ab\u00a0 Mais alors c\u2019est naturel ou c\u2019est fabriqu\u00e9\u00a0?\u00a0\u00bb<\/div>\n<div class=\"mdjCiter\">Marchand \u00ab\u00a0C\u2019est naturel mais il faut bien le fabriquer\u00a0\u00bb<\/div>\n<div class=\"mdjComplements\">C\u2019est encore beaucoup plus dr\u00f4le quand on en l\u2019\u00e9coute &lt; <a href=\"http:\/\/www.franceinter.fr\/emission-le-moment-meurice-green-washing\">http:\/\/www.franceinter.fr\/emission-le-moment-meurice-green-washing<\/a>&gt;<\/div>\n<div class=\"mdjComplements\">Dans le bio et l&rsquo;\u00e9cologie, il y a des gens s\u00e9rieux et puis il y a un grand nombre qui font semblant ou qui carr\u00e9ment semblent se moquer de nous.<\/div>\n","protected":false},"excerpt":{"rendered":"<p>Mardi, le 27\/10\/2015 \u00ab\u00a0Chaque entreprise rivalise d\u2019imagination pour \u00eatre plus \u00e9colo que les autres\u00bb Guillaume Meurice Dans une \u00e9mission de France Inter o\u00f9 des \u00e9trangers (Charline Vanhoenacker et Alex Vizorek) venant de Belgique ont colonis\u00e9 la radio fran\u00e7aise &lt;Si tu<\/p>\n","protected":false},"author":1,"featured_media":0,"comment_status":"closed","ping_status":"closed","sticky":false,"template":"","format":"standard","meta":{"footnotes":""},"categories":[1],"tags":[],"class_list":["post-1296","post","type-post","status-publish","format-standard","hentry","category-motdujour"],"_links":{"self":[{"href":"https:\/\/lemotdujour.fr\/index.php?rest_route=\/wp\/v2\/posts\/1296","targetHints":{"allow":["GET"]}}],"collection":[{"href":"https:\/\/lemotdujour.fr\/index.php?rest_route=\/wp\/v2\/posts"}],"about":[{"href":"https:\/\/lemotdujour.fr\/index.php?rest_route=\/wp\/v2\/types\/post"}],"author":[{"embeddable":true,"href":"https:\/\/lemotdujour.fr\/index.php?rest_route=\/wp\/v2\/users\/1"}],"replies":[{"embeddable":true,"href":"https:\/\/lemotdujour.fr\/index.php?rest_route=%2Fwp%2Fv2%2Fcomments&post=1296"}],"version-history":[{"count":1,"href":"https:\/\/lemotdujour.fr\/index.php?rest_route=\/wp\/v2\/posts\/1296\/revisions"}],"predecessor-version":[{"id":1297,"href":"https:\/\/lemotdujour.fr\/index.php?rest_route=\/wp\/v2\/posts\/1296\/revisions\/1297"}],"wp:attachment":[{"href":"https:\/\/lemotdujour.fr\/index.php?rest_route=%2Fwp%2Fv2%2Fmedia&parent=1296"}],"wp:term":[{"taxonomy":"category","embeddable":true,"href":"https:\/\/lemotdujour.fr\/index.php?rest_route=%2Fwp%2Fv2%2Fcategories&post=1296"},{"taxonomy":"post_tag","embeddable":true,"href":"https:\/\/lemotdujour.fr\/index.php?rest_route=%2Fwp%2Fv2%2Ftags&post=1296"}],"curies":[{"name":"wp","href":"https:\/\/api.w.org\/{rel}","templated":true}]}}