{"id":12954,"date":"2021-12-10T00:05:00","date_gmt":"2021-12-09T23:05:00","guid":{"rendered":"https:\/\/lemotdujour.fr\/?p=12954"},"modified":"2021-12-10T15:30:01","modified_gmt":"2021-12-10T14:30:01","slug":"vendredi-10-decembre-2021","status":"publish","type":"post","link":"https:\/\/lemotdujour.fr\/?p=12954","title":{"rendered":"Vendredi 10 d\u00e9cembre 2021"},"content":{"rendered":"<div class=\"mdjTexte\">\u00ab C&rsquo;\u00e9tait une situation effrayante tendue et triste. \u00bb<\/div>\n<div class=\"mdjAuteur\">Anna von Hausswolff<\/div>\n<p><span style=\"color: #777777; font-family: Arial;\">Il a suffi de quelques dizaines de catholiques int\u00e9gristes pour bloquer, mardi soir, l&rsquo;acc\u00e8s de l&rsquo;\u00e9glise \u00ab\u00a0Notre-Dame-de-Bon-Port\u00a0\u00bb \u00e0 Nantes pour que le concert soit annul\u00e9.<br \/>\n<\/span><\/p>\n<p><span style=\"color: #777777; font-family: Arial;\">Le concert \u00e9tait celui d&rsquo;une artiste su\u00e9doise\u00a0: <strong>Anna von Hausswolff<\/strong><br \/>\n<\/span><\/p>\n<p><span style=\"color: #777777; font-family: Arial;\">Son patronyme allemand signifie \u00ab\u00a0le loup de la maison \u00bb, les int\u00e9gristes lui reprochaient de tenir des propos \u00ab\u00a0satanistes\u00a0\u00bb. Dans un morceau \u00e9voquant la drogue, Anna von Hausswolff chante avoir \u00ab fait l&rsquo;amour avec le diable \u00bb. Probablement que ces esprits simples et th\u00e9o-centr\u00e9s ne savent pas ce qu&rsquo;est une m\u00e9taphore.<br \/>\n<\/span><\/p>\n<p><a href=\"https:\/\/www.liberation.fr\/culture\/musique\/anna-von-hausswolff-foin-dorgue-20211208_S43HHWQ23RGFHF6ENHPTEOTBOU\/?redirected=1\"><img decoding=\"async\" class=\"alignleft\" src=\"https:\/\/lemotdujour.fr\/wp-content\/uploads\/2021\/12\/120921_2251_Vendredi10d1.jpg\" alt=\"\" align=\"left\" border=\"0\" \/><\/a><span style=\"color: #777777; font-family: Arial;\">&lt;<span style=\"color: #0000ff;\"><a style=\"color: #0000ff;\" href=\"https:\/\/www.liberation.fr\/culture\/musique\/anna-von-hausswolff-foin-dorgue-20211208_S43HHWQ23RGFHF6ENHPTEOTBOU\/?redirected=1\">Lib\u00e9ration<\/a><\/span>&gt; pr\u00e9sente ainsi cette chanteuse\u00a0:<br \/>\n<\/span><\/p>\n<p style=\"margin-left: 28pt;\"><span style=\"color: #c00000; font-family: Arial;\">\u00ab\u00a0Sombre, mais lumineuse. L&rsquo;argutie [\u2026] vaut absolument pour la musique d&rsquo;Anna von Hausswolff, artiste n\u00e9e dans le rock, \u00e0 la voix puissante et timbr\u00e9e, proche de celles de Kate Bush, Grace Slick ou PJ Harvey, au toucher unique sur les grandes orgues, son instrument f\u00e9tiche, et qu&rsquo;adorent autant les amateurs de sucreries pop su\u00e9doises que les fous de musique sombre voire de metal extr\u00eame. [\u2026]<br \/>\n<\/span><\/p>\n<p style=\"margin-left: 28pt;\"><span style=\"color: #c00000; font-family: Arial;\">Adepte des formes \u00e0 rallonge, indescriptibles avec les vieux mots du rock, Anna von Hausswolff a d\u00e9velopp\u00e9 son \u0153uvre indiff\u00e9remment dans le cadre traditionnel de la chanson \u00e0 texte, inspir\u00e9e par ses lectures, la nature, les lieux hant\u00e9s par l&rsquo;occulte et le vieux monde finissant, et celui d&rsquo;une musique liturgique invent\u00e9e, enracin\u00e9e nulle part ailleurs que dans son imaginaire, lieu de musique inattendu, et merveilleux, o\u00f9 m\u00e9diter et se ressourcer. Le plus naturellement du monde, elle a aussi doubl\u00e9 sa qu\u00eate sonore d&rsquo;une qu\u00eate spirituelle qui n&rsquo;appartient qu&rsquo;\u00e0 elle, \u00e9cumant les \u00e9glises les plus recul\u00e9es pour y exp\u00e9rimenter avec les instruments les plus rares[\u2026]<br \/>\n<\/span><\/p>\n<p style=\"margin-left: 28pt;\"><span style=\"color: #c00000; font-family: Arial;\">\u00ab Ma musique est faite pour les \u00e9glises et mon instrument principal est l&rsquo;orgue. \u00bb, nous expliquait-elle, sonn\u00e9e, au lendemain de l&rsquo;annulation de son r\u00e9cital \u00e0 Notre-Dame-de-Bon-Port, la premi\u00e8re de sa carri\u00e8re, quand elle joue dans des lieux de culte depuis plus de dix ans.<br \/>\n<\/span><\/p>\n<p style=\"margin-left: 28pt;\"><span style=\"color: #c00000; font-family: Arial;\">\u00ab Je respecte leurs traditions et toutes les c\u00e9r\u00e9monies qui s&rsquo;y d\u00e9roulent. Nous avons toujours travaill\u00e9 en bonne entente, jamais l&rsquo;un contre l&rsquo;autre. \u00c7a s&rsquo;est toujours bien pass\u00e9, chaque partie satisfaite, avec beaucoup d&rsquo;amour et de respect. Gr\u00e2ce \u00e0 ma musique, tout un public vient \u00e0 l&rsquo;\u00e9glise alors qu&rsquo;il n&rsquo;y viendrait pas autrement, ce que les pr\u00eatres et les \u00e9v\u00eaques reconnaissent volontiers. Dire que ma musique est blasph\u00e9matoire est non seulement faux, mais blessant.\u00bb<br \/>\n<\/span><\/p>\n<p style=\"margin-left: 28pt;\"><span style=\"color: #c00000; font-family: Arial;\">Aussi une aberration, pour qui s&rsquo;est d\u00e9j\u00e0 perdu dans ses chansons pleines d&rsquo;ombres, certes, mais surtout remplies de gr\u00e2ce, de doute et d&rsquo;humanit\u00e9.\u00a0\u00bb<br \/>\n<\/span><\/p>\n<p><span style=\"color: #777777; font-family: Arial;\">Je ne connaissais pas cette artiste. J&rsquo;ai \u00e9cout\u00e9 certaines de ses productions qu&rsquo;on trouve sur Internet. Pour ce que j&rsquo;en ai entendu, ce n&rsquo;est pas une musique qui me fait vibrer pour l&rsquo;instant.<br \/>\n<\/span><\/p>\n<p><span style=\"color: #777777; font-family: Arial;\">Mais mon appr\u00e9ciation de cette musique n&rsquo;a aucune importance. <\/span><span style=\"color: #777777; font-family: Arial;\">Ce qui est important c&rsquo;est qu&rsquo;un groupe d&rsquo;exalt\u00e9s l&rsquo;a emp\u00each\u00e9, sans aucune raison s\u00e9rieuse, de chanter. <\/span><span style=\"color: #777777; font-family: Arial;\">Les autorit\u00e9s eccl\u00e9siastiques avaient donn\u00e9 leur accord.<br \/>\n<\/span><\/p>\n<p><span style=\"color: #777777; font-family: Arial;\">Dans \u00ab\u00a0<strong>TELERAMA\u00a0<\/strong>\u00bb\u00a0: <span style=\"color: #0000ff;\">&lt;<a style=\"color: #0000ff;\" href=\"https:\/\/www.telerama.fr\/debats-reportages\/vade-retro-satanas-a-nantes-des-catholiques-integristes-bloquent-un-concert-7007644.php\">Vade retro, satanas ! \u00c0 Nantes, des catholiques int\u00e9gristes bloquent un concert<\/a><\/span>&gt;, la journaliste Elise Racque rapporte\u00a0:<br \/>\n<\/span><\/p>\n<p style=\"margin-left: 28pt;\"><span style=\"color: #c00000; font-family: Arial;\">\u00ab\u00a0Cette poign\u00e9e de catholiques a bloqu\u00e9 les entr\u00e9es du lieu de culte en chantant des pri\u00e8res pour emp\u00eacher l&rsquo;artiste su\u00e9doise Anna von Hausswolff de s&rsquo;y produire [\u2026]. \u00ab <strong>C&rsquo;\u00e9tait une situation effrayante, tendue et triste<\/strong> \u00bb, a-t-elle dit sur son compte Instagram.<br \/>\n<\/span><span style=\"color: #c00000; font-family: Arial;\">[\u2026] Les fid\u00e8les ayant r\u00e9ussi \u00e0 faire annuler le concert sont issus vraisemblablement de la communaut\u00e9 traditionaliste de Nantes, qui a ses habitudes latines \u00e0 l&rsquo;\u00e9glise Saint-Cl\u00e9ment, o\u00f9 devait originellement se tenir l&rsquo;\u00e9v\u00e9nement. Face aux protestations des paroissiens, le dioc\u00e8se de Nantes avait publi\u00e9 un communiqu\u00e9 dans la journ\u00e9e de mardi, actant le d\u00e9placement du concert dans une autre \u00e9glise, tout en soulignant que \u00ab rien \u00bb, dans la programmation, ne s&rsquo;opposait \u00ab \u00e0 la foi et aux m\u0153urs \u00bb. Et remarquant au passage que les chansons de l&rsquo;artiste \u00ab entre lumi\u00e8re et t\u00e9n\u00e8bres, manifestent une qu\u00eate existentielle \u2013 comme l&rsquo;expriment \u00e0 leur mani\u00e8re les psaumes dans la Bible \u00bb.\u00a0\u00bb<br \/>\n<\/span><\/p>\n<p><a href=\"https:\/\/www.telerama.fr\/debats-reportages\/vade-retro-satanas-a-nantes-des-catholiques-integristes-bloquent-un-concert-7007644.php\"><img loading=\"lazy\" decoding=\"async\" class=\"alignright\" src=\"https:\/\/lemotdujour.fr\/wp-content\/uploads\/2021\/12\/120921_2251_Vendredi10d2.jpg\" alt=\"\" width=\"421\" height=\"318\" align=\"left\" border=\"0\" \/><\/a><span style=\"color: #777777; font-family: Arial;\">L&rsquo;artiste su\u00e9doise devait jouer jeudi soir dans l&rsquo;\u00e9glise Saint Eustache dans le quartier des Halles, \u00e0 Paris. Ce concert a aussi \u00e9t\u00e9 annul\u00e9. Le cur\u00e9 de cette paroisse a prise cette d\u00e9cision apr\u00e8s avoir \u00e9t\u00e9 inform\u00e9 que ce concert agitait sur Internet des r\u00e9seaux catholiques int\u00e9gristes.<br \/>\n<\/span><\/p>\n<p><span style=\"color: #777777; font-family: Arial;\">Le journal de Nantes \u00ab\u00a0<strong>OUEST France<\/strong>\u00a0\u00bb a bien s\u00fbr relat\u00e9 cet acte de censure et d&rsquo;atteinte \u00e0 la libert\u00e9\u00a0: &lt;<a href=\"https:\/\/www.ouest-france.fr\/pays-de-la-loire\/nantes-44000\/nantes-des-catholiques-empechent-la-tenue-d-un-concert-2a77173c-57a2-11ec-98d9-226f24a3b94d\"><span style=\"color: #0000ff;\">\u00c0<\/span> <span style=\"color: #0000ff;\">Nantes, des catholiques int\u00e9gristes emp\u00eachent la tenue d&rsquo;un concert<\/span><\/a>&gt;\u00a0:<br \/>\n<\/span><\/p>\n<p style=\"margin-left: 28pt;\"><span style=\"color: #c00000; font-family: Arial;\">\u00ab\u00a0Ils \u00e9taient nombreux \u00e0 s&rsquo;\u00eatre d\u00e9plac\u00e9s pour venir \u00e9couter Anna Von Hausswolf. Parfois de loin, comme Benjamin et Ana\u00efs, venus de Rennes. \u00ab Ce qu&rsquo;il s&rsquo;est pass\u00e9 ce soir est hallucinant \u00bb, r\u00e9agit le couple, curieux \u00ab d&rsquo;entendre cette femme qu&rsquo;on ne conna\u00eet pas. \u00c7a nous semblait sympa d&rsquo;entendre de la musique jou\u00e9e avec des instruments originaux, comme l&rsquo;orgue. \u00bb<br \/>\n<\/span><span style=\"color: #c00000; font-family: Arial;\">Mais ce mardi soir 7 d\u00e9cembre, le public n&rsquo;a pas pu entrer dans l&rsquo;\u00e9glise Notre-Dame-de-Bon-Port, \u00e0 Nantes. Ils en ont \u00e9t\u00e9 emp\u00each\u00e9s par des catholiques, qualifi\u00e9s d&rsquo;int\u00e9gristes par des \u00e9lus nantais et certains religieux. Ces derniers \u00e9taient bien d\u00e9cid\u00e9s \u00e0 entraver la tenue du concert de l&rsquo;artiste su\u00e9doise dont la tourn\u00e9e europ\u00e9enne faisait \u00e9tape \u00e0 Nantes. \u00ab Elle s&rsquo;est d\u00e9j\u00e0 produite dans une quarantaine d&rsquo;\u00e9glises ou cath\u00e9drales et il n&rsquo;y a jamais eu de probl\u00e8me \u00bb, soupire <strong>Eli Commins, directeur du Lieu unique<\/strong>, [organisateur du concert].<br \/>\n<\/span><span style=\"color: #c00000; font-family: Arial;\">La foule a bien tent\u00e9 de p\u00e9n\u00e9trer dans le lieu de culte en for\u00e7ant le passage. \u00ab Mais c&rsquo;\u00e9tait impossible, c&rsquo;\u00e9tait cadenass\u00e9 \u00bb, racontent des spectateurs.[&#8230;] On a compris qu&rsquo;ils ne voulaient pas de la tenue d&rsquo;un concert dans une \u00e9glise. Et il y a une grosse incompr\u00e9hension, parce qu&rsquo;ils pensent que cette artiste cr\u00e9e de la musique sataniste, \u00e9sot\u00e9rique \u00bb, prolongent des participants, dont la tenue n&rsquo;\u00e9voque pas du tout les habituels v\u00eatements des amateurs de ce genre artistique.<br \/>\n<\/span><span style=\"color: #c00000; font-family: Arial;\">Eli Commins s&rsquo;\u00e9trangle : \u00ab Il n&rsquo;y a aucune inspiration religieuse, aucune violence ! Simplement, elle joue de l&rsquo;orgue et les orgues se trouvent dans les \u00e9glises. C&rsquo;est une musique d&rsquo;influence post-m\u00e9tal. Il n&rsquo;y avait m\u00eame pas de paroles dans la repr\u00e9sentation pr\u00e9vue. \u00bb Certaines pochettes d&rsquo;album auraient bless\u00e9 ses d\u00e9tracteurs.\u00a0\u00bb<br \/>\n<\/span><\/p>\n<p><span style=\"color: #777777; font-family: Arial;\"><img loading=\"lazy\" decoding=\"async\" class=\"size-full wp-image-12958 alignleft\" src=\"https:\/\/lemotdujour.fr\/wp-content\/uploads\/2021\/12\/120921_2251_Vendredi10d3.jpg\" alt=\"\" width=\"453\" height=\"584\" srcset=\"https:\/\/lemotdujour.fr\/wp-content\/uploads\/2021\/12\/120921_2251_Vendredi10d3.jpg 453w, https:\/\/lemotdujour.fr\/wp-content\/uploads\/2021\/12\/120921_2251_Vendredi10d3-233x300.jpg 233w\" sizes=\"auto, (max-width: 453px) 100vw, 453px\" \/>\u00ab\u00a0<strong>LIBERATION<\/strong>\u00a0\u00bb a fait de cette annulation sa Une du 8 d\u00e9cembre, jour de la f\u00eate des lumi\u00e8res \u00e0 Lyon. Lumi\u00e8res qui devraient \u00eatre en capacit\u00e9 de chasser les t\u00e9n\u00e8bres et l&rsquo;obscurantisme.<br \/>\n<\/span><\/p>\n<p><span style=\"color: #777777; font-family: Arial;\">Ce journal explique\u00a0:<br \/>\n<\/span><\/p>\n<p style=\"margin-left: 28pt;\"><span style=\"color: #c00000; font-family: Arial;\">\u00ab Bref, un vent mauvais souffle sur le pays des Lumi\u00e8res et si Lib\u00e9 y consacre sa une, c&rsquo;est parce que, plus encore que d&rsquo;habitude, il va falloir \u00eatre vigilant. Les mois \u00e0 venir jusqu&rsquo;\u00e0 la pr\u00e9sidentielle s&rsquo;annoncent \u00e0 haut risque, une frange significative de la droite et de l&rsquo;extr\u00eame droite se montrant r\u00e9ceptive aux revendications identitaires des chr\u00e9tiens traditionalistes. Qu&rsquo;une poign\u00e9e d&rsquo;int\u00e9gristes puisse provoquer l&rsquo;annulation de deux concerts \u00e0 Nantes et Paris est source d&rsquo;inqui\u00e9tude. Et cr\u00e9e un pr\u00e9c\u00e9dent dangereux. \u00bb<br \/>\n<\/span><\/p>\n<p><span style=\"color: #777777; font-family: Arial;\">Lib\u00e9 d\u00e9crit cette mouvance polymorphe qui aime la messe en latin, est en d\u00e9saccord total avec le pape actuel. Car Fran\u00e7ois, en juillet, a ouvert les hostilit\u00e9s, en publiant, un motu proprio (un d\u00e9cret personnel) pour limiter drastiquement l&rsquo;usage de la messe en latin.<br \/>\n<\/span><\/p>\n<p><span style=\"color: #777777; font-family: Arial;\">Le journal rappelle que le noyau de ce mouvement se trouve dans les catholiques qui ont suivi, en 1988, Mgr Marcel Lefebvre dans son schisme avec Rome. D\u00e9fenseur de la messe en latin, le pr\u00e9lat fran\u00e7ais rejetait \u00e9galement en bloc les r\u00e9formes du concile Vatican II. La \u00ab cath\u00e9drale \u00bb des int\u00e9gristes est l&rsquo;\u00e9glise parisienne Saint-Nicolas-du-Chardonnet, conquise, en 1977, par un v\u00e9ritable coup de force. Malgr\u00e9 des d\u00e9cisions de justice, \u00ab\u00a0la Fraternit\u00e9 Saint-Pie-X n&rsquo;a jamais \u00e9t\u00e9 d\u00e9log\u00e9e.\u00a0\u00bb<br \/>\n<\/span><\/p>\n<p><span style=\"color: #777777; font-family: Arial;\">Selon Lib\u00e9, en France, la galaxie tradi compte \u00e0 peine quelques dizaines de milliers de personnes. Selon les derniers chiffres disponibles, il y aurait entre 50 000 et 70 000 fid\u00e8les qui se rendraient, chaque dimanche, dans des lieux de culte li\u00e9s \u00e0 la mouvance traditionaliste ou int\u00e9griste.<br \/>\n<\/span><\/p>\n<p><span style=\"color: #777777; font-family: Arial;\">C&rsquo;est un temps mauvais, en effet, quand les int\u00e9gristes de tous bords essayent d&rsquo;imposer leurs archa\u00efsmes et leurs r\u00e9gressions.<br \/>\n<\/span><\/p>\n<p><span style=\"color: #777777; font-family: Arial;\">Toutes les religions en g\u00e9n\u00e8rent en leur sein et sur certains combats contre les libert\u00e9s : l&rsquo;avortement, l&rsquo;orientation sexuelle, de ne pas croire, la culture, ils deviennent des alli\u00e9s objectifs, s&rsquo;encourageant les uns les autres.<br \/>\n<\/span><\/p>\n<p><span style=\"color: #777777; font-family: Arial;\">La libert\u00e9 religieuse est essentielle, mais je crois profond\u00e9ment que nous avons globalement \u00e9t\u00e9 trop faible avec les int\u00e9gristes de toutes les religions.<br \/>\n<\/span><\/p>\n<p><span style=\"color: #777777; font-family: Arial;\">Sur cette page de &lt;<span style=\"color: #0000ff;\"><a style=\"color: #0000ff;\" href=\"https:\/\/www.franceinter.fr\/societe\/deux-concerts-d-anna-von-hausswolff-annules-a-nantes-et-paris-apres-des-pressions-d-extremistes-catholiques\">France Inter<\/a><\/span>&gt; on apprend finalement que l&rsquo;organisateur du concert de Paris a trouv\u00e9 une autre \u00e9glise, non catholique, pr\u00e9cise t&rsquo;il, dans laquelle le concert pourra avoir lieu.<br \/>\n<\/span><\/p>\n<p><span style=\"color: #777777; font-family: Arial;\">Sur la m\u00eame page, il y a aussi une vid\u00e9o montrant la musique qu\u2019interpr\u00e8te<strong> Anna von Hausswolff.<\/strong><br \/>\n<\/span><\/p>\n<p><span style=\"color: #c00000; font-family: Arial;\">&lt;1636&gt;<\/span><\/p>\n","protected":false},"excerpt":{"rendered":"<p>\u00ab C&rsquo;\u00e9tait une situation effrayante tendue et triste. \u00bb Anna von Hausswolff Il a suffi de quelques dizaines de catholiques int\u00e9gristes pour bloquer, mardi soir, l&rsquo;acc\u00e8s de l&rsquo;\u00e9glise \u00ab\u00a0Notre-Dame-de-Bon-Port\u00a0\u00bb \u00e0 Nantes pour que le concert soit annul\u00e9. Le concert \u00e9tait<\/p>\n","protected":false},"author":1,"featured_media":0,"comment_status":"open","ping_status":"closed","sticky":false,"template":"","format":"standard","meta":{"footnotes":""},"categories":[1],"tags":[107,15,41,34],"class_list":["post-12954","post","type-post","status-publish","format-standard","hentry","category-motdujour","tag-culture","tag-france","tag-liberte","tag-religion"],"_links":{"self":[{"href":"https:\/\/lemotdujour.fr\/index.php?rest_route=\/wp\/v2\/posts\/12954","targetHints":{"allow":["GET"]}}],"collection":[{"href":"https:\/\/lemotdujour.fr\/index.php?rest_route=\/wp\/v2\/posts"}],"about":[{"href":"https:\/\/lemotdujour.fr\/index.php?rest_route=\/wp\/v2\/types\/post"}],"author":[{"embeddable":true,"href":"https:\/\/lemotdujour.fr\/index.php?rest_route=\/wp\/v2\/users\/1"}],"replies":[{"embeddable":true,"href":"https:\/\/lemotdujour.fr\/index.php?rest_route=%2Fwp%2Fv2%2Fcomments&post=12954"}],"version-history":[{"count":8,"href":"https:\/\/lemotdujour.fr\/index.php?rest_route=\/wp\/v2\/posts\/12954\/revisions"}],"predecessor-version":[{"id":12968,"href":"https:\/\/lemotdujour.fr\/index.php?rest_route=\/wp\/v2\/posts\/12954\/revisions\/12968"}],"wp:attachment":[{"href":"https:\/\/lemotdujour.fr\/index.php?rest_route=%2Fwp%2Fv2%2Fmedia&parent=12954"}],"wp:term":[{"taxonomy":"category","embeddable":true,"href":"https:\/\/lemotdujour.fr\/index.php?rest_route=%2Fwp%2Fv2%2Fcategories&post=12954"},{"taxonomy":"post_tag","embeddable":true,"href":"https:\/\/lemotdujour.fr\/index.php?rest_route=%2Fwp%2Fv2%2Ftags&post=12954"}],"curies":[{"name":"wp","href":"https:\/\/api.w.org\/{rel}","templated":true}]}}