{"id":12939,"date":"2021-12-09T01:51:00","date_gmt":"2021-12-09T00:51:00","guid":{"rendered":"https:\/\/lemotdujour.fr\/?p=12939"},"modified":"2021-12-08T23:11:21","modified_gmt":"2021-12-08T22:11:21","slug":"jeudi-9-decembre-2021","status":"publish","type":"post","link":"https:\/\/lemotdujour.fr\/?p=12939","title":{"rendered":"Jeudi 9 d\u00e9cembre 2021"},"content":{"rendered":"<div class=\"mdjTexte\">\u00ab\u00a0Homo deus de Yuval Noah Harari\u00a0\u00bb<\/div>\n<div class=\"mdjAuteur\">Publication de la page consacr\u00e9e \u00e0 la s\u00e9rie<\/div>\n<p><span style=\"color: #777777; font-family: Arial;\">Apr\u00e8s le mot du jour consacr\u00e9 aux \u00ab agents conversationnels \u00bb dans le langage courant \u00ab chatbot \u00bb, j&rsquo;ai pens\u00e9 qu&rsquo;il \u00e9tait temps de cr\u00e9er la page de la s\u00e9rie que j&rsquo;avais consacr\u00e9e au deuxi\u00e8me livre de <strong>Yuval Noah Harari : \u00abhomo deus\u00bb<\/strong>.<br \/>\n<\/span><\/p>\n<p><span style=\"color: #777777; font-family: Arial;\"><a href=\"https:\/\/www.franceinter.fr\/sciences\/yuval-noah-harari-c-est-la-nature-de-la-vie-qui-va-changer\"><img loading=\"lazy\" decoding=\"async\" class=\" wp-image-12945 alignleft\" src=\"https:\/\/lemotdujour.fr\/wp-content\/uploads\/2021\/12\/Homo-deus2.jpg\" alt=\"\" width=\"308\" height=\"462\" srcset=\"https:\/\/lemotdujour.fr\/wp-content\/uploads\/2021\/12\/Homo-deus2.jpg 424w, https:\/\/lemotdujour.fr\/wp-content\/uploads\/2021\/12\/Homo-deus2-200x300.jpg 200w\" sizes=\"auto, (max-width: 308px) 100vw, 308px\" \/><\/a>Livre qui pose des questions et trace des perspectives \u00e0 partir de ce que l&rsquo;homme fait, pr\u00e9pare dans ses ateliers, ses laboratoires num\u00e9riques, dans ses centres de recherche.<br \/>\n<\/span><\/p>\n<p><span style=\"color: #777777; font-family: Arial;\">Nous savons que nous sommes \u00e0 la veille de r\u00e9volutions consid\u00e9rables. Homo sapiens a domestiqu\u00e9 tant de techniques et poss\u00e8de un tel hubris, c&rsquo;est-\u00e0-dire un orgueil, une d\u00e9mesure qu&rsquo;il r\u00eave de ma\u00eetriser la vie et la mort. <\/span><span style=\"color: #777777; font-family: Arial;\">De passer de \u00abhomo sapiens\u00bb \u00e0 \u00abhomo deus.\u00bb<br \/>\n<\/span><\/p>\n<p><span style=\"color: #777777; font-family: Arial;\">Comme on l&rsquo;a vu pour les agents conversationnels, l&rsquo;intelligence artificielle n&rsquo;est pas vraiment de l&rsquo;intelligence, elle n&rsquo;est ni capable de comprendre comme un humain, de donner la signification des concepts, mais elle repose sur une formidable puissance de calcul statistique sur des bases de donn\u00e9es comprenant des milliards de donn\u00e9es.<br \/>\n<\/span><\/p>\n<p><span style=\"color: #777777; font-family: Arial;\">Et c&rsquo;est avec ces traitements statistiques des big data que les hommes qui sont \u00e0 la man\u0153uvre, esp\u00e8rent trouver les bonnes solutions, les d\u00e9cisions qu&rsquo;il faut prendre \u00e0 chaque instant.<br \/>\n<\/span><\/p>\n<p><span style=\"color: #777777; font-family: Arial;\">Harari fait l&rsquo;hypoth\u00e8se que si nous allons vers ce destin, nous allons en pratique nous ranger derri\u00e8re une nouvelle religion : \u00ab le data\u00efsme \u00bb c&rsquo;est-\u00e0-dire la croyance que la v\u00e9rit\u00e9 viendra de l&rsquo;analyse de toutes les donn\u00e9es que nous aurons su rassembler.<br \/>\n<\/span><\/p>\n<p><span style=\"color: #777777; font-family: Arial;\">L&rsquo;avenir n&rsquo;est pas \u00e9crit, mais il prend un chemin qui pose de s\u00e9rieuses questions aux valeurs d&rsquo;humanisme et de libert\u00e9 de penser que nous avons d\u00e9velopp\u00e9 dans notre civilisation.<br \/>\n<\/span><\/p>\n<p><span style=\"color: #777777; font-family: Arial;\">Comme toujours, il n&rsquo;y a pas de r\u00e9ponse, que des questions.<br \/>\n<\/span><\/p>\n<p><span style=\"color: #777777; font-family: Arial;\">La page consacr\u00e9e \u00e0 cette s\u00e9rie est en ligne sur la <span style=\"color: #0000ff;\"><a style=\"color: #0000ff;\" href=\"https:\/\/lemotdujour.fr\/?page_id=2543\">page des s\u00e9ries<\/a>.<\/span><br \/>\n<\/span><\/p>\n<p><span style=\"color: #777777; font-family: Arial;\">Mais vous pouvez aller directement sur la page en suivant ce lien : <span style=\"color: #0000ff;\"><a style=\"color: #0000ff;\" href=\"https:\/\/lemotdujour.fr\/?page_id=12901\">&lt; Homo deus de Yuval Noah Harari\u00a0 &gt;<\/a><\/span><br \/>\n<\/span><\/p>\n<p><span style=\"color: #c00000; font-family: Arial;\">&lt;Mot sans num\u00e9ro&gt;<br \/>\n<\/span><\/p>\n","protected":false},"excerpt":{"rendered":"<p>\u00ab\u00a0Homo deus de Yuval Noah Harari\u00a0\u00bb Publication de la page consacr\u00e9e \u00e0 la s\u00e9rie Apr\u00e8s le mot du jour consacr\u00e9 aux \u00ab agents conversationnels \u00bb dans le langage courant \u00ab chatbot \u00bb, j&rsquo;ai pens\u00e9 qu&rsquo;il \u00e9tait temps de cr\u00e9er la<\/p>\n","protected":false},"author":1,"featured_media":0,"comment_status":"open","ping_status":"closed","sticky":false,"template":"","format":"standard","meta":{"footnotes":""},"categories":[1],"tags":[26],"class_list":["post-12939","post","type-post","status-publish","format-standard","hentry","category-motdujour","tag-retrospective"],"_links":{"self":[{"href":"https:\/\/lemotdujour.fr\/index.php?rest_route=\/wp\/v2\/posts\/12939","targetHints":{"allow":["GET"]}}],"collection":[{"href":"https:\/\/lemotdujour.fr\/index.php?rest_route=\/wp\/v2\/posts"}],"about":[{"href":"https:\/\/lemotdujour.fr\/index.php?rest_route=\/wp\/v2\/types\/post"}],"author":[{"embeddable":true,"href":"https:\/\/lemotdujour.fr\/index.php?rest_route=\/wp\/v2\/users\/1"}],"replies":[{"embeddable":true,"href":"https:\/\/lemotdujour.fr\/index.php?rest_route=%2Fwp%2Fv2%2Fcomments&post=12939"}],"version-history":[{"count":4,"href":"https:\/\/lemotdujour.fr\/index.php?rest_route=\/wp\/v2\/posts\/12939\/revisions"}],"predecessor-version":[{"id":12947,"href":"https:\/\/lemotdujour.fr\/index.php?rest_route=\/wp\/v2\/posts\/12939\/revisions\/12947"}],"wp:attachment":[{"href":"https:\/\/lemotdujour.fr\/index.php?rest_route=%2Fwp%2Fv2%2Fmedia&parent=12939"}],"wp:term":[{"taxonomy":"category","embeddable":true,"href":"https:\/\/lemotdujour.fr\/index.php?rest_route=%2Fwp%2Fv2%2Fcategories&post=12939"},{"taxonomy":"post_tag","embeddable":true,"href":"https:\/\/lemotdujour.fr\/index.php?rest_route=%2Fwp%2Fv2%2Ftags&post=12939"}],"curies":[{"name":"wp","href":"https:\/\/api.w.org\/{rel}","templated":true}]}}