{"id":12911,"date":"2021-12-07T00:37:53","date_gmt":"2021-12-06T23:37:53","guid":{"rendered":"https:\/\/lemotdujour.fr\/?p=12911"},"modified":"2021-12-07T00:37:54","modified_gmt":"2021-12-06T23:37:54","slug":"mardi-7-decembre-2021","status":"publish","type":"post","link":"https:\/\/lemotdujour.fr\/?p=12911","title":{"rendered":"Mardi 7 d\u00e9cembre 2021"},"content":{"rendered":"<div class=\"mdjTexte\">\u00ab\u00a0Pause (Mozart)\u00a0\u00bb<\/div>\n<div class=\"mdjAuteur\">Un jour sans mot du jour nouveau<\/div>\n<p><span style=\"color: #777777; font-family: Arial;\">Dimanche nous \u00e9tions d\u00e9j\u00e0 all\u00e9 \u00e0 l&rsquo;Auditorium de Lyon<br \/>\n<\/span><\/p>\n<p><a href=\"https:\/\/www.europe1.fr\/international\/Son-chat-visite-sa-tombe-depuis-un-an-872928\"><img loading=\"lazy\" decoding=\"async\" class=\"alignleft\" src=\"https:\/\/lemotdujour.fr\/wp-content\/uploads\/2021\/12\/120621_2330_Mardi7dcemb1.jpg\" alt=\"\" width=\"468\" height=\"312\" align=\"left\" \/><\/a><span style=\"color: #777777; font-family: Arial;\">Lundi nous y sommes retourn\u00e9s pour \u00e9couter Jordi Savall avec son orchestre et son ch\u0153ur jouer le \u00ab\u00a0<strong>Requiem de Mozart<\/strong>\u00a0\u00bb.<br \/>\n<\/span><\/p>\n<p><span style=\"color: #777777; font-family: Arial;\">A la fin du concert Jordi Savall a biss\u00e9 le Lacrimosa apr\u00e8s avoir rappel\u00e9 que Mozart est mort pauvre <strong>le 5 d\u00e9cembre 1791, il y a 230 ans<\/strong>.<br \/>\n<\/span><\/p>\n<p><span style=\"color: #777777; font-family: Arial;\">\u00ab\u00a0<strong>Res Musica<\/strong>\u00a0\u00bb a consacr\u00e9 un article \u00e0 cet anniversaire le 5 d\u00e9cembre 2021\u00a0: &lt;<span style=\"color: #0000ff;\"><a style=\"color: #0000ff;\" href=\"https:\/\/www.resmusica.com\/2021\/12\/05\/la-mort-choquante-et-dedaignee-de-mozart\/\">La mort choquante et d\u00e9daign\u00e9e de Mozart<\/a><\/span> &gt;<br \/>\n<\/span><\/p>\n<p><span style=\"color: #777777; font-family: Arial;\">J&rsquo;en tire un extrait\u00a0:<br \/>\n<\/span><\/p>\n<p style=\"margin-left: 28pt;\"><span style=\"color: #c00000; font-family: Arial;\">\u00ab <\/span><span style=\"color: #c00000; font-family: Arial;\">Son \u00e9tat s&rsquo;aggrave et l&rsquo;on fait appel \u00e0 un autre m\u00e9decin, le 28 novembre, qui pense que l&rsquo;on ne peut plus rien faire et que le musicien est condamn\u00e9 \u00e0 tr\u00e8s court terme. Le patient reste encore clairvoyant et se d\u00e9sesp\u00e8re d&rsquo;\u00eatre oblig\u00e9 de quitter les siens et sa musique. Dans un surcroit de volont\u00e9, le 3 d\u00e9cembre, il met sur pied une r\u00e9p\u00e9tition du Requiem dans sa chambre en pr\u00e9sence de quelques fid\u00e8les.<br \/>\n<\/span><span style=\"color: #c00000; font-family: Arial;\">Il assure la partie d&rsquo;alto puis, \u00e9mu, s&rsquo;effondre en larmes, certain qu&rsquo;il ne pourra pas mettre un point final \u00e0 son \u0153uvre. \u00c0 ceux qui tentaient de le r\u00e9conforter Wolfgang Amadeus Mozart s&rsquo;exprima ainsi : \u00ab J&rsquo;ai d\u00e9j\u00e0 le go\u00fbt de la mort dans la bouche. Je sens la mort. \u00bb<br \/>\n<\/span><\/p>\n<p style=\"margin-left: 28pt;\"><span style=\"color: #c00000; font-family: Arial;\">On fait qu\u00e9rir un pr\u00eatre mais, en vain, car aucun serviteur de Dieu ne se d\u00e9place. Ne lui reproche-t-on pas de la sorte son travail d&rsquo;artiste et son adh\u00e9sion \u00e0 la franc-ma\u00e7onnerie ? Peu apr\u00e8s, la situation devient dramatique, les maux de t\u00eate s&rsquo;intensifient et il perd connaissance. Les derni\u00e8res minutes diversement d\u00e9crites conduisent au d\u00e9c\u00e8s du patient qui s&rsquo;\u00e9teint le 5 d\u00e9cembre 1791 vers une heure du matin. [&#8230;]<br \/>\n<\/span><\/p>\n<p style=\"margin-left: 28pt;\"><span style=\"color: #c00000; font-family: Arial;\">Mozart n&rsquo;a jamais connu l&rsquo;opulence mat\u00e9rielle. Il meurt pauvre. Cette situation implique un enterrement simple. Tr\u00e8s simple.<br \/>\n<\/span><span style=\"color: #c00000; font-family: Arial;\">\u00c0 ce titre, la d\u00e9pouille mortelle est suivie par une poign\u00e9e de proches.<br \/>\n<\/span><span style=\"color: #c00000; font-family: Arial;\">On la met dans une fausse commune du cimeti\u00e8re de Saint-Marx. Pas m\u00eame une croix !<br \/>\n<\/span><\/p>\n<p style=\"margin-left: 28pt;\"><span style=\"color: #c00000; font-family: Arial;\">Ceux qui auraient pu rendre l&rsquo;enterrement plus digne se d\u00e9filent et recommandent une d\u00e9pense minimale.<br \/>\n<\/span><span style=\"color: #c00000; font-family: Arial;\">En cons\u00e9quence l&rsquo;on se contente d&rsquo;un bref service religieux, sans messe et sans musique, dans une chapelle lat\u00e9rale de la cath\u00e9drale Saint-\u00c9tienne.<br \/>\n<\/span><\/p>\n<p style=\"margin-left: 28pt;\"><span style=\"color: #c00000; font-family: Arial;\">Cette mort survenue dans une indiff\u00e9rence troublante contraste intens\u00e9ment avec la reconnaissance posthume de son g\u00e9nie universel f\u00eat\u00e9 par l&rsquo;ensemble du monde.\u00a0\u00bb<br \/>\n<\/span><\/p>\n<p><span style=\"color: #777777; font-family: Arial;\">Et voici le Lacrimosa du Requiem de Mozart interpr\u00e9t\u00e9 par &lt;<a href=\"https:\/\/www.youtube.com\/watch?v=mhYCaQkbkyw\"><span style=\"color: #0000ff;\">Claudio Abbado au Festival de Lucerne<\/span><\/a>&gt;<br \/>\n<\/span><\/p>\n<p><span style=\"color: #777777; font-family: Arial;\">J&rsquo;ai aussi trouv\u00e9 cette version minimaliste\u00a0: un instrument pour chaque voix d&rsquo;orchestre et une chanteuse et un chanteur par voix de ch\u0153ur. &lt;<a href=\"https:\/\/www.youtube.com\/watch?v=AX9hrrcPjWc\"><span style=\"color: #0000ff;\">Ensemble Contraste<\/span><\/a>&gt;. C&rsquo;est d\u00e9pouill\u00e9 et poignant.<br \/>\n<\/span><\/p>\n<p><span style=\"color: #777777; font-family: Arial;\">Et encore plus d\u00e9pouill\u00e9, le Lacrimosa arrang\u00e9 pour quatuor \u00e0 cordes par le &lt;<a href=\"https:\/\/www.youtube.com\/watch?v=mI52bESX3Zw\"><span style=\"color: #0000ff;\">Quatuor Debussy<\/span><\/a>&gt;<br \/>\n<\/span><br \/>\n<span style=\"color: maroon; font-family: Arial;\">&lt;Mot du jour sans num\u00e9ro&gt;<\/span><\/p>\n","protected":false},"excerpt":{"rendered":"<p>\u00ab\u00a0Pause (Mozart)\u00a0\u00bb Un jour sans mot du jour nouveau Dimanche nous \u00e9tions d\u00e9j\u00e0 all\u00e9 \u00e0 l&rsquo;Auditorium de Lyon Lundi nous y sommes retourn\u00e9s pour \u00e9couter Jordi Savall avec son orchestre et son ch\u0153ur jouer le \u00ab\u00a0Requiem de Mozart\u00a0\u00bb. A la<\/p>\n","protected":false},"author":1,"featured_media":0,"comment_status":"open","ping_status":"closed","sticky":false,"template":"","format":"standard","meta":{"footnotes":""},"categories":[1],"tags":[96],"class_list":["post-12911","post","type-post","status-publish","format-standard","hentry","category-motdujour","tag-pause"],"_links":{"self":[{"href":"https:\/\/lemotdujour.fr\/index.php?rest_route=\/wp\/v2\/posts\/12911","targetHints":{"allow":["GET"]}}],"collection":[{"href":"https:\/\/lemotdujour.fr\/index.php?rest_route=\/wp\/v2\/posts"}],"about":[{"href":"https:\/\/lemotdujour.fr\/index.php?rest_route=\/wp\/v2\/types\/post"}],"author":[{"embeddable":true,"href":"https:\/\/lemotdujour.fr\/index.php?rest_route=\/wp\/v2\/users\/1"}],"replies":[{"embeddable":true,"href":"https:\/\/lemotdujour.fr\/index.php?rest_route=%2Fwp%2Fv2%2Fcomments&post=12911"}],"version-history":[{"count":2,"href":"https:\/\/lemotdujour.fr\/index.php?rest_route=\/wp\/v2\/posts\/12911\/revisions"}],"predecessor-version":[{"id":12913,"href":"https:\/\/lemotdujour.fr\/index.php?rest_route=\/wp\/v2\/posts\/12911\/revisions\/12913"}],"wp:attachment":[{"href":"https:\/\/lemotdujour.fr\/index.php?rest_route=%2Fwp%2Fv2%2Fmedia&parent=12911"}],"wp:term":[{"taxonomy":"category","embeddable":true,"href":"https:\/\/lemotdujour.fr\/index.php?rest_route=%2Fwp%2Fv2%2Fcategories&post=12911"},{"taxonomy":"post_tag","embeddable":true,"href":"https:\/\/lemotdujour.fr\/index.php?rest_route=%2Fwp%2Fv2%2Ftags&post=12911"}],"curies":[{"name":"wp","href":"https:\/\/api.w.org\/{rel}","templated":true}]}}