{"id":12905,"date":"2021-12-06T02:40:00","date_gmt":"2021-12-06T01:40:00","guid":{"rendered":"https:\/\/lemotdujour.fr\/?p=12905"},"modified":"2021-12-05T23:55:50","modified_gmt":"2021-12-05T22:55:50","slug":"lundi-6-decembre-2021","status":"publish","type":"post","link":"https:\/\/lemotdujour.fr\/?p=12905","title":{"rendered":"Lundi 6 d\u00e9cembre 2021"},"content":{"rendered":"<div class=\"mdjTexte\">\u00ab\u00a0Pause (Grigory Sokolov)\u00a0\u00bb<\/div>\n<div class=\"mdjAuteur\">Un jour sans mot du jour nouveau<\/div>\n<p><span style=\"color: #777777; font-family: Arial;\">Dimanche et lundi Annie et moi sommes all\u00e9s et allons au concert.<br \/>\n<\/span><\/p>\n<p><img decoding=\"async\" class=\"alignleft\" src=\"https:\/\/lemotdujour.fr\/wp-content\/uploads\/2021\/12\/120521_2240_Lundi6dcemb1.jpg\" alt=\"\" align=\"left\" \/><span style=\"color: #777777; font-family: Arial;\">Dans ces conditions, difficile d&rsquo;\u00e9crire un mot du jour.<br \/>\n<\/span><\/p>\n<p><span style=\"color: #777777; font-family: Arial;\">Dimanche, nous sommes all\u00e9s \u00e9couter \u00e0 l&rsquo;Auditorium de Lyon, le remarquable pianiste Grigory Sokolov.<br \/>\n<\/span><\/p>\n<p><span style=\"color: #777777; font-family: Arial;\">J&rsquo;avais \u00e9crit un mot du jour il y a presque exactement 3 ans suite \u00e0 un concert de Sokolov le : &lt;<span style=\"color: #0000ff;\"><a style=\"color: #0000ff;\" href=\"https:\/\/lemotdujour.fr\/?p=5849\">3 d\u00e9cembre 2018<\/a><\/span>&gt;<br \/>\n<\/span><\/p>\n<p><span style=\"color: #777777; font-family: Arial;\">Cette fois il a jou\u00e9 6 bis.<br \/>\n<\/span><\/p>\n<p><span style=\"color: #777777; font-family: Arial;\">Par exemple &lt;<a href=\"https:\/\/www.youtube.com\/watch?v=HuPVOMH8NsQ\"><span style=\"color: #0000ff;\">La Mazurka opus 68 N\u00b02 de Chopin<\/span><\/a>&gt;<br \/>\n<\/span><\/p>\n<p><span style=\"color: #777777; font-family: Arial;\">Et &lt; <a href=\"https:\/\/www.youtube.com\/watch?v=iN-QOWCyLrs\"><span style=\"color: #0000ff;\">Intermezzo op 118 no 3 de Brahms<\/span><\/a>&gt;<br \/>\n<\/span><\/p>\n<p><span style=\"color: #777777; font-family: Arial;\">Et aussi &lt;<a href=\"https:\/\/www.youtube.com\/watch?v=TBTkpd6JL4g\"><span style=\"color: #0000ff;\">Ce choral de Bach<\/span><\/a>&gt;<br \/>\n<\/span><\/p>\n<p><span style=\"color: maroon; font-family: Arial;\">&lt;Mot du jour sans num\u00e9ro&gt;<\/span><\/p>\n","protected":false},"excerpt":{"rendered":"<p>\u00ab\u00a0Pause (Grigory Sokolov)\u00a0\u00bb Un jour sans mot du jour nouveau Dimanche et lundi Annie et moi sommes all\u00e9s et allons au concert. Dans ces conditions, difficile d&rsquo;\u00e9crire un mot du jour. Dimanche, nous sommes all\u00e9s \u00e9couter \u00e0 l&rsquo;Auditorium de Lyon,<\/p>\n","protected":false},"author":1,"featured_media":0,"comment_status":"open","ping_status":"closed","sticky":false,"template":"","format":"standard","meta":{"footnotes":""},"categories":[1],"tags":[96],"class_list":["post-12905","post","type-post","status-publish","format-standard","hentry","category-motdujour","tag-pause"],"_links":{"self":[{"href":"https:\/\/lemotdujour.fr\/index.php?rest_route=\/wp\/v2\/posts\/12905","targetHints":{"allow":["GET"]}}],"collection":[{"href":"https:\/\/lemotdujour.fr\/index.php?rest_route=\/wp\/v2\/posts"}],"about":[{"href":"https:\/\/lemotdujour.fr\/index.php?rest_route=\/wp\/v2\/types\/post"}],"author":[{"embeddable":true,"href":"https:\/\/lemotdujour.fr\/index.php?rest_route=\/wp\/v2\/users\/1"}],"replies":[{"embeddable":true,"href":"https:\/\/lemotdujour.fr\/index.php?rest_route=%2Fwp%2Fv2%2Fcomments&post=12905"}],"version-history":[{"count":3,"href":"https:\/\/lemotdujour.fr\/index.php?rest_route=\/wp\/v2\/posts\/12905\/revisions"}],"predecessor-version":[{"id":12909,"href":"https:\/\/lemotdujour.fr\/index.php?rest_route=\/wp\/v2\/posts\/12905\/revisions\/12909"}],"wp:attachment":[{"href":"https:\/\/lemotdujour.fr\/index.php?rest_route=%2Fwp%2Fv2%2Fmedia&parent=12905"}],"wp:term":[{"taxonomy":"category","embeddable":true,"href":"https:\/\/lemotdujour.fr\/index.php?rest_route=%2Fwp%2Fv2%2Fcategories&post=12905"},{"taxonomy":"post_tag","embeddable":true,"href":"https:\/\/lemotdujour.fr\/index.php?rest_route=%2Fwp%2Fv2%2Ftags&post=12905"}],"curies":[{"name":"wp","href":"https:\/\/api.w.org\/{rel}","templated":true}]}}