{"id":1288,"date":"2015-10-21T02:00:00","date_gmt":"2015-10-20T22:00:00","guid":{"rendered":"http:\/\/lemotdujour.fr\/?p=1288"},"modified":"2022-03-11T14:50:45","modified_gmt":"2022-03-11T13:50:45","slug":"mercredi-le-21102015","status":"publish","type":"post","link":"https:\/\/lemotdujour.fr\/?p=1288","title":{"rendered":"Mercredi, le 21\/10\/2015"},"content":{"rendered":"<div class=\"mdjTexte\">\u00abMon mandat ne provient pas du peuple europ\u00e9en.\u00bb<\/div>\n<div class=\"mdjAuteur\">C\u00e9cilia Malmstr\u00f6m (propos qui ont \u00e9t\u00e9 rapport\u00e9s par John Hillary)<br \/>\nLa commissaire europ\u00e9enne charg\u00e9e du commerce et donc des n\u00e9gociations du TTIP ou TAFTA<\/div>\n<div class=\"mdjComplements\">N\u00e9goci\u00e9 depuis le mois de juillet 2013, TAFTA, l&rsquo;accord commercial trans-atlantique ou Trans-Atlantic Free Trade Agreement (aussi connu sous le nom de TTIP, Transatlantic Trade and Investment Partnership ou Partenariat Transatlantique de Commerce et d&rsquo;Investissement) est un projet d&rsquo;accord commercial entre l&rsquo;Union europ\u00e9enne et les \u00c9tats-Unis. Il concerne des domaines aussi vari\u00e9s que l&rsquo;acc\u00e8s aux m\u00e9dicaments, la s\u00e9curit\u00e9 alimentaire ou le r\u00e8glement des diff\u00e9rends priv\u00e9s-publics. Les n\u00e9gociations sont men\u00e9es par un petit groupe de fonctionnaires non \u00e9lus. Le plus grand secret entoure ces n\u00e9gociations.<\/div>\n<div class=\"mdjComplements\">L&rsquo;objectif est de d\u00e9velopper encore davantage le commerce transatlantique pour le plus grand profit des consommateurs, des affaires et plus probablement <a href=\"http:\/\/www.challenges.fr\/economie\/20150119.CHA2310\/ces-1-qui-detiendront-bientot-50-de-la-richesse-mondiale.html\">des 1% de \u00ab\u00a0super humains\u00a0\u00bb qui d\u00e9tiendront bient\u00f4t 50% des richesses de la plan\u00e8te.<\/a><\/div>\n<div class=\"mdjComplements\">Il s&rsquo;agit d&rsquo;une part de faire dispara\u00eetre toutes les protections et particularit\u00e9s qui \u00ab\u00a0emp\u00eachent de faire des affaires\u00a0\u00bb. On discute ainsi de la possibilit\u00e9 <a href=\"http:\/\/www.lefigaro.fr\/conso\/2008\/05\/28\/05007-20080528ARTFIG00596-le-poulet-a-la-javel-sera-t-il-autorise-en-europe-.php\">d&rsquo;importer des poulets nettoy\u00e9s \u00e0 l&rsquo;eau de javel.<\/a><\/div>\n<div class=\"mdjComplements\">Mais le plus important est le fait de d\u00e9-saisir encore davantage les \u00c9tats de leur capacit\u00e9 de l\u00e9gif\u00e9rer et de rendre la justice en mati\u00e8re d&rsquo;\u00e9conomie.<\/div>\n<div class=\"mdjComplements\">Puisque la grande id\u00e9e de ces \u00ab\u00a0homo \u0153conomicus\u00a0\u00bb est de soumettre les d\u00e9cisions et les lois des \u00c9tats \u00e0 l&rsquo;arbitrage priv\u00e9 et ainsi contraindre les \u00c9tats \u00e0 payer aux multinationales des dommages int\u00e9r\u00eats colossaux quand une d\u00e9cision de l\u2019\u00c9tat leur porte pr\u00e9judice.<\/div>\n<div class=\"mdjComplements\"><a href=\"http:\/\/www.sortirdunucleaire.org\/Fin-du-nucleaire-en-Allemagne\">&lt;On apprend ainsi que le groupe \u00e9nerg\u00e9tique public su\u00e9dois Vattenfall r\u00e9clame \u00e0 l&rsquo;Allemagne plus de 3,5 milliards d&rsquo;euros&gt;&nbsp; p<\/a>arce que l&rsquo;Allemagne a d\u00e9cid\u00e9 souverainement de sortir de nucl\u00e9aire et que cela est pr\u00e9judiciable au groupe su\u00e9dois.<\/div>\n<div class=\"mdjComplements\">On peut imaginer qu&rsquo;une politique visant \u00e0 limiter la consommation de tabac ou la production de gaz \u00e0 effets de serre entra\u00eene des pertes pour des multinationales pr\u00e9sentes sur ce cr\u00e9neau. Un tribunal priv\u00e9 constatera ce pr\u00e9judice, indiscutable du point de vue des affaires \u00e9conomiques, et condamnera donc l\u2019\u00c9tat \u00e0 indemniser l&rsquo;entreprise priv\u00e9e.<\/div>\n<div class=\"mdjComplements\">L\u2019\u00c9tat aura le choix entre ne pas l\u00e9gif\u00e9rer ou faire payer les contribuables de son Etat des sommes consid\u00e9rables \u00e0 des int\u00e9r\u00eats priv\u00e9s pour avoir le droit de faire des lois qui devraient prot\u00e9ger les citoyens.<\/div>\n<div class=\"mdjComplements\">C&rsquo;est \u00e9videmment organiser un peu plus l&rsquo;impuissance des Etats.<\/div>\n<div class=\"mdjComplements\"><a href=\"http:\/\/www.lemonde.fr\/idees\/article\/2015\/10\/07\/le-partenariat-transpacifique-precurseur-d-une-nouvelle-generation-de-mega-traites-commerciaux_4784436_3232.html\">&lt;Les porte-paroles des 1% nous avertissent : les Etats Unis ont conclu le partenariat transpacifique sans la Chine cependant&gt;<\/a> Bref nous autres europ\u00e9ens allons devenir les \u00ab\u00a0has been\u00a0\u00bb de l&rsquo;\u00e9conomie mondiale si nous n&#8217;empruntons pas la m\u00eame voie.<\/div>\n<div class=\"mdjComplements\">Et c&rsquo;est dans ce contexte que dans une interview au journal de Londres \u00ab\u00a0The Independent\u00a0\u00bb, John Hilary, le directeur de l\u2019organisation caritative \u00ab&nbsp;War on Want&nbsp;\u00bb, engag\u00e9e contre le TTIP, explique s\u2019\u00eatre rendu \u00e0 Bruxelles pour discuter avec C\u00e9cilia Malmstr\u00f6m, commissaire europ\u00e9enne charg\u00e9e de cette n\u00e9gociation. John Hilary a relat\u00e9 : <strong>\u00ab<\/strong>Lors de notre entrevue je lui ai demand\u00e9 comment elle pouvait continuer sa promotion persistante du trait\u00e9, devant une opposition publique aussi massive. Et sa r\u00e9ponse fut aussi froide que limpide : mon mandat ne provient pas du peuple europ\u00e9en.<strong>\u00bb<\/strong><\/div>\n<div class=\"mdjComplements\">Depuis, la commissaire europ\u00e9enne a ni\u00e9 avoir prononc\u00e9 ces mots comme le relate cet article : <a href=\"http:\/\/www.slate.fr\/story\/108271\/cecilia-malmstrom-mandat-peuple-transatlantique\">http:\/\/www.slate.fr\/story\/108271\/cecilia-malmstrom-mandat-peuple-transatlantique.<\/a><\/div>\n<div class=\"mdjComplements\">Peut-on lui accorder le cr\u00e9dit de cette d\u00e9n\u00e9gation, quand cette personne fait partie d&rsquo;une commission, dont le Pr\u00e9sident, Jean-Claude Juncker a dit : <a href=\"http:\/\/www.lefigaro.fr\/vox\/politique\/2015\/02\/02\/31001-20150202ARTFIG00405-du-traite-constitutionnel-a-syriza-l-europe-contre-les-peuples.php&quot; \\t &quot;_blank\">\u00abIl ne peut y avoir de choix d\u00e9mocratique contre les trait\u00e9s europ\u00e9ens &#8230;\u00bb ?<\/a><\/div>\n<div class=\"mdjComplements\">Cette fois l&rsquo;exemple de la r\u00e9bellion vient de l&rsquo;Allemagne : Le 10 octobre 2015, il y avait environ 150.000 et 250.000 personnes dans les rues de Berlin pour protester contre le trait\u00e9 transatlantique de libre-\u00e9change, le TTIP. Quelques jours auparavant, une p\u00e9tition de plus de 3 millions d\u2019Europ\u00e9ens \u00e9tait remise par le collectif Stop TAFTA (l\u2019autre nom du trait\u00e9) \u00e0 la Commission europ\u00e9enne.<\/div>\n","protected":false},"excerpt":{"rendered":"<p>\u00abMon mandat ne provient pas du peuple europ\u00e9en.\u00bb C\u00e9cilia Malmstr\u00f6m (propos qui ont \u00e9t\u00e9 rapport\u00e9s par John Hillary) La commissaire europ\u00e9enne charg\u00e9e du commerce et donc des n\u00e9gociations du TTIP ou TAFTA N\u00e9goci\u00e9 depuis le mois de juillet 2013, TAFTA,<\/p>\n","protected":false},"author":1,"featured_media":0,"comment_status":"closed","ping_status":"closed","sticky":false,"template":"","format":"standard","meta":{"footnotes":""},"categories":[1],"tags":[],"class_list":["post-1288","post","type-post","status-publish","format-standard","hentry","category-motdujour"],"_links":{"self":[{"href":"https:\/\/lemotdujour.fr\/index.php?rest_route=\/wp\/v2\/posts\/1288","targetHints":{"allow":["GET"]}}],"collection":[{"href":"https:\/\/lemotdujour.fr\/index.php?rest_route=\/wp\/v2\/posts"}],"about":[{"href":"https:\/\/lemotdujour.fr\/index.php?rest_route=\/wp\/v2\/types\/post"}],"author":[{"embeddable":true,"href":"https:\/\/lemotdujour.fr\/index.php?rest_route=\/wp\/v2\/users\/1"}],"replies":[{"embeddable":true,"href":"https:\/\/lemotdujour.fr\/index.php?rest_route=%2Fwp%2Fv2%2Fcomments&post=1288"}],"version-history":[{"count":2,"href":"https:\/\/lemotdujour.fr\/index.php?rest_route=\/wp\/v2\/posts\/1288\/revisions"}],"predecessor-version":[{"id":13368,"href":"https:\/\/lemotdujour.fr\/index.php?rest_route=\/wp\/v2\/posts\/1288\/revisions\/13368"}],"wp:attachment":[{"href":"https:\/\/lemotdujour.fr\/index.php?rest_route=%2Fwp%2Fv2%2Fmedia&parent=1288"}],"wp:term":[{"taxonomy":"category","embeddable":true,"href":"https:\/\/lemotdujour.fr\/index.php?rest_route=%2Fwp%2Fv2%2Fcategories&post=1288"},{"taxonomy":"post_tag","embeddable":true,"href":"https:\/\/lemotdujour.fr\/index.php?rest_route=%2Fwp%2Fv2%2Ftags&post=1288"}],"curies":[{"name":"wp","href":"https:\/\/api.w.org\/{rel}","templated":true}]}}