{"id":12870,"date":"2021-12-01T00:34:41","date_gmt":"2021-11-30T23:34:41","guid":{"rendered":"http:\/\/lemotdujour.fr\/?p=12870"},"modified":"2021-12-01T10:34:40","modified_gmt":"2021-12-01T09:34:40","slug":"mercredi-1er-decembre-2021","status":"publish","type":"post","link":"https:\/\/lemotdujour.fr\/?p=12870","title":{"rendered":"Mercredi 1er d\u00e9cembre 2021"},"content":{"rendered":"<div class=\"mdjTexte\">\u00ab Pardonne-moi. Je te pardonne. Je t&rsquo;aime. Merci. Au revoir. \u00bb<\/div>\n<div class=\"mdjAuteur\">Les 5 mots essentiels qu&rsquo;il faut dire, selon le professeur Gabriel Sara, pour ranger le bureau de sa vie<\/div>\n<p><span style=\"color: #777777; font-family: Arial;\">\u00ab\u00a0<strong>De son vivant<\/strong>\u00a0\u00bb est un beau titre pour un film bouleversant et lumineux.<br \/>\n<\/span><\/p>\n<p><img decoding=\"async\" class=\"alignleft\" src=\"https:\/\/lemotdujour.fr\/wp-content\/uploads\/2021\/12\/113021_2317_Mercredi1er1.jpg\" alt=\"\" align=\"left\" \/><span style=\"color: #777777; font-family: Arial;\">Il s&rsquo;agit de la fin de vie d&rsquo;un professeur d&rsquo;art th\u00e9\u00e2tral jou\u00e9 par <strong>Benoit Magimel<\/strong>, atteint d&rsquo;un cancer du pancr\u00e9as au stade 4, accompagn\u00e9 par un m\u00e9decin jou\u00e9 par un vrai oncologue, <strong>Gabriel Sara<\/strong>, qui fait dans le film ce qu&rsquo;il pratique, dans la vraie vie, dans son service\u00a0: l&rsquo;unit\u00e9 de chimioth\u00e9rapie de l&rsquo;h\u00f4pital Mount Sina\u00ef Roosevelt de New York.<br \/>\n<\/span><\/p>\n<p><span style=\"color: #777777; font-family: Arial;\">Ce film ne parle pas de la mort, il parle de la vie.<br \/>\n<\/span><\/p>\n<p><span style=\"color: #777777; font-family: Arial;\">Pour supporter notre destin de mortel, beaucoup de croyants se rattachent \u00e0 leurs r\u00e9cits religieux qui leur racontent une vie \u00e9ternelle qu&rsquo;ils pourront vivre apr\u00e8s, dans un monde o\u00f9 tout n&rsquo;est que beaut\u00e9, douceur et lumi\u00e8re.<br \/>\n<\/span><\/p>\n<p><span style=\"color: #777777; font-family: Arial;\">Et si ce r\u00e9cit rassurant leur permet de mieux vivre ses moments ultimes, ils font bien.<br \/>\n<\/span><\/p>\n<p><span style=\"color: #777777; font-family: Arial;\">Ce ne fut pas la r\u00e9ponse <strong>d&rsquo;Axel Kahn<\/strong> quand dans son dernier entretien, dans la &lt;<a href=\"https:\/\/www.youtube.com\/watch?v=gXKqvkyMCWA\"><span style=\"color: #0000ff;\">Grande Librairie<\/span><\/a>&gt;, deux semaines avant de mourir, <strong>Fran\u00e7ois Busnel<\/strong> lui demanda : \u00ab Croyez-vous \u00e0 une vie apr\u00e8s la mort ? \u00bb, il r\u00e9pondit\u00a0 :<br \/>\n<\/span><\/p>\n<p style=\"margin-left: 28pt;\"><span style=\"color: #c00000; font-family: Arial;\">\u00ab\u00a0Je n&rsquo;en fais point l&rsquo;hypoth\u00e8se\u00a0\u00bb<br \/>\n<\/span><\/p>\n<p><span style=\"color: #777777; font-family: Arial;\">Mais Axel Kahn a surtout dit autre chose\u00a0:<br \/>\n<\/span><\/p>\n<p style=\"margin-left: 28pt;\"><span style=\"color: #c00000; font-family: Arial;\">\u00ab\u00a0 La mort est un non \u00e9v\u00e8nement, ce n&rsquo;est rien d&rsquo;autre que la fin de la vie, le rideau qui tombe\u2026 \u00bb<br \/>\n<\/span><\/p>\n<p><span style=\"color: #777777; font-family: Arial;\">L&rsquo;\u00e9v\u00e8nement c&rsquo;est la vie, c&rsquo;est de la vie qu&rsquo;il faut parler, c&rsquo;est la vie qu&rsquo;il faut vivre.<br \/>\n<\/span><\/p>\n<p><span style=\"color: #777777; font-family: Arial;\">Car, si la vie apr\u00e8s la mort est une hypoth\u00e8se, celle avant est palpable, r\u00e9elle et permet de donner et de recevoir de la joie, de la tendresse, de l&rsquo;amour.<br \/>\n<\/span><\/p>\n<p><span style=\"color: #777777; font-family: Arial;\">Vivre, m\u00eame s&rsquo;il ne reste qu&rsquo;un an ou qu&rsquo;un mois ou que 5 minutes.<br \/>\n<\/span><\/p>\n<p><span style=\"color: #777777; font-family: Arial;\">S&rsquo;il ne reste que peu de temps, il devient d&rsquo;autant plus important de remplir ce temps de ce qui est le plus essentiel, de plus pr\u00e9cieux.<br \/>\n<\/span><\/p>\n<p><span style=\"color: #777777; font-family: Arial;\">C&rsquo;est ce qu&rsquo;a fait Axel Kahn dans sa vraie vie. En outre, il a tenu \u00ab\u00a0<strong>La chronique apais\u00e9e de la fin d&rsquo;un itin\u00e9raire de vie<\/strong>\u00a0\u00bb sur son &lt;<span style=\"color: #0000ff;\"><a style=\"color: #0000ff;\" href=\"https:\/\/axelkahn.fr\/blog\/\">blog<\/a><\/span>&gt; jusqu&rsquo;au moment o\u00f9 la douleur trop forte l&rsquo;a oblig\u00e9 de prendre des m\u00e9dicaments contre la douleur qui ne lui permettait plus de disposer d&rsquo;une lucidit\u00e9 suffisante pour \u00e9crire un texte intelligible et construit.<br \/>\n<\/span><\/p>\n<p><span style=\"color: #777777; font-family: Arial;\">Dans l&rsquo;\u0153uvre de fiction \u00ab\u00a0<strong>De son vivant<\/strong>\u00a0\u00bb, le professeur <strong>Gabriel Sara<\/strong>, en puisant dans son exp\u00e9rience, ne dit pas autre chose quand il avertit Benjamin qu&rsquo;il existe des gens qui meurent avant de mourir, parce qu&rsquo;ils oublient de vivre ce qu&rsquo;il leur reste de vie.<br \/>\n<\/span><\/p>\n<p><span style=\"color: #777777; font-family: Arial;\"><strong><img loading=\"lazy\" decoding=\"async\" class=\" wp-image-12876 alignright\" src=\"https:\/\/lemotdujour.fr\/wp-content\/uploads\/2021\/12\/Gabriel-Sara2.jpg\" alt=\"\" width=\"414\" height=\"344\" srcset=\"https:\/\/lemotdujour.fr\/wp-content\/uploads\/2021\/12\/Gabriel-Sara2.jpg 383w, https:\/\/lemotdujour.fr\/wp-content\/uploads\/2021\/12\/Gabriel-Sara2-300x249.jpg 300w\" sizes=\"auto, (max-width: 414px) 100vw, 414px\" \/>Benoit Magimel<\/strong> est \u00e9poustouflant dans ce film, <strong>Catherine Deneuve<\/strong> qui joue sa m\u00e8re et qui a subi un <a href=\"https:\/\/www.lepoint.fr\/societe\/cannes-de-son-vivant-poignant-tableau-d-une-fin-de-vie-11-07-2021-2435067_23.php\"><span style=\"color: #0000ff;\">AVC<\/span><\/a> au cours du tournage est admirable, mais celui qui illumine le film est le docteur <strong>Gabriel Sara.<br \/>\n<\/strong><\/span><\/p>\n<p><span style=\"color: #777777; font-family: Arial;\">Celui qui invite \u00e0 \u00ab\u00a0<span style=\"color: #c00000;\">ranger le bureau de sa vie<span style=\"color: #777777;\">\u00a0\u00bb, en pronon\u00e7ant les 5 phrases essentielles\u00a0:<br \/>\n<\/span><\/span><\/span><\/p>\n<ul>\n<li><span style=\"color: #777777; font-family: Arial;\"><strong>Pardonne-moi,<br \/>\n<\/strong><\/span><\/li>\n<li><span style=\"color: #777777; font-family: Arial;\"><strong>Je te pardonne<br \/>\n<\/strong><\/span><\/li>\n<li><span style=\"color: #777777; font-family: Arial;\"><strong>Je t&rsquo;aime<br \/>\n<\/strong><\/span><\/li>\n<li><span style=\"color: #777777; font-family: Arial;\"><strong>Merci<br \/>\n<\/strong><\/span><\/li>\n<li><span style=\"color: #777777; font-family: Arial;\"><strong>Au revoir<br \/>\n<\/strong><\/span><\/li>\n<\/ul>\n<p><span style=\"color: #777777; font-family: Arial;\">C&rsquo;est en entendant cet homme qui accompagnait <strong>Emmanuelle Bercot<\/strong>, la r\u00e9alisatrice du film chez <strong>L\u00e9a Salam\u00e9<\/strong> le 24 novembre 2021, &lt;<a href=\"https:\/\/www.franceinter.fr\/emissions\/l-invite-de-7h50\/l-invite-de-7h50-du-mercredi-24-novembre-2021\"><span style=\"color: #0000ff;\">Je voulais faire un film sur la mort plein de vie<\/span><\/a>&gt; que j&rsquo;ai eu une envie irr\u00e9pressible d&rsquo;aller voir ce film.<br \/>\n<\/span><\/p>\n<p><span style=\"color: #777777; font-family: Arial;\">Ce qui fut fait avec Annie le 30 novembre.<br \/>\n<\/span><\/p>\n<p><span style=\"color: #777777; font-family: Arial;\">Gabriel Sara est n\u00e9 au Liban et a \u00e9tudi\u00e9 en France. Il a rencontr\u00e9 Emmanuelle Bercot \u00e0 New York et lui a propos\u00e9 de venir le voir dans son service de traitement du cancer. <\/span><span style=\"color: #777777; font-family: Arial;\">Emmanuelle Bercot a accept\u00e9 l&rsquo;invitation et a \u00e9t\u00e9 saisie par l&rsquo;immense qualit\u00e9 de ses m\u00e9thodes d&rsquo;accompagnement des malades : humaines et joyeuses.<br \/>\n<\/span><\/p>\n<p><span style=\"color: #777777; font-family: Arial;\">Il refuse la distance entre le malade et son m\u00e9decin. Il n&rsquo;accepte pas les mensonges, le d\u00e9ni, il ne connait qu&rsquo;une r\u00e8gle : dire 100% de la v\u00e9rit\u00e9\u00a0:<br \/>\n<\/span><\/p>\n<p style=\"margin-left: 28pt;\"><span style=\"color: #c00000; font-family: Arial;\">\u00ab\u00a0Il est indispensable de mettre carte sur table. Car mon malade est mon partenaire. Si on va \u00eatre partenaire lors d&rsquo;une aventure, on ne peut pas se mentir.<br \/>\n<\/span><span style=\"color: #c00000; font-family: Arial;\">Il faut clarifier les choses, c&rsquo;est dur au d\u00e9part. Le cancer est un terroriste, il ne faut pas se laisser consumer par la peur \u00bb<br \/>\n<\/span><\/p>\n<p><span style=\"color: #777777; font-family: Arial;\">J&rsquo;ai trouv\u00e9 un entretien d&rsquo;une profondeur exceptionnelle avec Gabriel Sara sur le site de l&rsquo;association <strong>RoseUp<\/strong>, qui est une association de patients et d&rsquo;accompagnants dans lutte face aux cancers\u00a0: &lt;<a href=\"https:\/\/www.rose-up.fr\/magazine\/interview-gabriel-sara-oncologue-film-de-son-vivant\/\"><span style=\"color: #0000ff;\">un oncologue se livre au cin\u00e9ma<\/span><\/a>&gt;<br \/>\n<\/span><\/p>\n<p><span style=\"color: #777777; font-family: Arial;\">Il joue son r\u00f4le m\u00eame si dans le film le nom du m\u00e9decin est le docteur Edd\u00e9\u00a0:<br \/>\n<\/span><\/p>\n<p style=\"margin-left: 28pt;\"><span style=\"color: #c00000; font-family: Arial;\">\u00ab\u00a0D&rsquo;abord, [le docteur Edd\u00e9] sait ce qu&rsquo;il fait, \u00e7a c&rsquo;est indispensable. Mais c&rsquo;est aussi un m\u00e9decin qui s&rsquo;int\u00e9resse \u00e0 l&rsquo;individu derri\u00e8re le malade. Qui s&rsquo;y int\u00e9resse vraiment et qui s&rsquo;adapte \u00e0 lui, en fonction de l&rsquo;\u00e9volution de son \u00e9tat d&rsquo;esprit. Car, au fil du parcours de soins, les gens changent. Leurs humeurs, leurs \u00e9motions ne sont pas les m\u00eames d&rsquo;une semaine \u00e0 l&rsquo;autre, ou m\u00eame d&rsquo;un jour \u00e0 l&rsquo;autre. C&rsquo;est ce que j&rsquo;appelle danser avec le malade.<br \/>\nLa s\u00e9quence de tango dans le film symbolise cette relation \u00e9troite qui nous unit.\u00a0[\u2026]<br \/>\n<\/span><\/p>\n<p style=\"margin-left: 28pt;\"><span style=\"color: #c00000; font-family: Arial;\">C&rsquo;est beau le tango mais c&rsquo;est une danse difficile. Elle n\u00e9cessite d&rsquo;avoir confiance en l&rsquo;autre, d&rsquo;\u00eatre connect\u00e9 \u00e0 son corps, \u00e0 ses r\u00e9actions, \u00e0 ses mouvements. Un faux pas peut faire tr\u00e9bucher et chuter les danseurs. C&rsquo;est \u00e7a \u00eatre partenaire, et c&rsquo;est exactement pareil en m\u00e9decine. Avec le malade, on danse ensemble. \u00c7a veut dire qu&rsquo;on se tient la main et qu&rsquo;on regarde le cancer ensemble. Et ensemble on va trouver la fa\u00e7on de le d\u00e9truire quand c&rsquo;est possible, ou de vivre avec, si on peut. \u00bb<br \/>\n<\/span><\/p>\n<p><span style=\"color: #777777; font-family: Arial;\"><img loading=\"lazy\" decoding=\"async\" class=\"wp-image-12875 alignleft\" src=\"https:\/\/lemotdujour.fr\/wp-content\/uploads\/2021\/12\/De-son-vivant-Confiance.jpg\" alt=\"\" width=\"533\" height=\"355\" srcset=\"https:\/\/lemotdujour.fr\/wp-content\/uploads\/2021\/12\/De-son-vivant-Confiance.jpg 720w, https:\/\/lemotdujour.fr\/wp-content\/uploads\/2021\/12\/De-son-vivant-Confiance-300x200.jpg 300w\" sizes=\"auto, (max-width: 533px) 100vw, 533px\" \/>Il parle de confiance, confiance qui n&rsquo;est possible que s&rsquo;il existe un pacte de v\u00e9rit\u00e9. Mais \u00e0 la fin il parle surtout d&rsquo;humanit\u00e9\u00a0:<br \/>\n<\/span><\/p>\n<p style=\"margin-left: 28pt;\"><span style=\"color: #c00000; font-family: Arial;\">\u00ab Sur la v\u00e9rit\u00e9. Il y a souvent un manque de v\u00e9rit\u00e9, or pour moi elle est sacr\u00e9e. Aucun malade n&rsquo;est stupide. Il entend les messes basses, il voit les regards sur lui, il sent \u00e9videmment qu&rsquo;il y a un probl\u00e8me s\u00e9rieux. Parfois on ne lui dit que la moiti\u00e9 des choses, et c&rsquo;est tout aussi dramatique. Le malade se dit \u00ab je vais mourir et personne n&rsquo;ose me le dire m\u00eame, pas mon m\u00e9decin ! \u00bb. L&rsquo;imagination s&#8217;emballe, et c&rsquo;est un poison, c&rsquo;est un diable dans sa t\u00eate. La seule chose qui permet de le dompter, de le chasser, c&rsquo;est la v\u00e9rit\u00e9. Voil\u00e0 pourquoi j&rsquo;annonce toujours mon jeu d\u00e8s le premier rendez-vous, en disant au malade : vous ne me connaissez pas encore, mais je suis tr\u00e8s franc, tr\u00e8s transparent. Je vous dirai toujours les choses exactement comme elles sont. Ce pacte de v\u00e9rit\u00e9 avec mon patient doit \u00eatre permanent, constant. C&rsquo;est \u00e0 ce prix que la confiance se construit. Mais c&rsquo;est aussi un pacte tr\u00e8s difficile \u00e0 tenir.<br \/>\n<\/span><\/p>\n<p style=\"margin-left: 28pt;\"><span style=\"color: #c00000; font-family: Arial;\">[\u2026] Mais la plus grande des frayeurs ce n&rsquo;est pas de savoir qu&rsquo;on va mourir, mais de savoir qu&rsquo;on vous a menti, surtout si c&rsquo;est votre m\u00e9decin. Les gens pensent qu&rsquo;en disant la v\u00e9rit\u00e9 on d\u00e9prime le malade. C&rsquo;est un concept malheureusement g\u00e9n\u00e9ralis\u00e9 et faux. Quand le jeu devient dur et qu&rsquo;on cache la v\u00e9rit\u00e9, on abandonne son malade. On le trahit. Oui c&rsquo;est tr\u00e8s dur d&rsquo;entendre qu&rsquo;on va mourir, mais une fois qu&rsquo;on a g\u00e9r\u00e9 cette chose, et je suis l\u00e0 pour aider la personne \u00e0 le g\u00e9rer, on va vers l&rsquo;avenir, le meilleur. On peut mourir de son vivant. On le voit chez Benjamin. Au fur et \u00e0 mesure que son corps s&rsquo;affaiblit, son esprit devient paradoxalement plus puissant. Il prend le contr\u00f4le de sa vie, il r\u00e8gle son histoire avec son fils, il pardonne \u00e0 sa m\u00e8re, il transmet \u00e0 ses \u00e9l\u00e8ves tout ce qu&rsquo;il a de plus beau \u00e0 donner. Alors que son corps est foutu, lui vit plus intens\u00e9ment que jamais. Il n&rsquo;a jamais \u00e9t\u00e9 aussi en contr\u00f4le de sa vie. Et c&rsquo;est merveilleux. \u00bb<br \/>\n<\/span><\/p>\n<p><span style=\"color: #777777; font-family: Arial;\">Bien s\u00fbr, \u00e0 la fin apr\u00e8s avoir gagn\u00e9 des batailles, il sait qu&rsquo;il perdra la guerre. Mais son combat est un beau combat\u00a0: que la vie reste belle jusqu&rsquo;au bout\u00a0:<br \/>\n<\/span><\/p>\n<p style=\"margin-left: 28pt;\"><span style=\"color: #c00000; font-family: Arial;\">\u00ab Face \u00e0 un patient dont je connais le pronostic, mon but n&rsquo;est \u00e9videmment pas de le sauver, je sais o\u00f9 je l&#8217;emm\u00e8ne, et je dois l&rsquo;accepter. Mais il y a des chances pour que je puisse prolonger sa vie et, plus important encore, pour que je puisse prolonger ou augmenter sa qualit\u00e9 de vie.\u00a0 Face \u00e0 un patient condamn\u00e9, ma mission sacr\u00e9e est de l&rsquo;accompagner pour que les ann\u00e9es, les mois et jusqu&rsquo;aux minutes qu&rsquo;il lui reste, soient de beaux instants de vie et pas d&rsquo;agonie. Quand mon patient meurt, je suis triste bien s\u00fbr, mais j&rsquo;ai le sentiment du devoir accompli. Pour un canc\u00e9rologue, c&rsquo;est une satisfaction \u00e9norme. \u00bb<br \/>\n<\/span><\/p>\n<p><span style=\"color: #777777; font-family: Arial;\">Il se d\u00e9clare m\u00eame amoureux de son m\u00e9tier\u00a0:<br \/>\n<\/span><\/p>\n<p style=\"margin-left: 28pt;\"><span style=\"color: #c00000; font-family: Arial;\">\u00ab Oui parce qu&rsquo;il y a tant de choses qu&rsquo;on peut faire pour les malades. Il n&rsquo;y en a aucun qu&rsquo;on ne peut pas aider, \u00e7a n&rsquo;existe pas ! M\u00eame dans le pire des cas. Ce qui m&rsquo;int\u00e9resse en tant que canc\u00e9rologue, ce n&rsquo;est pas la bataille mais la guerre dans son ensemble. Un traitement de cancer du poumon peut avoir des cons\u00e9quences sur le rein, le c\u0153ur, la t\u00eate du patient. La strat\u00e9gie doit \u00eatre globale, et il faut mettre met son intelligence, sa cr\u00e9ativit\u00e9 et son \u00e9coute au service de cette strat\u00e9gie. Quand on est convaincu de \u00e7a, c&rsquo;est fou l&rsquo;impact qu&rsquo;on peut avoir sur nos malades. \u00c0 tous les niveaux. Sky is the limit ! (Le ciel est la limite)<br \/>\n<\/span><\/p>\n<p><span style=\"color: #777777; font-family: Arial;\">M\u00e9decin admirable qui tente de lutter contre cette tendance de la m\u00e9decine occidentale de couper le patient en tranche de sp\u00e9cialit\u00e9s, mais d&rsquo;essayer de l&rsquo;aborder dans son ensemble, de mani\u00e8re holistique.<br \/>\n<\/span><\/p>\n<p><span style=\"color: #777777; font-family: Arial;\">Film d&rsquo;une beaut\u00e9 incandescente. <\/span><\/p>\n<p><span style=\"color: #777777; font-family: Arial;\">Bien s\u00fbr c&rsquo;est un m\u00e9lo, il fait pleurer, mais il n&rsquo;est pas triste et il fait beaucoup de bien.<br \/>\n<\/span><\/p>\n<p><span style=\"color: #777777; font-family: Arial;\">C&rsquo;est une grande r\u00e9ussite d&rsquo;<strong>Emmanuelle Bercot<\/strong> aid\u00e9e par des acteurs remarquables.<br \/>\n<\/span><\/p>\n<p><span style=\"color: maroon; font-family: Arial;\">&lt;1632&gt;<span style=\"color: #777777;\"><br \/>\n<\/span><\/span><\/p>\n<p><span style=\"color: #777777; font-family: Arial;\">\u00a0<\/span><\/p>\n","protected":false},"excerpt":{"rendered":"<p>\u00ab Pardonne-moi. Je te pardonne. Je t&rsquo;aime. Merci. Au revoir. \u00bb Les 5 mots essentiels qu&rsquo;il faut dire, selon le professeur Gabriel Sara, pour ranger le bureau de sa vie \u00ab\u00a0De son vivant\u00a0\u00bb est un beau titre pour un film<\/p>\n","protected":false},"author":1,"featured_media":0,"comment_status":"open","ping_status":"closed","sticky":false,"template":"","format":"standard","meta":{"footnotes":""},"categories":[1],"tags":[25,54,132,153],"class_list":["post-12870","post","type-post","status-publish","format-standard","hentry","category-motdujour","tag-cinema","tag-humanisme","tag-medecine","tag-mort"],"_links":{"self":[{"href":"https:\/\/lemotdujour.fr\/index.php?rest_route=\/wp\/v2\/posts\/12870","targetHints":{"allow":["GET"]}}],"collection":[{"href":"https:\/\/lemotdujour.fr\/index.php?rest_route=\/wp\/v2\/posts"}],"about":[{"href":"https:\/\/lemotdujour.fr\/index.php?rest_route=\/wp\/v2\/types\/post"}],"author":[{"embeddable":true,"href":"https:\/\/lemotdujour.fr\/index.php?rest_route=\/wp\/v2\/users\/1"}],"replies":[{"embeddable":true,"href":"https:\/\/lemotdujour.fr\/index.php?rest_route=%2Fwp%2Fv2%2Fcomments&post=12870"}],"version-history":[{"count":6,"href":"https:\/\/lemotdujour.fr\/index.php?rest_route=\/wp\/v2\/posts\/12870\/revisions"}],"predecessor-version":[{"id":12880,"href":"https:\/\/lemotdujour.fr\/index.php?rest_route=\/wp\/v2\/posts\/12870\/revisions\/12880"}],"wp:attachment":[{"href":"https:\/\/lemotdujour.fr\/index.php?rest_route=%2Fwp%2Fv2%2Fmedia&parent=12870"}],"wp:term":[{"taxonomy":"category","embeddable":true,"href":"https:\/\/lemotdujour.fr\/index.php?rest_route=%2Fwp%2Fv2%2Fcategories&post=12870"},{"taxonomy":"post_tag","embeddable":true,"href":"https:\/\/lemotdujour.fr\/index.php?rest_route=%2Fwp%2Fv2%2Ftags&post=12870"}],"curies":[{"name":"wp","href":"https:\/\/api.w.org\/{rel}","templated":true}]}}