{"id":12866,"date":"2021-11-30T00:16:00","date_gmt":"2021-11-29T23:16:00","guid":{"rendered":"http:\/\/lemotdujour.fr\/?p=12866"},"modified":"2021-12-02T08:26:59","modified_gmt":"2021-12-02T07:26:59","slug":"mardi-30-novembre-2021","status":"publish","type":"post","link":"https:\/\/lemotdujour.fr\/?p=12866","title":{"rendered":"Mardi 30 novembre 2021"},"content":{"rendered":"<div class=\"mdjTexte\">\u00ab\u00a0Le salon du livre de jeunesse de Montreuil\u00a0\u00bb<\/div>\n<div class=\"mdjAuteur\">\u00c9v\u00e8nement annuel qui m&rsquo;a marqu\u00e9<\/div>\n<p><span style=\"color: #777777; font-family: Arial;\">Nous, Annie, Alexis et moi, habitions \u00e0 Montreuil sous-bois, depuis 1991 et en 1994 Natacha nous a rejoint.<br \/>\n<\/span><\/p>\n<p><span style=\"color: #777777; font-family: Arial;\">A Montreuil, le salon du livre jeunesse existait depuis 1984.<br \/>\n<\/span><\/p>\n<p><span style=\"color: #777777; font-family: Arial;\">Et \u00e0 la fin novembre, d\u00e9but d\u00e9cembre, pendant quelques jours, la place de la mairie de Montreuil se remplissait d&rsquo;immenses tentes dans lesquelles on c\u00e9l\u00e9brait la f\u00eate du livre de la jeunesse<br \/>\n<\/span><\/p>\n<p><img decoding=\"async\" class=\"alignleft\" src=\"https:\/\/lemotdujour.fr\/wp-content\/uploads\/2021\/11\/112921_2216_Mardi30nove1.png\" alt=\"\" align=\"left\" \/><span style=\"color: #777777; font-family: Arial;\">Nous avons commenc\u00e9 \u00e0 y assister \u00e0 partir de 1993.<br \/>\n<\/span><\/p>\n<p><span style=\"color: #777777; font-family: Arial;\">Et en <strong>1994, on pouvait lire dans &lt;<a href=\"https:\/\/www.lemonde.fr\/archives\/article\/1994\/11\/25\/les-dix-ans-du-salon-du-livre-de-jeunesse-a-montreuil-dix-ans-deja_3850271_1819218.html\"><span style=\"color: #0000ff;\">Le Monde<\/span><\/a>&gt;<\/strong><br \/>\n<\/span><\/p>\n<p style=\"margin-left: 28pt;\"><span style=\"color: #c00000; font-family: Arial;\">\u00ab\u00a0Sur la place de la Mairie, \u00e0 Montreuil, le cirque Gruss a tendu un chapiteau g\u00e9ant de 8 700 m\u00e8tres carr\u00e9s. D&rsquo;une fontaine glac\u00e9e s&rsquo;\u00e9chappent des mots au n\u00e9on, en souvenir des \u00ab\u00a0paroles gel\u00e9es\u00a0\u00bb de Rabelais (dont on s&rsquo;appr\u00eate \u00e0 f\u00eater, une derni\u00e8re fois, le cinq centi\u00e8me anniversaire). Trois cubes immenses et color\u00e9s, de l&rsquo;illustratrice tch\u00e8que Kveta Pacovska, attendent les visiteurs.<br \/>\nDans quelques jours, du 30 novembre au 5 d\u00e9cembre, les auteurs et les illustrateurs afflueront. Plus de 130 \u00e9diteurs sont attendus.<br \/>\nIl y aura des d\u00e9bats, des expositions, des jeux, des concours, des livres par milliers. Entrez donc, mesdames et messieurs.<br \/>\nEt vous, petits lecteurs, approchez. Le dixi\u00e8me Salon du livre de jeunesse va commencer&#8230; Dix ans. Premier \u00e2ge \u00e0 deux chiffres. Heure des souvenirs et des bilans. \u00ab\u00a0En 1984, quand nous avons d\u00e9but\u00e9, nous \u00e9tions tout petits, cach\u00e9s derri\u00e8re un centre commercial, dans un ancien parking en colima\u00e7on\u00a0\u00bb, se souvient Henriette Zoughebi, biblioth\u00e9caire de formation, fondatrice et directrice du Salon. \u00ab\u00a0Montreuil\u00a0\u00bb venait de na\u00eetre, \u00e0 l&rsquo;initiative de la municipalit\u00e9 et du conseil g\u00e9n\u00e9ral de Seine-Saint-Denis.<br \/>\nMais les \u00e9diteurs avaient des doutes. Pourquoi un Salon en banlieue ? Pourquoi pas \u00ab\u00a0faire Montreuil \u00e0 Paris\u00a0\u00bb? Dix ans plus tard, de l&rsquo;avis de tous, le pari est gagn\u00e9.<br \/>\nLe Salon a fait la preuve qu&rsquo;il \u00e9tait plus utile en Seine-Saint-Denis (o\u00f9 20% de la population a moins de dix-huit ans) que nulle part ailleurs.\u00a0\u00bb<br \/>\n<\/span><\/p>\n<p><span style=\"color: #777777; font-family: Arial;\">Et par la suite, toutes les ann\u00e9es nous attendions avec impatience cette f\u00eate du livre pour les enfants, les adolescents. et les parents !<br \/>\n<\/span><\/p>\n<p><span style=\"color: #777777; font-family: Arial;\"><img loading=\"lazy\" decoding=\"async\" class=\"wp-image-12893 alignright\" src=\"https:\/\/lemotdujour.fr\/wp-content\/uploads\/2021\/11\/Un-espace-de-lecture.jpeg\" alt=\"\" width=\"309\" height=\"446\" srcset=\"https:\/\/lemotdujour.fr\/wp-content\/uploads\/2021\/11\/Un-espace-de-lecture.jpeg 473w, https:\/\/lemotdujour.fr\/wp-content\/uploads\/2021\/11\/Un-espace-de-lecture-208x300.jpeg 208w\" sizes=\"auto, (max-width: 309px) 100vw, 309px\" \/>En tant que citoyen Montreuillois, nous b\u00e9n\u00e9ficions de privil\u00e8ges.<br \/>\n<\/span><\/p>\n<p><span style=\"color: #777777; font-family: Arial;\">D&rsquo;abord nous avions droit \u00e0 des invitations qui nous dispensaient de payer l&rsquo;entr\u00e9e.<br \/>\n<\/span><\/p>\n<p><span style=\"color: #777777; font-family: Arial;\">Ensuite, nous avions le droit de venir le premier jour qui \u00e9tait en principe r\u00e9serv\u00e9 aux professionnels. D\u00e8s lors, l&rsquo;acc\u00e8s aux auteurs \u00e9tait plus simple, il y avait beaucoup moins de monde ce premier jour.<br \/>\n<\/span><\/p>\n<p><span style=\"color: #777777; font-family: Arial;\">Tous les \u00e9diteurs \u00e9taient l\u00e0 et il y avait toutes les nouveaut\u00e9s de l&rsquo;ann\u00e9e.<br \/>\n<\/span><\/p>\n<p><span style=\"color: #777777; font-family: Arial;\">C&rsquo;\u00e9tait vraiment tr\u00e8s grand\u00a0!<br \/>\n<\/span><\/p>\n<p><span style=\"color: #777777; font-family: Arial;\">&lt;<a href=\"https:\/\/bbf.enssib.fr\/consulter\/bbf-1995-02-0071-002\"><span style=\"color: #0000ff;\">Le bulletin des Biblioth\u00e8ques de France<\/span><\/a>&gt; pr\u00e9cisait en 1994\u00a0:<br \/>\n<\/span><\/p>\n<p style=\"margin-left: 28pt;\"><span style=\"color: #c00000; font-family: Arial;\">\u00ab\u00a0Le Salon du livre de jeunesse de Montreuil f\u00eatait son 10e anniversaire du 30 novembre au 5 d\u00e9cembre derniers, sous le grand chapiteau blanc dress\u00e9 sur la place de la mairie. Ce salon, devenu, avec la Foire internationale de Bologne, un des deux grands rendez-vous europ\u00e9ens du livre de jeunesse, est une immense librairie ouverte \u00e0 tous, qui incite \u00e0 la d\u00e9couverte de la richesse de ce secteur \u00e9ditorial.\u00a0\u00bb<br \/>\n<\/span><\/p>\n<p><span style=\"color: #777777; font-family: Arial;\">Nous y sommes all\u00e9s avec le m\u00eame enthousiasme tous les ans jusqu&rsquo;\u00e0 notre d\u00e9part de Montreuil, en 2002.<br \/>\n<\/span><\/p>\n<p><span style=\"color: #777777; font-family: Arial;\">Depuis 2000, il est organis\u00e9 dans un b\u00e2timent en dur situ\u00e9 128 Rue de Paris \u00e0 Montreuil et qui a d\u00e9sormais pour nom <strong>L&rsquo;Espace Paris Est Montreuil. <\/strong>C&rsquo;\u00e9tait une ancienne friche industrielle transform\u00e9e en palais des Congr\u00e8s<br \/>\n<\/span><\/p>\n<p><span style=\"color: #777777; font-family: Arial;\">Bien des ann\u00e9es ont pass\u00e9 et nos enfants sont grands d\u00e9sormais.<br \/>\n<\/span><\/p>\n<p><span style=\"color: #777777; font-family: Arial;\">Mais, chaque ann\u00e9e, depuis que nous sommes partis, quand s&rsquo;approche le mois de d\u00e9cembre, je pense avec nostalgie \u00e0 ces moments de lumi\u00e8re et de c\u00e9l\u00e9bration du livre que nous avons v\u00e9cu \u00e0 Montreuil.<br \/>\n<\/span><\/p>\n<p><span style=\"color: #777777; font-family: Arial;\">Et chaque ann\u00e9e, je me promettais de consacrer un mot du jour \u00e0 cette belle manifestation.<br \/>\n<\/span><\/p>\n<p><span style=\"color: #777777; font-family: Arial;\">Le mot \u00ab\u00a0presse\u00a0\u00bb a \u00e9t\u00e9 ajout\u00e9 depuis, et cette f\u00eate s&rsquo;appelle d\u00e9sormais \u00ab\u00a0<strong>le Salon du livre et de la presse jeunesse<\/strong>\u00a0\u00bb<br \/>\n<\/span><\/p>\n<p><img decoding=\"async\" class=\"alignleft\" src=\"https:\/\/lemotdujour.fr\/wp-content\/uploads\/2021\/11\/112921_2216_Mardi30nove2.jpg\" alt=\"\" align=\"left\" \/><span style=\"color: #777777; font-family: Arial;\">Cette ann\u00e9e 2021, ce sera la 37\u00e8me \u00e9dition.<br \/>\n<\/span><\/p>\n<p><span style=\"color: #777777; font-family: Arial;\">Elle aura lieu du mercredi 1<sup>er<\/sup> au lundi 6 d\u00e9cembre.<br \/>\n<\/span><\/p>\n<p><span style=\"color: #777777; font-family: Arial;\">Le th\u00e8me choisi cette ann\u00e9e me semble particuli\u00e8rement appropri\u00e9 aux temps que nous vivons : \u00ab <strong>Nous\u00a0<\/strong>\u00bb<br \/>\n<\/span><\/p>\n<p><span style=\"color: #777777; font-family: Arial;\"><strong>Sylvie Vassallo<\/strong>, la directrice du salon <a href=\"https:\/\/www.francetvinfo.fr\/culture\/livres\/salon-du-livre-et-de-la-presse-jeunesse-de-montreuil\/dix-choses-a-savoir-sur-le-salon-du-livre-jeunesse-de-montreuil-2021-avec-sylvie-vassalo-sa-directrice_4839713.html\"><span style=\"color: #0000ff;\">explique<\/span><\/a><br \/>\n<\/span><\/p>\n<p style=\"margin-left: 28pt;\"><span style=\"color: #c00000; font-family: Arial;\">\u00ab\u00a0Ce qui se cache derri\u00e8re ce \u00ab\u00a0Nous !\u00a0\u00bb c&rsquo;est \u00e0 la fois une affirmation, et une interrogation.<br \/>\nNous tenions \u00e0 affirmer l&rsquo;int\u00e9r\u00eat du commun, l&rsquo;importance, et m\u00eame la n\u00e9cessit\u00e9 d&rsquo;\u00eatre ensemble, de se rassembler, de jouer collectif [\u2026]<br \/>\n<\/span><\/p>\n<p style=\"margin-left: 28pt;\"><span style=\"color: #c00000; font-family: Arial;\">C&rsquo;est d&rsquo;autant plus essentiel dans une soci\u00e9t\u00e9 fractionn\u00e9e, avec des enfants au c\u0153ur de ces fractures.<br \/>\nMais ce \u00ab\u00a0nous\u00a0\u00bb est aussi une interrogation sur le qui nous sommes, sur le rapport \u00e0 soi, et aux autres. [\u2026]<br \/>\n<\/span><\/p>\n<p style=\"margin-left: 28pt;\"><span style=\"color: #c00000; font-family: Arial;\">Chez les philosophes grecs, le \u00ab\u00a0nous\u00a0\u00bb a une signification li\u00e9e au savoir, \u00e0 l&rsquo;esprit, \u00e0 la raison, \u00e0 l&rsquo;intelligence,<br \/>\net il me semble que la litt\u00e9rature jeunesse permet aussi de penser dans un esprit de communion\u00a0\u00bb.<br \/>\n<\/span><\/p>\n<p><a href=\"https:\/\/www.franceinter.fr\/livres\/le-salon-du-livre-et-de-la-presse-jeunesse-a-montreuil-du-1er-au-6-decembre-2021\"><span style=\"font-family: Arial;\">&lt;<span style=\"color: #0000ff;\">France Inter<\/span>&gt;<\/span><\/a><span style=\"color: #777777; font-family: Arial;\"> a consacr\u00e9 une page sur ce salon sur son site.<br \/>\n<\/span><\/p>\n<p><span style=\"color: #777777; font-family: Arial;\">Il y a aussi &lt;<span style=\"color: #0000ff;\"><a style=\"color: #0000ff;\" href=\"https:\/\/slpjplus.fr\/salon\/\">Le site du salon<\/a><\/span>&gt; <\/span><\/p>\n<p><img loading=\"lazy\" decoding=\"async\" class=\"alignnone size-full wp-image-12891\" src=\"https:\/\/lemotdujour.fr\/wp-content\/uploads\/2021\/11\/SAlon-livre-Montreuil-2021-pour-le-blog.jpeg\" alt=\"\" width=\"1205\" height=\"957\" srcset=\"https:\/\/lemotdujour.fr\/wp-content\/uploads\/2021\/11\/SAlon-livre-Montreuil-2021-pour-le-blog.jpeg 1205w, https:\/\/lemotdujour.fr\/wp-content\/uploads\/2021\/11\/SAlon-livre-Montreuil-2021-pour-le-blog-300x238.jpeg 300w, https:\/\/lemotdujour.fr\/wp-content\/uploads\/2021\/11\/SAlon-livre-Montreuil-2021-pour-le-blog-1024x813.jpeg 1024w, https:\/\/lemotdujour.fr\/wp-content\/uploads\/2021\/11\/SAlon-livre-Montreuil-2021-pour-le-blog-768x610.jpeg 768w\" sizes=\"auto, (max-width: 1205px) 100vw, 1205px\" \/><\/p>\n<p><span style=\"color: #777777; font-family: Arial;\"><span style=\"color: #800000;\">&lt;1631&gt;<\/span><br \/>\n<\/span><\/p>\n","protected":false},"excerpt":{"rendered":"<p>\u00ab\u00a0Le salon du livre de jeunesse de Montreuil\u00a0\u00bb \u00c9v\u00e8nement annuel qui m&rsquo;a marqu\u00e9 Nous, Annie, Alexis et moi, habitions \u00e0 Montreuil sous-bois, depuis 1991 et en 1994 Natacha nous a rejoint. A Montreuil, le salon du livre jeunesse existait depuis<\/p>\n","protected":false},"author":1,"featured_media":0,"comment_status":"open","ping_status":"closed","sticky":false,"template":"","format":"standard","meta":{"footnotes":""},"categories":[1],"tags":[39,9,181],"class_list":["post-12866","post","type-post","status-publish","format-standard","hentry","category-motdujour","tag-jeunesse","tag-litterature","tag-montreuil"],"_links":{"self":[{"href":"https:\/\/lemotdujour.fr\/index.php?rest_route=\/wp\/v2\/posts\/12866","targetHints":{"allow":["GET"]}}],"collection":[{"href":"https:\/\/lemotdujour.fr\/index.php?rest_route=\/wp\/v2\/posts"}],"about":[{"href":"https:\/\/lemotdujour.fr\/index.php?rest_route=\/wp\/v2\/types\/post"}],"author":[{"embeddable":true,"href":"https:\/\/lemotdujour.fr\/index.php?rest_route=\/wp\/v2\/users\/1"}],"replies":[{"embeddable":true,"href":"https:\/\/lemotdujour.fr\/index.php?rest_route=%2Fwp%2Fv2%2Fcomments&post=12866"}],"version-history":[{"count":3,"href":"https:\/\/lemotdujour.fr\/index.php?rest_route=\/wp\/v2\/posts\/12866\/revisions"}],"predecessor-version":[{"id":12894,"href":"https:\/\/lemotdujour.fr\/index.php?rest_route=\/wp\/v2\/posts\/12866\/revisions\/12894"}],"wp:attachment":[{"href":"https:\/\/lemotdujour.fr\/index.php?rest_route=%2Fwp%2Fv2%2Fmedia&parent=12866"}],"wp:term":[{"taxonomy":"category","embeddable":true,"href":"https:\/\/lemotdujour.fr\/index.php?rest_route=%2Fwp%2Fv2%2Fcategories&post=12866"},{"taxonomy":"post_tag","embeddable":true,"href":"https:\/\/lemotdujour.fr\/index.php?rest_route=%2Fwp%2Fv2%2Ftags&post=12866"}],"curies":[{"name":"wp","href":"https:\/\/api.w.org\/{rel}","templated":true}]}}