{"id":12858,"date":"2021-11-29T00:19:00","date_gmt":"2021-11-28T23:19:00","guid":{"rendered":"http:\/\/lemotdujour.fr\/?p=12858"},"modified":"2021-11-28T23:06:46","modified_gmt":"2021-11-28T22:06:46","slug":"lundi-29-novembre-2021","status":"publish","type":"post","link":"https:\/\/lemotdujour.fr\/?p=12858","title":{"rendered":"Lundi 29 novembre 2021"},"content":{"rendered":"<div class=\"mdjTexte\">\u00ab\u00a0Le chlord\u00e9cone\u00a0\u00bb<\/div>\n<div class=\"mdjAuteur\">Un scandale sanitaire fran\u00e7ais<\/div>\n<p><span style=\"color: #777777; font-family: Arial;\">C&rsquo;est un nom qui sonne phon\u00e9tiquement mal\u00a0: \u00ab\u00a0Le chlore d\u00e9conne\u00a0! \u00a0\u00bb<br \/>\n<\/span><\/p>\n<p><span style=\"color: #777777; font-family: Arial;\">En r\u00e9alit\u00e9, il s&rsquo;agit d&rsquo;une mol\u00e9cule qui associe 10 atomes de Chlore, 10 atomes de Carbone et un atome d&rsquo;oxyg\u00e8ne.<br \/>\n<\/span><\/p>\n<p><span style=\"color: #777777; font-family: Arial;\">Cette mol\u00e9cule <strong>\u00ab\u00a0la chlord\u00e9cone\u00a0\u00bb<\/strong> entre dans la constitution d&rsquo;un insecticide qui est commun\u00e9ment appel\u00e9 par ce nom \u00ab\u00a0<a href=\"https:\/\/fr.wikipedia.org\/wiki\/Chlord%C3%A9cone\"><span style=\"color: #0000ff;\"><strong>Le chlord\u00e9cone<\/strong><\/span>\u00a0<\/a>\u00bb.<br \/>\n<\/span><\/p>\n<p><span style=\"color: #777777; font-family: Arial;\">En ce moment, il y a des heurts tr\u00e8s violents dans les Antilles fran\u00e7aises avec utilisation de la part des manifestants d&rsquo;armes \u00e0 feu. <\/span><span style=\"color: #777777; font-family: Arial;\">Le grief qu&rsquo;on entend le plus souvent est li\u00e9 \u00e0 la campagne de vaccination de la COVID19 et au pass sanitaire. Selon ce que je comprends, les revendications d\u00e9passent de beaucoup ces seuls sujets.<br \/>\n<\/span><\/p>\n<p><span style=\"color: #777777; font-family: Arial;\">Mais j&rsquo;ai entendu \u00e0 plusieurs reprises des journalistes et m\u00eame Marine Le Pen dirent qu&rsquo;en Guadeloupe et en Martinique, le rejet de la vaccination est d\u00fb \u00e0 une grande m\u00e9fiance par rapport \u00e0 l&rsquo;autorit\u00e9 publique et que cette m\u00e9fiance trouve sa source dans ce que la plupart appelle\u00a0: \u00ab\u00a0<strong>le scandale du chlord\u00e9cone<\/strong>\u00a0\u00bb.<br \/>\n<\/span><\/p>\n<p><span style=\"color: #777777; font-family: Arial;\">J&rsquo;ai m\u00eame entendu dans l&rsquo;\u00e9mission \u00ab\u00a0<strong>C dans l&rsquo;air<\/strong>\u00a0\u00bb du 27 novembre un antillais dire \u00ab\u00a0Ils nous ont empoisonn\u00e9s une premi\u00e8re fois, il n&rsquo;arriveront pas \u00e0 le faire une seconde fois.\u00bb<br \/>\n<\/span><\/p>\n<p><span style=\"color: #777777; font-family: Arial;\">Cette accusation m&rsquo;a conduit \u00e0 essayer de comprendre ce sujet.<br \/>\n<\/span><\/p>\n<p><span style=\"color: #777777; font-family: Arial;\">Le chlord\u00e9cone\u00a0est un pesticide qui a \u00e9t\u00e9 utilis\u00e9 massivement dans les bananeraies en Guadeloupe et en Martinique pendant plus de vingt ans \u00e0 partir de 1972 pour lutter contre le charan\u00e7on de la banane, un insecte qui d\u00e9truisait les cultures.<br \/>\n<\/span><\/p>\n<p><span style=\"color: #777777; font-family: Arial;\">Mais dans l&rsquo;\u00e9mission \u00ab\u00a0<strong>La m\u00e9thode scientifique<\/strong>\u00a0\u00bb du 9 septembre 2021 &lt;<a href=\"https:\/\/www.franceculture.fr\/emissions\/la-methode-scientifique\/la-methode-scientifique-emission-du-jeudi-09-septembre-2021\"><span style=\"color: #0000ff;\">Chlord\u00e9cone : class\u00e9e secret toxique ?<\/span>&gt;<\/a>, <strong>Luc Multigner,<\/strong> m\u00e9decin, \u00e9pid\u00e9miologiste, directeur de recherche Inserm au sein de l&rsquo;Institut de recherche en sant\u00e9, environnement et travail \u00e0 Rennes et Point-\u00e0-Pitre explique\u00a0:<br \/>\n<\/span><\/p>\n<p style=\"margin-left: 28pt;\"><span style=\"color: #c00000; font-family: Arial;\">\u00ab Cette mol\u00e9cule avait tr\u00e8s mauvaise r\u00e9putation, c&rsquo;est pour cela que son usage a \u00e9t\u00e9 tr\u00e8s restreint. Les Antilles ont d\u00e9but\u00e9 son usage modestement dans les bananeraies en 1972\/1973, c&rsquo;est le d\u00e9but de l&rsquo;histoire. La seconde p\u00e9riode c&rsquo;est \u00e0 partir de 1981, et les Antilles Fran\u00e7aises deviennent pratiquement les seules utilisatrices de cette mol\u00e9cule dans le monde \u00bb<br \/>\n<\/span><\/p>\n<p><span style=\"color: #777777; font-family: Arial;\">Bref, c&rsquo;est un pesticide que la journaliste \u00ab du Monde \u00bb Faustine Vincent d\u00e9finit comme \u00ab\u00a0<strong>ultra-toxique<\/strong>\u00a0\u00bb, dans son article du 6 juin 2018\u00a0: &lt;<a href=\"https:\/\/www.lemonde.fr\/planete\/article\/2018\/06\/06\/scandale-sanitaire-aux-antilles-qu-est-ce-que-le-chlordecone_5310485_3244.html\"><span style=\"color: #0000ff;\">qu&rsquo;est-ce que le chlord\u00e9cone ?<\/span>&gt;<\/a> dont on connait la toxicit\u00e9 et qui va \u00eatre utilis\u00e9 sur le territoire fran\u00e7ais, dans les Antilles.<br \/>\n<\/span><\/p>\n<p><span style=\"color: #777777; font-family: Arial;\">La premi\u00e8re autorisation, on parle d&rsquo;AMM, autorisation de mise sur le march\u00e9, est sign\u00e9 le 18 septembre 1972, par le ministre de l&rsquo;agriculture :<strong> M Jacques Chirac<\/strong>. Il a l&rsquo;excuse que les \u00c9tats-Unis n&rsquo;ont pas encore formellement interdit la mol\u00e9cule.<br \/>\n<\/span><\/p>\n<p><span style=\"color: #777777; font-family: Arial;\">Ce sera fait en 1975. Car, en 1975, les ouvriers de l&rsquo;usine Hopewell (Virginie), qui fabriquait le pesticide, ont d\u00e9velopp\u00e9 de s\u00e9v\u00e8res troubles neurologiques et testiculaires apr\u00e8s avoir \u00e9t\u00e9 expos\u00e9s \u00e0 forte dose : troubles de la motricit\u00e9, de l&rsquo;humeur, de l&rsquo;\u00e9locution et de la m\u00e9moire imm\u00e9diate, mouvements anarchiques des globes oculaires&#8230;Ces effets ont disparu par la suite, car le corps \u00e9limine la moiti\u00e9 du chlord\u00e9cone au bout de 165 jours, \u00e0 condition bien s\u00fbr de ne pas en r\u00e9absorber. Mais l&rsquo;accident fut si grave que les \u00c9tats-Unis ont ferm\u00e9 l&rsquo;usine<br \/>\n<\/span><\/p>\n<p><span style=\"color: #777777; font-family: Arial;\">Wikip\u00e9dia pr\u00e9cise que\u00a0:<br \/>\n<\/span><\/p>\n<p style=\"margin-left: 28pt;\"><span style=\"color: #c00000; font-family: Arial;\">\u00ab\u00a0La toxicit\u00e9 du produit \u00e9tait alors connue sous trois angles : canc\u00e9rog\u00e9n\u00e8se, risques de st\u00e9rilit\u00e9 masculine et \u00e9cotoxicit\u00e9\u00a0\u00bb<br \/>\n<\/span><\/p>\n<p><span style=\"color: #777777; font-family: Arial;\">L&rsquo;article de \u00ab\u00a0<strong>Lib\u00e9ration<\/strong>\u00a0\u00bb du 1<sup>er<\/sup> avril 2021 : &lt;<a href=\"https:\/\/www.liberation.fr\/environnement\/agriculture\/aux-antilles-les-vies-brisees-du-chlordecone-20210401_ZVK6CBMKARG23GFA7RY66C4USM\/\"><span style=\"color: #0000ff;\">Aux Antilles, les vies bris\u00e9es du chlord\u00e9con<\/span>e<\/a>&gt; raconte une prise de conscience dans les Antilles pr\u00e9alable \u00e0 1975 :<br \/>\n<\/span><\/p>\n<p style=\"margin-left: 28pt;\"><span style=\"color: #c00000; font-family: Arial;\">\u00abIl est souvent affirm\u00e9 que les premi\u00e8res alertes vinrent des Etats-Unis, rappelle, en 2019, devant une commission parlementaire, Malcom Ferdinand, chercheur au CNRS. C&rsquo;est faux. Elles furent \u00e9mises par les ouvriers agricoles martiniquais en f\u00e9vrier 1974. Deux ans apr\u00e8s l&rsquo;autorisation officielle du chlord\u00e9cone, les ouvriers de la banane entament l&rsquo;une des plus importantes gr\u00e8ves de l&rsquo;histoire sociale de la Martinique et demandent explicitement l&rsquo;arr\u00eat de l&rsquo;utilisation de cette mol\u00e9cule parce qu&rsquo;ils ont fait l&rsquo;exp\u00e9rience de sa toxicit\u00e9 dans leur chair.\u00bb<br \/>\n<\/span><\/p>\n<p><span style=\"color: #777777; font-family: Arial;\">En 1981, la ministre de l&rsquo;agriculture avait pour nom <strong>Edith Cresson<\/strong>, le premier Ministre \u00e9tait <strong>Pierre Mauroy<\/strong> et le pr\u00e9sident de la R\u00e9publique <strong>Fran\u00e7ois Mitterrand.<\/strong><br \/>\n<\/span><\/p>\n<p><span style=\"color: #777777; font-family: Arial;\">C&rsquo;est donc, en pleine connaissance, qu&rsquo;Edith Cresson d\u00e9livre \u00e0 la soci\u00e9t\u00e9 Laurent de Laguarigue une seconde AMM pour le chlord\u00e9cone<br \/>\n<\/span><\/p>\n<p><span style=\"color: #777777; font-family: Arial;\">L&rsquo;autorit\u00e9 politique estime qu&rsquo;il faut accorder une d\u00e9rogation, bien que le produit soit tr\u00e8s dangereux, parce que c&rsquo;est l&rsquo;int\u00e9r\u00eat de l&rsquo;industrie de la banane.<br \/>\n<\/span><\/p>\n<p><span style=\"color: #777777; font-family: Arial;\">Je continue le r\u00e9cit de Wikipedia, confirm\u00e9 par d&rsquo;autres m\u00e9dias\u00a0:<br \/>\n<\/span><\/p>\n<p style=\"margin-left: 28pt;\"><span style=\"color: #c00000; font-family: Arial;\">\u00ab\u00a0Le 1<sup>er<\/sup> f\u00e9vrier 1990, la France retire l&rsquo;AMM du chlord\u00e9cone pour tout le territoire fran\u00e7ais. Mais Guy Lordinot (alors D\u00e9put\u00e9 de la Martinique) relayant de gros planteurs de bananes, fait une demande de d\u00e9rogation qui permettrait une prolongation jusqu&rsquo;en 1995, de l&rsquo;utilisation du chlord\u00e9cone, \u00e0 la suite de sa question \u00e9crite le 23 avril appuy\u00e9e par sa lettre au ministre de l&rsquo;Agriculture du 30 avril 1990. Cette demande est refus\u00e9e le 5 juin 1990 par Henri Nallet, alors ministre de l&rsquo;Agriculture. Mais ce dernier pr\u00e9cise qu&rsquo;il y a un d\u00e9lai de 2 ans \u00e0 partir du retrait d&rsquo;autorisation, ce qui permet d\u00e9j\u00e0 d&rsquo;utiliser le produit jusqu&rsquo;en 1992.<br \/>\n<\/span><\/p>\n<p style=\"margin-left: 28pt;\"><span style=\"color: #c00000; font-family: Arial;\">En 1992 (mars) Louis Mermaz, nouveau ministre de l&rsquo;Agriculture et des For\u00eats, proroge d&rsquo;un an la d\u00e9rogation pour l&rsquo;utilisation du pesticide.<br \/>\n<\/span><\/p>\n<p style=\"margin-left: 28pt;\"><span style=\"color: #c00000; font-family: Arial;\">Et en f\u00e9vrier 1993, Jean-Pierre Soisson, ministre de l&rsquo;Agriculture et du D\u00e9veloppement rural, r\u00e9pond favorablement \u00e0 une demande de la SICABAM demandant \u00e0 pouvoir utiliser le reliquat de stocks de chlord\u00e9cone (stocks qui avaient \u00e9t\u00e9 largement r\u00e9approvisionn\u00e9s en ao\u00fbt 1990 alors que la d\u00e9cision de retrait d&rsquo;homologation de f\u00e9vrier 1990 avait \u00e9t\u00e9 notifi\u00e9e \u00e0 la soci\u00e9t\u00e9 Laguarigue qui commercialisait le chlord\u00e9cone . Le fr\u00e8re ain\u00e9 de Bernard Hayot, Yves Hayot (mort en 2017) qui \u00e9tait pr\u00e9sident du groupement des producteurs de bananes de Martinique (SICABAM), et aussi directeur g\u00e9n\u00e9ral de Laguarigue a reconnu qu&rsquo;il avait fait du lobbying aupr\u00e8s de J.-P. Soisson pour l&rsquo;obtention des d\u00e9rogations.\u00a0\u00bb<br \/>\n<\/span><\/p>\n<p><span style=\"color: #777777; font-family: Arial;\"><strong>Le 30 septembre 1993<\/strong>, ce pesticide est officiellement interdit \u00e0 la vente aux Antilles fran\u00e7aises.<br \/>\n<\/span><\/p>\n<p><span style=\"color: #777777; font-family: Arial;\">Pour \u00eatre juste je donne aussi le nom du Ministre de l&rsquo;agriculture \u00e0 cette date\u00a0: <strong>Jean Puech<\/strong>, le premier ministre \u00e9tant Edouard Balladur.<br \/>\n<\/span><\/p>\n<p><span style=\"color: #777777; font-family: Arial;\">C&rsquo;est le r\u00e9cit factuel d&rsquo;une non prise en compte d&rsquo;un danger pour garantir les int\u00e9r\u00eats des producteurs de bananes.<br \/>\n<\/span><\/p>\n<p><span style=\"color: #777777; font-family: Arial;\">La journaliste, <strong>Faustine Vincent<\/strong>, dans un autre article\u00a0: &lt;<a href=\"https:\/\/www.lemonde.fr\/planete\/article\/2018\/06\/06\/chlordecone-les-antilles-empoisonnees-pour-sept-siecles_5310192_3244.html\"><span style=\"color: #0000ff;\">Chlord\u00e9cone : les Antilles empoisonn\u00e9es pour des g\u00e9n\u00e9rations<\/span><\/a>&gt; d\u00e9taille les cons\u00e9quences de ces \u00ab\u00a0largesses coupables \u00e0 l&rsquo;\u00e9gard de l&rsquo;industrie de la banane\u00a0\u00bb\u00a0:<br \/>\n<\/span><\/p>\n<p style=\"margin-left: 28pt;\"><span style=\"color: #c00000; font-family: Arial;\">\u00ab\u00a0Des ann\u00e9es apr\u00e8s, on d\u00e9couvre que le produit s&rsquo;est r\u00e9pandu bien au-del\u00e0 des bananeraies. Aujourd&rsquo;hui encore, le chlord\u00e9cone, qui passe dans la cha\u00eene alimentaire, distille son poison un peu partout. Pas seulement dans les sols, mais aussi dans les rivi\u00e8res, une partie du littoral marin, le b\u00e9tail, les volailles, les poissons, les crustac\u00e9s, les l\u00e9gumes-racines\u2026 et la population elle-m\u00eame.<br \/>\n<\/span><\/p>\n<p style=\"margin-left: 28pt;\"><span style=\"color: #c00000; font-family: Arial;\">Une \u00e9tude de Sant\u00e9 publique France, lanc\u00e9e pour la premi\u00e8re fois \u00e0 grande \u00e9chelle en 2013 [\u2026] fait un constat alarmant : la quasi-totalit\u00e9 des Guadeloup\u00e9ens (95 %) et des Martiniquais (92 %) sont contamin\u00e9s au chlord\u00e9cone. Leur niveau d&rsquo;impr\u00e9gnation est comparable : en moyenne 0,13 et 0,14 microgrammes par litre (\u00b5g\/l) de sang, avec des taux grimpant jusqu&rsquo;\u00e0 18,53 \u00b5g\/l. Or, le chlord\u00e9cone \u00e9tant un perturbateur endocrinien, \u00ab m\u00eame \u00e0 tr\u00e8s faible dose, il peut y avoir des effets sanitaires \u00bb, pr\u00e9cise S\u00e9bastien Denys, directeur sant\u00e9 et environnement de l&rsquo;agence. Des g\u00e9n\u00e9rations d&rsquo;Antillais vont devoir vivre avec cette pollution, dont l&rsquo;ampleur et la persistance \u2013 jusqu&rsquo;\u00e0 sept cents ans selon les sols \u2013 en font un cas unique au monde, et un v\u00e9ritable laboratoire \u00e0 ciel ouvert.\u00a0\u00bb<br \/>\n<\/span><\/p>\n<p style=\"margin-left: 28pt;\"><span style=\"color: #c00000; font-family: Arial;\">[Une \u00e9tude] publi\u00e9e en 2012 par l&rsquo;Institut national de la sant\u00e9 et de la recherche m\u00e9dicale (Inserm), montre que le chlord\u00e9cone augmente non seulement le risque de pr\u00e9maturit\u00e9, mais qu&rsquo;il a aussi des effets n\u00e9gatifs sur le d\u00e9veloppement cognitif et moteur des nourrissons.<br \/>\n<\/span><\/p>\n<p style=\"margin-left: 28pt;\"><span style=\"color: #c00000; font-family: Arial;\">Le pesticide est aussi fortement soup\u00e7onn\u00e9 d&rsquo;augmenter le risque de cancer de la prostate, dont le nombre en Martinique lui vaut le record du monde \u2013 et de loin \u2013, avec 227,2 nouveaux cas pour 100 000 hommes chaque ann\u00e9e. C&rsquo;est justement la fr\u00e9quence de cette maladie en Guadeloupe qui avait alert\u00e9 le professeur Pascal Blanchet, chef du service d&rsquo;urologie au centre hospitalier universitaire (CHU) de Pointe-\u00e0-Pitre, \u00e0 son arriv\u00e9e, il y a dix-huit ans. Le cancer de la prostate est deux fois plus fr\u00e9quent et deux fois plus grave en Guadeloupe et en Martinique qu&rsquo;en m\u00e9tropole, avec plus de 500 nouveaux cas par an sur chaque \u00eele.\u00a0\u00bb<br \/>\n<\/span><\/p>\n<p><span style=\"color: #777777; font-family: Arial;\">Bien s\u00fbr, le combat pour faire reconna\u00eetre la responsabilit\u00e9 des auteurs et donc l&rsquo;obligation d&rsquo;indemniser constitue un long combat incertain.<br \/>\n<\/span><\/p>\n<p><span style=\"color: #777777; font-family: Arial;\">L&rsquo;article de \u00ab\u00a0<strong>Lib\u00e9ration<\/strong>\u00a0\u00bb du 1<sup>er<\/sup> avril 2021 : &lt;<a href=\"https:\/\/www.liberation.fr\/environnement\/agriculture\/aux-antilles-les-vies-brisees-du-chlordecone-20210401_ZVK6CBMKARG23GFA7RY66C4USM\/\"><span style=\"color: #0000ff;\">Aux Antilles, les vies bris\u00e9es du chlord\u00e9cone<\/span><\/a>&gt; explique<br \/>\n<\/span><\/p>\n<p style=\"margin-left: 28pt;\"><span style=\"color: #c00000; font-family: Arial;\">\u00ab\u00a0Le proc\u00e8s pourrait pourtant bien se terminer en non-lieu du fait d&rsquo;une possible prescription des faits. Le 15 mars, R\u00e9my Heitz procureur de la R\u00e9publique au tribunal judiciaire de Paris, pr\u00e9cisait : \u00abNous pouvons comprendre l&rsquo;\u00e9moi que cette r\u00e8gle suscite, mais nous, magistrats, devons l&rsquo;appliquer avec rigueur.\u00bb.\u00a0\u00bb<br \/>\n<\/span><\/p>\n<p><span style=\"color: #777777; font-family: Arial;\">Les responsables semblent assez simples \u00e0 d\u00e9signer (article du Monde)\u00a0:<br \/>\n<\/span><\/p>\n<p style=\"margin-left: 28pt;\"><span style=\"color: #c00000; font-family: Arial;\">\u00ab\u00a0Le Monde a pu consulter le proc\u00e8s-verbal de synth\u00e8se que les enqu\u00eateurs de l&rsquo;Office central de lutte contre les atteintes \u00e0 l&rsquo;environnement et \u00e0 la sant\u00e9 publique (Oclaesp) ont rendu, le 27 octobre 2016. Un nom tr\u00e8s c\u00e9l\u00e8bre aux Antilles, Yves Hayot, revient r\u00e9guli\u00e8rement. Il \u00e9tait \u00e0 l&rsquo;\u00e9poque directeur g\u00e9n\u00e9ral de Laguarigue, la soci\u00e9t\u00e9 qui commercialisait le chlord\u00e9cone, et pr\u00e9sident du groupement de producteurs de bananes de Martinique. Entrepreneur martiniquais, il est l&rsquo;a\u00een\u00e9 d&rsquo;une puissante famille b\u00e9k\u00e9, \u00e0 la t\u00eate d&rsquo;un v\u00e9ritable empire aux Antilles \u2013 son fr\u00e8re, Bernard Hayot, l&rsquo;une des plus grosses fortunes de France, est le patron du Groupe Bernard Hayot, sp\u00e9cialis\u00e9 dans la grande distribution.<br \/>\n<\/span><\/p>\n<p style=\"margin-left: 28pt;\"><span style=\"color: #c00000; font-family: Arial;\">[\u2026] Surtout, l&rsquo;enqu\u00eate judiciaire r\u00e9v\u00e8le que son entreprise, Laguarigue, a reconstitu\u00e9 un stock gigantesque de chlord\u00e9cone alors que le produit n&rsquo;\u00e9tait d\u00e9j\u00e0 plus homologu\u00e9. Elle a en effet sign\u00e9 un contrat le 27 ao\u00fbt 1990 avec le fabricant, l&rsquo;entreprise Calliope, \u00e0 B\u00e9ziers (H\u00e9rault), \u00ab pour la fourniture de 1 560 tonnes de Curlone [le nom commercial du chlord\u00e9cone], alors que la d\u00e9cision de retrait d&rsquo;homologation [le 1er f\u00e9vrier 1990] lui a \u00e9t\u00e9 notifi\u00e9e \u00bb, \u00e9crivent les enqu\u00eateurs. Ils remarquent que cette quantit\u00e9 n&rsquo;est pas normale, puisqu&rsquo;elle est estim\u00e9e \u00e0 \u00ab un tiers du tonnage achet\u00e9 sur dix ans \u00bb. De plus, \u00ab au moins un service de l&rsquo;Etat a \u00e9t\u00e9 inform\u00e9 de cette \u00ab\u00a0importation\u00a0\u00bb \u00bb, puisque ces 1 560 tonnes \u00ab ont bien \u00e9t\u00e9 d\u00e9douan\u00e9es \u00e0 leur arriv\u00e9e aux Antilles \u00bb en 1990 et 1991.\u00bb<br \/>\n<\/span><\/p>\n<p><span style=\"color: #777777; font-family: Arial;\">L&rsquo;article cite aussi un rapport de l&rsquo;Institut national de la recherche agronomique, publi\u00e9 en 2010 qui, s&rsquo;\u00e9tonne du fait que la France a de nouveau autoris\u00e9 le pesticide en d\u00e9cembre 1981.<br \/>\n<\/span><\/p>\n<p style=\"margin-left: 28pt;\"><span style=\"color: #c00000; font-family: Arial;\">\u00ab Comment la commission des toxiques a-t-elle pu ignorer les signaux d&rsquo;alerte : les donn\u00e9es sur les risques publi\u00e9es dans de nombreux rapports aux Etats-Unis, le classement du chlord\u00e9cone dans le groupe des canc\u00e9rig\u00e8nes potentiels, les donn\u00e9es sur l&rsquo;accumulation de cette mol\u00e9cule dans l&rsquo;environnement aux Antilles fran\u00e7aises ?, s&rsquo;interroge-t-il. Ce point est assez \u00e9nigmatique car le proc\u00e8s-verbal de la commission des toxiques est introuvable. \u00bb<br \/>\n<\/span><\/p>\n<p><span style=\"color: #777777; font-family: Arial;\">Sur ce sujet, il est aussi possible d&rsquo;\u00e9couter l&rsquo;\u00e9mission de France Inter \u00ab\u00a0<strong>Interception\u00a0<\/strong>\u00bb de 2018 &lt;<a href=\"https:\/\/www.franceinter.fr\/emissions\/interception\/interception-23-septembre-2018\"><span style=\"color: #0000ff;\">Chlord\u00e9cone, le poison des Antilles<\/span><\/a>&gt;<br \/>\n<\/span><\/p>\n<p><span style=\"color: #777777; font-family: Arial;\">Je pense qu&rsquo;il nous appartient de conna\u00eetre cette histoire de politique et de bananes et de comprendre de quoi il en retourne quand un compatriote de Guadeloupe ou de Martinique \u00e9voque le chlord\u00e9cone.<br \/>\n<\/span><\/p>\n<p><span style=\"color: #c00000; font-family: Arial;\">&lt;1630&gt;<\/span><\/p>\n","protected":false},"excerpt":{"rendered":"<p>\u00ab\u00a0Le chlord\u00e9cone\u00a0\u00bb Un scandale sanitaire fran\u00e7ais C&rsquo;est un nom qui sonne phon\u00e9tiquement mal\u00a0: \u00ab\u00a0Le chlore d\u00e9conne\u00a0! \u00a0\u00bb En r\u00e9alit\u00e9, il s&rsquo;agit d&rsquo;une mol\u00e9cule qui associe 10 atomes de Chlore, 10 atomes de Carbone et un atome d&rsquo;oxyg\u00e8ne. Cette mol\u00e9cule \u00ab\u00a0la<\/p>\n","protected":false},"author":1,"featured_media":0,"comment_status":"open","ping_status":"closed","sticky":false,"template":"","format":"standard","meta":{"footnotes":""},"categories":[1],"tags":[214,42,15,13],"class_list":["post-12858","post","type-post","status-publish","format-standard","hentry","category-motdujour","tag-antilles","tag-corruption","tag-france","tag-sante"],"_links":{"self":[{"href":"https:\/\/lemotdujour.fr\/index.php?rest_route=\/wp\/v2\/posts\/12858","targetHints":{"allow":["GET"]}}],"collection":[{"href":"https:\/\/lemotdujour.fr\/index.php?rest_route=\/wp\/v2\/posts"}],"about":[{"href":"https:\/\/lemotdujour.fr\/index.php?rest_route=\/wp\/v2\/types\/post"}],"author":[{"embeddable":true,"href":"https:\/\/lemotdujour.fr\/index.php?rest_route=\/wp\/v2\/users\/1"}],"replies":[{"embeddable":true,"href":"https:\/\/lemotdujour.fr\/index.php?rest_route=%2Fwp%2Fv2%2Fcomments&post=12858"}],"version-history":[{"count":4,"href":"https:\/\/lemotdujour.fr\/index.php?rest_route=\/wp\/v2\/posts\/12858\/revisions"}],"predecessor-version":[{"id":12863,"href":"https:\/\/lemotdujour.fr\/index.php?rest_route=\/wp\/v2\/posts\/12858\/revisions\/12863"}],"wp:attachment":[{"href":"https:\/\/lemotdujour.fr\/index.php?rest_route=%2Fwp%2Fv2%2Fmedia&parent=12858"}],"wp:term":[{"taxonomy":"category","embeddable":true,"href":"https:\/\/lemotdujour.fr\/index.php?rest_route=%2Fwp%2Fv2%2Fcategories&post=12858"},{"taxonomy":"post_tag","embeddable":true,"href":"https:\/\/lemotdujour.fr\/index.php?rest_route=%2Fwp%2Fv2%2Ftags&post=12858"}],"curies":[{"name":"wp","href":"https:\/\/api.w.org\/{rel}","templated":true}]}}