{"id":12850,"date":"2021-11-26T00:41:24","date_gmt":"2021-11-25T23:41:24","guid":{"rendered":"http:\/\/lemotdujour.fr\/?p=12850"},"modified":"2021-11-26T10:12:31","modified_gmt":"2021-11-26T09:12:31","slug":"vendredi-26-novembre-2021","status":"publish","type":"post","link":"https:\/\/lemotdujour.fr\/?p=12850","title":{"rendered":"Vendredi 26 novembre 2021"},"content":{"rendered":"<div class=\"mdjTexte\">\u00ab\u00a0La liste de Kersten, un juste parmi les d\u00e9mons\u00a0\u00bb<\/div>\n<div class=\"mdjAuteur\">Fran\u00e7ois Kersaudy<\/div>\n<p><span style=\"color: #777777; font-family: Arial;\">Il me faut quelquefois un peu de temps pour lire les livres qu&rsquo;on m&rsquo;offre. Ainsi, il y a plusieurs ann\u00e9es, Pablo, m&rsquo;avait offert le livre de <strong>Joseph Kessel<\/strong>\u00a0: \u00ab\u00a0<strong>Les mains du miracle<\/strong>\u00a0\u00bb et c&rsquo;est pendant notre s\u00e9jour dans le massif de la chartreuse que j&rsquo;ai enfin pu lire ce livre incroyable.<br \/>\n<\/span><\/p>\n<p><span style=\"color: #777777; font-family: Arial;\">Tellement incroyable qu&rsquo;\u00e0 plusieurs reprises, je ne l&rsquo;ai pas cru.<br \/>\n<\/span><\/p>\n<p><img loading=\"lazy\" decoding=\"async\" class=\"alignleft\" src=\"https:\/\/lemotdujour.fr\/wp-content\/uploads\/2021\/11\/112521_2325_Vendredi26n1.jpg\" alt=\"\" width=\"281\" height=\"464\" align=\"left\" \/><span style=\"color: #777777; font-family: Arial;\">Joseph Kessel raconte en effet l&rsquo;histoire de<span style=\"color: #0000ff;\"><a style=\"color: #0000ff;\" href=\"https:\/\/fr.wikipedia.org\/wiki\/Felix_Kersten\"><strong> Felix Kersten<\/strong><\/a><\/span> qui fut le m\u00e9decin ou plus pr\u00e9cis\u00e9ment le masseur du Reichsf\u00fbhrer SS Heinrich Himmler, cet ignoble criminel qui organisa et mis en \u0153uvre les id\u00e9es inhumaines et d\u00e9lirantes de Hitler.<br \/>\n<\/span><\/p>\n<p><span style=\"color: #777777; font-family: Arial;\">Ce m\u00e9decin qui ne faisait pas payer ses soins \u00e0 Himmler par de l&rsquo;argent, mais par des services, des contreparties qu&rsquo;Himmler lui accordait apr\u00e8s qu&rsquo;il l&rsquo;ait soulag\u00e9 de ses violentes douleurs d&rsquo;estomac.<br \/>\n<\/span><\/p>\n<p><span style=\"color: #777777; font-family: Arial;\">Kessel le rencontra et \u00e9crit ce r\u00e9cit\u00a0: \u00ab\u00a0<strong>Les mains du miracle\u00a0<\/strong>\u00bb, publi\u00e9 en 1960, sur la base des entretiens qu&rsquo;il eut avec lui.<br \/>\n<\/span><\/p>\n<p><span style=\"color: #777777; font-family: Arial;\">Et Kessel essaie de convaincre au d\u00e9but de son livre de la v\u00e9racit\u00e9 des faits qu&rsquo;il relate\u00a0:<br \/>\n<\/span><\/p>\n<p style=\"margin-left: 28pt;\"><span style=\"color: #c00000; font-family: Arial;\">\u00ab\u00a0Il arrivait que je refusais d&rsquo;accepter certains \u00e9pisodes du r\u00e9cit. Cela ne pouvait pas \u00eatre vrai. Cela n&rsquo;\u00e9tait simplement pas possible. Mon doute ne choquait pas, ne surprenait pas Kersten. Il devait avoir l&rsquo;habitude\u2026 Il sortait simplement, avec un demi-sourire, une lettre, un document, un t\u00e9moignage, une photocopie. Et il fallait bien admettre cela, comme le reste.\u00a0\u00bb<br \/>\n<\/span><\/p>\n<p><span style=\"color: #777777; font-family: Arial;\">Kessel en appelle m\u00eame, <strong>\u00e0 H. R. Trevor-Roper,<\/strong> professeur d&rsquo;histoire contemporaine \u00e0 l&rsquo;universit\u00e9 d&rsquo;Oxford et l&rsquo;un des plus grands experts des services secrets britanniques sur les affaires allemandes pendant la guerre qui \u00e9crivit en pr\u00e9face aux M\u00e9moires de Kersten\u00a0:<br \/>\n<\/span><\/p>\n<p style=\"margin-left: 28pt;\"><span style=\"color: #c00000; font-family: Arial;\">\u00ab\u00a0 Il n&rsquo;est point d&rsquo;homme dont l&rsquo;aventure semble \u00e0 premi\u00e8re vue aussi peu croyable. Mais il n&rsquo;est point d&rsquo;homme, par contre, dont l&rsquo;aventure ait subi une v\u00e9rification aussi minutieuse. Elle a \u00e9t\u00e9 scrut\u00e9e par des \u00e9rudits, des juristes et m\u00eame par des adversaires politiques. Elle a triomph\u00e9 de toutes les \u00e9preuves.\u00a0\u00bb<br \/>\n<\/span><\/p>\n<p><img loading=\"lazy\" decoding=\"async\" class=\"alignright\" src=\"https:\/\/lemotdujour.fr\/wp-content\/uploads\/2021\/11\/112521_2325_Vendredi26n2.jpg\" alt=\"\" width=\"422\" height=\"649\" align=\"left\" \/><span style=\"color: #777777; font-family: Arial;\">Pourtant, j&rsquo;avais du mal \u00e0 croire \u00e0 ce que je lisais.<br \/>\n<\/span><\/p>\n<p><span style=\"color: #777777; font-family: Arial;\">J&rsquo;appris cependant que tout r\u00e9cemment, en f\u00e9vrier 2021, \u00e9tait paru un ouvrage de l&rsquo;historien <strong>Fran\u00e7ois Kersaudy<\/strong>\u00a0: \u00ab<span style=\"color: #0000ff;\">\u00a0<\/span><a href=\"https:\/\/www.fayard.fr\/histoire\/la-liste-de-kersten-9782213713274\"><span style=\"color: #0000ff;\"><strong>La Liste de Kersten<\/strong><\/span>\u00a0<\/a>\u00bb<br \/>\n<\/span><\/p>\n<p><span style=\"color: #777777; font-family: Arial;\">Au retour des vacances, j&rsquo;ai donc emprunt\u00e9 cet ouvrage \u00e0 la Biblioth\u00e8que de Lyon, d\u00e8s que l&rsquo;un des exemplaires fut disponible, car visiblement cet ouvrage int\u00e9ressait beaucoup de monde.<br \/>\n<\/span><\/p>\n<p><span style=\"color: #777777; font-family: Arial;\">Globalement, l&rsquo;historien, en s&rsquo;appuyant sur les archives les plus r\u00e9centes, valide le r\u00e9cit de Kersten et le livre un peu romanc\u00e9 de Kessel.<br \/>\n<\/span><\/p>\n<p><span style=\"color: #777777; font-family: Arial;\">Quelques points finalement assez mineurs, m\u00eame s&rsquo;ils sont surprenants, sont remis en cause.<br \/>\n<\/span><\/p>\n<p><span style=\"color: #777777; font-family: Arial;\">Le titre que Kersaudy ou son \u00e9diteur ont choisi, entre bien s\u00fbr en r\u00e9sonance avec \u00ab <a href=\"https:\/\/fr.wikipedia.org\/wiki\/La_Liste_de_Schindler\"><strong><span style=\"color: #0000ff;\">la liste de Schindler<\/span><\/strong>\u00a0<\/a>\u00bb, le film de <strong>Steven Spielberg<\/strong>, sorti en 1993.<br \/>\n<\/span><\/p>\n<p><span style=\"color: #777777; font-family: Arial;\">L&rsquo;historien commence son livre ainsi\u00a0:<br \/>\n<\/span><\/p>\n<p style=\"margin-left: 28pt;\"><span style=\"color: #c00000; font-family: Arial;\">\u00ab\u00a0Tout le monde en France conna\u00eet l&rsquo;histoire d&rsquo;Oskar Schindler, qui a sauv\u00e9 un millier de juifs en les soustrayant \u00e0 l&rsquo;extermination nazie durant la Seconde Guerre mondiale. Mais en v\u00e9rit\u00e9, Felix Kersten a accompli un exploit plus consid\u00e9rable encore qu&rsquo;Oskar Schindler. D\u00e8s 1947, un m\u00e9morandum du Congr\u00e8s juif mondial \u00e9tablissait que Felix Kersten avait sauv\u00e9 en Allemagne \u00ab 100 000 personnes de diverses nationalit\u00e9s, dont environ 60 000 juifs, [\u2026] au p\u00e9ril de sa propre vie \u00bb. Encore, \u00e0 l&rsquo;issue du r\u00e9cit qui va suivre, de tels chiffres sembleront-t-il passablement sous- \u00e9valu\u00e9s\u2026\u00a0\u00bb<br \/>\n<\/span><\/p>\n<p><span style=\"color: #777777; font-family: Arial;\">L&rsquo;homme est issu d&rsquo;une famille allemande install\u00e9e dans une province estonienne de l&rsquo;Empire russe, il est devenu finlandais sans vraiment cesser d&rsquo;\u00eatre allemand. Par la suite il s&rsquo;est install\u00e9 aux Pays-Bas et il est devenu N\u00e9erlandais de c\u0153ur, avant que la fin de la guerre l&rsquo;incite \u00e0 opter pour la nationalit\u00e9 su\u00e9doise<br \/>\n<\/span><\/p>\n<p><span style=\"color: #777777; font-family: Arial;\">Le d\u00e9but de ses \u00e9tudes ne furent pas tr\u00e8s brillants. Apr\u00e8s quelques p\u00e9rip\u00e9ties il se forma au massage th\u00e9rapeutique finlandais qui \u00e9tait tr\u00e8s reconnu. Il obtint son dipl\u00f4me \u00e0 Helsinki et commen\u00e7a \u00e0 exercer \u00e0 Berlin.<br \/>\n<\/span><\/p>\n<p><span style=\"color: #777777; font-family: Arial;\">Homme d&rsquo;une grande sociabilit\u00e9 il rencontra beaucoup de gens. Un professeur de la facult\u00e9 de Berlin lui dit un jour : <span style=\"color: #c00000;\">\u00ab\u00a0Venez d\u00eener \u00e0 la maison, ce soir. Je vous ferais conna\u00eetre quelqu&rsquo;un qui vous int\u00e9ressera\u00a0<\/span><\/span><\/p>\n<p><span style=\"color: #777777; font-family: Arial;\">Kersten d\u00e9couvrit ainsi un vieux monsieur Chinois qui se borna \u00e0 hocher la t\u00eate et \u00e0 sourire sans fin. <strong>Le docteur K\u00f4<\/strong> avait grandi dans l&rsquo;enceinte d&rsquo;un monast\u00e8re du Tibet. Il \u00e9tait initi\u00e9, en particulier, \u00e0 l&rsquo;art mill\u00e9naire et subtil des masseurs.<br \/>\n<\/span><\/p>\n<p><span style=\"color: #777777; font-family: Arial;\">Le m\u00e9decin-lama interrogea longuement Kersten avant de l&rsquo;inviter chez lui. <\/span><span style=\"color: #777777; font-family: Arial;\">Une fois chez lui, le m\u00e9decin chinois demanda \u00e0 \u00eatre mass\u00e9 par Kersten. F\u00e9lix Kersten s&rsquo;appliqua \u00e0 p\u00e9trir le corps l\u00e9ger, jaun\u00e2tre, fragile et dess\u00e9ch\u00e9 du vieil homme.<br \/>\n<\/span><\/p>\n<p><span style=\"color: #777777; font-family: Arial;\">Apr\u00e8s cette s\u00e9ance, le docteur K\u00f4 remis ses habits, fixa Kersten et lui dit :<br \/>\n<\/span><\/p>\n<p style=\"margin-left: 28pt;\"><span style=\"color: #c00000; font-family: Arial;\">\u00ab\u00a0Mon jeune ami, vous ne savez encore rien, absolument rien. Mais vous \u00eates celui que j&rsquo;attends depuis trente ans. J&rsquo;attends depuis l&rsquo;\u00e9poque o\u00f9 je n&rsquo;\u00e9tais qu&rsquo;un novice, un homme de l&rsquo;Occident qui ne saurait rien et \u00e0 qui je devrais tout enseigner.\u00a0\u00bb<br \/>\n<\/span><\/p>\n<p><span style=\"color: #777777; font-family: Arial;\">C&rsquo;\u00e9tait en 1922. Et Kersten suivit avec assiduit\u00e9 l&rsquo;enseignement du vieux chinois. Quand le docteur K\u00f4 estima qu&rsquo;il en savait assez, il se retira pour aller passer ses derni\u00e8res ann\u00e9es et mourir dans son monast\u00e8re du Tibet. Et, il offrit gratuitement toute sa client\u00e8le \u00e0 Kersten qui fit visiblement du tr\u00e8s bon travail et parvint \u00e0 la fid\u00e9liser et \u00e0 l&rsquo;\u00e9tendre. Il<\/span><span style=\"color: #777777; font-family: Arial;\"> avait notamment de riches clients qui appr\u00e9ciaient \u00e9norm\u00e9ment ses soins, en Allemagne mais aussi aux Pays-Bas.<br \/>\n<\/span><\/p>\n<p><span style=\"color: #777777; font-family: Arial;\">Pendant ce temps, l&rsquo;Allemagne plongea dans la folie et Hitler arriva au pouvoir avec comme \u00e2me damn\u00e9e Heinrich Himmler charg\u00e9e des basses \u0153uvres.<br \/>\n<\/span><\/p>\n<p><span style=\"color: #777777; font-family: Arial;\">C&rsquo;est un de ses patients, un riche industriel qui le convainquit malgr\u00e9 ses r\u00e9ticences d&rsquo;aller soigner cet homme ignoble.<br \/>\n<\/span><\/p>\n<p><span style=\"color: #777777; font-family: Arial;\">Le docteur accepta de se glisser dans ce r\u00f4le qui va consister \u00e0 soigner Himmler de fa\u00e7on journali\u00e8re pendant toute la p\u00e9riode du deuxi\u00e8me conflit mondial. Et, semaine apr\u00e8s semaine, mois apr\u00e8s mois, en \u00e9change des soins prodigu\u00e9s \u00e0 Himmler, devenus totalement indispensables \u00e0 ce dernier, Kersten va demander la lib\u00e9ration de nombreuses victimes du nazisme.<br \/>\n<\/span><\/p>\n<p><span style=\"color: #777777; font-family: Arial;\">C&rsquo;est lorsque Himmler souffrait de douleurs d&rsquo;estomac d&rsquo;une intensit\u00e9 paralysante et qu&rsquo;il se trouvait d\u00e9pendant des mains de Kersten que ce dernier parvenait \u00e0 obtenir des contreparties qu&rsquo;on ne croyait pas pensables.<br \/>\n<\/span><\/p>\n<p><span style=\"color: #777777; font-family: Arial;\">Au d\u00e9but, ce sont des amis hollandais qui firent appel \u00e0 lui, puis des su\u00e9dois, des finlandais : au d\u00e9but quelques individus, puis des dizaines, des centaines et puis des milliers.<br \/>\n<\/span><\/p>\n<p><span style=\"color: #777777; font-family: Arial;\">Kersaudy valide donc le r\u00e9cit de Kessel. Un des actes fut encore plus incroyables que les autres, en toute fin de guerre. Kersten eut cette id\u00e9e \u00ab disruptive \u00bb d&rsquo;organiser une rencontre entre un repr\u00e9sentant du Congr\u00e8s Juif Mondial et Himmler pour sceller un dernier accord : la lib\u00e9ration de 5000 juifs des camps de concentration, alors qu&rsquo;Hitler avait donn\u00e9 l&rsquo;ordre de les exterminer tous et de dynamiter les camps, avant l&rsquo;effondrement. L&rsquo;accord incluait aussi la non extermination des autres et le non dynamitage des camps.<br \/>\n<\/span><\/p>\n<p><span style=\"color: #777777; font-family: Arial;\">Pour ce faire, Kersten va organiser cela d&rsquo;une part avec Himmler et de l&rsquo;autre le ministre des affaires \u00e9trang\u00e8res de Su\u00e8de\u00a0<strong>Christian Gunther<\/strong> ainsi que <strong>Hillel Storch<\/strong>, le repr\u00e9sentant en Su\u00e8de du Congr\u00e8s Juif Mondial.<br \/>\n<\/span><\/p>\n<p><span style=\"color: #777777; font-family: Arial;\">Et ce fut finalement <strong>Norbert Masur<\/strong>, citoyen su\u00e9dois, de confession isra\u00e9lite qui accompagna Kersten \u00e0 Berlin.<br \/>\n<\/span><\/p>\n<p><span style=\"color: #777777; font-family: Arial;\">C&rsquo;est le sujet du chapitre XIII qui est aussi le dernier du livre \u00ab\u00a0Les mains du miracle\u00a0\u00bb qui a pour titre\u00a0: <strong>\u00ab\u00a0Le juif Masur\u00a0\u00bb<\/strong><br \/>\n<\/span><\/p>\n<p><span style=\"color: #777777; font-family: Arial;\">Les deux hommes s&rsquo;envol\u00e8rent le 19 avril 1945 sur l&rsquo;un des derniers avions \u00e0 porter la croix gamm\u00e9e. Ils \u00e9taient les seuls passagers. Et Kessel \u00e9crit\u00a0:<br \/>\n<\/span><\/p>\n<p style=\"margin-left: 28pt;\"><span style=\"color: #c00000; font-family: Arial;\">\u00ab\u00a0Dans les environs imm\u00e9diats de Berlin, on entendait d\u00e9j\u00e0 gronder les canons russes.\u00a0\u00bb<br \/>\n<\/span><\/p>\n<p><span style=\"color: #777777; font-family: Arial;\">Ils d\u00e9barqu\u00e8rent sur le terrain de Tempelhof, l&rsquo;a\u00e9roport \u00ab\u00a0cr\u00e9pusculaire et vide\u00a0\u00bb de Berlin. Et apr\u00e8s une attente un peu anxieuse, l&rsquo;heure d&rsquo;arriv\u00e9e avait \u00e9t\u00e9 communiqu\u00e9e en retard \u00e0 Himmler\u00a0:<br \/>\n<\/span><\/p>\n<p style=\"margin-left: 28pt;\"><span style=\"color: #c00000; font-family: Arial;\">\u00ab\u00a0Enfin, une voiture arriva pour Kersten et Masur. Elle \u00e9tait marqu\u00e9e aux insignes S.S. et appartenait au garage particulier de Himmler. Pr\u00e8s de la voiture se tenait un secr\u00e9taire en uniforme, qui donna \u00e0 Kersten deux sauf-conduits au cachet du Reichsf\u00fchrer [\u2026]. Il y \u00e9tait sp\u00e9cifi\u00e9 que ces documents lib\u00e9raient leurs porteurs de toute obligation de passeport et de visa. \u00a0\u00bb<br \/>\n<\/span><\/p>\n<p><span style=\"color: #777777; font-family: Arial;\">Et la voiture SS emmena les deux hommes comme pr\u00e9vu dans la r\u00e9sidence priv\u00e9e du docteur Kersten.<br \/>\n<\/span><\/p>\n<p><span style=\"color: #777777; font-family: Arial;\">La rencontre entre le repr\u00e9sentant juif et Himmler accompagn\u00e9 de ses plus proches collaborateurs est totalement incroyable et lunaire. Elle se passe le 20 avril 1945.<br \/>\n<\/span><\/p>\n<p><span style=\"color: #777777; font-family: Arial;\">Kessel \u00e9crit\u00a0:<br \/>\n<\/span><\/p>\n<p style=\"margin-left: 28pt;\"><span style=\"color: #c00000; font-family: Arial;\">Kersten et Masur se trouvaient face \u00e0 face Masur buvait du th\u00e9, Himmler, du caf\u00e9. Il n&rsquo;y avait entre eux que des petits pots de beurre, de miel, de confiture, des assiettes qui portaient des tranches de pain bis et des g\u00e2teaux. Mais, en v\u00e9rit\u00e9, six millions d&rsquo;ombres, six millions de squelettes s\u00e9paraient les deux hommes. Masur n&rsquo;en perdait pas le sentiment un instant, lui qui, par les organisations auxquelles il appartenait, avait connu et suivi pas \u00e0 pas le martyre sans \u00e9gal, sans pr\u00e9c\u00e9dent, des hommes, des femmes, des enfants juifs. \u00c0 Paris, \u00e0 Bruxelles, [&#8230;] en Ukraine et en Crim\u00e9e partout, de l&rsquo;oc\u00e9an Polaire jusqu&rsquo;\u00e0 la mer Noire, s&rsquo;\u00e9taient d\u00e9roul\u00e9es les m\u00eames \u00e9tapes du supplice : \u00e9toile jaune, mise hors la loi commune, rafles atroces dans la nuit ou le jour levant, convois interminables o\u00f9 voyageaient ensemble les vivants et les cadavres, et les camps, la schlague, la faim, la torture, la chambre \u00e0 gaz, le four cr\u00e9matoire. Voil\u00e0 ce que personnifiait et incarnait pour Masur l&rsquo;homme assis en face de lui, de l&rsquo;autre c\u00f4t\u00e9 de la table aimablement garnie, l&rsquo;homme ch\u00e9tif, aux yeux gris sombre prot\u00e9g\u00e9s par des verres sur monture d&rsquo;acier, aux pommettes mongolo\u00efdes, l&rsquo;homme en grand uniforme de g\u00e9n\u00e9ral S.S. et constell\u00e9 de d\u00e9corations dont chacune repr\u00e9sentait la r\u00e9compense d&rsquo;un crime. Mais lui qui avait impos\u00e9 impitoyablement le port de l&rsquo;\u00e9toile, donn\u00e9 le signal des rafles, pay\u00e9 les d\u00e9lateurs, bourr\u00e9 les trains maudits, gouvern\u00e9 de haut tous les camps de mort, command\u00e9 \u00e0 tous les tourmenteurs et \u00e0 tous les bourreaux, lui, il \u00e9tait parfaitement \u00e0 l&rsquo;aise. Et m\u00eame il avait bonne conscience. Ayant bu son caf\u00e9, mang\u00e9 quelques g\u00e2teaux, il essuya proprement ses l\u00e8vres avec un napperon et passa \u00e0 la question juive sans embarras aucun. \u00bb<br \/>\n<\/span><\/p>\n<p><span style=\"color: #777777; font-family: Arial;\">Et Himmler fit m\u00eame un long discours ou il justifiait la politique antis\u00e9mite du r\u00e9gime nazi et ses aspects positifs. A un moment Norbert Masur ne put en entendre davantage. En se contenant pourtant, il dit simplement :<br \/>\n<\/span><\/p>\n<p style=\"margin-left: 28pt;\"><span style=\"color: #c00000; font-family: Arial;\">\u00ab\u00a0Vous ne pouvez pas nier tout de m\u00eame que, dans ces camps, on a commis des crimes contre les d\u00e9tenus. Oh ! je vous l&rsquo;accorde : il y a eu parfois des exc\u00e8s, dit gracieusement Himmler, mais\u2026 Kersten ne le laissa pas continuer. Il voyait, \u00e0 l&rsquo;expression de Masur, qu&rsquo;il \u00e9tait temps de rompre ce d\u00e9bat inutile et qui prenait un tour dangereux.\u00bb<br \/>\n<\/span><\/p>\n<p><span style=\"color: #777777; font-family: Arial;\">Et Kersten sut remettre au centre de la discussion la lib\u00e9ration des juifs et la pr\u00e9servation de ceux qui restaient dans les camps en arrivant \u00e0 convaincre Himmler qui \u00e9tait tr\u00e8s inquiet \u00e0 l&rsquo;id\u00e9e qu&rsquo;Hitler puisse \u00eatre mis au courant de cette d\u00e9cision. L&rsquo;accord fut conclu\u00a0: les camps ne seraient pas dynamit\u00e9s, les SS ne molesteraient plus les juifs dans les camps et 5000 juifs seraient lib\u00e9r\u00e9s..<br \/>\n<\/span><\/p>\n<p><span style=\"color: #777777; font-family: Arial;\">Et Himmler prit cong\u00e9 de Kersten. Kessel raconte\u00a0:<br \/>\n<\/span><\/p>\n<p style=\"margin-left: 28pt;\"><span style=\"color: #c00000; font-family: Arial;\">\u00ab\u00a0Himmler p\u00e9n\u00e9tra dans sa voiture, s&rsquo;assit. Puis il prit la main du docteur, la serra f\u00e9brilement et acheva d&rsquo;une voix \u00e9touff\u00e9e : Kersten, je vous remercie pour tout\u2026 Ayez piti\u00e9 de moi\u2026 Je pense \u00e0 ma pauvre famille. \u00c0 la clart\u00e9 du jour naissant, Kersten vit des larmes dans les yeux de l&rsquo;homme qui avait ordonn\u00e9 sans h\u00e9siter plus d&rsquo;ex\u00e9cutions et de massacres qu&rsquo;aucun homme dans l&rsquo;histoire et qui savait si bien s&rsquo;attendrir sur lui-m\u00eame. La porti\u00e8re claqua. La voiture fondit dans l&rsquo;obscurit\u00e9.\u00a0\u00bb<br \/>\n<\/span><\/p>\n<p><span style=\"color: #777777; font-family: Arial;\">Vous trouverez des pr\u00e9cisions sur ce site &lt;<\/span><span style=\"font-family: Arial; color: #0000ff;\"><a style=\"color: #0000ff;\" href=\"https:\/\/www.cairn.info\/revue-le-monde-juif-1951-3-page-4.html\">Le dossier Kersten par Jacques Sabille<\/a><\/span><span style=\"color: #777777; font-family: Arial;\">&gt;<br \/>\n<\/span><\/p>\n<p><span style=\"color: #777777; font-family: Arial;\">Le 28 avril, Hitler mis au courant, d\u00e9met Himmler qui se mettra \u00e0 errer sur les routes, esp\u00e9rant n\u00e9gocier avec les alli\u00e9s, sans succ\u00e8s. Arr\u00eat\u00e9s par les forces alli\u00e9es, il parviendra \u00e0 se suicider en avalant une capsule de cyanure le 23 mai 1945.<br \/>\n<\/span><\/p>\n<p><span style=\"color: #777777; font-family: Arial;\">Kersaudy conteste cependant certains des points que raconte Kersten et que Kessel a report\u00e9 dans \u00ab\u00a0les mains du miracle\u00a0\u00bb\u00a0: notamment le r\u00e9cit dans lequel le masseur aurait emp\u00each\u00e9 la d\u00e9portation massive de n\u00e9erlandais.<br \/>\n<\/span><\/p>\n<p><span style=\"color: #777777; font-family: Arial;\">Kessel \u00e9crit ce que Kersten lui a racont\u00e9\u00a0: Le 1<sup>er<\/sup> mars 1941, au mess de l&rsquo;\u00e9tat-major des SS, Kersten surprend une conversation entre Heydrich et Rauter qui s&rsquo;entretiennent de la d\u00e9portation prochaine vers la Pologne de toute la population des Pays-Bas. Kersten va alors plaider inlassablement aupr\u00e8s de Himmler de faire cesser ce projet en utilisant tous les arguments qu&rsquo;il parvient \u00e0 mobiliser. Et apr\u00e8s plusieurs discussions, il parvient enfin \u00e0 ses fins\u00a0: ce projet est \u00e9cart\u00e9 ou au moins renvoy\u00e9 \u00e0 plus tard.<br \/>\n<\/span><\/p>\n<p><span style=\"color: #777777; font-family: Arial;\">Kersaudy apr\u00e8s avoir fait son travail d&rsquo;historien \u00e9crit\u00a0:<br \/>\n<\/span><\/p>\n<p style=\"margin-left: 28pt;\"><span style=\"color: #c00000; font-family: Arial;\">\u00ab\u00a0L&rsquo;ensemble de l&rsquo;affaire, racont\u00e9 avec toute la verve de Joseph Kessel, constitue l&rsquo;un des passages les plus \u00e9mouvants de son livre. H\u00e9las\u00a0! Plus d&rsquo;un lecteur sera cruellement d\u00e9\u00e7u en apprenant que cet \u00e9pisode est enti\u00e8rement fictif. [\u2026] Kersten l&rsquo;a expos\u00e9 en d\u00e9tail dans trois de ses quatre ouvrages. Mais c&rsquo;est pr\u00e9cis\u00e9ment au niveau de ceux-ci \u2013 et des d\u00e9clarations de Kersten aux enqu\u00eateurs dans l&rsquo;apr\u00e8s-guerre \u2013 que se r\u00e9v\u00e8lent les fragilit\u00e9s de l&rsquo;affaire\u00a0: trop de versions incompatibles, trop d&rsquo;impossibilit\u00e9s dans les dates et les lieux cit\u00e9s, trop de documents introuvables, trop de v\u00e9rit\u00e9s successives, trop de contradictions, trop de t\u00e9moignages suspects et eux-m\u00eames contradictoires\u00a0\u00bb<br \/>\n<\/span><span style=\"color: #c00000; font-family: Arial; text-decoration: underline;\"><em>La liste Kersten page 70<br \/>\n<\/em><\/span><\/p>\n<p><img loading=\"lazy\" decoding=\"async\" class=\"alignleft\" src=\"https:\/\/lemotdujour.fr\/wp-content\/uploads\/2021\/11\/112521_2325_Vendredi26n3.jpg\" alt=\"\" width=\"295\" height=\"422\" align=\"left\" \/><span style=\"color: #777777; font-family: Arial;\">Bref, sur cette partie du r\u00e9cit l&rsquo;Historien ne confirme pas \u00ab les mains du miracle \u00bb ni les affirmations de Kersten .<br \/>\n<\/span><\/p>\n<p><span style=\"color: #777777; font-family: Arial;\">Il y eut un autre \u00e9pisode \u00e9tonnant dans la vie de cet homme dont on voudrait qu&rsquo;elle soit sans t\u00e2che. Le comte Bernadotte, diplomate su\u00e9dois avait organis\u00e9 mat\u00e9riellement les convois des milliers de juifs lib\u00e9r\u00e9s des camps gr\u00e2ce \u00e0 la m\u00e9diation de Kersten. Il s&rsquo;en attribua l&rsquo;ensemble du m\u00e9rite sans le citer. Mais suite \u00e0 divers t\u00e9moignages notamment du ministre des affaires \u00e9trang\u00e8res su\u00e9dois, il dut bien reconna\u00eetre le r\u00f4le \u00e9minent et dangereux de Kersten, car dans l&rsquo;entourage de Himmler beaucoup voulait nuire et m\u00eame tuer le docteur qui avait une trop grande influence sur leur chef.<br \/>\n<\/span><\/p>\n<p><span style=\"color: #777777; font-family: Arial;\">Cette rivalit\u00e9 avec le comte Bernadotte va conduire Kersten \u00e0 faire une action peu reluisante pour sa r\u00e9putation future\u00a0:<br \/>\n<\/span><\/p>\n<p><span style=\"color: #777777; font-family: Arial;\">En 1952, il est sur le territoire su\u00e9dois et demande la nationalit\u00e9 su\u00e9doise qui lui est refus\u00e9 et\u2026<br \/>\n<\/span><\/p>\n<p style=\"margin-left: 28pt;\"><span style=\"color: #c00000; font-family: Arial;\">\u00ab\u00a0Sa d\u00e9ception va le pousser \u00e0 une man\u0153uvre insolite\u00a0: persuad\u00e9 que ce sont les anciens oblig\u00e9s de Bernadotte qui ont torpill\u00e9 sa demande de naturalisation, il fait circuler une lettre cens\u00e9ment adress\u00e9e \u00e0 Himmler par le comte, en date du 10 mars 1945\u00a0: \u00ab\u00a0La pr\u00e9sence des juifs est aussi peu souhait\u00e9e en Su\u00e8de qu&rsquo;en Allemagne. C&rsquo;est pourquoi je comprends parfaitement votre position sur la question juive. [\u2026] Le Medizinalrat Kersten n&rsquo;a aucun mandat pour n\u00e9gocier la lib\u00e9ration des juifs, et il l&rsquo;a fait \u00e0 titre priv\u00e9. [\u2026]\u00a0\u00bb Tout cela est \u00e9videmment catastrophique, non pour la m\u00e9moire du comte , mais pour la r\u00e9putation de Kersten, car le document est un faux grossier\u00a0\u00bb<br \/>\n<span style=\"text-decoration: underline;\"><em>La liste Kersten page 354<\/em><\/span><br \/>\n<\/span><\/p>\n<p><span style=\"color: #777777; font-family: Arial;\">Les derni\u00e8res lignes du livre seront les suivantes\u00a0:<br \/>\n<\/span><\/p>\n<p style=\"margin-left: 28pt;\"><span style=\"color: #c00000; font-family: Arial;\">\u00ab\u00a0L&rsquo;avocat et philosophe juif Gerhard Riegner dira 36 ans plus tard\u00a0: \u00ab\u00a0Kersten \u00e9tait sans conteste un homme extraordinaire, et le fait qu&rsquo;il ait eu ce pouvoir d&rsquo;influencer Himmler a \u00e9t\u00e9 un pr\u00e9sent du Tr\u00e8s-Haut\u00a0! je ne vois pas comment l&rsquo;expliquer autrement.\u00a0\u00bb<br \/>\n<\/span><\/p>\n<p><span style=\"color: #777777; font-family: Arial;\">Et Kersaudy de conclure\u00a0:<br \/>\n<\/span><\/p>\n<p style=\"margin-left: 28pt;\"><span style=\"color: #c00000; font-family: Arial;\">\u00ab\u00a0Une assertion vraisemblable, mais difficilement v\u00e9rifiable \u2013 et qui le restera aussi longtemps que les archives du Seigneur demeureront imp\u00e9n\u00e9trables\u2026\u00a0\u00bb<br \/>\n<span style=\"text-decoration: underline;\"><em>La liste Kersten page 360<br \/>\n<\/em><\/span><\/span><\/p>\n<p><span style=\"color: #777777; font-family: Arial;\">Ce bienfaiteur mourut en 1960 \u00e0 61 ans.<br \/>\n<\/span><\/p>\n<p><span style=\"color: #777777; font-family: Arial;\">Et je me pose une question\u00a0: son savoir de masseur est-il encore actif en Europe\u00a0?<br \/>\n<\/span><\/p>\n<p><span style=\"color: #c00000; font-family: Arial;\">&lt;1629&gt;<span style=\"color: #777777;\"><br \/>\n<\/span><\/span><\/p>\n","protected":false},"excerpt":{"rendered":"<p>\u00ab\u00a0La liste de Kersten, un juste parmi les d\u00e9mons\u00a0\u00bb Fran\u00e7ois Kersaudy Il me faut quelquefois un peu de temps pour lire les livres qu&rsquo;on m&rsquo;offre. Ainsi, il y a plusieurs ann\u00e9es, Pablo, m&rsquo;avait offert le livre de Joseph Kessel\u00a0: \u00ab\u00a0Les<\/p>\n","protected":false},"author":1,"featured_media":0,"comment_status":"open","ping_status":"closed","sticky":false,"template":"","format":"standard","meta":{"footnotes":""},"categories":[1],"tags":[47,134,17,132],"class_list":["post-12850","post","type-post","status-publish","format-standard","hentry","category-motdujour","tag-allemagne","tag-antisemitisme","tag-histoire","tag-medecine"],"_links":{"self":[{"href":"https:\/\/lemotdujour.fr\/index.php?rest_route=\/wp\/v2\/posts\/12850","targetHints":{"allow":["GET"]}}],"collection":[{"href":"https:\/\/lemotdujour.fr\/index.php?rest_route=\/wp\/v2\/posts"}],"about":[{"href":"https:\/\/lemotdujour.fr\/index.php?rest_route=\/wp\/v2\/types\/post"}],"author":[{"embeddable":true,"href":"https:\/\/lemotdujour.fr\/index.php?rest_route=\/wp\/v2\/users\/1"}],"replies":[{"embeddable":true,"href":"https:\/\/lemotdujour.fr\/index.php?rest_route=%2Fwp%2Fv2%2Fcomments&post=12850"}],"version-history":[{"count":4,"href":"https:\/\/lemotdujour.fr\/index.php?rest_route=\/wp\/v2\/posts\/12850\/revisions"}],"predecessor-version":[{"id":12856,"href":"https:\/\/lemotdujour.fr\/index.php?rest_route=\/wp\/v2\/posts\/12850\/revisions\/12856"}],"wp:attachment":[{"href":"https:\/\/lemotdujour.fr\/index.php?rest_route=%2Fwp%2Fv2%2Fmedia&parent=12850"}],"wp:term":[{"taxonomy":"category","embeddable":true,"href":"https:\/\/lemotdujour.fr\/index.php?rest_route=%2Fwp%2Fv2%2Fcategories&post=12850"},{"taxonomy":"post_tag","embeddable":true,"href":"https:\/\/lemotdujour.fr\/index.php?rest_route=%2Fwp%2Fv2%2Ftags&post=12850"}],"curies":[{"name":"wp","href":"https:\/\/api.w.org\/{rel}","templated":true}]}}