{"id":1284,"date":"2015-10-19T02:00:00","date_gmt":"2015-10-18T22:00:00","guid":{"rendered":"http:\/\/lemotdujour.fr\/?p=1284"},"modified":"2024-10-22T01:11:37","modified_gmt":"2024-10-21T23:11:37","slug":"lundi-le-19102015","status":"publish","type":"post","link":"https:\/\/lemotdujour.fr\/?p=1284","title":{"rendered":"lundi  19 octobre 2015"},"content":{"rendered":"<div class=\"mdjTexte\">\t\u00abQuand Isra\u00ebl na\u00eet [\u2026] en 1948, [\u2026] Pour le monde Arabe, c\u2019est le dernier ph\u00e9nom\u00e8ne colonial de l\u2019histoire europ\u00e9enne qui est anachronique. Pour les Isra\u00e9liens, c\u2019est avec quelque retard, le dernier ph\u00e9nom\u00e8ne national de l\u2019histoire europ\u00e9enne du 19\u00e8me si\u00e8cle.[\u2026] Et en fait ce conflit de calendrier n\u2019a jamais \u00e9t\u00e9 surmont\u00e9.\u00bb<\/div>\n<div class=\"mdjAuteur\">\tDominique Mo\u00efsi<\/div>\n<p><span style=\"color: #777777; font-family: Arial;\">La violence n&rsquo;a jamais cess\u00e9 sur la terre de Palestine et d&rsquo;Isra\u00ebl, mais <span style=\"color: #0000ff;\"><a style=\"color: #0000ff;\" href=\"http:\/\/blogs.mediapart.fr\/blog\/jean-paul-baquiast\/161015\/israel-menace-dune-intifada-des-couteaux\">&lt;Une nouvelle \u00e9tape a \u00e9t\u00e9 franchie et on parle d\u00e9sormais d&rsquo;une intifada des couteaux&gt;<\/a><\/span><br \/>\n<\/span><\/p>\n<p><span style=\"color: #777777; font-family: Arial;\">Samedi <a href=\"http:\/\/www.lesechos.fr\/monde\/afrique-moyen-orient\/021412218843-israel-regain-de-violence-entre-palestiniens-et-israeliens-1166480.php\"><span style=\"color: #0000ff;\">&lt;Les Echos&gt;<\/span><\/a> comptaient 41 palestiniens et 7 isra\u00e9liens tu\u00e9s en deux semaines.<br \/>\n<\/span><\/p>\n<p><span style=\"color: #777777; font-family: Arial;\">Et hier dimanche, <a href=\"http:\/\/www.liberation.fr\/monde\/2015\/10\/18\/attaque-a-un-arret-de-bus-dans-le-sud-d-israel-un-assaillant-abattu_1406782\"><span style=\"color: #0000ff;\">un attentat s&rsquo;est produit \u00e0 la gare des autobus de Beer Sheva<\/span><\/a><span style=\"color: #0000ff;\">,<\/span> dans le sud d&rsquo;Isra\u00ebl. Deux Palestiniens ont tir\u00e9 dans la foule et poignard\u00e9 plusieurs personnes, avant que les forces de s\u00e9curit\u00e9 ne r\u00e9pliquent.<br \/>\n<\/span><\/p>\n<p><span style=\"color: #777777; font-family: Arial;\">Et en France, nous se sommes inform\u00e9s qu&rsquo;en partie des faits de violence qui se d\u00e9roulent sur ces lieux.<br \/>\n<\/span><\/p>\n<p><span style=\"color: #777777; font-family: Arial;\">Avant ces faits, le conflit isra\u00e9lo palestinien \u00e9tait sorti des radars, on ne parlait plus que de la Syrie, de l&rsquo;Irak et m\u00eame du Yemen mais plus de la Palestine. Obama dans son discours \u00e0 l&rsquo;ONU, il y a quelques jours, n&rsquo;a pas eu un mot pour la Palestine. Mahmoud Abbas a dit cette m\u00eame tribune de l&rsquo;ONU que les accords d&rsquo;Oslo \u00e9taient enterr\u00e9s et qu&rsquo;il faudrait peut-\u00eatre dissoudre l&rsquo;Autorit\u00e9 Palestinienne.<br \/>\n<\/span><\/p>\n<p><span style=\"color: #777777; font-family: Arial;\">Comment mieux dire qu&rsquo;il n&rsquo;y croit plus.<br \/>\n<\/span><\/p>\n<p><span style=\"color: #777777; font-family: Arial;\">Depuis l&rsquo;assassinat de Rabin, il n&rsquo;y a plus d&rsquo;homme d&rsquo;Etat capable du c\u00f4t\u00e9 isra\u00e9lien de mener son peuple \u00e0 la paix et il faut bien le reconna\u00eetre il n&rsquo;y a pas non plus d&rsquo;homme d&rsquo;Etat de ce niveau du c\u00f4t\u00e9 palestinien.<br \/>\n<\/span><\/p>\n<p><span style=\"color: #777777; font-family: Arial;\">Il y a quelques jours j&rsquo;avais emprunt\u00e9 un mot du jour \u00e0 une parole de Dominique Mo\u00efsi sur la guerre en Syrie et je fais \u00e0 nouveau appel \u00e0 lui aujourd&rsquo;hui.<br \/>\n<\/span><\/p>\n<p><span style=\"color: #777777; font-family: Arial;\">Il a, en effet, \u00e9t\u00e9 l&rsquo;invit\u00e9 de l&rsquo;\u00e9mission de Nicolas Demorand du 14 octobre 2015 :<br \/>\n<\/span><\/p>\n<p><span style=\"color: #777777; font-family: Arial;\"><span style=\"color: #0000ff;\">I<a style=\"color: #0000ff;\" href=\"http:\/\/www.franceinter.fr\/emission-un-jour-dans-le-monde-israel-palestine-vers-une-troisieme-intifada\">sra\u00ebl-Palestine : Vers une troisi\u00e8me Intifada ? avec Dominique Moi\u0308si 14 octobre 2015 Entretien avec Nicolas Demorand<\/a><\/span><br \/>\n<\/span><\/p>\n<p><span style=\"color: #777777; font-family: Arial;\">Dominique Mo\u00efsi est juif, il a cru en l&rsquo;Etat d&rsquo;Isra\u00ebl et il a cru en la paix. Et aujourd&rsquo;hui au bout des d\u00e9sillusions il se pose des questions existentielles et analyse les regards crois\u00e9s et hostiles de ces deux peuples \u00e0 l&rsquo;aune de l&rsquo;Histoire.<br \/>\n<\/span><\/p>\n<p><span style=\"color: #777777; font-family: Arial;\">Dans le d\u00e9but l&rsquo;\u00e9mission, il fait d&rsquo;abord parler son \u00e9motion et son d\u00e9sespoir en parlant de <strong>\u00ab<\/strong><span style=\"color: #c00000;\">la chronique d&rsquo;une catastrophe annonc\u00e9e<span style=\"color: #777777;\"><strong>\u00bb<\/strong><br \/>\n<\/span><\/span><\/span><\/p>\n<p><span style=\"color: #777777; font-family: Arial;\">Et il ajoute :<br \/>\n<\/span><\/p>\n<p style=\"margin-left: 28pt;\"><span style=\"color: #c00000; font-family: Arial;\">\u00abJe ne suis pas surpris. On s&rsquo;attendait \u00e0 une telle explosion. Personne ne s&rsquo;int\u00e9resse plus au probl\u00e8me isra\u00e9lo-palestinien. Les jeunes palestiniens en particulier ceux de J\u00e9rusalem ne croient plus \u00e0 la politique, ni au Hamas, ni \u00e0 l&rsquo;autorit\u00e9 palestinienne. C&rsquo;est une mani\u00e8re \u00e0 eux de se rappeler \u00e0 l&rsquo;actualit\u00e9. Il y a eu des \u00e9v\u00e9nements qui ont attis\u00e9 le ressentiment d&rsquo;abord le b\u00e9b\u00e9 de 19 mois br\u00fbl\u00e9 vif dans sa maison enflamm\u00e9e par des colons isra\u00e9liens. Ses deux parents sont morts aussi. Et puis il y a ces rumeurs sur le changement de statut du D\u00f4me du rocher, de la mosqu\u00e9e Al Aqsar. Cela ram\u00e8ne le conflit \u00e0 un niveau qu&rsquo;on avait oubli\u00e9 et qui le rend encore plus impossible \u00e0 r\u00e9gler : c&rsquo;est un conflit religieux.\u00bb<br \/>\n<\/span><\/p>\n<p><span style=\"color: #777777; font-family: Arial;\">Demorand lui dit alors :&nbsp; \u00ab<span style=\"color: #c00000;\">Je vous sens accabl\u00e9<span style=\"color: #777777;\">\u00bb<br \/>\n<\/span><\/span><\/span><\/p>\n<p><span style=\"color: #777777; font-family: Arial;\">Moisi :<br \/>\n<\/span><\/p>\n<p style=\"margin-left: 28pt;\"><span style=\"color: #c00000; font-family: Arial;\">\u00ab Oui ! Oui ! Il y a quelque chose de d\u00e9sesp\u00e9rant pour quelqu&rsquo;un qui comme moi a cru profond\u00e9ment aux accords d&rsquo;Oslo.<br \/>\n<\/span><\/p>\n<p style=\"margin-left: 28pt;\"><span style=\"color: #c00000; font-family: Arial;\">J&rsquo;ai un souvenir : J&rsquo;ai pass\u00e9 une nuit \u00e0 boire du champagne avec le po\u00e8te palestinien Mahmoud Darwich. Nous nous sommes embrass\u00e9s. Nous avons cru qu&rsquo;entre juifs et palestiniens, le probl\u00e8me pouvait \u00eatre d\u00e9pass\u00e9.<br \/>\n<\/span><\/p>\n<p style=\"margin-left: 28pt;\"><span style=\"color: #c00000; font-family: Arial;\">Et l\u00e0&#8230;<br \/>\n<\/span><\/p>\n<p style=\"margin-left: 28pt;\"><span style=\"color: #c00000; font-family: Arial;\">Est-ce que nous avons r\u00eav\u00e9 ? Depuis le d\u00e9but ? Depuis l&rsquo;assassinat d&rsquo;Yitzhak Rabin ? Est-ce que nous avons continu\u00e9 \u00e0 r\u00eaver en pensant que la communaut\u00e9 internationale et les Etats-Unis allaient imposer une solution ?<br \/>\n<\/span><\/p>\n<p style=\"margin-left: 28pt;\"><span style=\"color: #c00000; font-family: Arial;\">Aujourd&rsquo;hui, il y a un sentiment de vide absolu. Il n&rsquo;y a pas de petite lumi\u00e8re au fond du tunnel.<br \/>\n<\/span><\/p>\n<p style=\"margin-left: 28pt;\"><span style=\"color: #c00000; font-family: Arial;\">Il n&rsquo;y a pas de pression qui va venir de l&rsquo;ext\u00e9rieur.<br \/>\n<\/span><\/p>\n<p style=\"margin-left: 28pt;\"><span style=\"color: #c00000; font-family: Arial;\">Chacun est laiss\u00e9, seul :<br \/>\n<\/span><\/p>\n<p style=\"margin-left: 28pt;\"><span style=\"color: #c00000; font-family: Arial;\">&#8211; face \u00e0 sa peur du changement, sa volont\u00e9 de pr\u00e9server \u00e0 tout prix le statu quo du c\u00f4t\u00e9 isra\u00e9lien;<br \/>\n<\/span><\/p>\n<p style=\"margin-left: 28pt;\"><span style=\"color: #c00000; font-family: Arial;\">&#8211; face \u00e0 son absence totale d&rsquo;espoir du c\u00f4t\u00e9 palestinien.\u00bb<br \/>\n<\/span><\/p>\n<p><span style=\"color: #777777; font-family: Arial;\">Et il d\u00e9crit \u00ab <span style=\"color: #c00000;\">Une glaciation longue entre les deux parties, avec des murs des check points partout transformant J\u00e9rusalem en Berlin de la guerre froide.<span style=\"color: #777777;\">\u00bb Cela lui semble l&rsquo;hypoth\u00e8se la plus vraisemblable.<br \/>\n<\/span><\/span><\/span><\/p>\n<p><span style=\"color: #777777; font-family: Arial;\">Il envisage ensuite le conflit du point de vue des Arabes et les solutions qui ont \u00e9t\u00e9 envisag\u00e9es :<br \/>\n<\/span><\/p>\n<p style=\"margin-left: 28pt;\"><span style=\"color: #c00000; font-family: Arial;\">\u00ab Une grande partie des palestiniens et des arabes r\u00eavent que le probl\u00e8me isra\u00e9lien va dispara\u00eetre. Qu&rsquo;en gros les isra\u00e9liens sont en Palestine, comme les Fran\u00e7ais \u00e9taient en Alg\u00e9rie et qu&rsquo;\u00e0 un moment donn\u00e9, ils se retireront. Dans une partie du discours arabe : Ce sont les crois\u00e9s du Royaume de J\u00e9rusalem ils vont partir et le sable du d\u00e9sert recouvrira leurs constructions arrogantes et intol\u00e9rantes.<br \/>\n<\/span><\/p>\n<p style=\"margin-left: 28pt;\"><span style=\"color: #c00000; font-family: Arial;\">Mais ce n&rsquo;est pas la r\u00e9alit\u00e9 et le rapport des forces sur le plan militaire joue toujours majoritairement en faveur des isra\u00e9liens.<br \/>\n<\/span><\/p>\n<p style=\"margin-left: 28pt;\"><span style=\"color: #c00000; font-family: Arial;\">Plus personne ne croit \u00e0 la solution des deux Etats qui \u00e9taient la seule l\u00e9gitime et qui faisait sens.<br \/>\n<\/span><\/p>\n<p style=\"margin-left: 28pt;\"><span style=\"color: #c00000; font-family: Arial;\">Un Etat binational semble aussi totalement hors de port\u00e9e \u00e9tant donn\u00e9 les haines actuelles.<br \/>\n<\/span><\/p>\n<p style=\"margin-left: 28pt;\"><span style=\"color: #c00000; font-family: Arial;\">Certains imaginent une 3\u00e8me solution d&rsquo;une conf\u00e9d\u00e9ration avec un 3\u00e8me acteur qui est la Jordanie. Cette conf\u00e9d\u00e9ration pourrait se r\u00e9unir sur l&rsquo;Economie. Mais cette solution ne semble pas non plus viable dans le contexte actuel.\u00bb<br \/>\n<\/span><\/p>\n<p><span style=\"color: #777777; font-family: Arial;\">Il n&rsquo;existe donc pas de solution aux yeux de Moisi.<br \/>\n<\/span><\/p>\n<p><span style=\"color: #777777; font-family: Arial;\">Et c&rsquo;est alors qu&rsquo;il plonge dans le c\u0153ur du probl\u00e8me et d\u00e9voile une question existentielle. Voici la suite de ce dialogue entre Nicolas Demorand (ND) et Dominique Mo\u00efsi (DM)<br \/>\n<\/span><\/p>\n<p style=\"margin-left: 28pt;\"><strong><span style=\"color: #c00000; font-family: Arial;\">\u00ab DM \u2013 Pas de solutions, c&rsquo;est un \u00e9chec absolu et qui bien entendu vous am\u00e8ne \u00e0 vous poser des questions fondamentales, existentielles.<br \/>\n<\/span><\/strong><\/p>\n<p style=\"margin-left: 28pt;\"><strong><span style=\"color: #c00000; font-family: Arial;\">ND \u2013 Lesquelles ?<br \/>\n<\/span><\/strong><\/p>\n<p style=\"margin-left: 28pt;\"><strong><span style=\"color: #c00000; font-family: Arial;\">DM \u2013 Et si c&rsquo;\u00e9tait une fausse bonne id\u00e9e que d&rsquo;avoir cr\u00e9\u00e9 l&rsquo;\u00e9tat d&rsquo;Isra\u00ebl, d\u00e8s le d\u00e9part ?<br \/>\n<\/span><\/strong><\/p>\n<p style=\"margin-left: 28pt;\"><strong><span style=\"color: #c00000; font-family: Arial;\">ND \u2013 Vous d\u00eetes cela vous ?<br \/>\n<\/span><\/strong><\/p>\n<p style=\"margin-left: 28pt;\"><strong><span style=\"color: #c00000; font-family: Arial;\">DM \u2013 Je dis qu&rsquo;en r\u00e9alit\u00e9, c&rsquo;est une question que les historiens se poseront. Parce qu&rsquo;il y a un conflit de calendrier fondamental.<br \/>\n<\/span><\/strong><\/p>\n<p style=\"margin-left: 28pt;\"><strong><span style=\"color: #c00000; font-family: Arial;\">Quand Isra\u00ebl na\u00eet sur les fonts baptismaux de la communaut\u00e9 internationale en 1948, c&rsquo;est au moment o\u00f9 commence le grand mouvement de d\u00e9colonisation dans le monde. Pour le monde Arabe, c&rsquo;est le dernier ph\u00e9nom\u00e8ne colonial de l&rsquo;histoire europ\u00e9enne qui est anachronique.<br \/>\n<\/span><\/strong><\/p>\n<p style=\"margin-left: 28pt;\"><strong><span style=\"color: #c00000; font-family: Arial;\">Pour les Isra\u00e9liens, c&rsquo;est avec quelque retard, le dernier ph\u00e9nom\u00e8ne national de l&rsquo;histoire europ\u00e9enne du 19\u00e8me si\u00e8cle. Les Allemands ont un \u00e9tat, les Italiens ont un \u00e9tat.<br \/>\n<\/span><\/strong><\/p>\n<p style=\"margin-left: 28pt;\"><strong><span style=\"color: #c00000; font-family: Arial;\">Pourquoi pas les juifs ?<br \/>\n<\/span><\/strong><\/p>\n<p style=\"margin-left: 28pt;\"><strong><span style=\"color: #c00000; font-family: Arial;\">Et en fait ce conflit de calendrier n&rsquo;a jamais \u00e9t\u00e9 surmont\u00e9.<br \/>\n<\/span><\/strong><\/p>\n<p style=\"margin-left: 28pt;\"><strong><span style=\"color: #c00000; font-family: Arial;\">D\u00e8s le d\u00e9but, une immense majorit\u00e9 des arabes n&rsquo;accepte pas que l&rsquo;Europe paye ses p\u00e9ch\u00e9s sur le dos des Palestiniens.<br \/>\n<\/span><\/strong><\/p>\n<p style=\"margin-left: 28pt;\"><span style=\"color: #c00000; font-family: Arial;\"><strong>Et une grande partie des Isra\u00e9liens a du mal \u00e0 int\u00e9grer le fait qu&rsquo;en r\u00e9alit\u00e9, il y a les Palestiniens sur ces territoires. (&#8230;) \u00bb<\/strong><br \/>\n<\/span><\/p>\n<p><span style=\"color: #777777; font-family: Arial;\">En 1950, Einstein publia <span style=\"color: #0000ff;\"><a style=\"color: #0000ff;\" href=\"http:\/\/dico.pourlapalestine.be\/detail.php?r=243\">la d\u00e9claration suivante<\/a><\/span> sur la question du sionisme. Ce discours avait \u00e9t\u00e9 initialement prononc\u00e9 devant la National Labor Committee for Palestine (Commission national de travail pour la Palestine), \u00e0 New York, le 17 avril 1938, mais Einstein l&rsquo;avait ressortie en 1950, apr\u00e8s la cr\u00e9ation de l&rsquo;\u00c9tat d&rsquo;Isra\u00ebl :<br \/>\n<\/span><\/p>\n<p style=\"margin-left: 28pt;\"><span style=\"color: #c00000; font-family: Arial;\">\u00ab Je verrais bien davantage un arrangement raisonnable avec les Arabes, sur base d&rsquo;une coexistence pacifique, que la cr\u00e9ation d&rsquo;un \u00c9tat juif. En dehors des consid\u00e9rations pratiques, ma connaissance de la nature essentielle du juda\u00efsme r\u00e9siste \u00e0 l&rsquo;id\u00e9e d&rsquo;un \u00c9tat juif avec des fronti\u00e8res, une arm\u00e9e et un projet de pouvoir temporel, aussi modeste soit-il. J&rsquo;appr\u00e9hende les d\u00e9g\u00e2ts internes que pourra provoquer le juda\u00efsme \u2013 particuli\u00e8rement \u00e0 partir du d\u00e9veloppement d&rsquo;un nationalisme \u00e9troit dans nos propres rangs et contre lequel il nous a d\u00e9j\u00e0 fallu nous battre sans \u00c9tat juif. \u00bb<br \/>\n<\/span><\/p>\n<p><span style=\"color: #777777; font-family: Arial;\">Je finirais par Arun Gandhi, petit fils du Mahatma Gandhi qui vient de publier un livre \u00ab<a href=\"https:\/\/www.eyrolles.com\/Loisirs\/Livre\/mon-grand-pere-etait-gandhi-9782212563153\/\"><span style=\"color: #0000ff;\">Mon Grand P\u00e8re \u00e9tait Gandhi<\/span><\/a>\u00bb et il dit :&nbsp;<a href=\"https:\/\/rcf.fr\/actualite\/arun-gandhi-pour-obtenir-la-paix-le-pardon-reste-incontournable\"> \u00ab<span style=\"color: #0000ff;\">Pour obtenir la paix, le pardon reste incontournable. Si nous ne pardonnons pas, nous ne grandirons pas\u00bb<\/span>.<\/a><br \/>\n<\/span><\/p>\n<p><span style=\"color: #777777; font-family: Arial;\">Mais le pardon semble si loin.<br \/>\n<\/span><\/p>\n<p><span style=\"color: #777777; font-family: Arial;\">M\u00eame si je comprends la peur et l&rsquo;angoisse des juifs isra\u00e9liens devant cette situation, il n&rsquo;est pas possible de ne pas r\u00e9p\u00e9ter que s&rsquo;il faut \u00eatre deux pour faire la paix, la plus grande part de la responsabilit\u00e9 est du c\u00f4t\u00e9 d&rsquo;Isra\u00ebl notamment par sa politique de colonisation insens\u00e9e et intol\u00e9rante qui rend impossible les deux \u00c9tats, seule solution l\u00e9gitime dit Mo\u00efsi.<br \/>\n<\/span><\/p>\n<p><span style=\"color: #777777; font-family: Arial;\">L&rsquo;existence de l\u2019\u00c9tat d&rsquo;Isra\u00ebl peut-elle rester l\u00e9gitime, en l&rsquo;absence de son alter ego Palestinien ?<br \/>\n<\/span><\/p>\n<p><span style=\"color: #c00000; font-family: Arial;\">&lt;579&gt;<\/span><\/p>\n","protected":false},"excerpt":{"rendered":"<p>\u00abQuand Isra\u00ebl na\u00eet [\u2026] en 1948, [\u2026] Pour le monde Arabe, c\u2019est le dernier ph\u00e9nom\u00e8ne colonial de l\u2019histoire europ\u00e9enne qui est anachronique. Pour les Isra\u00e9liens, c\u2019est avec quelque retard, le dernier ph\u00e9nom\u00e8ne national de l\u2019histoire europ\u00e9enne du 19\u00e8me si\u00e8cle.[\u2026] Et<\/p>\n","protected":false},"author":1,"featured_media":0,"comment_status":"closed","ping_status":"closed","sticky":false,"template":"","format":"standard","meta":{"footnotes":""},"categories":[1],"tags":[17,151,119],"class_list":["post-1284","post","type-post","status-publish","format-standard","hentry","category-motdujour","tag-histoire","tag-israel","tag-moyen-orient"],"_links":{"self":[{"href":"https:\/\/lemotdujour.fr\/index.php?rest_route=\/wp\/v2\/posts\/1284","targetHints":{"allow":["GET"]}}],"collection":[{"href":"https:\/\/lemotdujour.fr\/index.php?rest_route=\/wp\/v2\/posts"}],"about":[{"href":"https:\/\/lemotdujour.fr\/index.php?rest_route=\/wp\/v2\/types\/post"}],"author":[{"embeddable":true,"href":"https:\/\/lemotdujour.fr\/index.php?rest_route=\/wp\/v2\/users\/1"}],"replies":[{"embeddable":true,"href":"https:\/\/lemotdujour.fr\/index.php?rest_route=%2Fwp%2Fv2%2Fcomments&post=1284"}],"version-history":[{"count":8,"href":"https:\/\/lemotdujour.fr\/index.php?rest_route=\/wp\/v2\/posts\/1284\/revisions"}],"predecessor-version":[{"id":16030,"href":"https:\/\/lemotdujour.fr\/index.php?rest_route=\/wp\/v2\/posts\/1284\/revisions\/16030"}],"wp:attachment":[{"href":"https:\/\/lemotdujour.fr\/index.php?rest_route=%2Fwp%2Fv2%2Fmedia&parent=1284"}],"wp:term":[{"taxonomy":"category","embeddable":true,"href":"https:\/\/lemotdujour.fr\/index.php?rest_route=%2Fwp%2Fv2%2Fcategories&post=1284"},{"taxonomy":"post_tag","embeddable":true,"href":"https:\/\/lemotdujour.fr\/index.php?rest_route=%2Fwp%2Fv2%2Ftags&post=1284"}],"curies":[{"name":"wp","href":"https:\/\/api.w.org\/{rel}","templated":true}]}}