{"id":12792,"date":"2021-11-23T00:54:19","date_gmt":"2021-11-22T23:54:19","guid":{"rendered":"http:\/\/lemotdujour.fr\/?p=12792"},"modified":"2021-11-23T00:54:20","modified_gmt":"2021-11-22T23:54:20","slug":"mardi-23-novembre-2021","status":"publish","type":"post","link":"https:\/\/lemotdujour.fr\/?p=12792","title":{"rendered":"Mardi 23 novembre 2021"},"content":{"rendered":"<div class=\"mdjTexte\">\u00ab\u00a0Le Sabot de V\u00e9nus.\u00a0\u00bb<\/div>\n<div class=\"mdjAuteur\">Une fleur<\/div>\n<p><span style=\"color: #777777; font-family: Arial;\">Il existe tant de domaines dans lesquels je suis totalement ignorant. La botanique en fait partie.<br \/>\n<\/span><\/p>\n<p><span style=\"color: #777777; font-family: Arial;\">Toutefois il reste toujours possible d&rsquo;\u00eatre capt\u00e9 par la beaut\u00e9, par l&rsquo;insolite, par l&rsquo;intelligence de la nature.<br \/>\n<\/span><\/p>\n<p><span style=\"color: #777777; font-family: Arial;\"><img loading=\"lazy\" decoding=\"async\" class=\"wp-image-12794 alignleft\" src=\"https:\/\/lemotdujour.fr\/wp-content\/uploads\/2021\/11\/Sabot-de-Venus-01.jpg\" alt=\"\" width=\"390\" height=\"204\" srcset=\"https:\/\/lemotdujour.fr\/wp-content\/uploads\/2021\/11\/Sabot-de-Venus-01.jpg 1104w, https:\/\/lemotdujour.fr\/wp-content\/uploads\/2021\/11\/Sabot-de-Venus-01-300x157.jpg 300w, https:\/\/lemotdujour.fr\/wp-content\/uploads\/2021\/11\/Sabot-de-Venus-01-1024x536.jpg 1024w, https:\/\/lemotdujour.fr\/wp-content\/uploads\/2021\/11\/Sabot-de-Venus-01-768x402.jpg 768w\" sizes=\"auto, (max-width: 390px) 100vw, 390px\" \/>C&rsquo;est probablement un algorithme qui dans les m\u00e9andres de ses raisonnements obscurs, m&rsquo;a envoy\u00e9 dans un flux d&rsquo;actualit\u00e9 un titre parlant du \u00ab\u00a0<strong>sabot de v\u00e9nus<\/strong>\u00a0\u00bb.<br \/>\n<\/span><\/p>\n<p><span style=\"color: #777777; font-family: Arial;\">J&rsquo;ignorais totalement de quoi il s&rsquo;agissait.<br \/>\n<\/span><\/p>\n<p><span style=\"color: #777777; font-family: Arial;\">Associ\u00e9 la d\u00e9esse raffin\u00e9e et sophistiqu\u00e9e de l&rsquo;amour\u00a0: \u00ab\u00a0V\u00e9nus\u00a0\u00bb et un sabot que \u00ab\u00a0<strong>le Petit Robert<\/strong>\u00a0\u00bb d\u00e9finit comme \u00ab\u00a0une Chaussure paysanne faite g\u00e9n\u00e9ralement d&rsquo;une seule pi\u00e8ce de bois \u00e9vid\u00e9e\u00a0\u00bb me semblait constituer toute l&rsquo;apparence de l&rsquo;oxymore.<br \/>\n<\/span><\/p>\n<p><span style=\"color: #777777; font-family: Arial;\">J&rsquo;ai \u00e9t\u00e9 intrigu\u00e9 et j&rsquo;ai cliqu\u00e9 pour conna\u00eetre la source de cette information qui m&rsquo;avait \u00e9t\u00e9 envoy\u00e9e.<br \/>\n<\/span><\/p>\n<p><span style=\"color: #777777; font-family: Arial;\">C&rsquo;est ainsi que j&rsquo;ai d\u00e9couvert l&rsquo;Association\u00a0: \u00ab\u00a0<strong>Humanit\u00e9 et bio diversit\u00e9<\/strong>\u00a0\u00bb<br \/>\n<\/span><\/p>\n<p><span style=\"color: #777777; font-family: Arial;\">C&rsquo;est une association de protection de la nature et de la biodiversit\u00e9 qui a \u00e9t\u00e9 cr\u00e9\u00e9e en 1976.<br \/>\n<\/span><\/p>\n<p><span style=\"color: #777777; font-family: Arial;\"><strong>Hubert Reeves<\/strong> \u00e9tait son pr\u00e9sident jusqu&rsquo;en 2015, depuis il est pr\u00e9sident d&rsquo;honneur.<br \/>\n<\/span><\/p>\n<p><span style=\"color: #777777; font-family: Arial;\">Il avait succ\u00e9d\u00e9, en 2000, \u00e0 <strong>Th\u00e9odore Monod<\/strong>, au d\u00e9c\u00e8s de ce dernier.<br \/>\n<\/span><\/p>\n<p><span style=\"color: #777777; font-family: Arial;\"><img loading=\"lazy\" decoding=\"async\" class=\"wp-image-12796 alignleft\" src=\"https:\/\/lemotdujour.fr\/wp-content\/uploads\/2021\/11\/Sabot-de-Venus-03.jpg\" alt=\"\" width=\"494\" height=\"328\" srcset=\"https:\/\/lemotdujour.fr\/wp-content\/uploads\/2021\/11\/Sabot-de-Venus-03.jpg 780w, https:\/\/lemotdujour.fr\/wp-content\/uploads\/2021\/11\/Sabot-de-Venus-03-300x199.jpg 300w, https:\/\/lemotdujour.fr\/wp-content\/uploads\/2021\/11\/Sabot-de-Venus-03-768x510.jpg 768w\" sizes=\"auto, (max-width: 494px) 100vw, 494px\" \/>Aujourd&rsquo;hui, elle est pr\u00e9sid\u00e9e par <strong>Bernard Chevassus-au-Louis<\/strong> qui est un biologiste et \u00e9cologue fran\u00e7ais, normalien, \u00e9l\u00e8ve de la Rue d&rsquo;Ulm et qui a \u00e9t\u00e9 directeur de recherche \u00e0 l<span style=\"color: #0000ff;\">&lsquo;<a style=\"color: #0000ff;\" href=\"https:\/\/www.inrae.fr\/\">INRA<\/a><\/span>.<br \/>\n<\/span><\/p>\n<p><span style=\"color: #777777; font-family: Arial;\">Cette association est donc tr\u00e8s s\u00e9rieuse, et elle a un site\u00a0: &lt; <a href=\"https:\/\/www.humanite-biodiversite.fr\/%20\"><span style=\"color: #0000ff;\">https:\/\/www.humanite-biodiversite.fr\/<\/span><\/a> &gt;<br \/>\n<\/span><\/p>\n<p><span style=\"color: #777777; font-family: Arial;\">Le message renvoyait vers &lt;<span style=\"color: #0000ff;\"><a style=\"color: #0000ff;\" href=\"https:\/\/www.humanite-biodiversite.fr\/articles\/83749-le-sabot-de-venus-cypripedium-calceolus?fbclid=IwAR1RlFtw9jg_QTmTQtVVW6YfY_2ecfS8fbXJvrpQjMxTehhkIaX0PDHjv2U\">cette page du site<\/a><\/span>&gt; qui pr\u00e9sente <strong>le sabot de V\u00e9nus.<br \/>\n<\/strong><\/span><\/p>\n<p><span style=\"color: #777777; font-family: Arial;\">J&rsquo;ai appris ainsi que <strong>le sabot de V\u00e9nus<\/strong> \u00e9tait une fleur et plus pr\u00e9cis\u00e9ment <strong>une orchid\u00e9e<\/strong>.<br \/>\n<\/span><\/p>\n<p><span style=\"color: #777777; font-family: Arial;\">Gr\u00e2ce \u00e0 &lt;<span style=\"color: #0000ff;\"><a style=\"color: #0000ff;\" href=\"https:\/\/fr.wikipedia.org\/wiki\/Orchidaceae\">Wikipedia<\/a><\/span>&gt; j\u00a0\u00bbai compris que les Orchid\u00e9es ou <strong>Orchidac\u00e9es<\/strong> (Orchidaceae), forment une grande famille de plantes comptant <strong>plus de 25 000 esp\u00e8ces <\/strong>et que la majorit\u00e9 des esp\u00e8ces se rencontrent dans les r\u00e9gions tropicales.<br \/>\n<\/span><\/p>\n<p><span style=\"color: #777777; font-family: Arial;\">L&rsquo;\u00e9tymologie est un peu coquine et peut avoir quelques proximit\u00e9s avec V\u00e9nus. Car le nom provient de <strong>Orchis,<\/strong> qui est un mot latin d\u00e9riv\u00e9 du grec ancien <strong>\u00f3rkhis<\/strong>.<br \/>\n<\/span><\/p>\n<p><span style=\"color: #777777; font-family: Arial;\">Ce mot grec d\u00e9signe un \u00ab testicule \u00bb. Wikipedia justifie cette filiation\u00a0:<br \/>\n<\/span><\/p>\n<p style=\"margin-left: 28pt;\"><span style=\"color: #c00000; font-family: Arial;\">\u00ab\u00a0En r\u00e9f\u00e9rence \u00e0 la forme des tubercules souterrains de certaines orchid\u00e9es terrestres des r\u00e9gions temp\u00e9r\u00e9es, lorsque ces tubercules sont jumel\u00e9s.\u00a0\u00bb<br \/>\n<\/span><\/p>\n<p><span style=\"color: #777777; font-family: Arial;\">Le site &lt; <span style=\"color: #0000ff;\"><a style=\"color: #0000ff;\" href=\"https:\/\/www.humanite-biodiversite.fr\/%20\">https:\/\/www.humanite-biodiversite.fr\/<\/a> <\/span>&gt; donna la l\u00e9gende grecque qui lui vaut son nom<br \/>\n<\/span><\/p>\n<p style=\"margin-left: 28pt;\"><span style=\"color: #c00000; font-family: Arial;\">\u00ab\u00a0La d\u00e9esse V\u00e9nus d\u00e9couverte par un berger, s&rsquo;enfuit en abandonnant un de ses sabots. Le berger voul\u00fbt le ramasser mais le sabot dispar\u00fbt et \u00e0 sa place poussa une orchid\u00e9e : notre Sabot de V\u00e9nus.\u00a0\u00bb<br \/>\n<\/span><\/p>\n<p><span style=\"color: #777777; font-family: Arial;\">Selon les grecs on pouvait donc \u00eatre d\u00e9esse et porter des sabots.<br \/>\n<\/span><\/p>\n<p><span style=\"color: #777777; font-family: Arial;\"><img loading=\"lazy\" decoding=\"async\" class=\" wp-image-12795 alignright\" src=\"https:\/\/lemotdujour.fr\/wp-content\/uploads\/2021\/11\/Sabot-de-Venus-02.jpg\" alt=\"\" width=\"418\" height=\"316\" srcset=\"https:\/\/lemotdujour.fr\/wp-content\/uploads\/2021\/11\/Sabot-de-Venus-02.jpg 780w, https:\/\/lemotdujour.fr\/wp-content\/uploads\/2021\/11\/Sabot-de-Venus-02-300x227.jpg 300w, https:\/\/lemotdujour.fr\/wp-content\/uploads\/2021\/11\/Sabot-de-Venus-02-768x580.jpg 768w\" sizes=\"auto, (max-width: 418px) 100vw, 418px\" \/>Mais son nom provient probablement plus de l&rsquo;observation de la fleur car :<br \/>\n<\/span><\/p>\n<p style=\"margin-left: 28pt;\"><span style=\"color: #c00000; font-family: Arial;\">\u00ab\u00a0Ses fleurs ont la forme d&rsquo;un petit sabot d&rsquo;o\u00f9 elle tire son nom populaire. C&rsquo;est en fait un \u00ab\u00a0pi\u00e8ge d&rsquo;amour\u00a0\u00bb dans lequel tombent les insectes (souvent une abeille sauvage du genre Andrena), d&rsquo;o\u00f9 ils repartent couverts de pollen, avant d&rsquo;aller visiter d&rsquo;autres fleurs qui seront ainsi pollinis\u00e9es. On l&rsquo;appelle aussi Sabot de la Vierge ou Soulier de Notre-Dame.\u00a0\u00bb<br \/>\n<\/span><\/p>\n<p><span style=\"color: #777777; font-family: Arial;\">C&rsquo;est aussi une plante rare qui est prot\u00e9g\u00e9e au niveau national<br \/>\n<\/span><\/p>\n<p style=\"margin-left: 28pt;\"><span style=\"color: #c00000; font-family: Arial;\">\u00ab\u00a0C&rsquo;est une plante prot\u00e9g\u00e9e au niveau fran\u00e7ais, mais aussi europ\u00e9en au titre de la Directive Natura 2000 et au niveau mondial au titre de la convention de Berne. Si vous la croisez dans la nature, prenez-la en photo mais ne la cueillez surtout pas, vous seriez en infraction.\u00a0\u00bb<br \/>\n<\/span><\/p>\n<p><span style=\"color: #777777; font-family: Arial;\"><img loading=\"lazy\" decoding=\"async\" class=\"wp-image-12797 alignleft\" src=\"https:\/\/lemotdujour.fr\/wp-content\/uploads\/2021\/11\/Sabot-de-Venus-05.jpg\" alt=\"\" width=\"439\" height=\"439\" srcset=\"https:\/\/lemotdujour.fr\/wp-content\/uploads\/2021\/11\/Sabot-de-Venus-05.jpg 1024w, https:\/\/lemotdujour.fr\/wp-content\/uploads\/2021\/11\/Sabot-de-Venus-05-300x300.jpg 300w, https:\/\/lemotdujour.fr\/wp-content\/uploads\/2021\/11\/Sabot-de-Venus-05-150x150.jpg 150w, https:\/\/lemotdujour.fr\/wp-content\/uploads\/2021\/11\/Sabot-de-Venus-05-768x768.jpg 768w, https:\/\/lemotdujour.fr\/wp-content\/uploads\/2021\/11\/Sabot-de-Venus-05-230x230.jpg 230w, https:\/\/lemotdujour.fr\/wp-content\/uploads\/2021\/11\/Sabot-de-Venus-05-365x365.jpg 365w\" sizes=\"auto, (max-width: 439px) 100vw, 439px\" \/>Elle est dans l&rsquo;air du temps, elle n&rsquo;a pas de genre ou plut\u00f4t elle est \u00ab\u00a0en m\u00eame temps\u00a0\u00bb\u00a0:<br \/>\n<\/span><\/p>\n<p style=\"margin-left: 28pt;\"><span style=\"color: #c00000; font-family: Arial;\">\u00ab\u00a0Le Sabot de V\u00e9nus d\u00e9veloppe des fleurs hermaphrodites (\u00e0 la fois m\u00e2le et femelle). Chaque fleur poss\u00e8de trois p\u00e9tales et trois s\u00e9pales. Les s\u00e9pales, longs de 5 cm sont de forme lanc\u00e9ol\u00e9e. Leur couleur varie entre brun rouge et brun chocolat. G\u00e9n\u00e9ralement, cette esp\u00e8ce ne produit qu&rsquo;une \u00e0 deux fleurs par individu, tr\u00e8s rarement trois.\u00a0\u00bb<br \/>\n<\/span><\/p>\n<p><span style=\"color: #777777; font-family: Arial;\">Elle est une des preuves que dans la nature la coop\u00e9ration est essentielle. Elle a besoin d&rsquo;un champignon<br \/>\n<\/span><\/p>\n<p style=\"margin-left: 28pt;\"><span style=\"color: #c00000; font-family: Arial;\">\u00ab\u00a0C&rsquo;est une plante qui est tr\u00e8s li\u00e9e aux champignons ! Ainsi, les racines de la plante doivent s&rsquo;associer avec les filaments d&rsquo;un champignon permettant \u00e0 l&rsquo;orchid\u00e9e de pr\u00e9lever l&rsquo;eau et les sels min\u00e9raux dans le sol. Pour germer, les graines elles doivent \u00eatre infect\u00e9es par un autre champignon microscopique.\u00a0\u00bb<br \/>\n<\/span><\/p>\n<p><span style=\"color: #777777; font-family: Arial;\">Dans beaucoup de civilisations elle est consid\u00e9r\u00e9e comme une plante m\u00e9dicinale\u00a0:<br \/>\n<\/span><\/p>\n<p style=\"margin-left: 28pt;\"><span style=\"color: #c00000; font-family: Arial;\">\u00ab\u00a0Le Sabot de V\u00e9nus fait \u00e9galement partie de la pharmacop\u00e9e des indiens d&rsquo;Am\u00e9rique du Nord comme s\u00e9datif des \u00e9tats nerveux, de l&rsquo;anxi\u00e9t\u00e9 et du stress. Cette superbe orchid\u00e9e soulagerait des troubles de l&rsquo;insomnie et des d\u00e9pressions, calme les tensions nerveuses et soulage des douleurs de la menstruation. En Europe, elle a surtout \u00e9t\u00e9 utilis\u00e9e comme plante hypnotique et s\u00e9dative, d&rsquo;o\u00f9 son nom anglais de Lady&rsquo;s slipper.\u00a0\u00bb<br \/>\n<\/span><\/p>\n<p><span style=\"color: #777777; font-family: Arial;\">L&rsquo;esp\u00e8ce fleurit de mai \u00e0 juillet<br \/>\n<\/span><\/p>\n<p><span style=\"color: #777777; font-family: Arial;\">Elle se trouve dans la nature en France, surtout dans les Alpes, plus rarement dans le Jura, la C\u00f4te d&rsquo;Or, les Pyr\u00e9n\u00e9es et le Massif Central et presque dans tous les autres pays d&rsquo;Europe et aussi en Am\u00e9rique du Nord et en Asie.<br \/>\n<\/span><\/p>\n<p><span style=\"color: #777777; font-family: Arial;\">Pour celles et ceux qui voudraient en planter dans leur jardin ou sur leur balcon, ce site <strong>&lt;<\/strong><a href=\"https:\/\/monjardindidees.fr\/le-sabot-de-venus-une-orchidee-a-la-beaute-raffinee\/\"><span style=\"color: #0000ff;\">Le sabot de V\u00e9nus, une orchid\u00e9e \u00e0 la beaut\u00e9 raffin\u00e9e<\/span><strong>&gt;<\/strong><\/a><\/span><span style=\"color: #777777; font-family: Arial;\"><span style=\"color: #777777; font-family: Arial;\">\u00a0se veut tr\u00e8s rassurant<strong>\u00a0: <\/strong><\/span><\/span><span style=\"color: #777777; font-family: Arial;\"><span style=\"color: #777777; font-family: Arial;\"><strong>\u00ab\u00a0<\/strong><span style=\"color: #c00000;\">Nul besoin d&rsquo;\u00eatre \u00ab expert \u00bb pour cultiver le sabot de V\u00e9nus qui est, \u00e0 de multiples \u00e9gards, l&rsquo;orchid\u00e9e du d\u00e9butant<span style=\"color: #777777;\">.\u00a0\u00bb<\/span><\/span><\/span><\/span><\/p>\n<p><span style=\"color: #777777; font-family: Arial;\">Et j&rsquo;ai trouv\u00e9 cette belle vid\u00e9o dans laquelle une professionnelle nous dit : <\/span><a href=\"https:\/\/monjardindidees.fr\/le-sabot-de-venus-une-orchidee-a-la-beaute-raffinee\/\"><span style=\"color: #777777; font-family: Arial;\">&lt;<\/span><\/a><a href=\"https:\/\/www.youtube.com\/watch?v=B3ElmzUaQr4\"><span style=\"color: #0000ff;\">Tout ce qu&rsquo;il faut savoir sur les sabots de v\u00e9nus<\/span><\/a>&gt;. <span style=\"color: #777777; font-family: Arial;\">C&rsquo;est \u00e0 la fois beau et instructif.<br \/>\n<\/span><\/p>\n<p><img loading=\"lazy\" decoding=\"async\" class=\"alignnone size-full wp-image-12798\" src=\"https:\/\/lemotdujour.fr\/wp-content\/uploads\/2021\/11\/Sabot-de-Venus-04.jpg\" alt=\"\" width=\"1024\" height=\"768\" srcset=\"https:\/\/lemotdujour.fr\/wp-content\/uploads\/2021\/11\/Sabot-de-Venus-04.jpg 1024w, https:\/\/lemotdujour.fr\/wp-content\/uploads\/2021\/11\/Sabot-de-Venus-04-300x225.jpg 300w, https:\/\/lemotdujour.fr\/wp-content\/uploads\/2021\/11\/Sabot-de-Venus-04-768x576.jpg 768w\" sizes=\"auto, (max-width: 1024px) 100vw, 1024px\" \/><\/p>\n<p><span style=\"color: #777777; font-family: Arial;\">Voil\u00e0,\u00a0 c&rsquo;\u00e9tait un sujet nouveau de mot du jour.<br \/>\n<\/span><\/p>\n<p><span style=\"color: #777777; font-family: Arial;\">Je ne suis pas devenu un sp\u00e9cialiste des sabots de v\u00e9nus, mais j&rsquo;ai appris de petites choses et je les ai partag\u00e9es.<br \/>\n<\/span><\/p>\n<p><span style=\"color: #777777; font-family: Arial;\">C&rsquo;est ainsi que fonctionne le mot du jour.<br \/>\n<\/span><\/p>\n<p><span style=\"color: #777777; font-family: Arial;\">Et puis apr\u00e8s Beethoven et Maria Joao Pires, je ne me sentais pas en capacit\u00e9 de parler de sujets plus difficiles et parfois un peu d\u00e9primants.<br \/>\n<\/span><\/p>\n<p><span style=\"color: #c00000; font-family: Arial;\">&lt;1627&gt;<\/span><\/p>\n","protected":false},"excerpt":{"rendered":"<p>\u00ab\u00a0Le Sabot de V\u00e9nus.\u00a0\u00bb Une fleur Il existe tant de domaines dans lesquels je suis totalement ignorant. La botanique en fait partie. Toutefois il reste toujours possible d&rsquo;\u00eatre capt\u00e9 par la beaut\u00e9, par l&rsquo;insolite, par l&rsquo;intelligence de la nature. C&rsquo;est<\/p>\n","protected":false},"author":1,"featured_media":0,"comment_status":"open","ping_status":"closed","sticky":false,"template":"","format":"standard","meta":{"footnotes":""},"categories":[1],"tags":[172,48],"class_list":["post-12792","post","type-post","status-publish","format-standard","hentry","category-motdujour","tag-beaute","tag-nature"],"_links":{"self":[{"href":"https:\/\/lemotdujour.fr\/index.php?rest_route=\/wp\/v2\/posts\/12792","targetHints":{"allow":["GET"]}}],"collection":[{"href":"https:\/\/lemotdujour.fr\/index.php?rest_route=\/wp\/v2\/posts"}],"about":[{"href":"https:\/\/lemotdujour.fr\/index.php?rest_route=\/wp\/v2\/types\/post"}],"author":[{"embeddable":true,"href":"https:\/\/lemotdujour.fr\/index.php?rest_route=\/wp\/v2\/users\/1"}],"replies":[{"embeddable":true,"href":"https:\/\/lemotdujour.fr\/index.php?rest_route=%2Fwp%2Fv2%2Fcomments&post=12792"}],"version-history":[{"count":2,"href":"https:\/\/lemotdujour.fr\/index.php?rest_route=\/wp\/v2\/posts\/12792\/revisions"}],"predecessor-version":[{"id":12799,"href":"https:\/\/lemotdujour.fr\/index.php?rest_route=\/wp\/v2\/posts\/12792\/revisions\/12799"}],"wp:attachment":[{"href":"https:\/\/lemotdujour.fr\/index.php?rest_route=%2Fwp%2Fv2%2Fmedia&parent=12792"}],"wp:term":[{"taxonomy":"category","embeddable":true,"href":"https:\/\/lemotdujour.fr\/index.php?rest_route=%2Fwp%2Fv2%2Fcategories&post=12792"},{"taxonomy":"post_tag","embeddable":true,"href":"https:\/\/lemotdujour.fr\/index.php?rest_route=%2Fwp%2Fv2%2Ftags&post=12792"}],"curies":[{"name":"wp","href":"https:\/\/api.w.org\/{rel}","templated":true}]}}