{"id":12779,"date":"2021-11-22T01:55:00","date_gmt":"2021-11-22T00:55:00","guid":{"rendered":"http:\/\/lemotdujour.fr\/?p=12779"},"modified":"2021-11-22T09:57:50","modified_gmt":"2021-11-22T08:57:50","slug":"lundi-22-novembre-2021","status":"publish","type":"post","link":"https:\/\/lemotdujour.fr\/?p=12779","title":{"rendered":"Lundi 22 novembre 2021"},"content":{"rendered":"<div class=\"mdjTexte\">\u00ab\u00a0Si on est connect\u00e9 \u00e0 quelque chose de vrai, comme la musique, l&rsquo;art, la science, la philosophie, le paysage, la nature, alors nous sommes nous-m\u00eames.\u00a0\u00bb<\/div>\n<div class=\"mdjAuteur\">Maria Joao Pires<\/div>\n<p><span style=\"color: #777777; font-family: Arial;\">Le 25 f\u00e9vrier 2021, j&rsquo;\u00e9crivais un mot du jour assez d\u00e9sabus\u00e9\u00a0:\u00a0\u00ab\u00a0<span style=\"color: #0000ff;\"><a style=\"color: #0000ff;\" href=\"https:\/\/lemotdujour.fr\/?p=10780\">Avant nous allions \u00e0 l&rsquo;Auditorium de Lyon\u00a0<\/a><\/span>\u00bb<br \/>\n<\/span><\/p>\n<p><span style=\"color: #777777; font-family: Arial;\">Heureusement que nous pouvons d\u00e9sormais y retourner.<br \/>\n<\/span><\/p>\n<p><span style=\"color: #777777; font-family: Arial;\"><a href=\"https:\/\/pianiste.fr\/maria-joao-pires-une-force-indomptable\/\"><img loading=\"lazy\" decoding=\"async\" class=\"wp-image-12784 alignleft\" src=\"https:\/\/lemotdujour.fr\/wp-content\/uploads\/2021\/11\/MARIA_JOAO_PIRES-.jpg\" alt=\"\" width=\"419\" height=\"419\" srcset=\"https:\/\/lemotdujour.fr\/wp-content\/uploads\/2021\/11\/MARIA_JOAO_PIRES-.jpg 512w, https:\/\/lemotdujour.fr\/wp-content\/uploads\/2021\/11\/MARIA_JOAO_PIRES--300x300.jpg 300w, https:\/\/lemotdujour.fr\/wp-content\/uploads\/2021\/11\/MARIA_JOAO_PIRES--150x150.jpg 150w, https:\/\/lemotdujour.fr\/wp-content\/uploads\/2021\/11\/MARIA_JOAO_PIRES--230x230.jpg 230w, https:\/\/lemotdujour.fr\/wp-content\/uploads\/2021\/11\/MARIA_JOAO_PIRES--365x365.jpg 365w\" sizes=\"auto, (max-width: 419px) 100vw, 419px\" \/><\/a>Et samedi, il s&rsquo;est pass\u00e9 un moment rare, un moment d&rsquo;\u00e9ternit\u00e9 : un concert de <strong>Maria Joao Pires.<\/strong><br \/>\n<\/span><\/p>\n<p><span style=\"color: #777777; font-family: Arial;\">Le chroniqueur culturel lyonnais<strong> Luc Hernandez<\/strong> a comment\u00e9\u00a0: \u00ab<span style=\"color: #0000ff;\">\u00a0<\/span><a href=\"https:\/\/exitmag.fr\/articles\/classique\/2021\/11\/20\/maria-joao-pires-donne-un-recital-en-etat-de-grace\/\"><span style=\"color: #0000ff;\">Maria Joao Pires donne un r\u00e9cital en \u00e9tat de gr\u00e2ce<\/span>\u00a0<\/a>\u00bb<br \/>\n<\/span><\/p>\n<p><span style=\"color: #777777; font-family: Arial;\">Et sur Twitter le m\u00eame \u00e9crit\u00a0:<br \/>\n<\/span><\/p>\n<p style=\"margin-left: 28pt;\"><span style=\"color: #c00000; font-family: Arial;\">\u00ab\u00a0On \u00e9tait au concert de la divine Maria Joao Pires hier soir et on ne s&rsquo;en est pas encore tout \u00e0 fait remis&#8230; Compte-rendu en apesanteur.\u00a0\u00bb<br \/>\n<\/span><\/p>\n<p><span style=\"color: #777777; font-family: Arial;\">Le concert a commenc\u00e9 par la &lt;<span style=\"color: #0000ff;\"><a style=\"color: #0000ff;\" href=\"https:\/\/www.youtube.com\/watch?v=OsWNe4VY-04\">13<sup>\u00e8me<\/sup> sonate de Schubert<\/a><\/span>&gt;. Dans la s\u00e9rie que j&rsquo;avais consacr\u00e9 \u00e0 Schubert j&rsquo;avais d\u00e9j\u00e0 t\u00e9moign\u00e9 de<span style=\"color: #0000ff;\"> <a style=\"color: #0000ff;\" href=\"https:\/\/lemotdujour.fr\/?page_id=9648\">la relation si \u00e9troite<\/a><\/span> que Maria Joao Pires entretenait avec Schubert.<br \/>\n<\/span><\/p>\n<p><span style=\"color: #777777; font-family: Arial;\">Elle avait confi\u00e9, en avril 2021, \u00e0 <strong>Laure M\u00e9zan<\/strong>, \u00e0 l&rsquo;occasion de son r\u00e9cital au <a href=\"https:\/\/www.radioclassique.fr\/magazine\/articles\/exclusif-radio-classique-maria-joao-pires-affirme-que-les-artistes-sont-responsables-dun-monde-meilleur\/\"><span style=\"color: #0000ff;\">Festival de P\u00e2ques d&rsquo;Aix-en-Provence<\/span>.<\/a><br \/>\n<\/span><\/p>\n<p style=\"margin-left: 28pt;\"><span style=\"color: #c00000; font-family: Arial;\">\u00ab C&rsquo;est un compagnon de toujours, je m&rsquo;identifie beaucoup \u00e0 lui, il y a une facilit\u00e9 de compr\u00e9hension de son expression (\u2026) une grande acceptation de la souffrance humaine qui le m\u00e8ne \u00e0 une l\u00e9g\u00e8ret\u00e9, une simplicit\u00e9 chantante et dansante \u00bb.<br \/>\n<\/span><\/p>\n<p><span style=\"color: #777777; font-family: Arial;\">Apr\u00e8s, il y eut la suite Bergamasque de Debussy dans laquelle se trouve &lt;<a href=\"https:\/\/www.facebook.com\/mariajoaopires\/videos\/546964856320773\/\"><span style=\"color: #0000ff;\">clair de lune<\/span><\/a>&gt;, pi\u00e8ce pour laquelle Luc Hernandez \u00e9crit\u00a0:<br \/>\n<\/span><\/p>\n<p style=\"margin-left: 28pt;\"><span style=\"color: #c00000; font-family: Arial;\">&lt;un Clair de lune si po\u00e9tique qu&rsquo;on croirait l&rsquo;en\u00adtendre pour la premi\u00e8re fois&gt;<br \/>\n<\/span><\/p>\n<p><span style=\"color: #777777; font-family: Arial;\">Et puis il y eut la seconde partie.<br \/>\n<\/span><\/p>\n<p><span style=\"color: #777777; font-family: Arial;\">C&rsquo;\u00e9tait l&rsquo;ultime sonate de piano de Beethoven la N\u00b032 opus 111. C&rsquo;\u00e9tait avec elle que j&rsquo;avais termin\u00e9 ma s\u00e9rie de mots du jour sur Beethoven\u00a0: &lt;<a href=\"https:\/\/lemotdujour.fr\/?p=10525\"><span style=\"color: #0000ff;\">une fraternit\u00e9 universelle<\/span><\/a>&gt;.<br \/>\n<\/span><\/p>\n<p><span style=\"color: #777777; font-family: Arial;\">Je rappelais ce qu&rsquo;avait dit Romain Rolland\u00a0:<br \/>\n<\/span><\/p>\n<p style=\"margin-left: 28pt;\"><span style=\"color: #c00000;\"><span style=\"font-family: Arial;\">\u00ab Beethoven a su atteindre \u00ab le sourire de Bouddha \u00bb dans l&rsquo;Opus 111. \u00bb<\/span><span style=\"font-family: Times New Roman;\"><br \/>\n<\/span><\/span><\/p>\n<p><span style=\"color: #777777; font-size: 12pt;\"><span style=\"font-family: Arial;\">J&rsquo;expliquais que je pensais que ce jugement s&rsquo;appliquait surtout au second mouvement pour lequel de mani\u00e8re factuelle nous sommes en pr\u00e9sence de variations. Mais du point de vue du m\u00e9lomane et de l&rsquo;humain, nous sommes en pr\u00e9sence d&rsquo;une immense m\u00e9ditation qui passe par toutes les diversit\u00e9s et richesses des sentiments et l&rsquo;exploration intime bouleversante de notre humanit\u00e9.<\/span><span style=\"font-family: Times New Roman;\"><br \/>\n<\/span><\/span><\/p>\n<p><span style=\"color: #777777; font-family: Arial;\">Et je citais Alfred Brendel :<br \/>\n<\/span><\/p>\n<p style=\"margin-left: 28pt;\"><span style=\"color: #c00000; font-family: Arial;\">\u00ab\u00a0L&rsquo;opus 111 est \u00e0 la fois une confession qui vient clore les sonates et un pr\u00e9lude au silence.\u00a0\u00bb<br \/>\n<\/span><\/p>\n<p><span style=\"color: #777777; font-family: Arial;\">Car il s&rsquo;agit bien de silence, le silence qui constitue l&rsquo;aboutissement de l&rsquo;\u0153uvre mais aussi le silence int\u00e9rieur sans lequel cette \u0153uvre ultime ne peut pas \u00eatre pleinement accueilli.<br \/>\n<\/span><\/p>\n<p><span style=\"color: #777777; font-family: Arial;\">En 2016, dans un article du quotidien canadien &lt;<a href=\"https:\/\/www.ledevoir.com\/culture\/musique\/463986\/musique-classique-le-cheminement-vers-la-serenite-de-maria-joao-pires\"><span style=\"color: #0000ff;\">Le DEVOIR<\/span><\/a>&gt; <strong>Maria-Joao Pires<\/strong> disait qu&rsquo;il fallait avoir conscience de son corps et porter l&rsquo;attention \u00e0 sa respiration. Elle ajoutait<br \/>\n<\/span><\/p>\n<p style=\"margin-left: 28pt;\"><span style=\"color: #c00000; font-family: Arial;\">\u00ab Les gens passent leur vie \u00e0 \u00eatre en dehors d&rsquo;eux-m\u00eames, en dehors de leur corps. Ils ne sont pas pr\u00e9sents. Leurs pens\u00e9es sont ailleurs \u00bb<br \/>\n<\/span><\/p>\n<p><span style=\"color: #777777; font-family: Arial;\">Son interpr\u00e9tation fut un moment de gr\u00e2ce.<br \/>\n<\/span><\/p>\n<p><span style=\"color: #777777; font-family: Arial;\">Mais nos mots sont si pauvres pour exprimer l&rsquo;ineffable.<br \/>\n<\/span><\/p>\n<p><span style=\"color: #777777; font-family: Arial;\">Alors je reviendrai aux mots utilis\u00e9s par cette artiste exceptionnelle.<br \/>\n<\/span><\/p>\n<p><span style=\"color: #777777; font-family: Arial;\">Elle est n\u00e9e il y a 77 ans \u00e0 Lisbonne et a commenc\u00e9 tr\u00e8s t\u00f4t le piano.<br \/>\n<\/span><\/p>\n<p><span style=\"color: #777777; font-family: Arial;\">Mais elle a attendu tr\u00e8s longtemps avant d&rsquo;oser interpr\u00e9ter cette sonate. Elle a parl\u00e9 de \u00ab\u00a0sa relation\u00a0\u00bb avec cette sonate avec <strong>Alain Lompech<\/strong> sur le site &lt;<span style=\"color: #0000ff;\"><a style=\"color: #0000ff;\" href=\"https:\/\/pianiste.fr\/maria-joao-pires-une-force-indomptable\/\">Pianiste<\/a><\/span>&gt; en f\u00e9vrier 2021<br \/>\n<\/span><\/p>\n<p style=\"margin-left: 28pt;\"><span style=\"color: #c00000; font-family: Arial;\">\u00ab D&rsquo;ailleurs, j&rsquo;ai travaill\u00e9 tr\u00e8s tard l&rsquo;opus 111 dans ma vie. Je la connaissais bien s\u00fbr depuis longtemps, mais c&rsquo;\u00e9tait un r\u00eave, c&rsquo;\u00e9tait un grand plan de la travailler un jour. J&rsquo;avais un de mes professeurs, quand j&rsquo;\u00e9tais toute jeune, au Portugal avant de partir pour l&rsquo;Allemagne\u2026 C&rsquo;\u00e9tait mon professeur de composition, une personne que j&rsquo;adorais vraiment, elle \u00e9tait authentique, honn\u00eate, avait un caract\u00e8re vrai et cherchait toujours une v\u00e9rit\u00e9 dans les choses. Elle m&rsquo;\u00e9coutait jouer, mais ne me donnait pas de cours de piano. Quand j&rsquo;avais 16 ans, je lui ai dit que je voulais travailler l&rsquo;Opus 111, j&rsquo;avais d\u00e9j\u00e0 jou\u00e9 pas mal de sonates de Beethoven, une dizaine, et elle m&rsquo;a dit qu&rsquo;elle me le d\u00e9conseillait, qu&rsquo;il fallait que j&rsquo;attende, que je n&rsquo;\u00e9tais pas pr\u00eate \u00e0 la comprendre vraiment. Elle ne m&rsquo;aurait pas emp\u00each\u00e9e de la jouer, mais je ne l&rsquo;ai m\u00eame pas d\u00e9chiffr\u00e9e\u2026 [\u2026] Puis j&rsquo;ai eu 50 ans ; c&rsquo;\u00e9tait le moment de m&rsquo;y mettre, mais je ne voulais pas le faire comme \u00e7a entre deux choses, il me fallait le temps, l&rsquo;espace pour me poser. En fait, les ann\u00e9es ont pass\u00e9, pass\u00e9 et <strong>quand j&rsquo;ai eu 70 ans, je me suis dit que c&rsquo;\u00e9tait maintenant ou jamais. \u00c7a a \u00e9t\u00e9 un vrai \u00e9v\u00e9nement dans ma vie. Il y a certaines \u0153uvres qu&rsquo;on conna\u00eet tr\u00e8s bien mais qu&rsquo;on n&rsquo;a jamais jou\u00e9es et quand on<\/strong> passe \u00e0 l&rsquo;acte, c&rsquo;est l&rsquo;impact physique qui surprend et fait chaque fois comprendre la diff\u00e9rence entre jouer et \u00e9couter, m\u00eame s&rsquo;il y a une \u00e9coute vivante qui peut \u00eatre tr\u00e8s proche de cette sensation. Certaines personnes sont capables d&rsquo;\u00e9couter vraiment, de ressentir physiquement la musique. Quand j&rsquo;ai jou\u00e9, c&rsquo;est un impact tr\u00e8s fort tant cette \u0153uvre \u00e9tait attendue, attendue\u2026 \u00e7a a \u00e9t\u00e9 comme une r\u00e9v\u00e9lation \u00e0 un \u00e2ge avanc\u00e9. \u00bb<br \/>\n<\/span><\/p>\n<p><span style=\"color: #777777; font-family: Arial;\">La maturit\u00e9, l&rsquo;int\u00e9riorit\u00e9 lui permettent de cr\u00e9er une relation d&rsquo;une grande intensit\u00e9 avec le public. Elle dit dans l&rsquo;article pr\u00e9cit\u00e9 du \u00ab<strong>\u00a0Pianiste<\/strong>\u00a0\u00bb\u00a0:<br \/>\n<\/span><\/p>\n<p style=\"margin-left: 28pt;\"><span style=\"color: #c00000; font-family: Arial;\">\u00ab\u00a0Quand je suis sur sc\u00e8ne, je sens une\u2026 je cherche le mot\u2026 empathie, c&rsquo;est \u00e7a, une empathie du public pour moi et de moi pour lui, comme s&rsquo;ils \u00e9taient des amis. J&rsquo;ai cette affection spontan\u00e9e et naturelle pour lui.\u00a0\u00bb<br \/>\n<\/span><\/p>\n<p><span style=\"color: #777777; font-family: Arial;\">Beaucoup de pianistes courent apr\u00e8s les concours et les prix pour se faire conna\u00eetre et atteindre la notori\u00e9t\u00e9. Dans &lt;<span style=\"color: #0000ff;\"><a style=\"color: #0000ff;\" href=\"https:\/\/www.lecho.be\/culture\/musique\/maria-joao-pires-pianiste-j-ai-toujours-ete-rebelle\/10304395.html\">ce journal Belge<\/a><\/span>&gt; elle affirme son opposition de fond aux concours\u00a0:<br \/>\n<\/span><\/p>\n<p style=\"margin-left: 28pt;\"><span style=\"color: #c00000; font-family: Arial;\">\u00ab\u00a0Je suis probablement la personne la plus anti-concours qui soit car l&rsquo;art est aux antipodes de la comp\u00e9tition. <strong>L\u00e0 o\u00f9 il y a comp\u00e9tition, il n&rsquo;y a pas d&rsquo;art ; l\u00e0 o\u00f9 il y a art, il n&rsquo;y a pas de comp\u00e9tition<\/strong>. J&rsquo;aide les \u00e9l\u00e8ves qui veulent s&rsquo;y pr\u00e9parer \u2013 chacun doit faire son exp\u00e9rience et parvenir \u00e0 son but par le moyen qu&rsquo;il choisit \u2013 mais je leur dis toujours que si j&rsquo;\u00e9tais eux, je n&rsquo;irais pas. Je leur dis : \u00ab \u00c7a va vous faire du mal \u00bb.\u00a0\u00bb<br \/>\n<\/span><\/p>\n<p><span style=\"color: #777777; font-family: Arial;\">Et dans ce m\u00eame article elle finit, philosophe\u00a0:<br \/>\n<\/span><\/p>\n<p style=\"margin-left: 28pt;\"><span style=\"color: #c00000; font-family: Arial;\">\u00ab\u00a0Avoir confiance en notre destin. Avoir confiance en la vie, c&rsquo;est \u00eatre humble, voir ce qui est beau, ce qui est bien, ce qu&rsquo;on aime faire et si quelqu&rsquo;un a besoin de nous. <strong>Et laisser les choses arriver sans croire que nous pouvons d\u00e9cider de tout.<\/strong><br \/>\n<\/span><\/p>\n<p style=\"margin-left: 28pt;\"><span style=\"color: #c00000; font-family: Arial;\">[\u2026] Bien s\u00fbr. La question est de savoir \u00e0 quoi on est connect\u00e9 : aux bonnes ou aux moins bonnes choses ? <strong>Si on est connect\u00e9 \u00e0 quelque chose de vrai, comme la musique, l&rsquo;art, la science, la philosophie, le paysage, la nature, alors nous sommes nous-m\u00eames<\/strong>. \u00bb.<br \/>\n<\/span><\/p>\n<p><span style=\"color: #777777; font-family: Arial;\">On trouve sur Internet &lt;<span style=\"color: #0000ff;\"><a style=\"color: #0000ff;\" href=\"https:\/\/www.youtube.com\/watch?v=RPsXRIc0bsw\">cette vid\u00e9o de 2016<\/a><\/span>&gt; dans laquelle Maria Joao Pires joue l&rsquo;arietta de l&rsquo;opus 111..<br \/>\n<\/span><br \/>\n<span style=\"color: #777777; font-family: Arial;\"><span style=\"color: #800000;\">&lt;1626&gt;<\/span><br \/>\n<\/span><\/p>\n","protected":false},"excerpt":{"rendered":"<p>\u00ab\u00a0Si on est connect\u00e9 \u00e0 quelque chose de vrai, comme la musique, l&rsquo;art, la science, la philosophie, le paysage, la nature, alors nous sommes nous-m\u00eames.\u00a0\u00bb Maria Joao Pires Le 25 f\u00e9vrier 2021, j&rsquo;\u00e9crivais un mot du jour assez d\u00e9sabus\u00e9\u00a0:\u00a0\u00ab\u00a0Avant nous<\/p>\n","protected":false},"author":1,"featured_media":0,"comment_status":"open","ping_status":"closed","sticky":false,"template":"","format":"standard","meta":{"footnotes":""},"categories":[1],"tags":[45,20,6],"class_list":["post-12779","post","type-post","status-publish","format-standard","hentry","category-motdujour","tag-lyon","tag-musique","tag-philosophie"],"_links":{"self":[{"href":"https:\/\/lemotdujour.fr\/index.php?rest_route=\/wp\/v2\/posts\/12779","targetHints":{"allow":["GET"]}}],"collection":[{"href":"https:\/\/lemotdujour.fr\/index.php?rest_route=\/wp\/v2\/posts"}],"about":[{"href":"https:\/\/lemotdujour.fr\/index.php?rest_route=\/wp\/v2\/types\/post"}],"author":[{"embeddable":true,"href":"https:\/\/lemotdujour.fr\/index.php?rest_route=\/wp\/v2\/users\/1"}],"replies":[{"embeddable":true,"href":"https:\/\/lemotdujour.fr\/index.php?rest_route=%2Fwp%2Fv2%2Fcomments&post=12779"}],"version-history":[{"count":7,"href":"https:\/\/lemotdujour.fr\/index.php?rest_route=\/wp\/v2\/posts\/12779\/revisions"}],"predecessor-version":[{"id":12790,"href":"https:\/\/lemotdujour.fr\/index.php?rest_route=\/wp\/v2\/posts\/12779\/revisions\/12790"}],"wp:attachment":[{"href":"https:\/\/lemotdujour.fr\/index.php?rest_route=%2Fwp%2Fv2%2Fmedia&parent=12779"}],"wp:term":[{"taxonomy":"category","embeddable":true,"href":"https:\/\/lemotdujour.fr\/index.php?rest_route=%2Fwp%2Fv2%2Fcategories&post=12779"},{"taxonomy":"post_tag","embeddable":true,"href":"https:\/\/lemotdujour.fr\/index.php?rest_route=%2Fwp%2Fv2%2Ftags&post=12779"}],"curies":[{"name":"wp","href":"https:\/\/api.w.org\/{rel}","templated":true}]}}