{"id":12765,"date":"2021-11-18T00:16:00","date_gmt":"2021-11-17T23:16:00","guid":{"rendered":"http:\/\/lemotdujour.fr\/?p=12765"},"modified":"2021-11-17T22:51:11","modified_gmt":"2021-11-17T21:51:11","slug":"jeudi-18-novembre-2021","status":"publish","type":"post","link":"https:\/\/lemotdujour.fr\/?p=12765","title":{"rendered":"Jeudi 18 novembre 2021"},"content":{"rendered":"<div class=\"mdjTexte\">\u00ab\u00a0La COP26 est termin\u00e9e. Voici un bref r\u00e9sum\u00e9 : Bla, bla, bla\u00a0\u00bb<\/div>\n<div class=\"mdjAuteur\">Greta Thunberg<\/div>\n<p><span style=\"color: #777777; font-family: Arial;\">La <a href=\"https:\/\/fr.wikipedia.org\/wiki\/Conf%C3%A9rence_de_Glasgow_de_2021_sur_les_changements_climatiques\"><span style=\"color: #0000ff;\">Conf\u00e9rence de Glasgow de 2021 sur les changements climatique<\/span>s<\/a> ou <strong>COP26 [pour la conf\u00e9rence des parties] <\/strong>a commenc\u00e9 le 1<sup>er<\/sup> novembre et s&rsquo;est termin\u00e9e le 13 novembre 2021..<br \/>\n<\/span><\/p>\n<p><span style=\"color: #777777; font-family: Arial;\">La reine Elizabeth II, 95 ans, une sant\u00e9 fragile, n&rsquo;a pas pu s&rsquo;y rendre alors qu&rsquo;elle \u00e9tait la cheffe d\u2019\u00c9tat de la puissance invitante. Elle a pourtant essay\u00e9 d&rsquo;exhorter, dans un message vid\u00e9o, les dirigeants mondiaux \u00e0 \u00ab r\u00e9soudre les probl\u00e8mes les plus insurmontables \u00bb.<br \/>\n<\/span><\/p>\n<p><span style=\"color: #777777; font-family: Arial;\">Elle<span style=\"color: #0000ff;\"> <a style=\"color: #0000ff;\" href=\"https:\/\/www.20minutes.fr\/planete\/3162263-20211101-cop26-reine-elizabeth-ii-appelle-dirigeants-mondiaux-faire-cause-commune-face-changement-climatique\">souhaitait<\/a> <\/span>que cette conf\u00e9rence soit<br \/>\n<\/span><\/p>\n<p style=\"margin-left: 28pt;\"><span style=\"color: #c00000; font-family: Arial;\">\u00ab l&rsquo;une de ces rares occasions o\u00f9 chacun aura la possibilit\u00e9 de s&rsquo;\u00e9lever au-dessus de la politique du moment et de faire preuve d&rsquo;un v\u00e9ritable sens politique [\u2026]<br \/>\n<\/span><\/p>\n<p style=\"margin-left: 28pt;\"><span style=\"color: #c00000; font-family: Arial;\">L&rsquo;histoire a montr\u00e9 que lorsque les nations s&rsquo;unissent pour une cause commune, l&rsquo;espoir est toujours permis [\u2026] Nombreux sont ceux qui esp\u00e8rent que l&rsquo;h\u00e9ritage de ce sommet \u2013 inscrit dans les livres d&rsquo;histoire qui ne sont pas encore imprim\u00e9s \u2013 vous d\u00e9crira comme les dirigeants qui n&rsquo;ont pas laiss\u00e9 passer l&rsquo;occasion, et qui ont r\u00e9pondu \u00e0 l&rsquo;appel des g\u00e9n\u00e9rations futures [\u2026] Aucun de nous ne vivra \u00e9ternellement mais ce combat contre le r\u00e9chauffement climatique n&rsquo;est pas pour nous-m\u00eame, mais pour nos enfants, les enfants de nos enfants et ceux qui suivront leurs pas \u00bb.<br \/>\n<\/span><\/p>\n<p><span style=\"color: #777777; font-family: Arial;\">Il semble que les esp\u00e9rances soient d\u00e9\u00e7ues.<br \/>\n<\/span><\/p>\n<p><span style=\"color: #777777; font-family: Arial;\">Je rappelle que la conf\u00e9rence de Paris qui avait soulev\u00e9 beaucoup d&rsquo;espoir a eu lieu en 2015, c&rsquo;\u00e9tait la COP21.<br \/>\n<\/span><\/p>\n<p><span style=\"color: #777777; font-family: Arial;\">Si on lit les journaux, ils laissent assez peu de place au doute.<br \/>\n<\/span><\/p>\n<p><span style=\"color: #777777; font-family: Arial;\"><strong>Les Echos<\/strong> essayent de pratiquer le \u00ab\u00a0en m\u00eame temps\u00a0\u00bb : \u00ab<span style=\"color: #0000ff;\">\u00a0<a style=\"color: #0000ff;\" href=\"ttps:\/\/www.lesechos.fr\/monde\/enjeux-internationaux\/cop26-laccord-de-paris-sauve-in-extremis-a-glasgow-1363464\">COP26 : les promesses et les impasses du Pacte de Glasgow\u00a0<\/a><\/span>\u00bb<br \/>\n<\/span><\/p>\n<p><span style=\"color: #777777; font-family: Arial;\">Mais le journal anglais the <strong>Independant <\/strong>repris par <strong>Courrier international<\/strong> est beaucoup plus cat\u00e9gorique : \u00ab\u00a0<a href=\"https:\/\/www.courrierinternational.com\/article\/opinion-la-cop26-un-fiasco-provoque-par-la-torpeur-des-dirigeants-politiques\"><span style=\"color: #0000ff;\">La COP26, un fiasco provoqu\u00e9 par la torpeur des dirigeants politiques\u00a0<\/span><\/a>\u00bb<br \/>\n<\/span><\/p>\n<p><span style=\"color: #777777; font-family: Arial;\"><strong>TELERAMA<\/strong> tente l&rsquo;ironie\u00a0: \u00ab\u00a0<a href=\"https:\/\/www.telerama.fr\/debats-reportages\/climat-la-cop26-le-plein-d-espoirs-douches-7004965.php\"><span style=\"color: #0000ff;\">Climat : la COP26, le plein d&rsquo;espoirs\u2026 douch\u00e9s<\/span>\u00a0<\/a>\u00bb<br \/>\n<\/span><\/p>\n<p><span style=\"color: #777777; font-family: Arial;\">Et le journal de l&rsquo;\u00e9cologie <strong>REPORTERRE<\/strong> \u00e9nonce un jugement sans appel\u00a0: \u00ab<span style=\"color: #0000ff;\">\u00a0 <a style=\"color: #0000ff;\" href=\"https:\/\/reporterre.net\/COP26-le-gachis-et-la-deception-d-un-accord-a-minima\">COP26 : le g\u00e2chis et la d\u00e9ception d&rsquo;un accord minimal\u00a0<\/a><\/span>\u00bb<br \/>\n<\/span><\/p>\n<p><span style=\"color: #777777; font-family: Arial;\">Ce que <strong>Greta Thunberg<\/strong> <a href=\"https:\/\/www.ladepeche.fr\/2021\/11\/14\/cop26-avancee-pour-certains-du-bla-bla-bla-pour-greta-thunbergce-quil-faut-retenir-de-la-conference-sur-le-climat-9926716.php\"><span style=\"color: #0000ff;\">a r\u00e9sum\u00e9<\/span><\/a> par cette phrase\u00a0: \u00ab\u00a0 <strong>La COP26 est termin\u00e9e. Voici un bref r\u00e9sum\u00e9 : Bla, bla, bla.<\/strong>\u00a0\u00bb<br \/>\n<\/span><\/p>\n<p><span style=\"color: #777777; font-family: Arial;\">Vous n&rsquo;aimez peut-\u00eatre pas Greta Thunberg, son activisme, sa mani\u00e8re de s&rsquo;exprimer etc\u2026<br \/>\n<\/span><\/p>\n<p><span style=\"color: #777777; font-family: Arial;\">Mais les personnes que nous n&rsquo;aimons pas, peuvent dire des choses intelligentes.<br \/>\n<\/span><\/p>\n<p><span style=\"color: #777777; font-family: Arial;\">Peut-\u00eatre pr\u00e9f\u00e9rez vous Jean-Marc Jancovici qui a partag\u00e9 ces dessins :<br \/>\n<\/span><\/p>\n<p><img decoding=\"async\" src=\"https:\/\/lemotdujour.fr\/wp-content\/uploads\/2021\/11\/111721_0816_Jeudi18nove1.png\" alt=\"\" \/><span style=\"color: #777777; font-family: Arial;\"><br \/>\n<\/span><\/p>\n<p><span style=\"color: #777777; font-family: Arial;\">Depuis la COP21, les gaz \u00e0 effet de serre n&rsquo;ont pas diminu\u00e9 dans l&rsquo;atmosph\u00e8re, <strong>ils ont augment\u00e9.<\/strong><br \/>\n<\/span><\/p>\n<p><span style=\"color: #777777; font-family: Arial;\">L&rsquo;Organisation des Nations unies (ONU) a \u00e9mis, lundi 25 octobre, un nouveau bulletin alarmant :<br \/>\n<\/span><\/p>\n<p style=\"margin-left: 28pt;\"><span style=\"color: #c00000; font-family: Arial;\">\u00ab\u00a0les concentrations de gaz \u00e0 effet de serre ont encore atteint des records en 2020, et l&rsquo;Amazonie perd de sa capacit\u00e9 \u00e0 absorber le CO2\u00a0\u00bb<br \/>\n<\/span><\/p>\n<p><a href=\"https:\/\/www.lemonde.fr\/planete\/article\/2021\/10\/25\/climat-les-concentrations-de-gaz-a-effet-de-serre-au-plus-haut-en-2020_6099823_3244.html\"><span style=\"font-family: Arial;\"><span style=\"color: #0000ff;\">Le Monde<\/span><\/span><\/a><span style=\"color: #777777; font-family: Arial;\"> \u00e9crit\u00a0:<br \/>\n<\/span><\/p>\n<p style=\"margin-left: 28pt;\"><span style=\"color: #c00000; font-family: Arial;\">\u00ab\u00a0Les trois principaux gaz \u00e0 effet de serre \u2013 CO2, m\u00e9thane (CH4) et protoxyde d&rsquo;azote (N2O) \u2013, ont atteint des sommets en 2020. Le taux d&rsquo;augmentation annuelle de concentrations de chacun de ces gaz a m\u00eame d\u00e9pass\u00e9 la moyenne de la p\u00e9riode 2011-2020. Le ralentissement de l&rsquo;\u00e9conomie impos\u00e9 par la pand\u00e9mie de Covid-19 \u00ab n&rsquo;a pas eu d&rsquo;incidence perceptible \u00bb sur le niveau et la progression des gaz \u00e0 effet de serre dans l&rsquo;atmosph\u00e8re, malgr\u00e9 un recul temporaire des nouvelles \u00e9missions\u00a0\u00bb.<br \/>\n<\/span><\/p>\n<p><span style=\"color: #777777; font-family: Arial;\">De sorte que <strong>l&rsquo;Organisation m\u00e9t\u00e9orologique mondiale <\/strong>(OMM), pr\u00e9dit que si on continue sur cette lanc\u00e9e on risque d&rsquo;atteindre une augmentation de temp\u00e9ratures de 4\u00b0 au lieu de l&rsquo;objectif des 1,5.<br \/>\n<\/span><\/p>\n<p><span style=\"color: #777777; font-family: Arial;\">Jancovici explique tr\u00e8s justement, qu&rsquo;il ne faut pas se tromper de rep\u00e8re. Une augmentation moyenne de la temp\u00e9rature de 2\u00b0 n&rsquo;a rien \u00e0 voir avec la sensation que nous avons quand la temp\u00e9rature ext\u00e9rieure passe de 12\u00b0 \u00e0 14\u00b0. Pour comprendre, il est plus juste de le comparer \u00e0 la temp\u00e9rature de notre corps qui passerait de 37\u00b0 \u00e0 39\u00b0. Les cons\u00e9quences en sont autrement plus impactant.<br \/>\n<\/span><\/p>\n<p><span style=\"color: #777777; font-family: Arial;\">Pendant ce temps, il se passe des choses dans le Monde.<br \/>\n<\/span><\/p>\n<p><span style=\"color: #777777; font-family: Arial;\"><strong>Claude Askolovitch<\/strong>, le <a href=\"https:\/\/www.franceinter.fr\/emissions\/la-revue-de-presse\/la-revue-de-presse-du-mardi-16-novembre-2021\"><span style=\"color: #0000ff;\">16 novembre<\/span><\/a>, dans sa revue de Presse nous apprend :<br \/>\n<\/span><\/p>\n<p style=\"margin-left: 28pt;\"><span style=\"color: #c00000; font-family: Arial;\">\u00ab\u00a0On parle d&rsquo;une brebis&#8230;<br \/>\n<\/span><\/p>\n<p style=\"margin-left: 28pt;\"><span style=\"color: #c00000; font-family: Arial;\">Qui sans le savoir nous dit notre futur alors qu&rsquo;elle p\u00e2ture paisiblement \u00e0 la ferme du Mourier \u00e0 Saint-Priest-Ligoure dans la Haute-Vienne, elle porte au cou un collier nanti d&rsquo;un boitier sombre, et alors qu&rsquo;elle marche sans penser \u00e0 mal, le collier \u00e9met une musique, et comme elle avance encore, il lance un autre son, et puis encore un autre, et puis lui envoie une d\u00e9charge \u00e9lectrique, est-ce suffisant pour qu&rsquo;elle reste en place, pauvrette&#8230; Et ainsi, le Populaire du Centre nous raconte comment la science r\u00e9inventent la p\u00e2ture, dans des paysages d\u00e9pourvus de cl\u00f4tures physiques, mais dont les parcelles sont pourtant d\u00e9limit\u00e9es par des cl\u00f4tures virtuelles que contr\u00f4le un smartphone, et nos brebis, g\u00e9o localis\u00e9es, re\u00e7oivent donc de la musique et puis un choc \u00e9lectrique si elles font mine de d\u00e9passer la cl\u00f4ture virtuelle qu&rsquo;elle ne peuvent pas voir&#8230; Notez que si m\u00eame la d\u00e9charge \u00e9lectrique ne calme pas la brebis, son propri\u00e9taire re\u00e7oit un sms pour l&rsquo;avertir que sa b\u00eate s&rsquo;est \u00e9chapp\u00e9e&#8230;<br \/>\n<\/span><\/p>\n<p style=\"margin-left: 28pt;\"><span style=\"color: #c00000; font-family: Arial;\">Nous sommes donc demain. Je lis dans le Figaro que Monsieur Elon Musk veut m&rsquo;amener l&rsquo;internet \u00e0 tr\u00e8s haut d\u00e9bit dans l&rsquo;avion. Je lis dans les Echos que pour les jeux de 2024, Paris et la RATP r\u00eavent de taxis volants&#8230; Je lis dans Ouest-France que Andr\u00e9-Joseph Bouglione et son \u00e9pouse Sandrine montent un spectacle de cirque 100% humain, o\u00f9 les animaux seront des hologrammes&#8230;<br \/>\nJe lis dans Lib\u00e9ration que dans nos villes des start-ups se font fort de nous livrer en dix minutes sur notre pas de porte, le dentifrice les sex-toys les couches de b\u00e9b\u00e9, la bouteille de vin, les p\u00e2tes, que sais je qui manquent urgemment&#8230; Ainsi se soutient la consommation, par des livreurs fon\u00e7ant dans Paris \u00e0 v\u00e9lo, leurs patrons disent qu&rsquo;ils les traitent bien, on leur fournit m\u00eame parfois le t\u00e9l\u00e9phone portable -\u00e7a permet au passage de surveiller sa brebis..\u00a0\u00bb<br \/>\n<\/span><\/p>\n<p><span style=\"color: #777777; font-family: Arial;\">Le m\u00eame jour, Guillaume Erner, dans <a href=\"https:\/\/www.franceculture.fr\/emissions\/l-humeur-du-matin-par-guillaume-erner\/l-humeur-du-jour-par-guillaume-erner-du-mardi-16-novembre-2021\"><span style=\"color: #0000ff;\">son humeur du matin<\/span><\/a> approfondissait\u00a0 ce sujet de la \u00ablivraison express \u00bb.<br \/>\n<\/span><\/p>\n<p style=\"margin-left: 28pt;\"><span style=\"color: #c00000; font-family: Arial;\">\u00ab\u00a0Voil\u00e0 une promesse qui m&rsquo;a laiss\u00e9 songeur \u2013 avoir envie de se faire livrer ses courses en moins de 15 minutes \u2013 je ne vois pas bien comment c&rsquo;est possible.<br \/>\n<\/span><\/p>\n<p style=\"margin-left: 28pt;\"><span style=\"color: #c00000; font-family: Arial;\">Et, pourtant, c&rsquo;est ce que promettent d\u00e9sormais de nombreuses entreprises, si j&rsquo;en crois les publicit\u00e9s visibles un peu partout \u00e0 Paris, puisqu&rsquo;\u00e0 la campagne, une telle promesse n&rsquo;existe pas, enfin pas encore.<br \/>\n<\/span><\/p>\n<p style=\"margin-left: 28pt;\"><span style=\"color: #c00000; font-family: Arial;\">Je ne vois pas comment, en 15 minutes, une personne peut \u00e0 la fois remplir un caddy pour vous et, surtout, vous livrer vos courses en p\u00e9dalant comme un d\u00e9rat\u00e9. Or, Lib\u00e9ration consacre un dossier \u00e0 cette nouvelle tendance, y compris une forme de test intitul\u00e9 \u00ab Quick ou couac \u00bb, et Lib\u00e9 de tester la possibilit\u00e9 r\u00e9elle ou non de se faire livrer des courses, un ap\u00e9ro, un trou normand, bref ce que vous voudrez dans le d\u00e9lai imparti.<br \/>\n<\/span><\/p>\n<p style=\"margin-left: 28pt;\"><span style=\"color: #c00000; font-family: Arial;\">\u00ab\u00a0Or, cette promesse, comme disent les publicitaires, se faire livrer ses courses en 15 minutes, je la trouve plus que probl\u00e9matique. Car qui a besoin de ses courses en 15 minutes ? C&rsquo;est finalement cela la ville du quart d&rsquo;heure, une ville qui met la pression sur des personnes qui, elles, doivent tenir la promesse du quart d&rsquo;heure. En r\u00e9alit\u00e9, on doit \u00eatre capable de patienter un peu pour la livraison du lait, et si vous voulez une livraison imm\u00e9diate de lait peut-\u00eatre pouvez-vous \u2013 truc de dingue \u2013 allez-vous la chercher vous-m\u00eame.<br \/>\n<\/span><\/p>\n<p style=\"margin-left: 28pt;\"><span style=\"color: #c00000; font-family: Arial;\">[\u2026] ce qui para\u00eet probl\u00e9matique, c&rsquo;est de proposer un service dont personne n&rsquo;a r\u00e9ellement besoin \u2013 tout le monde peut patienter plus de 15 minutes \u2013 mais si vous construisez cela en norme, alors bient\u00f4t, tout devra se faire en un quart d&rsquo;heure, et en un quart d&rsquo;heure nous deviendrons dingues. C&rsquo;est ce que le sociologue Daniel Bell appelait les contradictions culturelles du capitalisme, comme imaginer une soci\u00e9t\u00e9 o\u00f9 l&rsquo;on veut la qui\u00e9tude pour soi et le chaos pour les autres.\u00a0\u00bb<br \/>\n<\/span><\/p>\n<p><span style=\"color: #777777; font-family: Arial;\">Peut-\u00eatre ces 3 faits\u00a0: l&rsquo;\u00e9chec de la Cop26, les nouvelles id\u00e9es technologiques pour organiser le monde et la r\u00e9duction du d\u00e9lai de livraison n&rsquo;ont aucun rapport.<br \/>\n<\/span><\/p>\n<p><span style=\"color: #777777; font-family: Arial;\">Ou peut-\u00eatre que si\u2026.<br \/>\n<\/span><\/p>\n<p><span style=\"color: #777777; font-family: Arial;\">On annonce aussi le Black Friday pour le 26 novembre. Et cette fois, pas d&rsquo;interrogation : cette orgie de consommation compulsive est exactement le contraire de ce qu&rsquo;il faudrait faire pour lutter contre le d\u00e9r\u00e8glement climatique. France Info explique que &lt;<a href=\"https:\/\/www.francetvinfo.fr\/internet\/amazon\/surproduction-gaspillage-gaz-a-effet-de-serre-pourquoi-le-black-friday-est-la-bete-noire-des-ecologistes_3721049.html\"><span style=\"color: #0000ff;\">cette op\u00e9ration commerciale est lourde de cons\u00e9quences pour la plan\u00e8te<\/span><\/a><span style=\"color: #0000ff;\">.<\/span>&gt;. <\/span><\/p>\n<p><span style=\"color: #777777; font-family: Arial;\">On en revient alors toujours \u00e0 cette formule, d&rsquo;un temps ancien, \u00e9crit par <strong>Bossuet\u00a0<\/strong>: \u00ab<a href=\"https:\/\/lemotdujour.fr\/?p=2135\"><strong><span style=\"color: #0000ff;\">Dieu se rit des hommes qui se plaignent des cons\u00e9quences alors qu\u2019ils en ch\u00e9rissent les causes<\/span><\/strong><\/a>.\u00bb <\/span><\/p>\n<p><span style=\"color: #777777; font-family: Arial;\"><span style=\"color: #800000;\">&lt;1624&gt;<\/span><br \/>\n<\/span><\/p>\n<p><span style=\"color: #777777; font-family: Arial;\">\u00a0<\/span><\/p>\n","protected":false},"excerpt":{"rendered":"<p>\u00ab\u00a0La COP26 est termin\u00e9e. Voici un bref r\u00e9sum\u00e9 : Bla, bla, bla\u00a0\u00bb Greta Thunberg La Conf\u00e9rence de Glasgow de 2021 sur les changements climatiques ou COP26 [pour la conf\u00e9rence des parties] a commenc\u00e9 le 1er novembre et s&rsquo;est termin\u00e9e le<\/p>\n","protected":false},"author":1,"featured_media":0,"comment_status":"open","ping_status":"closed","sticky":false,"template":"","format":"standard","meta":{"footnotes":""},"categories":[1],"tags":[43,44,7],"class_list":["post-12765","post","type-post","status-publish","format-standard","hentry","category-motdujour","tag-ecologie","tag-rechauffement","tag-societe"],"_links":{"self":[{"href":"https:\/\/lemotdujour.fr\/index.php?rest_route=\/wp\/v2\/posts\/12765","targetHints":{"allow":["GET"]}}],"collection":[{"href":"https:\/\/lemotdujour.fr\/index.php?rest_route=\/wp\/v2\/posts"}],"about":[{"href":"https:\/\/lemotdujour.fr\/index.php?rest_route=\/wp\/v2\/types\/post"}],"author":[{"embeddable":true,"href":"https:\/\/lemotdujour.fr\/index.php?rest_route=\/wp\/v2\/users\/1"}],"replies":[{"embeddable":true,"href":"https:\/\/lemotdujour.fr\/index.php?rest_route=%2Fwp%2Fv2%2Fcomments&post=12765"}],"version-history":[{"count":6,"href":"https:\/\/lemotdujour.fr\/index.php?rest_route=\/wp\/v2\/posts\/12765\/revisions"}],"predecessor-version":[{"id":12774,"href":"https:\/\/lemotdujour.fr\/index.php?rest_route=\/wp\/v2\/posts\/12765\/revisions\/12774"}],"wp:attachment":[{"href":"https:\/\/lemotdujour.fr\/index.php?rest_route=%2Fwp%2Fv2%2Fmedia&parent=12765"}],"wp:term":[{"taxonomy":"category","embeddable":true,"href":"https:\/\/lemotdujour.fr\/index.php?rest_route=%2Fwp%2Fv2%2Fcategories&post=12765"},{"taxonomy":"post_tag","embeddable":true,"href":"https:\/\/lemotdujour.fr\/index.php?rest_route=%2Fwp%2Fv2%2Ftags&post=12765"}],"curies":[{"name":"wp","href":"https:\/\/api.w.org\/{rel}","templated":true}]}}