{"id":1274,"date":"2015-10-12T02:00:00","date_gmt":"2015-10-11T22:00:00","guid":{"rendered":"http:\/\/lemotdujour.fr\/?p=1274"},"modified":"2017-05-08T13:27:14","modified_gmt":"2017-05-08T11:27:14","slug":"lundi-12102015","status":"publish","type":"post","link":"https:\/\/lemotdujour.fr\/?p=1274","title":{"rendered":"Lundi 12\/10\/2015"},"content":{"rendered":"<div class=\"mdjDate\">Lundi 12\/10\/2015<\/div>\n<div class=\"mdjTexte\">\u00abJ&rsquo;ai v\u00e9cu au si\u00e8cle des r\u00e9fugi\u00e9s<br \/>Une musette au pied de mon lit<br \/>Avec la peur au ventre, des humili\u00e9s<br \/>Des sans logis qui tremblent\u00bb<\/div>\n<div class=\"mdjAuteur\">Leny Escudero<\/div>\n<div class=\"mdjComplements\">Leny Escudero ne faisait pas partie de mon univers de jeunesse qui \u00e0 c\u00f4t\u00e9 de la musique classique \u00e9tait compos\u00e9 de Brel, Ferrat, Brassens et Barbara pour l&rsquo;essentiel.<\/div>\n<div class=\"mdjComplements\">Mais Fr\u00e9d\u00e9ric Pommier qui pr\u00e9sente la revue de presse de France Inter du week end avec po\u00e9sie et cr\u00e9ativit\u00e9, m&rsquo;a fait d\u00e9couvrir une chanson qui est extraordinaire d&rsquo;actualit\u00e9 et de prospection.<\/div>\n<div class=\"mdjComplements\">Car en effet notre si\u00e8cle sera celui des r\u00e9fugi\u00e9s.<\/div>\n<div class=\"mdjComplements\">Ce sont les r\u00e9fugi\u00e9s venant des pays en guerre comme ceux dont on parle aujourd&rsquo;hui.<\/div>\n<div class=\"mdjComplements\">Mais ce sont aussi les r\u00e9fugi\u00e9s \u00e9conomiques notamment de l&rsquo;Afrique dont la d\u00e9mographie explose et qui viendront dans les pays o\u00f9 ils pensent trouver plus d&rsquo;opportunit\u00e9s.<\/div>\n<div class=\"mdjComplements\">Et avec tout cela on n&rsquo;aura rien vu.<\/div>\n<div class=\"mdjComplements\">Car les plus grandes migrations viendront des r\u00e9fugi\u00e9s climatiques qui fuiront la mont\u00e9e des eaux et les d\u00e9sordres \u00e9conomiques. <\/div>\n<div class=\"mdjComplements\"><a href=\"http:\/\/www.lefigaro.fr\/international\/2014\/09\/17\/01003-20140917ARTFIG00147-les-refugies-climatiques-trois-fois-plus-nombreux-que-les-refugies-de-guerre.php\">D&rsquo;apr\u00e8s le rapport annuel Global Estimates du Conseil norv\u00e9gien <\/a>pour les r\u00e9fugi\u00e9s, 22 millions de personnes ont d\u00fb abandonner leur domicile en 2013 \u00e0 la suite d&rsquo;une catastrophe naturelle, soit trois fois plus que de personnes d\u00e9plac\u00e9es \u00e0 cause d&rsquo;un conflit. Sur ces 22 millions, 31% ont \u00e9t\u00e9 d\u00e9plac\u00e9es \u00e0 cause de d\u00e9sastres hydrologiques (inondations) et 69% \u00e0 cause de catastrophes m\u00e9t\u00e9orologiques (temp\u00eates, ouragans, typhons). <\/div>\n<div class=\"mdjComplements\">Et si on essaie de regarder plus loin :\u00a0 <a href=\"http:\/\/www.francetvinfo.fr\/monde\/environnement\/video-climat-il-y-aurait-250-millions-de-refugies-climatiques-dans-le-monde-en-2050_962177.html\">Il y aurait 250 millions de r\u00e9fugi\u00e9s climatiques dans le monde en 2050, selon l&rsquo;ONU.<\/a><\/div>\n<div class=\"mdjComplements\">Que ferons nous ? Construire des murs toujours plus infranchissables ? Toujours plus arm\u00e9s ?<\/div>\n<div class=\"mdjComplements\">Des murs qui d\u00e9termineront celles et ceux qui ont le droit de vivre et celles et ceux qui doivent mourir ?<\/div>\n<div class=\"mdjComplements\">Ou trouverons nous d&rsquo;autres organisations qui permettront de partager et d&rsquo;accueillir pour traiter de mani\u00e8re humaine ce probl\u00e8me immense de l&rsquo;humanit\u00e9.<\/div>\n<div class=\"mdjComplements\">C&rsquo;est \u00e0 tout cela que m&rsquo;a fait penser la chanson de Leny Escudero.<\/div>\n<div class=\"mdjComplements\">Leny Escudero qui selon <a href=\"http:\/\/www.liberation.fr\/societe\/2015\/10\/09\/musique-le-chanteur-et-compositeur-francais-leny-escudero-est-decede_1400686\">&lt;cet article de Lib\u00e9ration&gt;<\/a> \u00e9tait\u00a0 devenu c\u00e9l\u00e8bre dans les ann\u00e9es 1960 avec sa ballade \u00abPour une amourette\u00bb mais dont le r\u00e9pertoire est surtout marqu\u00e9 par la d\u00e9nonciation des injustices.<\/div>\n<div class=\"mdjComplements\">Il est mort vendredi le 9 octobre 2015 \u00e0 82 ans. <\/div>\n<div class=\"mdjComplements\">\u00abIl \u00e9tait n\u00e9\u00a0 dans la province espagnole de Navarre, le 5 novembre 1932 avant que ses parents ne quittent le pays ravag\u00e9 par la guerre civile en 1939, pour trouver refuge en Mayenne, puis \u00e0 Paris. Il grandit dans le quartier populaire de Belleville, apprenant \u00e0 lire \u00e0 l\u2019\u00e9cole de la R\u00e9publique, \u00e0 laquelle il voue une reconnaissance \u00e9ternelle pour lui avoir donn\u00e9 l\u2019instruction dont ses parents furent priv\u00e9s. En 1962, sa carri\u00e8re d\u2019auteur-compositeur-interpr\u00e8te d\u00e9bute tambour-battant. Son premier essai est un coup de ma\u00eetre: \u00abPour une amourette\u00bb est un tube. Cette chanson qu\u2019il d\u00e9fend toujours (\u00abc\u2019est l\u2019histoire de mon premier amour, je ne vois pas pourquoi je renierais mon premier amour\u00bb, disait-il) est devenue un classique.\u00a0 [&#8230;] Le succ\u00e8s ne retient pas pour autant l\u2019artiste qui choisit de partir pour l\u2019Am\u00e9rique du Sud. Il repasse par Paris, le temps d\u2019enregistrer de nouvelles chansons, puis entreprend un tour du monde qui durera cinq ans avec femme et enfants, d\u2019abord dans le confort de ses droits d\u2019auteur, puis comme un routard. \u00ab\u00a0\u2019est s\u00fbr que pour faire carri\u00e8re, admettait-il, je ne suis pas quelqu\u2019un de tr\u00e8s prudent\u00a0\u00bb. A son retour, il revient \u00e0 son m\u00e9tier d\u2019artiste, \u00e9crivant des textes graves, sur la guerre d\u2019Espagne, les dictatures, la maltraitance.<strong>\u00bb<\/strong><\/div>\n<div class=\"mdjComplements\">Paroles de la chanson Le si\u00e8cle des r\u00e9fugi\u00e9s :<\/div>\n<div class=\"mdjComplements\">Titre: LE SIECLE DES REFUGIES<\/div>\n<div class=\"mdjComplements\">Artiste: Leny Escudero &#8211; Paroles: Leny Escudero &#8211; Musique: Julian Escudero<\/div>\n<div class=\"mdjComplements\">Ann\u00e9e: 1982<\/div>\n<table>\n<tr>\n<td>\n<div class=\"mdjCiter\">J&rsquo;ai v\u00e9cu<\/div>\n<div class=\"mdjCiter\">Au si\u00e8cle des r\u00e9fugi\u00e9s<\/div>\n<div class=\"mdjCiter\">Une musette au pied de mon lit<\/div>\n<div class=\"mdjCiter\">Avec la peur au ventre<\/div>\n<div class=\"mdjCiter\">Des humili\u00e9s<\/div>\n<div class=\"mdjCiter\">Des sans logis<\/div>\n<div class=\"mdjCiter\">Qui tremblent<\/div>\n<div class=\"mdjCiter\">Les oubli\u00e9s<\/div>\n<div class=\"mdjCiter\">Aux mal-partis<\/div>\n<div class=\"mdjCiter\">Ressemblent<\/div>\n<div class=\"mdjCiter\">Ils sont toujours les bras ballants<\/div>\n<div class=\"mdjCiter\">D&rsquo;un pied sur l&rsquo;autre mal \u00e0 l&rsquo;aise<\/div>\n<div class=\"mdjCiter\">Le cul pos\u00e9 entre deux chaises<\/div>\n<div class=\"mdjCiter\">Tout \u00e9tonn\u00e9 d&rsquo;\u00eatre vivant<\/div>\n<div class=\"mdjCiter\">Ils sont souvent les en-dehors<\/div>\n<div class=\"mdjCiter\">Ceux qui n&rsquo;\u00e9criront pas l&rsquo;histoire<\/div>\n<div class=\"mdjCiter\">Et devant eux c&rsquo;est la nuit noire<\/div>\n<div class=\"mdjCiter\">Et derri\u00e8re eux marche la mort<\/div>\n<div class=\"mdjCiter\">Ils sont toujours les emmerdants<\/div>\n<div class=\"mdjCiter\">Les emp\u00eacheurs les trouble-f\u00eates<\/div>\n<div class=\"mdjCiter\">Qui n&rsquo;ont pas su baisser la t\u00eate<\/div>\n<\/td>\n<td>\n<div class=\"mdjCiter\">Qui sont venus \u00e0 contre temps<\/div>\n<div class=\"mdjCiter\">Dans tel pays c&rsquo;est mal venu <\/div>\n<div class=\"mdjCiter\">Venir au monde t&#8217;emprisonne<\/div>\n<div class=\"mdjCiter\">Et chaque jour on te pardonne<\/div>\n<div class=\"mdjCiter\">Puis on ne te pardonne plus<\/div>\n<div class=\"mdjCiter\">On peut souvent les voir aussi<\/div>\n<div class=\"mdjCiter\">Sur les photos des magazines<\/div>\n<div class=\"mdjCiter\">Essayant de faire bonne mine*<\/div>\n<div class=\"mdjCiter\">Emmenez-moi au loin d&rsquo;ici<\/div>\n<div class=\"mdjCiter\">Ils ont des trous \u00e0 chaque main<\/div>\n<div class=\"mdjCiter\">C&rsquo;est ce qui reste du naufrage<\/div>\n<div class=\"mdjCiter\">Ils n&rsquo;ont pas l&rsquo;air d&rsquo;\u00eatre en voyage<\/div>\n<div class=\"mdjCiter\">Les voyageurs du dernier train<\/div>\n<div class=\"mdjCiter\">Ils sont toujours les s\u00e9par\u00e9s<\/div>\n<div class=\"mdjCiter\">Le c\u0153ur perdu dans la pagaille<\/div>\n<div class=\"mdjCiter\">Les fous d&rsquo;amour en retrouvailles<\/div>\n<div class=\"mdjCiter\">Qui les am\u00e8nent sur les quais<\/div>\n<div class=\"mdjCiter\">Et puis parfois le fol espoir<\/div>\n<div class=\"mdjCiter\">Si elle a pu si elle arrive<\/div>\n<div class=\"mdjCiter\">De train en train \u00e0 la d\u00e9rive<\/div>\n<div class=\"mdjCiter\">Et puis vieillir sans la revoir<\/div>\n<\/td>\n<\/tr>\n<\/table>\n<p><a href=\"https:\/\/www.youtube.com\/watch?v=UZlQnCn8FR8\">&lt;Ici il chante cette chanson&gt;<\/a><\/p>\n","protected":false},"excerpt":{"rendered":"<p>Lundi 12\/10\/2015 \u00abJ&rsquo;ai v\u00e9cu au si\u00e8cle des r\u00e9fugi\u00e9sUne musette au pied de mon litAvec la peur au ventre, des humili\u00e9sDes sans logis qui tremblent\u00bb Leny Escudero Leny Escudero ne faisait pas partie de mon univers de jeunesse qui \u00e0 c\u00f4t\u00e9<\/p>\n","protected":false},"author":1,"featured_media":0,"comment_status":"closed","ping_status":"closed","sticky":false,"template":"","format":"standard","meta":{"footnotes":""},"categories":[1],"tags":[],"class_list":["post-1274","post","type-post","status-publish","format-standard","hentry","category-motdujour"],"_links":{"self":[{"href":"https:\/\/lemotdujour.fr\/index.php?rest_route=\/wp\/v2\/posts\/1274","targetHints":{"allow":["GET"]}}],"collection":[{"href":"https:\/\/lemotdujour.fr\/index.php?rest_route=\/wp\/v2\/posts"}],"about":[{"href":"https:\/\/lemotdujour.fr\/index.php?rest_route=\/wp\/v2\/types\/post"}],"author":[{"embeddable":true,"href":"https:\/\/lemotdujour.fr\/index.php?rest_route=\/wp\/v2\/users\/1"}],"replies":[{"embeddable":true,"href":"https:\/\/lemotdujour.fr\/index.php?rest_route=%2Fwp%2Fv2%2Fcomments&post=1274"}],"version-history":[{"count":1,"href":"https:\/\/lemotdujour.fr\/index.php?rest_route=\/wp\/v2\/posts\/1274\/revisions"}],"predecessor-version":[{"id":1275,"href":"https:\/\/lemotdujour.fr\/index.php?rest_route=\/wp\/v2\/posts\/1274\/revisions\/1275"}],"wp:attachment":[{"href":"https:\/\/lemotdujour.fr\/index.php?rest_route=%2Fwp%2Fv2%2Fmedia&parent=1274"}],"wp:term":[{"taxonomy":"category","embeddable":true,"href":"https:\/\/lemotdujour.fr\/index.php?rest_route=%2Fwp%2Fv2%2Fcategories&post=1274"},{"taxonomy":"post_tag","embeddable":true,"href":"https:\/\/lemotdujour.fr\/index.php?rest_route=%2Fwp%2Fv2%2Ftags&post=1274"}],"curies":[{"name":"wp","href":"https:\/\/api.w.org\/{rel}","templated":true}]}}