{"id":12738,"date":"2021-11-16T01:46:49","date_gmt":"2021-11-16T00:46:49","guid":{"rendered":"http:\/\/lemotdujour.fr\/?p=12738"},"modified":"2021-11-15T22:45:54","modified_gmt":"2021-11-15T21:45:54","slug":"mardi-16-novembre-2021","status":"publish","type":"post","link":"https:\/\/lemotdujour.fr\/?p=12738","title":{"rendered":"Mardi 16 novembre 2021"},"content":{"rendered":"<div class=\"mdjTexte\">\u00ab\u00a0Lhasa de Sela \u00bb<\/div>\n<div class=\"mdjAuteur\">Publication de la page consacr\u00e9e \u00e0 la s\u00e9rie<\/div>\n<p><span style=\"color: #777777; font-family: Arial;\">Lhasa de Sela a v\u00e9cu ses premi\u00e8res ann\u00e9es, avec ses parents et ses fr\u00e8res et s\u0153urs, dans un bus scolaire qui servait de logement et de moyen de locomotion pour sillonner les Etats-Unis et le Mexique.<br \/>\n<\/span><\/p>\n<p><span style=\"color: #777777; font-family: Arial;\">Quand Lhasa a \u00e9crit un livre, elle l&rsquo;a nomm\u00e9 \u00ab\u00a0<strong>La route qui chante<\/strong>\u00a0\u00bb.<br \/>\n<\/span><\/p>\n<p><span style=\"color: #777777; font-family: Arial;\">Et quand un documentaire lui a \u00e9t\u00e9 consacr\u00e9, il a \u00e9t\u00e9 appel\u00e9 \u00ab\u00a0<strong>La route de Lhasa<\/strong>\u00a0\u00bb.<br \/>\n<\/span><\/p>\n<p><span style=\"color: #777777; font-family: Arial;\">Lhasa, la nomade, s&rsquo;est pos\u00e9e \u00e0 Montr\u00e9al pour r\u00e9aliser 3 albums.<br \/>\n<\/span><\/p>\n<p><span style=\"color: #777777; font-family: Arial;\">3 albums qui sont autant de p\u00e9pites dans une vie qui n&rsquo;a pas atteint 38 ans.<br \/>\n<\/span><\/p>\n<p><span style=\"color: #777777; font-family: Arial;\">Ce fut pour moi, un choc \u00e9motionnel de la d\u00e9couvrir.<br \/>\n<\/span><\/p>\n<p><span style=\"color: #777777; font-family: Arial;\">Ma rencontre avec cette voix, sa musique et ses paroles eut lieu 11 ans apr\u00e8s qu&rsquo;elle fut arrach\u00e9e \u00e0 la vie.<br \/>\n<\/span><\/p>\n<p><span style=\"color: #777777; font-family: Arial;\">J&rsquo;ai \u00e9crit une s\u00e9rie de 7 mots du jours pour essayer de partager cette \u00e9motion..<br \/>\n<\/span><\/p>\n<p><span style=\"color: #777777; font-family: Arial;\">La page consacr\u00e9e \u00e0 cette s\u00e9rie est en ligne sur la <span style=\"color: #0000ff;\"><a style=\"color: #0000ff;\" href=\"https:\/\/lemotdujour.fr\/?page_id=2543\">page des s\u00e9ries<\/a>.<\/span><br \/>\n<\/span><\/p>\n<p><span style=\"color: #777777; font-family: Arial;\">Mais vous pouvez aller directement sur la page en suivant ce lien : <span style=\"color: #0000ff;\">&lt;<a style=\"color: #0000ff;\" href=\"https:\/\/lemotdujour.fr\/?page_id=12725\">Lhasa de Sela 1972-2010&gt;<\/a><\/span><br \/>\n<\/span><\/p>\n<p><span style=\"color: #c00000; font-family: Arial;\">&lt;Mot sans num\u00e9ro&gt;<br \/>\n<\/span><\/p>\n","protected":false},"excerpt":{"rendered":"<p>\u00ab\u00a0Lhasa de Sela \u00bb Publication de la page consacr\u00e9e \u00e0 la s\u00e9rie Lhasa de Sela a v\u00e9cu ses premi\u00e8res ann\u00e9es, avec ses parents et ses fr\u00e8res et s\u0153urs, dans un bus scolaire qui servait de logement et de moyen de<\/p>\n","protected":false},"author":1,"featured_media":0,"comment_status":"open","ping_status":"closed","sticky":false,"template":"","format":"standard","meta":{"footnotes":""},"categories":[1],"tags":[26],"class_list":["post-12738","post","type-post","status-publish","format-standard","hentry","category-motdujour","tag-retrospective"],"_links":{"self":[{"href":"https:\/\/lemotdujour.fr\/index.php?rest_route=\/wp\/v2\/posts\/12738","targetHints":{"allow":["GET"]}}],"collection":[{"href":"https:\/\/lemotdujour.fr\/index.php?rest_route=\/wp\/v2\/posts"}],"about":[{"href":"https:\/\/lemotdujour.fr\/index.php?rest_route=\/wp\/v2\/types\/post"}],"author":[{"embeddable":true,"href":"https:\/\/lemotdujour.fr\/index.php?rest_route=\/wp\/v2\/users\/1"}],"replies":[{"embeddable":true,"href":"https:\/\/lemotdujour.fr\/index.php?rest_route=%2Fwp%2Fv2%2Fcomments&post=12738"}],"version-history":[{"count":3,"href":"https:\/\/lemotdujour.fr\/index.php?rest_route=\/wp\/v2\/posts\/12738\/revisions"}],"predecessor-version":[{"id":12757,"href":"https:\/\/lemotdujour.fr\/index.php?rest_route=\/wp\/v2\/posts\/12738\/revisions\/12757"}],"wp:attachment":[{"href":"https:\/\/lemotdujour.fr\/index.php?rest_route=%2Fwp%2Fv2%2Fmedia&parent=12738"}],"wp:term":[{"taxonomy":"category","embeddable":true,"href":"https:\/\/lemotdujour.fr\/index.php?rest_route=%2Fwp%2Fv2%2Fcategories&post=12738"},{"taxonomy":"post_tag","embeddable":true,"href":"https:\/\/lemotdujour.fr\/index.php?rest_route=%2Fwp%2Fv2%2Ftags&post=12738"}],"curies":[{"name":"wp","href":"https:\/\/api.w.org\/{rel}","templated":true}]}}