{"id":1272,"date":"2015-10-09T02:00:00","date_gmt":"2015-10-08T22:00:00","guid":{"rendered":"http:\/\/lemotdujour.fr\/?p=1272"},"modified":"2021-06-24T00:19:29","modified_gmt":"2021-06-23T22:19:29","slug":"vendredi-09102015","status":"publish","type":"post","link":"https:\/\/lemotdujour.fr\/?p=1272","title":{"rendered":"Vendredi 9 octobre 2015"},"content":{"rendered":"<div class=\"mdjTexte\">\t\u00abOn devrait employer l\u2019appareil photo comme si demain on devenait aveugle.\u00bb<\/div>\n<div class=\"mdjAuteur\">\tDorothea Lange.<\/div>\n<p><a href=\"https:\/\/lemotdujour.fr\/?p=1224\"><span style=\"font-family: Arial;\"><span style=\"color: #0000ff;\">Le mot du jour du 7 septembre 2015<\/span><\/span><\/a><span style=\"color: #777777; font-family: Arial;\"> parlait de photo. De ces photos pour l&rsquo;\u00e9ternit\u00e9.<br \/>\n<\/span><\/p>\n<p><img decoding=\"async\" class=\"alignright\" src=\"https:\/\/lemotdujour.fr\/wp-content\/uploads\/2018\/07\/070418_2018_LundiXXjuin1.jpg\" alt=\"\" align=\"left\"><span style=\"color: #777777; font-family: Arial;\">Dorothea Lange fut une des plus grandes photographes, \u00e0 ce titre.<br \/>\n<\/span><\/p>\n<p><span style=\"color: #777777; font-family: Arial;\">Dorothea Lange est morte le 11 octobre 1965 \u00e0 San Francisco, il y a cinquante ans, ce dimanche, dans deux jours.<br \/>\n<\/span><\/p>\n<p><span style=\"color: #777777; font-family: Arial;\">Elle \u00e9tait n\u00e9e le 26 mai 1895.<br \/>\n<\/span><\/p>\n<p><span style=\"color: #777777; font-family: Arial;\">Ses travaux les plus connus ont \u00e9t\u00e9 r\u00e9alis\u00e9s pendant la Grande D\u00e9pression.<br \/>\n<\/span><\/p>\n<p><span style=\"color: #777777; font-family: Arial;\">Elle avait collabor\u00e9 avec John Huston dans le cadre du film \u00ab Les raisins de la col\u00e8re \u00bb.<br \/>\n<\/span><\/p>\n<p><span style=\"color: #777777; font-family: Arial;\">L&rsquo;article li\u00e9 explique qu&rsquo;elle aura pouss\u00e9 si loin l&#8217;empathie et la compassion avec la chair bless\u00e9e du peuple am\u00e9ricain que son \u0153uvre devient t\u00e9moignage, amour du prochain et cri de r\u00e9volte.<br \/>\n<\/span><\/p>\n<p><span style=\"color: #777777; font-family: Arial;\">Elle aura eu une profonde influence sur ce qui deviendra le photo-journalisme, la photographie documentaire. Elle ne se souciait point de cadrage ou d&rsquo;esth\u00e9tisme, mais de rendre dignit\u00e9 et \u00e9motion aux gens ordinaires, \u00e0 ceux qui sont le peuple, mot qui fait tant peur encore aujourd&rsquo;hui.<br \/>\n<\/span><\/p>\n<p><span style=\"color: #777777; font-family: Arial;\">Elle a sillonn\u00e9 les routes au volant de sa vieille voiture Ford, pour croiser les Indiens, les migrants, les d\u00e9port\u00e9s de la vie.<br \/>\n<\/span><\/p>\n<p><span style=\"color: #777777; font-family: Arial;\">Son regard est unique, car comme si elle photographiait une sc\u00e8ne biblique, une Piet\u00e0 par exemple, elle donne \u00e0 ses mod\u00e8les une profondeur humaine qui touche \u00e0 l&rsquo;universel, \u00e0 l&rsquo;humanit\u00e9 toujours vivante m\u00eame au plus profond de la mis\u00e8re.<br \/>\n<\/span><\/p>\n<p><span style=\"color: #777777; font-family: Arial;\">Elle qui vivait au chaud dans sa carri\u00e8re toute trac\u00e9e, en 1920 \u00e0 San Francisco, comme photographe de portrait des riches bourgeois, ressent tr\u00e8s vite l&rsquo;appel des routes et de la poussi\u00e8re du monde.<br \/>\n<\/span><\/p>\n<p><span style=\"color: #777777; font-family: Arial;\">Elle s&rsquo;\u00e9chappe d&rsquo;abord dans le sud-ouest de son pays, pour travailler sur les images des Indiens d&rsquo;Am\u00e9rique en voie de disparition lente.<br \/>\n<\/span><\/p>\n<p><img loading=\"lazy\" decoding=\"async\" class=\"alignleft\" src=\"https:\/\/lemotdujour.fr\/wp-content\/uploads\/2018\/07\/070418_2018_LundiXXjuin2.jpg\" alt=\"\" width=\"303\" height=\"387\" align=\"left\"><span style=\"color: #777777; font-family: Arial;\">Son appareil photo devient un t\u00e9moin, ses photographies preuves \u00e9videntes et convaincantes de l&rsquo;immense mis\u00e8re, et du sort fait aux d\u00e9favoris\u00e9s. Son travail d\u00e8s 1935 avec les administrations f\u00e9d\u00e9rales de r\u00e9installation (plus tard la Farm Security Administration, connue sous le sigle FSA) est le plus puissant acte d&rsquo;accusation dress\u00e9 sur la souffrance des populations agricoles.<br \/>\n<\/span><\/p>\n<p><span style=\"color: #777777; font-family: Arial;\">Son portrait de la m\u00e8re migrante, <a href=\"https:\/\/www.nouvelobs.com\/photo\/20160811.OBS6189\/la-mere-migrante-de-la-grande-depression-une-vie-de-battante.html\">\u00ab<span style=\"color: #0000ff;\"> Migrant Mother, Nipomo, Californie, f\u00e9vrier 1936 \u00bb<\/span>,<\/a> pris presque par hasard dans un campement de ramasseurs de pois, est devenu le symbole, un r\u00e9cit mythique, de ces migrations d\u00e9sesp\u00e9r\u00e9es vers l&rsquo;Ouest pour survivre, de ce qui fut un v\u00e9ritable exode am\u00e9ricain. Cette photographie aura plus fait que tous les discours des politiques, et la conscience am\u00e9ricaine en aura \u00e9t\u00e9 chang\u00e9e et boulevers\u00e9e. Les \u00ab vagabonds de la faim \u00bb avaient gr\u00e2ce \u00e0 elle une existence digne et humaine.<br \/>\n<\/span><\/p>\n<p><span style=\"color: #777777; font-family: Arial;\">Pour le reste lisez cet article sur cette photographe exceptionnelle <span style=\"color: #0000ff;\"><a style=\"color: #0000ff;\" href=\"http:\/\/www.espritsnomades.com\/artsplastiques\/langedorothea\/lange.html\"><span style=\"text-decoration: underline;\">http:\/\/www.espritsnomades.com\/artsplastiques\/langedorothea\/lange.html<\/span><\/a><\/span><br \/>\n<\/span><\/p>\n<p><a href=\"http:\/\/www.historyplace.com\/unitedstates\/lange\/\"><span style=\"color: blue; font-family: Arial; text-decoration: underline;\"><span style=\"color: #0000ff; text-decoration: underline;\">Il y a aussi cette page o\u00f9 sont reproduites ses photos<\/span><\/span><\/a><span style=\"color: #777777; font-family: Arial;\"><br \/>\n<\/span><\/p>\n<p><span style=\"color: #777777; font-family: Arial;\">Ou encore cette page :<span style=\"color: #0000ff;\"> <a style=\"color: #0000ff;\" href=\"http:\/\/www.michelcarlue.fr\/article-une-grande-photographe-dorothea-lange-114276453.html\">&lt;J&rsquo;ai aussi trouv\u00e9 ce blog&gt;<\/a><\/span><br \/>\n<\/span><\/p>\n<p><span style=\"color: #800000; font-family: Arial;\">&lt;573&gt;<\/span><\/p>\n","protected":false},"excerpt":{"rendered":"<p>\u00abOn devrait employer l\u2019appareil photo comme si demain on devenait aveugle.\u00bb Dorothea Lange. Le mot du jour du 7 septembre 2015 parlait de photo. De ces photos pour l&rsquo;\u00e9ternit\u00e9. Dorothea Lange fut une des plus grandes photographes, \u00e0 ce titre.<\/p>\n","protected":false},"author":1,"featured_media":0,"comment_status":"closed","ping_status":"closed","sticky":false,"template":"","format":"standard","meta":{"footnotes":""},"categories":[1],"tags":[17,29,28],"class_list":["post-1272","post","type-post","status-publish","format-standard","hentry","category-motdujour","tag-histoire","tag-hommage","tag-photo"],"_links":{"self":[{"href":"https:\/\/lemotdujour.fr\/index.php?rest_route=\/wp\/v2\/posts\/1272","targetHints":{"allow":["GET"]}}],"collection":[{"href":"https:\/\/lemotdujour.fr\/index.php?rest_route=\/wp\/v2\/posts"}],"about":[{"href":"https:\/\/lemotdujour.fr\/index.php?rest_route=\/wp\/v2\/types\/post"}],"author":[{"embeddable":true,"href":"https:\/\/lemotdujour.fr\/index.php?rest_route=\/wp\/v2\/users\/1"}],"replies":[{"embeddable":true,"href":"https:\/\/lemotdujour.fr\/index.php?rest_route=%2Fwp%2Fv2%2Fcomments&post=1272"}],"version-history":[{"count":4,"href":"https:\/\/lemotdujour.fr\/index.php?rest_route=\/wp\/v2\/posts\/1272\/revisions"}],"predecessor-version":[{"id":11642,"href":"https:\/\/lemotdujour.fr\/index.php?rest_route=\/wp\/v2\/posts\/1272\/revisions\/11642"}],"wp:attachment":[{"href":"https:\/\/lemotdujour.fr\/index.php?rest_route=%2Fwp%2Fv2%2Fmedia&parent=1272"}],"wp:term":[{"taxonomy":"category","embeddable":true,"href":"https:\/\/lemotdujour.fr\/index.php?rest_route=%2Fwp%2Fv2%2Fcategories&post=1272"},{"taxonomy":"post_tag","embeddable":true,"href":"https:\/\/lemotdujour.fr\/index.php?rest_route=%2Fwp%2Fv2%2Ftags&post=1272"}],"curies":[{"name":"wp","href":"https:\/\/api.w.org\/{rel}","templated":true}]}}