{"id":1270,"date":"2015-10-08T02:00:00","date_gmt":"2015-10-07T22:00:00","guid":{"rendered":"http:\/\/lemotdujour.fr\/?p=1270"},"modified":"2020-11-15T18:41:58","modified_gmt":"2020-11-15T17:41:58","slug":"jeudi-08102015","status":"publish","type":"post","link":"https:\/\/lemotdujour.fr\/?p=1270","title":{"rendered":"Jeudi 8 octobre 2015"},"content":{"rendered":"<div class=\"mdjTexte\"> \u00abLe temps de travail est protecteur \u00e0 plusieurs titres<br \/>\n\u2013 il se mesure de mani\u00e8re objective<br \/>\n\u2013 il permet de s\u00e9parer la vie professionnelle de la vie personnelle.<br \/>\n\u2013 le limiter, c\u2019est prot\u00e9ger la sant\u00e9.\u00bb<\/div>\n<div class=\"mdjAuteur\">\tPascal Lokiec, professeur de droit social \u00e0 l\u2019universit\u00e9 Paris Ouest-Nanterre-La D\u00e9fense<\/div>\n<p><span style=\"color: #777777; font-family: Arial;\">Il semblerait que la grande question du moment en France est celle \u00abdu carcan des 35 heures\u00bb.<br \/>\n<\/span><\/p>\n<p><span style=\"color: #777777; font-family: Arial;\">Je veux bien comprendre qu&rsquo;il y a de ci de l\u00e0 des probl\u00e8mes d&rsquo;organisation.<br \/>\n<\/span><\/p>\n<p><span style=\"color: #777777; font-family: Arial;\">Mais enfin, les r\u00e9flexions de Daniel Cohen et d&rsquo;autres montrent \u00e0 l&rsquo;\u00e9vidence que nous avons un probl\u00e8me g\u00e9n\u00e9ral d&#8217;emploi correctement r\u00e9mun\u00e9r\u00e9 pour tous, dans tous les pays d\u00e9velopp\u00e9s.<br \/>\n<\/span><\/p>\n<p><span style=\"color: #777777; font-family: Arial;\">Alors il existe des pays, peut-\u00eatre ont-ils raison, qui pr\u00e9f\u00e8rent des jobs tr\u00e8s mal pay\u00e9s (Allemagne, USA, GB) que pas de job du tout et des allocations ch\u00f4mages co\u00fbteuses (France).<br \/>\n<\/span><\/p>\n<p><span style=\"color: #777777; font-family: Arial;\">Mais s&rsquo;il n&rsquo;y a pas assez d&#8217;emplois pour tout le monde, j&rsquo;ai du mal \u00e0 comprendre que la solution est de faire travailler davantage celles et ceux qui ont d\u00e9j\u00e0 un emploi.<br \/>\n<\/span><\/p>\n<p><span style=\"color: #0000ff;\"><a style=\"color: #0000ff;\" href=\"http:\/\/tempsreel.nouvelobs.com\/bien-bien\/20151001.OBS6854\/la-suede-teste-la-journee-de-6-heures-et-ca-fonctionne.html\"><span style=\"font-family: Arial; text-decoration: underline;\">&lt;Notons, qu&rsquo;en Su\u00e8de la municipalit\u00e9 de G\u00f6teborg exp\u00e9rimente la journ\u00e9e de 6 heures et la semaine de 30 heures avec pour objectif d&rsquo;augmenter la productivit\u00e9&gt;<\/span><\/a><\/span><span style=\"color: #777777; font-family: Arial;\"><br \/>\n<\/span><\/p>\n<p><span style=\"color: #777777; font-family: Arial;\">Mais ce n&rsquo;est pas de cet aspect de la dur\u00e9e du travail que je souhaite vous entretenir aujourd&rsquo;hui mais de la r\u00e9f\u00e9rence m\u00eame au temps de travail comme mesure du travail.<br \/>\n<\/span><\/p>\n<p><span style=\"color: #777777; font-family: Arial;\">Parce que la tentation, \u00ab la modernit\u00e9 \u00bb conduit toujours davantage \u00e0 consid\u00e9rer que le temps de travail constitue une mesure archa\u00efque du travail. C&rsquo;est particuli\u00e8rement vrai dans le monde num\u00e9rique.<br \/>\n<\/span><\/p>\n<p><span style=\"color: #777777; font-family: Arial;\">On est pass\u00e9 d&rsquo;une \u00e9conomie de \u00abmain d&rsquo;\u0153uvre\u00bb \u00e0 une \u00e9conomie de \u00abcerveau d&rsquo;\u0153uvre\u00bb et le cerveau n&rsquo;arr\u00eate pas de r\u00e9fl\u00e9chir. On r\u00e9fl\u00e9chit tout le temps.<br \/>\n<\/span><\/p>\n<p><span style=\"color: #777777; font-family: Arial;\">Par quoi veut-on alors le remplacer ?<br \/>\n<\/span><\/p>\n<p><span style=\"color: #777777; font-family: Arial;\">Certains parlent de \u00abcharge de travail\u00bb \u00e0 laquelle l&#8217;employ\u00e9 doit faire face.<br \/>\n<\/span><\/p>\n<p><span style=\"color: #777777; font-family: Arial;\">Plus g\u00e9n\u00e9ralis\u00e9 est le management par objectif qui permet aussi de s&rsquo;\u00e9manciper largement du temps de travail. Au d\u00e9but, cette convention \u00ab Tu as un objectif \u00e0 atteindre, mais tu t&rsquo;organises comme tu l&rsquo;entends \u00bb constitue un hymne \u00e0 la libert\u00e9, \u00e0 l&rsquo;ing\u00e9niosit\u00e9 et peut \u00eatre m\u00eame \u00e0 la capacit\u00e9 de travailler moins si on \u00ab se d\u00e9brouille tr\u00e8s bien \u00bb. Et puis un objectif, en principe c&rsquo;est objectif et rationnel.<br \/>\n<\/span><\/p>\n<p><span style=\"color: #777777; font-family: Arial;\">Mais vous comprendrez bien que la quantification de l&rsquo;objectif, comme la charge de travail, peut constituer un pi\u00e8ge qui pour celui qui s&rsquo;astreint ou m\u00eame est contraint, sous peine de perdre son emploi, d&rsquo;atteindre son objectif, peut d\u00e9g\u00e9n\u00e9rer dans une explosion perverse de la dur\u00e9e consacr\u00e9e au travail.<br \/>\n<\/span><\/p>\n<p><span style=\"color: #777777; font-family: Arial;\">Pascal Lokiec, professeur de droit social \u00e0 l&rsquo;universit\u00e9 Paris Ouest-Nanterre-La D\u00e9fense invit\u00e9 \u00e0 <span style=\"color: #0000ff;\"><a style=\"color: #0000ff;\" href=\"http:\/\/www.franceculture.fr\/emission-du-grain-a-moudre-le-salariat-est-il-soluble-dans-le-numerique-2015-09-15\"><span style=\"text-decoration: underline;\">l&rsquo;\u00e9mission du grain \u00e0 moudre du 15\/09\/2015<\/span><\/a><\/span> rappelle qu&rsquo;en r\u00e9alit\u00e9 seul le temps de travail, la dur\u00e9e qu&rsquo;on consacre au travail constitue une mesure objective.<br \/>\n<\/span><\/p>\n<p><span style=\"color: #777777; font-family: Arial;\">Il explique :<br \/>\n<\/span><\/p>\n<p style=\"margin-left: 28pt;\"><span style=\"color: #c00000; font-family: Arial;\">\u00ab Il faut \u00eatre tr\u00e8s vigilant quand on entend dire que demain le temps de travail ne sera plus la mesure du travail. Le temps de travail est protecteur \u00e0 plusieurs titres :<br \/>\n<\/span><span style=\"color: #c00000; font-family: Arial;\">D&rsquo;abord il se mesure de mani\u00e8re objective<br \/>\n<\/span><span style=\"color: #c00000; font-family: Arial;\">La charge de travail qu&rsquo;on veut parfois substituer au temps de travail est tr\u00e8s subjective<br \/>\n<\/span><span style=\"color: #c00000; font-family: Arial;\">Ensuite le temps de travail permet de s\u00e9parer la vie professionnelle de la vie personnelle.<br \/>\n<\/span><span style=\"color: #c00000; font-family: Arial;\">Et enfin limiter le temps de travail c&rsquo;est prot\u00e9ger la sant\u00e9.\u00bb<br \/>\n<\/span><\/p>\n<p><span style=\"color: #777777; font-family: Arial;\">C&rsquo;est pourquoi la dur\u00e9e de travail reste un crit\u00e8re d\u00e9terminant.<br \/>\n<\/span><\/p>\n<p><span style=\"color: #777777; font-family: Arial;\">L&rsquo;\u00e9mission \u00e9tait consacr\u00e9e \u00e0 un rapport sur le droit du travail du DRH d&rsquo;Orange \u00e0 Myriam El Khomri consacr\u00e9 aux impacts du num\u00e9rique sur la vie au travail.<br \/>\n<\/span><\/p>\n<p><span style=\"color: #777777; font-family: Arial;\">Parmi les propositions, une red\u00e9finition du salariat et une r\u00e9flexion sur le temps de travail.<br \/>\n<\/span><\/p>\n<p><span style=\"color: #777777; font-family: Arial;\">[\u2026] Elles sont cens\u00e9es alimenter le projet de loi que la ministre du Travail pr\u00e9sentera, au plus t\u00f4t, d&rsquo;ici la fin de l&rsquo;ann\u00e9e.<br \/>\n<\/span><\/p>\n<p><span style=\"color: #777777; font-family: Arial;\">Est-il n\u00e9cessaire de l\u00e9gif\u00e9rer sur le sujet ?<br \/>\n<\/span><\/p>\n<p><span style=\"color: #777777; font-family: Arial;\">Ce qui est s\u00fbr, c&rsquo;est que l&rsquo;arriv\u00e9e du num\u00e9rique a profond\u00e9ment modifi\u00e9 notre rapport au travail. Au sein de l&rsquo;entreprise en brouillant la fronti\u00e8re entre vie professionnelle et vie priv\u00e9e, au point de remettre en cause la notion \u2013centrale- de temps de travail. Mais aussi en dehors, en favorisant l&rsquo;\u00e9mergence de nouveaux entrepreneurs, des travailleurs ind\u00e9pendants, plus autonomes mais aussi plus pr\u00e9caires puisque n&rsquo;\u00e9tant pas s\u00e9curis\u00e9 par un contrat. Comment accompagner ces bouleversements sans renier les fondements du droit du travail ?<br \/>\n<\/span><\/p>\n<p><span style=\"color: #777777; font-family: Arial;\">Sur ces sujets, Mediapart a d\u00e9nich\u00e9 une intervention du PDG d&rsquo;Air France qui se lance dans des r\u00e9flexions \u00abtr\u00e8s libres et tr\u00e8s ouvertes\u00bb.<br \/>\n<\/span><\/p>\n<p><a href=\"https:\/\/vimeo.com\/116748738\"><span style=\"color: blue; font-family: Arial; text-decoration: underline;\">&lt;Ici vous trouverez la video de cette intervention lors des entretiens de Royaumont en d\u00e9cembre 2014&gt;<\/span><\/a><span style=\"color: #777777; font-family: Arial;\"><br \/>\n<\/span><\/p>\n<p><span style=\"color: #800000; font-family: Arial;\">&lt;572&gt;<\/span><\/p>\n","protected":false},"excerpt":{"rendered":"<p>\u00abLe temps de travail est protecteur \u00e0 plusieurs titres \u2013 il se mesure de mani\u00e8re objective \u2013 il permet de s\u00e9parer la vie professionnelle de la vie personnelle. \u2013 le limiter, c\u2019est prot\u00e9ger la sant\u00e9.\u00bb Pascal Lokiec, professeur de droit<\/p>\n","protected":false},"author":1,"featured_media":0,"comment_status":"closed","ping_status":"closed","sticky":false,"template":"","format":"standard","meta":{"footnotes":""},"categories":[1],"tags":[16,76,75],"class_list":["post-1270","post","type-post","status-publish","format-standard","hentry","category-motdujour","tag-droit","tag-social","tag-travail"],"_links":{"self":[{"href":"https:\/\/lemotdujour.fr\/index.php?rest_route=\/wp\/v2\/posts\/1270","targetHints":{"allow":["GET"]}}],"collection":[{"href":"https:\/\/lemotdujour.fr\/index.php?rest_route=\/wp\/v2\/posts"}],"about":[{"href":"https:\/\/lemotdujour.fr\/index.php?rest_route=\/wp\/v2\/types\/post"}],"author":[{"embeddable":true,"href":"https:\/\/lemotdujour.fr\/index.php?rest_route=\/wp\/v2\/users\/1"}],"replies":[{"embeddable":true,"href":"https:\/\/lemotdujour.fr\/index.php?rest_route=%2Fwp%2Fv2%2Fcomments&post=1270"}],"version-history":[{"count":5,"href":"https:\/\/lemotdujour.fr\/index.php?rest_route=\/wp\/v2\/posts\/1270\/revisions"}],"predecessor-version":[{"id":10144,"href":"https:\/\/lemotdujour.fr\/index.php?rest_route=\/wp\/v2\/posts\/1270\/revisions\/10144"}],"wp:attachment":[{"href":"https:\/\/lemotdujour.fr\/index.php?rest_route=%2Fwp%2Fv2%2Fmedia&parent=1270"}],"wp:term":[{"taxonomy":"category","embeddable":true,"href":"https:\/\/lemotdujour.fr\/index.php?rest_route=%2Fwp%2Fv2%2Fcategories&post=1270"},{"taxonomy":"post_tag","embeddable":true,"href":"https:\/\/lemotdujour.fr\/index.php?rest_route=%2Fwp%2Fv2%2Ftags&post=1270"}],"curies":[{"name":"wp","href":"https:\/\/api.w.org\/{rel}","templated":true}]}}