{"id":12680,"date":"2021-11-17T00:12:00","date_gmt":"2021-11-16T23:12:00","guid":{"rendered":"http:\/\/lemotdujour.fr\/?p=12680"},"modified":"2021-11-15T23:13:45","modified_gmt":"2021-11-15T22:13:45","slug":"mercredi-17-novembre-2021","status":"publish","type":"post","link":"https:\/\/lemotdujour.fr\/?p=12680","title":{"rendered":"Mercredi 17 novembre 2021"},"content":{"rendered":"<div class=\"mdjTexte\">\u00ab\u00a0Silence\u00a0\u00bb<\/div>\n<div class=\"mdjAuteur\">Po\u00e8me d&rsquo;Albert Samain<\/div>\n<p><span style=\"color: #777777; font-family: Arial;\">On ne sort pas de ce cheminement, le long de la route de Lhasa, au bout de l&rsquo;\u00e9motion, sans \u00eatre troubl\u00e9 et profond\u00e9ment marqu\u00e9.<br \/>\n<\/span><\/p>\n<p><span style=\"color: #777777; font-family: Arial;\">Passer imm\u00e9diatement \u00e0 un autre sujet est difficile.<br \/>\n<\/span><\/p>\n<p><span style=\"color: #777777; font-family: Arial;\">Il faut probablement franchir une \u00e9tape qui s&rsquo;apparente \u00e0 un sas de d\u00e9compression.<br \/>\n<\/span><\/p>\n<p><span style=\"color: #777777; font-family: Arial;\">Alors je me suis souvenu d&rsquo;avoir entam\u00e9 cette nouvelle saison en \u00e9voquant le silence des moines du couvent de la chartreuse.<br \/>\n<\/span><\/p>\n<p><img loading=\"lazy\" decoding=\"async\" class=\"alignleft\" src=\"https:\/\/lemotdujour.fr\/wp-content\/uploads\/2021\/11\/111521_0012_Lundixxjuin1.jpg\" alt=\"\" width=\"539\" height=\"304\" align=\"left\" \/><span style=\"color: #777777; font-family: Arial;\">Le silence\u00a0!<br \/>\n<\/span><\/p>\n<p><span style=\"color: #777777; font-family: Arial;\">Le silence ne se limite pas \u00e0 se taire.<br \/>\n<\/span><\/p>\n<p><span style=\"color: #777777; font-family: Arial;\">Deux \u00eatres humains, assis c\u00f4te \u00e0 c\u00f4te, absorb\u00e9s par leur smartphone, se taisent, mais ne sont pas dans le silence.<br \/>\n<\/span><\/p>\n<p><span style=\"color: #777777; font-family: Arial;\">Pour \u00eatre dans le silence, il faut d&rsquo;abord \u00eatre pr\u00e9sent, simplement \u00eatre l\u00e0.<br \/>\n<\/span><\/p>\n<p><span style=\"color: #777777; font-family: Arial;\">Et puis, il faut \u00eatre ouvert \u00e0 la beaut\u00e9, \u00e0 l&rsquo;univers dans lequel nous sommes un petit corps vivant, \u00e0 l&rsquo;autre, \u00e0 sa joie, sa douleur, son \u00e9motion, ses questionnements.<br \/>\n<\/span><\/p>\n<p><span style=\"color: #777777; font-family: Arial;\">Le silence est accueil.<br \/>\n<\/span><\/p>\n<p><span style=\"color: #777777; font-family: Arial;\">En butinant sur la toile, j&rsquo;ai accueilli ce po\u00e8me <a href=\"https:\/\/fr.wikipedia.org\/wiki\/Albert_Samain\"><span style=\"color: #0000ff;\">d&rsquo;Albert Samain\u00a0<\/span><\/a>: \u00ab\u00a0<strong>Silence<\/strong>\u00a0\u00bb<br \/>\n<\/span><\/p>\n<p><span style=\"color: #777777; font-family: Arial;\">Je me souviens d&rsquo;avoir appris, \u00e0 l&rsquo;\u00e9cole primaire, certaines de ses po\u00e9sies.<br \/>\n<\/span><\/p>\n<p><span style=\"color: #777777; font-family: Arial;\">Il vivait au XIX\u00e8me si\u00e8cle.<br \/>\n<\/span><\/p>\n<p><span style=\"color: #777777; font-family: Arial;\">Il n&rsquo;a pas connu la premi\u00e8re ann\u00e9e du XX\u00e8me si\u00e8cle puisqu&rsquo;il est mort en 1900, \u00e0 l&rsquo;\u00e2ge de 42 ans.<br \/>\n<\/span><\/p>\n<p><span style=\"color: #777777; font-family: Arial;\">C&rsquo;est la tuberculose qui \u00e9tait tr\u00e8s meurtri\u00e8re dans ce temps-l\u00e0, qui l&rsquo;a emport\u00e9.<br \/>\n<\/span><\/p>\n<p><span style=\"color: #777777; font-family: Arial;\">Son po\u00e8me parle de silence, certes pas du silence des moines. Un silence davantage tourn\u00e9 vers l&rsquo;humain que vers le divin : <\/span><\/p>\n<p style=\"margin-left: 28pt;\"><span style=\"color: #c00000; font-family: Arial;\">Le silence descend en nous,<br \/>\nTes yeux mi-voil\u00e9s sont plus doux ;<br \/>\nLaisse mon c\u0153ur sur tes genoux.<\/span><\/p>\n<p style=\"margin-left: 28pt;\"><span style=\"color: #c00000; font-family: Arial;\">Sous ta chevelure \u00e9pandue<br \/>\nDe ta robe un peu descendue<br \/>\nSort une blanche \u00e9paule nue.<\/span><\/p>\n<p style=\"margin-left: 28pt;\"><span style=\"color: #c00000; font-family: Arial;\">La parole a des notes d&rsquo;or ;<br \/>\nLe silence est plus doux encor,<br \/>\nQuand les c\u0153urs sont pleins jusqu&rsquo;au bord.<\/span><\/p>\n<p style=\"margin-left: 28pt;\"><span style=\"color: #c00000; font-family: Arial;\">Il est des soirs d&rsquo;amour subtil,<br \/>\nDes soirs o\u00f9 l&rsquo;\u00e2me, semble-t-il,<br \/>\nNe tient qu&rsquo;\u00e0 peine par un fil&#8230;<\/span><\/p>\n<p style=\"margin-left: 28pt;\"><span style=\"color: #c00000; font-family: Arial;\">Il est des heures d&rsquo;agonie<br \/>\nO\u00f9 l&rsquo;on r\u00eave la mort b\u00e9nie<br \/>\nAu long d&rsquo;une \u00e9treinte infinie.<\/span><\/p>\n<p style=\"margin-left: 28pt;\"><span style=\"color: #c00000; font-family: Arial;\">La lampe douce se consume ;<br \/>\nL&rsquo;\u00e2me des roses nous parfume.<br \/>\nLe Temps bat sa petite enclume.<\/span><\/p>\n<p style=\"margin-left: 28pt;\"><span style=\"color: #c00000; font-family: Arial;\">Oh ! s&rsquo;en aller sans nul retour,<br \/>\nOh ! s&rsquo;en aller avant le jour,<br \/>\nLes mains toutes pleines d&rsquo;amour !<\/span><\/p>\n<p style=\"margin-left: 28pt;\"><span style=\"color: #c00000; font-family: Arial;\">Oh ! s&rsquo;en aller sans violence,<br \/>\nS&rsquo;\u00e9vanouir sans qu&rsquo;on y pense<br \/>\nD&rsquo;une supr\u00eame d\u00e9faillance&#8230;<\/span><\/p>\n<p style=\"margin-left: 28pt;\"><span style=\"color: #c00000; font-family: Arial;\">Silence !&#8230; Silence !&#8230; Silence !&#8230;<br \/>\n<em>Albert Samain.<\/em><br \/>\n<em><a href=\"https:\/\/gallica.bnf.fr\/ark:\/12148\/bpt6k5460334f?rk=21459;2\"><span style=\"color: #0000ff;\">Recueil : Au jardin de l&rsquo;infante<\/span><\/a><span style=\"color: #0000ff;\"> (1893).<\/span><\/em><\/span><\/p>\n<p><span style=\"color: #800000;\">&lt;1623&gt;<\/span><\/p>\n","protected":false},"excerpt":{"rendered":"<p>\u00ab\u00a0Silence\u00a0\u00bb Po\u00e8me d&rsquo;Albert Samain On ne sort pas de ce cheminement, le long de la route de Lhasa, au bout de l&rsquo;\u00e9motion, sans \u00eatre troubl\u00e9 et profond\u00e9ment marqu\u00e9. Passer imm\u00e9diatement \u00e0 un autre sujet est difficile. Il faut probablement franchir<\/p>\n","protected":false},"author":1,"featured_media":0,"comment_status":"open","ping_status":"closed","sticky":false,"template":"","format":"standard","meta":{"footnotes":""},"categories":[1],"tags":[15,8],"class_list":["post-12680","post","type-post","status-publish","format-standard","hentry","category-motdujour","tag-france","tag-poesie"],"_links":{"self":[{"href":"https:\/\/lemotdujour.fr\/index.php?rest_route=\/wp\/v2\/posts\/12680","targetHints":{"allow":["GET"]}}],"collection":[{"href":"https:\/\/lemotdujour.fr\/index.php?rest_route=\/wp\/v2\/posts"}],"about":[{"href":"https:\/\/lemotdujour.fr\/index.php?rest_route=\/wp\/v2\/types\/post"}],"author":[{"embeddable":true,"href":"https:\/\/lemotdujour.fr\/index.php?rest_route=\/wp\/v2\/users\/1"}],"replies":[{"embeddable":true,"href":"https:\/\/lemotdujour.fr\/index.php?rest_route=%2Fwp%2Fv2%2Fcomments&post=12680"}],"version-history":[{"count":10,"href":"https:\/\/lemotdujour.fr\/index.php?rest_route=\/wp\/v2\/posts\/12680\/revisions"}],"predecessor-version":[{"id":12763,"href":"https:\/\/lemotdujour.fr\/index.php?rest_route=\/wp\/v2\/posts\/12680\/revisions\/12763"}],"wp:attachment":[{"href":"https:\/\/lemotdujour.fr\/index.php?rest_route=%2Fwp%2Fv2%2Fmedia&parent=12680"}],"wp:term":[{"taxonomy":"category","embeddable":true,"href":"https:\/\/lemotdujour.fr\/index.php?rest_route=%2Fwp%2Fv2%2Fcategories&post=12680"},{"taxonomy":"post_tag","embeddable":true,"href":"https:\/\/lemotdujour.fr\/index.php?rest_route=%2Fwp%2Fv2%2Ftags&post=12680"}],"curies":[{"name":"wp","href":"https:\/\/api.w.org\/{rel}","templated":true}]}}