{"id":1268,"date":"2015-10-07T02:00:00","date_gmt":"2015-10-06T22:00:00","guid":{"rendered":"http:\/\/lemotdujour.fr\/?p=1268"},"modified":"2022-06-29T15:27:49","modified_gmt":"2022-06-29T13:27:49","slug":"mercredi-07102015","status":"publish","type":"post","link":"https:\/\/lemotdujour.fr\/?p=1268","title":{"rendered":"Mercredi 7 octobre 2015"},"content":{"rendered":"<div class=\"mdjTexte\">\u00ab&nbsp;Shirley card&nbsp;\u00bb<\/div>\n<div class=\"mdjAuteur\">Manifestation de racisme silencieux<\/div>\n<p><span style=\"color: #777777; font-family: Arial;\">La France n&rsquo;est pas un pays de race blanche.<br \/>\n<\/span><\/p>\n<p><span style=\"color: #777777; font-family: Arial;\">En 1789, les fran\u00e7ais \u00e9taient quasi exclusivement de peau blanche.<br \/>\n<\/span><\/p>\n<p><span style=\"color: #777777; font-family: Arial;\">Aujourd&rsquo;hui il existe bien davantage de diversit\u00e9.<br \/>\n<\/span><\/p>\n<p><span style=\"color: #777777; font-family: Arial;\">Mais il n&rsquo;y a pas de race blanche, il n&rsquo;y a qu&rsquo;une race humaine.<br \/>\n<\/span><\/p>\n<p><span style=\"color: #777777; font-family: Arial;\">Et si un un humain a besoin urgemment d&rsquo;une transfusion sanguine, un humain de peau blanche n&rsquo;aura pas forc\u00e9ment besoin du sang d&rsquo;un autre humain de peau blanche, mais bien du sang d&rsquo;un humain disposant du m\u00eame groupe sanguin et dont la couleur de la peau n&rsquo;a aucune importance.<br \/>\n<\/span><\/p>\n<p><span style=\"color: #777777; font-family: Arial;\">\u00c7a c&rsquo;est dit !<br \/>\n<\/span><\/p>\n<p><span style=\"color: #777777; font-family: Arial;\">Mais gr\u00e2ce \u00e0<span style=\"color: #0000ff;\"><a style=\"color: #0000ff;\" href=\"http:\/\/www.franceculture.fr\/emission-revue-de-presse-internationale-chronique-du-racisme-ordinaire-2015-10-02\"><span style=\"text-decoration: underline;\"> la revue de presse internationale de France Culture du 02\/10\/2015<\/span><\/a> <\/span>j&rsquo;ai appris qu&rsquo;il avait exist\u00e9 une \u00abShirley card\u00bb<br \/>\n<\/span><\/p>\n<p><span style=\"color: #777777; font-family: Arial;\">Pour les plus jeunes, il faut d&rsquo;abord rappeler qu&rsquo;avant les cartes m\u00e9moires et la photo num\u00e9rique, il existait des pellicules photos qu&rsquo;il fallait d\u00e9velopper pour obtenir des photos. Et que le \u00abmicrosoft\u00bb des pellicules photos s&rsquo;appelait <span style=\"color: #0000ff;\"><a style=\"color: #0000ff;\" href=\"https:\/\/fr.wikipedia.org\/wiki\/Kodak\">Kodak.<\/a><\/span><br \/>\n<\/span><\/p>\n<p><span style=\"color: #777777; font-family: Arial;\">C&rsquo;est dans ce domaine qu&rsquo;il a exist\u00e9 la \u00abShirley card\u00bb. La carte Shirley, est une photo repr\u00e9sentant une jeune femme blanche, qui s&rsquo;appelait selon toute vraisemblance du m\u00eame nom. Et ce terme est ensuite devenu plus g\u00e9n\u00e9rique, d\u00e9signant l&rsquo;ensemble des photos de jolies femmes blanches, dont la carnation servait de base pour doser le rendu couleur des pellicules.<br \/>\n<\/span><\/p>\n<p><span style=\"color: #777777; font-family: Arial;\">Parce qu&rsquo;une pellicule photo est faite, en r\u00e9alit\u00e9, de plusieurs couches enduites de substances chimiques, qui ont chacune un r\u00f4le de capteur de lumi\u00e8re bien pr\u00e9cis, pour produire un rendu couleur \u00e9quilibr\u00e9. Et jusqu&rsquo;aux ann\u00e9es 1990, elles \u00e9taient donc dos\u00e9es pour un rendu d\u00e9di\u00e9 \u00e0 des peaux blanches et non pour rendre des nuances de brun ou de noir. Des tests ont \u00e9t\u00e9 r\u00e9alis\u00e9s \u00e0 partir de photos des ann\u00e9es 1970, prises avec un appareil Kodak. R\u00e9sultat, quand les peaux blanches ressortent et sont nettes, les peaux noires, elles, sont uniformes et sans nuance.<br \/>\n<\/span><\/p>\n<p><span style=\"color: #777777; font-family: Arial;\">C&rsquo;est <span style=\"color: #0000ff;\"><a style=\"color: #0000ff;\" href=\"http:\/\/www.slate.fr\/story\/107285\/pellicules-photo-peaux-blanches-noires\"><span style=\"text-decoration: underline;\">un article du magazine SLATE<\/span><\/a><\/span> qui nous r\u00e9v\u00e8le ainsi que les pellicules photos n&rsquo;ont pas \u00e9t\u00e9 con\u00e7ues pour les peaux noires. Et la mani\u00e8re dont les professionnels s&rsquo;en sont aper\u00e7us est surprenante. C&rsquo;est la difficult\u00e9 d&rsquo;obtenir un bon rendu pour les photos de chocolat ou de certains types de bois dans les publicit\u00e9s de meubles, qui a mis en \u00e9vidence ce d\u00e9s\u00e9quilibre.<br \/>\n<\/span><\/p>\n<p><span style=\"color: #777777; font-family: Arial;\">Kodak a \u00e9t\u00e9 puni ! L&rsquo;entreprise n&rsquo;a pas vu venir la r\u00e9volution num\u00e9rique et le 19 janvier 2012, Kodak d\u00e9pose le bilan. Kodak et ses filiales am\u00e9ricaines demandent \u00e0 b\u00e9n\u00e9ficier de la protection de la loi sur les faillites afin de pouvoir se restructurer. Pour sortir de sa mauvaise situation financi\u00e8re, le groupe vend des brevets, notamment \u00e0 Apple et Google, et change son organisation. A priori en septembre 2013, Kodak parvient \u00e0 sortir de sortir du processus de faillite. Elle comptait 145 300 salari\u00e9s \u00e0 son apog\u00e9e en 1988, l&rsquo;effectif mondial de Kodak est tomb\u00e9 en dessous de 20 000 depuis.<br \/>\n<\/span><\/p>\n<p><span style=\"color: #777777; font-family: Arial;\">Les jeunes num\u00e9rix boy et girls vont dire : c&rsquo;est de l&rsquo;histoire ancienne, gr\u00e2ce au num\u00e9rique plus de manipulation pour rendre les blancs plus beau !<br \/>\n<\/span><\/p>\n<p><span style=\"color: #777777; font-family: Arial;\">Que nenni !<br \/>\n<\/span><\/p>\n<p><span style=\"color: #777777; font-family: Arial;\">Slate nous apprend qu&rsquo;il existe des avatars modernes et num\u00e9riques. \u00abUn article du site am\u00e9ricain RACKED explique ainsi que la plupart des filtres Instagram consistent surtout \u00e0 blanchir le teint des personnes photographi\u00e9es. Et l&rsquo;article d&rsquo;en conclure : c&rsquo;est ce qu&rsquo;on appelle le racisme silencieux.\u00bb<br \/>\n<\/span><\/p>\n<p><span style=\"color: #777777; font-family: Arial;\">et voici un exemple de la Shirley card<br \/>\n<\/span><\/p>\n<p><img decoding=\"async\" src=\"https:\/\/lemotdujour.fr\/wp-content\/uploads\/2018\/07\/070418_2048_LundiXXjuin1.jpg\" alt=\"\"><span style=\"color: #777777; font-family: Arial;\"><br \/>\n<\/span><\/p>\n<p><span style=\"color: #777777; font-family: Arial;\">Vous appr\u00e9cierez le mot \u00ab<strong>NORMAL<\/strong>\u00bb utilis\u00e9 et je m&rsquo;interroge sur ce qui peut bien \u00eatre anormal ?<br \/>\n<\/span><\/p>\n<p><span style=\"color: #800000; font-family: Arial;\">&lt;571&gt;<\/span><\/p>\n","protected":false},"excerpt":{"rendered":"<p>\u00ab&nbsp;Shirley card&nbsp;\u00bb Manifestation de racisme silencieux La France n&rsquo;est pas un pays de race blanche. En 1789, les fran\u00e7ais \u00e9taient quasi exclusivement de peau blanche. Aujourd&rsquo;hui il existe bien davantage de diversit\u00e9. Mais il n&rsquo;y a pas de race blanche,<\/p>\n","protected":false},"author":1,"featured_media":0,"comment_status":"closed","ping_status":"closed","sticky":false,"template":"","format":"standard","meta":{"footnotes":""},"categories":[1],"tags":[17,28,103],"class_list":["post-1268","post","type-post","status-publish","format-standard","hentry","category-motdujour","tag-histoire","tag-photo","tag-racisme"],"_links":{"self":[{"href":"https:\/\/lemotdujour.fr\/index.php?rest_route=\/wp\/v2\/posts\/1268","targetHints":{"allow":["GET"]}}],"collection":[{"href":"https:\/\/lemotdujour.fr\/index.php?rest_route=\/wp\/v2\/posts"}],"about":[{"href":"https:\/\/lemotdujour.fr\/index.php?rest_route=\/wp\/v2\/types\/post"}],"author":[{"embeddable":true,"href":"https:\/\/lemotdujour.fr\/index.php?rest_route=\/wp\/v2\/users\/1"}],"replies":[{"embeddable":true,"href":"https:\/\/lemotdujour.fr\/index.php?rest_route=%2Fwp%2Fv2%2Fcomments&post=1268"}],"version-history":[{"count":5,"href":"https:\/\/lemotdujour.fr\/index.php?rest_route=\/wp\/v2\/posts\/1268\/revisions"}],"predecessor-version":[{"id":13685,"href":"https:\/\/lemotdujour.fr\/index.php?rest_route=\/wp\/v2\/posts\/1268\/revisions\/13685"}],"wp:attachment":[{"href":"https:\/\/lemotdujour.fr\/index.php?rest_route=%2Fwp%2Fv2%2Fmedia&parent=1268"}],"wp:term":[{"taxonomy":"category","embeddable":true,"href":"https:\/\/lemotdujour.fr\/index.php?rest_route=%2Fwp%2Fv2%2Fcategories&post=1268"},{"taxonomy":"post_tag","embeddable":true,"href":"https:\/\/lemotdujour.fr\/index.php?rest_route=%2Fwp%2Fv2%2Ftags&post=1268"}],"curies":[{"name":"wp","href":"https:\/\/api.w.org\/{rel}","templated":true}]}}