{"id":12676,"date":"2021-11-15T00:34:00","date_gmt":"2021-11-14T23:34:00","guid":{"rendered":"http:\/\/lemotdujour.fr\/?p=12676"},"modified":"2021-11-12T21:04:24","modified_gmt":"2021-11-12T20:04:24","slug":"lundi-15-novembre-2021","status":"publish","type":"post","link":"https:\/\/lemotdujour.fr\/?p=12676","title":{"rendered":"Lundi 15 Novembre 2021"},"content":{"rendered":"<div class=\"mdjTexte\">\u00ab&nbsp;La derni\u00e8re chanson de Lhasa.&nbsp;\u00bb<\/div>\n<div class=\"mdjAuteur\">Selon un r\u00e9cit de son ami Arthur H<\/div>\n<p><span style=\"color: #777777; font-family: Arial;\">J&rsquo;avais commenc\u00e9 cette s\u00e9rie par une question&nbsp;: Connaissez-vous Lhasa&nbsp;?<br \/>\n<\/span><\/p>\n<p><span style=\"color: #777777; font-family: Arial;\">Et puis, je vous ai renvoy\u00e9 vers ce documentaire &lt;<a href=\"https:\/\/www.franceculture.fr\/emissions\/toute-une-vie\/la-route-de-lhasa-1972-2010\"><span style=\"color: blue; text-decoration: underline;\"><strong>La route de Lhasa (1972-2010)<\/strong><\/span><\/a>&gt; qui me l&rsquo;a fait d\u00e9couvrir.<br \/>\n<\/span><\/p>\n<p><span style=\"color: #777777; font-family: Arial;\">Apr\u00e8s, je vous ai invit\u00e9 \u00e0 entreprendre avec moi la visite de la route de Lhasa. Je n&rsquo;en ai d\u00e9couvert qu&rsquo;une partie et j&rsquo;en ai partag\u00e9 moins encore.<br \/>\n<\/span><\/p>\n<p><span style=\"color: #777777; font-family: Arial;\">Pourtant, j&rsquo;ai la faiblesse de penser que si vous avez accept\u00e9 de me suivre et que vous aviez r\u00e9pondu \u00e0 la premi\u00e8re question, \u00ab non \u00bb, vous r\u00e9pondrez d\u00e9sormais : \u00abOui je connais <strong>Lhasa de Sela\u00bb<\/strong> et ce \u00ab&nbsp;<strong>Oui<\/strong> \u00bb contiendra quelque chose comme une lumi\u00e8re, une gratitude envers cette artiste incroyable. Mon exploration de la route de Lhasa s&rsquo;ach\u00e8ve aujourd&rsquo;hui, par la d\u00e9couverte de la derni\u00e8re chanson de Lhasa selon le fils de Jacques Higelin.<br \/>\n<\/span><\/p>\n<p><span style=\"color: #777777; font-family: Arial;\">Je l&rsquo;ai \u00e9crit vendredi, Lhasa au d\u00e9but de son cancer, n&rsquo;a pas accept\u00e9 de se soumettre aux traitements conventionnels propos\u00e9s par la m\u00e9decine occidentale.<br \/>\n<\/span><\/p>\n<p><span style=\"color: #777777; font-family: Arial;\">Si les chansons du dernier album ont \u00e9t\u00e9 \u00e9crits avant la r\u00e9v\u00e9lation de la maladie, l&rsquo;enregistrement et la confection du disque ont \u00e9t\u00e9 r\u00e9alis\u00e9s alors que la maladie \u00e9tait tr\u00e8s pr\u00e9sente.<br \/>\n<\/span><\/p>\n<p><span style=\"color: #777777; font-family: Arial;\">Les traitements conventionnels, enfin tent\u00e9s, ont offert une accalmie, probablement de l&rsquo;espoir, mais pas de r\u00e9mission.<br \/>\n<\/span><\/p>\n<p><span style=\"color: #777777; font-family: Arial;\">L&rsquo;accalmie a permis de d\u00e9buter la promotion de l&rsquo;album ultime : deux fois \u00e0 Paris, une fois \u00e0 Londres et deux fois en Islande.<br \/>\n<\/span><\/p>\n<p><span style=\"color: #777777; font-family: Arial;\">C&rsquo;est en Islande qu&rsquo;eurent lieu les deux derniers concerts. Le journal canadien<span style=\"color: #0000ff;\">&lt;<\/span><\/span><span style=\"font-family: Arial; color: #0000ff;\"><a style=\"color: #0000ff;\" href=\"https:\/\/www.ledevoir.com\/culture\/musique\/514410\/grand-angle-ce-qu-il-reste-de-lhasa\">Le Devoir&gt;<\/a><\/span><span style=\"color: #777777; font-family: Arial;\"> raconte<br \/>\n<\/span><\/p>\n<p style=\"margin-left: 28pt;\"><span style=\"color: #c00000; font-family: Arial;\">\u00ab Aller jouer en Islande, est-ce que \u00e7a vous tente ? \u00bb C&rsquo;est ainsi que Lhasa a lanc\u00e9 l&rsquo;offre \u00e0 ses musiciens, se souvient Joe Grass, le guitariste de la chanteuse \u00e0 l&rsquo;\u00e9poque. \u00ab Et on a \u00e9videmment dit : \u00ab\u00a0Euh\u2026 oui !\u00a0\u00bb \u00bb, rigole-t-il.<br \/>\n<\/span><\/p>\n<p style=\"margin-left: 28pt;\"><span style=\"color: #c00000; font-family: Arial;\">Deux concerts ont eu lieu au Reykjavik Arts Festival, les 23 et 24 mai 2009, en amont de la tourn\u00e9e pr\u00e9vue apr\u00e8s le lancement du disque Lhasa \u2014 tourn\u00e9e qui n&rsquo;aura finalement pas lieu pour des raisons de sant\u00e9. \u00ab C&rsquo;\u00e9tait dans une salle sur le carr\u00e9 principal \u00e0 Reykjavik, une belle place, une vieille b\u00e2tisse qui devait accueillir 800 personnes ou quelque chose comme \u00e7a \u00bb, raconte Grass.<br \/>\n<\/span><\/p>\n<p style=\"margin-left: 28pt;\"><span style=\"color: #c00000; font-family: Arial;\">Lhasa et ses musiciens \u2014 Joe Grass, Sarah Pag\u00e9, Andrew Barr et Miles Perkins \u2014 ont pass\u00e9 deux semaines l\u00e0-bas, une avant les concerts, l&rsquo;autre apr\u00e8s. \u00ab On \u00e9tait dans la campagne, \u00e0 une heure de Reykjavik, dans une petite cabin, se rem\u00e9more Joe Grass. On cuisinait le souper chaque soir, on \u00e9crivait, on jouait chaque jour pour pr\u00e9parer le show. C&rsquo;\u00e9tait plein d&rsquo;incertitudes, elle savait d\u00e9j\u00e0 qu&rsquo;elle \u00e9tait malade, on parlait de ne pas continuer [la tourn\u00e9e] ou de la faire autrement. Mais c&rsquo;\u00e9tait une belle exp\u00e9rience, tous ensemble. \u00bb<br \/>\n<\/span><\/p>\n<p><img decoding=\"async\" class=\"alignleft\" src=\"https:\/\/lemotdujour.fr\/wp-content\/uploads\/2021\/11\/110921_2334_Lundi15Nove1.jpg\" alt=\"\" align=\"left\"><span style=\"color: #777777; font-family: Arial;\">Un enregistrement live a \u00e9t\u00e9 fait de ces derniers concerts. Il s&rsquo;appelle <strong><em>\u00ab&nbsp;<\/em>Live in Reykjavik <em>\u00bb,<\/em><\/strong> il est paru en 2017.<br \/>\n<\/span><\/p>\n<p><span style=\"color: #777777; font-family: Arial;\">Voil\u00e0 ce qu&rsquo;on pouvait lire dans <\/span><span style=\"font-family: Arial;\"><a href=\"https:\/\/www.telerama.fr\/musiques\/live-in-reykjavik,n5372549.php\"><span style=\"color: #0000ff;\">TELERAMA le 29\/11\/2017<\/span><\/a><\/span> <span style=\"color: #777777; font-family: Arial;\">de ce live de Reykjavik<br \/>\n<\/span><\/p>\n<p style=\"margin-left: 28pt;\"><span style=\"color: #c00000; font-family: Arial;\"> \u00ab&nbsp;Ce live, in\u00e9dit, a \u00e9t\u00e9 capt\u00e9 \u00e0 Reykjavik en 2009, six mois avant la mort de la chanteuse. Bouleversant.<br \/>\n<\/span><\/p>\n<p style=\"margin-left: 28pt;\"><span style=\"color: #c00000; font-family: Arial;\">C&rsquo;est un chant d&rsquo;outre-tombe, gorg\u00e9 de douleurs et de joies, porteur d&rsquo;une sagesse infinie. C&rsquo;est l&rsquo;ultime concert de Lhasa, capt\u00e9 \u00e0 Reykjavik le 24 mai 2009, un peu plus de six mois avant qu&rsquo;elle disparaisse, \u00e0 seulement 37 ans. Il est d&rsquo;une beaut\u00e9 renversante. Tous ceux qui ont aim\u00e9 la jeune femme de son vivant seront emplis d&rsquo;\u00e9motion \u00e0 entendre ainsi sa voix qui chante, parle, rit \u2014 alors qu&rsquo;elle pensait donner le coup d&rsquo;envoi d&rsquo;une tourn\u00e9e que la maladie lui aura finalement interdit. [\u2026] Et que ceux qui ignoreraient le pouvoir de Lhasa se pr\u00e9cipitent ! Ils entendront ici un concert poignant, aux ombres cr\u00e9pusculaires mais dansantes, qui fut donn\u00e9 avec recueillement. C&rsquo;est de la m\u00eame fa\u00e7on qu&rsquo;il convient de le recevoir. Sans autre support qu&rsquo;une contrebasse, une harpe, une guitare et une batterie, la force quasi transcendantale du chant nous revient intacte, et saisissante.&nbsp;\u00bb<br \/>\n<em>Val\u00e9rie Lehoux<br \/>\n<\/em><\/span><\/p>\n<p><span style=\"color: #777777; font-family: Arial;\">C&rsquo;\u00e9tait les chansons du troisi\u00e8me album avec quelques chansons des albums pr\u00e9c\u00e9dents.<br \/>\n<\/span><\/p>\n<p><span style=\"color: #777777; font-family: Arial;\">En Islande, Lhasa en collaboration avec Joe Grass initiera la composition d&rsquo;une ultime chanson \u00ab&nbsp;<strong>Island Song<\/strong>&nbsp;\u00bb.<br \/>\n<\/span><\/p>\n<p><span style=\"color: #777777; font-family: Arial;\">Fred Goodman \u00e9crit&nbsp;: <\/span><\/p>\n<p><span style=\"color: #c00000;\"><span style=\"font-family: Arial;\">Trois jours \u00e0 peine apr\u00e8s \u00eatre rentr\u00e9e \u00e0 Montr\u00e9al, Lhasa s&rsquo;est point\u00e9e \u00e0 une r\u00e9p\u00e9tition avec l&rsquo;essentiel des paroles de \u00ab&nbsp;Island song&nbsp;\u00bb, la pi\u00e8ce qu&rsquo;elle avait \u00e9bauch\u00e9e avec Joe en Islande. Plus tard, cette semaine-l\u00e0, alors que Sarah (la harpiste) et le guitariste l&rsquo;accompagnaient dans une \u00e9mission de la CBC pour promouvoir l&rsquo;album, elle a insist\u00e9 pour inclure la nouvelle chanson au r\u00e9pertoire. Quelques jours plus tard , le trio en enregistrait une version d\u00e9finitive. Il s&rsquo;agit de l&rsquo;ultime enregistrement de Lhasa&nbsp;\u00bb<br \/>\n<em>Goodman \u00ab&nbsp;Envoutante Lhasa&nbsp;\u00bb Page 164<\/em><\/span><\/span><\/p>\n<p><span style=\"color: #777777;\"><span style=\"font-family: Arial;\">Je n&rsquo;ai pas trouv\u00e9 trace de cet enregistrement.<\/span><\/span><\/p>\n<p><span style=\"color: #777777;\"><span style=\"font-family: Arial;\">J&rsquo;ai trouv\u00e9 sur internet &lt;<a href=\"https:\/\/www.youtube.com\/watch?v=uWpPkQBlrSo\"><span style=\"color: #0000ff;\">Cette interpr\u00e9tation audio<\/span><\/a>&gt;.<\/span><\/span><\/p>\n<p><span style=\"color: #777777;\"><span style=\"font-family: Arial;\">Formellement il s&rsquo;agit de la derni\u00e8re chanson de Lhasa. <\/span><\/span><span style=\"color: #777777;\"><span style=\"font-family: Arial;\">Mais ce n&rsquo;est pas \u00ab&nbsp;Island Song&nbsp;\u00bb dont Arthur H parle quand il \u00e9voque la derni\u00e8re chanson de Lhasa<\/span><\/span><\/p>\n<p><span style=\"color: #777777; font-family: Arial;\"><strong>Arthur H<\/strong> \u00e9tait devenu ami de Lhasa, apr\u00e8s son premier concert parisien au Bataclan. Il <a href=\"https:\/\/www.lemonde.fr\/m-le-mag\/article\/2017\/12\/01\/odes-a-lhasa_5223333_4500055.html\"><span style=\"color: #0000ff;\">disait d&rsquo;elle<\/span>&nbsp;<\/a>:<em><br \/>\n<\/em><\/span><\/p>\n<p style=\"margin-left: 28pt;\"><span style=\"color: #c00000; font-family: Arial;\">\u00ab&nbsp;A ses c\u00f4t\u00e9s, on avait l&rsquo;impression que le temps se dilatait. Sous son aura, on entrait facilement dans le r\u00eave et la cr\u00e9ation&nbsp;\u00bb<em><br \/>\n<\/em><\/span><\/p>\n<p><span style=\"color: #777777; font-family: Arial;\">Et il a compos\u00e9 une chanson \u00e0 sa m\u00e9moire&nbsp;:<span style=\"color: #0000ff;\"> <a style=\"color: #0000ff;\" href=\"https:\/\/www.youtube.com\/watch?v=jWtQzn6hsa0&amp;list=RDjWtQzn6hsa0&amp;start_radio=1\">&lt;Sous les \u00e9toiles \u00e0 Montr\u00e9al&gt;<\/a><\/span> qui se trouve sur son album <span style=\"color: #0000ff;\">\u00ab&nbsp;<a style=\"color: #0000ff;\" href=\"https:\/\/www.qobuz.com\/fr-fr\/album\/amour-chien-fou-2cd-arthur-h\/3614978946238\">Chien fou&nbsp;<\/a>\u00bb&nbsp;:<\/span><br \/>\n<\/span><\/p>\n<p style=\"margin-left: 28pt;\"><span style=\"color: #c00000; font-family: Arial;\">Sous Les \u00e9toiles \u00e0 Montr\u00e9al<br \/>\n<\/span><\/p>\n<p style=\"margin-left: 28pt;\"><span style=\"color: #c00000; font-family: Arial;\">Musique hypnotique et le th\u00e9 trop chaud<br \/>\nPrincesse mexicaine au sourire de Mona Lisa<br \/>\nJe te respire et tu m&rsquo;inspires<br \/>\nSous les \u00e9toiles chez Lhasa<br \/>\n<\/span><\/p>\n<p style=\"margin-left: 28pt;\"><span style=\"color: #c00000; font-family: Arial;\">Jolie sorci\u00e8re tu nous tirais les cartes<br \/>\nLe Fou, la Lune et l&rsquo;Amoureux<br \/>\nLe destin \u00e9tait si audacieux<br \/>\nSous les \u00e9toiles \u00e0 Montr\u00e9al<br \/>\n<\/span><\/p>\n<p style=\"margin-left: 28pt;\"><span style=\"color: #c00000; font-family: Arial;\">La luz de tu cuerpo \u00e9tait si belle<br \/>\nLa luz de tu coraz\u00f3n aussi<br \/>\nJe n&rsquo;ai pas voulu te voir mourir<br \/>\nSous les \u00e9toiles \u00e0 Montr\u00e9al<br \/>\n<\/span><\/p>\n<p style=\"margin-left: 28pt;\"><span style=\"color: #c00000; font-family: Arial;\">Une nuit d&rsquo;hiver par la fen\u00eatre ouverte<br \/>\nS&rsquo;envole un souffle au-dessus<br \/>\nDe la ville blanche et mystique<br \/>\nSous les \u00e9toiles de Lhasa<br \/>\n<\/span><\/p>\n<p style=\"margin-left: 28pt;\"><span style=\"color: #c00000; font-family: Arial;\">Et tu chantes avec le Roi Cohen<br \/>\nSous les \u00e9toiles \u00e0 Montr\u00e9al<br \/>\nEt tu chantes avec le Roi Cohen<br \/>\nSous les \u00e9toiles \u00e0 Montr\u00e9al<br \/>\n<\/span><\/p>\n<p><span style=\"color: #777777; font-family: Arial;\">Gr\u00e2ce \u00e0 cette chanson j&rsquo;ai appris qu&rsquo;elle avait des liens avec<strong> Leonard Cohen<\/strong>. Le livre de Goodman n&rsquo;en parle pas.<br \/>\n<\/span><\/p>\n<p><span style=\"color: #777777; font-family: Arial;\">&lt;<a href=\"https:\/\/section-26.fr\/lhasa-de-sela-lhasa-tot-ou-tard-audiogram-2009\/\"><span style=\"color: #0000ff;\">Ce site<\/span><\/a> &gt; nous apprend que le directeur musical de Leonard Cohen, l&rsquo;a appel\u00e9e pour lui demander d&rsquo;auditionner au poste crucial de choriste pour la suite de la tourn\u00e9e de Leonard Cohen, l&rsquo;un de ses ma\u00eetres&nbsp;:<br \/>\n<\/span><\/p>\n<p style=\"margin-left: 28pt;\"><span style=\"color: #c00000; font-family: Arial;\">\u00ab&nbsp;Elle h\u00e9site peu ; l&rsquo;aventure promet d&rsquo;\u00eatre riche, la bienveillance du chanteur est r\u00e9put\u00e9e, et son disque \u00e0 elle peut \u00eatre d\u00e9cal\u00e9 : elle auditionne donc et les r\u00e9p\u00e9titions commencent. Au bout de quelques jours n\u00e9anmoins, elle va voir Cohen et lui annonce ce qu&rsquo;elle vient d&rsquo;apprendre : elle souffre d&rsquo;un cancer du sein, \u00e0 un stade avanc\u00e9. Le chanteur l&rsquo;encourage \u00e0 \u00ab faire le n\u00e9cessaire \u00bb, elle quitte donc le navire \u00e0 peine embarqu\u00e9 pour se consacrer \u00e0 sa vie, \u00e0 son disque&nbsp;\u00bb<br \/>\n<\/span><\/p>\n<p><span style=\"color: #777777; font-family: Arial;\">Quand on cherche, on trouve. Il y a cette vid\u00e9o qui montre <strong>Lhasa <\/strong>au Festival International de Jazz de Montr\u00e9al, en 2008, chanter la chanson de <strong>Leonard Cohen<\/strong> &lt;<span style=\"color: #0000ff;\"><a style=\"color: #0000ff;\" href=\"https:\/\/www.youtube.com\/watch?v=LgsdyUqbUYQ\">Who by Fire<\/a><\/span>&gt;.<br \/>\n<\/span><\/p>\n<p><img decoding=\"async\" class=\"alignleft\" src=\"https:\/\/lemotdujour.fr\/wp-content\/uploads\/2021\/11\/110921_2334_Lundi15Nove2.jpg\" alt=\"\" align=\"left\"><span style=\"color: #777777; font-family: Arial;\">Mais revenons \u00e0 la derni\u00e8re chanson de Lhasa, selon la sensibilit\u00e9 d&rsquo;Arthur H<br \/>\n<\/span><\/p>\n<p><span style=\"color: #777777; font-family: Arial;\">C&rsquo;est lui qui nous fait ce r\u00e9cit dans lequel, il raconte les circonstances dans lesquelles il a entendu la derni\u00e8re chanson de Lhasa&nbsp;:<br \/>\n<\/span><\/p>\n<p style=\"margin-left: 28pt;\"><span style=\"color: #c00000; font-family: Arial;\">\u00abJe vais vous raconter sa derni\u00e8re musique, sa derni\u00e8re chanson.<br \/>\nNous \u00e9tions \u00e0 Montr\u00e9al chez trois de ses s\u0153urs. Lhasa vivait \u00e0 Montr\u00e9al au Qu\u00e9bec, et Ayin, Sky et Miriam vivaient \u00e0 Montr\u00e9al en Bourgogne [dans l&rsquo;Yonne] (elles \u00e9taient tr\u00e8s connect\u00e9es).<br \/>\nAlexandra Karam, leur m\u00e8re avait rapport\u00e9 les cendres de sa fille dans une urne sobre.<br \/>\nLe matin, nous nous sommes rassembl\u00e9s dans une petite grange, il y avait tous les amis de France, beaucoup de circassiens, les amis de Marseille. C&rsquo;\u00e9tait presque six mois apr\u00e8s sa disparition et la douleur \u00e9tait encore tenace.<br \/>\nOn a projet\u00e9 un bout de film, \u00e9cout\u00e9 quelques interviews et la tristesse est tomb\u00e9e sur nous comme une montagne de plomb. [\u2026]<br \/>\n<\/span><\/p>\n<p style=\"margin-left: 28pt;\"><span style=\"color: #c00000; font-family: Arial;\">Une \u00e9toile \u00e9tait morte, l&rsquo;avenir avait cess\u00e9 d&rsquo;\u00eatre, rien ne semblait plus possible.<br \/>\nOn pouvait dans notre corps, sentir quelque chose de dur, de solide, qui nous emp\u00eachait de respirer.<br \/>\nPuis nous avons d\u00fb monter dans quelques voitures&nbsp;: il fallait se rendre dans une petite chapelle du Moyen \u00e2ge perdue dans les bois. Nous nous sommes gar\u00e9s, nous avons march\u00e9 5 minutes dans la for\u00eat puis nous nous sommes install\u00e9s \u00e0 c\u00f4t\u00e9 de l&rsquo;\u00e9glise, chacun trouvant sa place. Le sous-bois \u00e9tait frais, les arbres immenses, laissaient \u00e0 peine passer la lumi\u00e8re du soleil, pourtant nous \u00e9tions au mois de juin et il \u00e9tait midi. Tout est devenu tr\u00e8s doux [\u2026]<br \/>\nUn calme profond est apparu qui a presque fait dispara\u00eetre la tristesse.<br \/>\nPuis l&rsquo;urne, lentement, est pass\u00e9e de main en main, chacun l&rsquo;a serr\u00e9e contre son c\u0153ur, c&rsquo;\u00e9taient les derni\u00e8res traces physiques de Lhasa.<br \/>\nChacun a murmur\u00e9 des paroles de gratitude, des encouragements pour l&rsquo;autre monde, chacun a mesur\u00e9 la chance inou\u00efe d&rsquo;avoir crois\u00e9 cet \u00eatre. Les d\u00e9clarations d&rsquo;amour se suivaient et se ressemblaient. Une joie tr\u00e8s ancienne, qui \u00e9tait unique pour chacun, s&rsquo;est install\u00e9e, une joie \u00e9ph\u00e9m\u00e8re&nbsp;: le deuil ne faisait que commencer. Des enfants ont r\u00e9cit\u00e9 des po\u00e8mes, chant\u00e9 des chansons et quand le tour a \u00e9t\u00e9 fini, l&rsquo;atmosph\u00e8re \u00e9tait consid\u00e9rablement diff\u00e9rente, dense et l\u00e9g\u00e8re \u00e0 la fois.<br \/>\nL&rsquo;urne est revenue dans les bras d&rsquo;Alexandra et nous l&rsquo;avons suivie tandis qu&rsquo;elle se dirigeait vers le gros ruisseau qui coulait en contrebas. Alexandra s&rsquo;est agenouill\u00e9e, a ouvert l&rsquo;urne et tr\u00e8s d\u00e9licatement, a pris des poign\u00e9es de cendre qu&rsquo;elle a jet\u00e9es dans l&rsquo;eau.<br \/>\nAu d\u00e9but cela faisait de grandes t\u00e2ches noires puis rapidement, le courant qui \u00e9tait vif, a fait tournoyer la cendre.<br \/>\nStup\u00e9faits, r\u00e9ellement abasourdis, nous avons vu les derni\u00e8res traces de Lhasa s&rsquo;\u00e9claircir puis dispara\u00eetre totalement dans l&rsquo;onde, un retour tr\u00e8s concret dans la matrice de l&rsquo;univers.<br \/>\nC&rsquo;\u00e9tait un rite mystique, essentiel, au-del\u00e0 du temps, qui nous faisait comprendre de l&rsquo;int\u00e9rieur que nous aussi \u00e9tions destin\u00e9s \u00e0 retourner dans cette matrice.<br \/>\nUn grand silence s&rsquo;est fait qui nous a permis de mieux entendre la musique de l&rsquo;eau vive, puissante et gracieuse.<br \/>\n<strong>C&rsquo;\u00e9tait la derni\u00e8re chanson de Lhasa.<\/strong><br \/>\nLa m\u00e9moire de son sourire, de sa voix souple et chaude, la force du courant, les scintillements du soleil qui illuminait le ruisseau, le son de l&rsquo;eau, tout se m\u00e9langeait et tout disait&nbsp;: tout va bien, ne vous inqui\u00e9tez pas, je suis bien o\u00f9 je suis.<br \/>\nC&rsquo;\u00e9tait le son de l&rsquo;\u00e2me de Lhasa [\u2026]\u00bb<br \/>\n<em>Pr\u00e9face du livre \u00ab&nbsp;Envoutante Lhasa&nbsp;\u00bb Page 12 &amp; 13<br \/>\n<\/em><\/span><\/p>\n<p><img decoding=\"async\" src=\"https:\/\/lemotdujour.fr\/wp-content\/uploads\/2021\/11\/110921_2334_Lundi15Nove3.jpg\" alt=\"\"><\/p>\n<p><span style=\"color: #800000; font-family: Arial;\">&lt;1622&gt;<\/span><\/p>\n","protected":false},"excerpt":{"rendered":"<p>\u00ab&nbsp;La derni\u00e8re chanson de Lhasa.&nbsp;\u00bb Selon un r\u00e9cit de son ami Arthur H J&rsquo;avais commenc\u00e9 cette s\u00e9rie par une question&nbsp;: Connaissez-vous Lhasa&nbsp;? Et puis, je vous ai renvoy\u00e9 vers ce documentaire &lt;La route de Lhasa (1972-2010)&gt; qui me l&rsquo;a fait<\/p>\n","protected":false},"author":1,"featured_media":0,"comment_status":"open","ping_status":"closed","sticky":false,"template":"","format":"standard","meta":{"footnotes":""},"categories":[1],"tags":[159,193,29,153],"class_list":["post-12676","post","type-post","status-publish","format-standard","hentry","category-motdujour","tag-canada","tag-chanson","tag-hommage","tag-mort"],"_links":{"self":[{"href":"https:\/\/lemotdujour.fr\/index.php?rest_route=\/wp\/v2\/posts\/12676","targetHints":{"allow":["GET"]}}],"collection":[{"href":"https:\/\/lemotdujour.fr\/index.php?rest_route=\/wp\/v2\/posts"}],"about":[{"href":"https:\/\/lemotdujour.fr\/index.php?rest_route=\/wp\/v2\/types\/post"}],"author":[{"embeddable":true,"href":"https:\/\/lemotdujour.fr\/index.php?rest_route=\/wp\/v2\/users\/1"}],"replies":[{"embeddable":true,"href":"https:\/\/lemotdujour.fr\/index.php?rest_route=%2Fwp%2Fv2%2Fcomments&post=12676"}],"version-history":[{"count":9,"href":"https:\/\/lemotdujour.fr\/index.php?rest_route=\/wp\/v2\/posts\/12676\/revisions"}],"predecessor-version":[{"id":12724,"href":"https:\/\/lemotdujour.fr\/index.php?rest_route=\/wp\/v2\/posts\/12676\/revisions\/12724"}],"wp:attachment":[{"href":"https:\/\/lemotdujour.fr\/index.php?rest_route=%2Fwp%2Fv2%2Fmedia&parent=12676"}],"wp:term":[{"taxonomy":"category","embeddable":true,"href":"https:\/\/lemotdujour.fr\/index.php?rest_route=%2Fwp%2Fv2%2Fcategories&post=12676"},{"taxonomy":"post_tag","embeddable":true,"href":"https:\/\/lemotdujour.fr\/index.php?rest_route=%2Fwp%2Fv2%2Ftags&post=12676"}],"curies":[{"name":"wp","href":"https:\/\/api.w.org\/{rel}","templated":true}]}}