{"id":1266,"date":"2015-10-06T02:00:00","date_gmt":"2015-10-05T22:00:00","guid":{"rendered":"http:\/\/lemotdujour.fr\/?p=1266"},"modified":"2020-11-15T18:40:07","modified_gmt":"2020-11-15T17:40:07","slug":"mardi-06102015","status":"publish","type":"post","link":"https:\/\/lemotdujour.fr\/?p=1266","title":{"rendered":"Mardi 6 octobre 2015"},"content":{"rendered":"<div class=\"mdjTexte\">\t\u00abLa guerre en Syrie, depuis 3 ans, me rappelle la guerre en Espagne. Vous avez deux pays, la Russie et l\u2019Iran qui savent qui est leur alli\u00e9, qui savent qui est leur ennemi et qui ne connaissent aucune limite \u00e0 leurs actions. Et en face, vous avez des pays occidentaux divis\u00e9s et h\u00e9sitants. C\u2019est vraiment le parfum de la guerre d\u2019Espagne.\u00bb<\/div>\n<div class=\"mdjAuteur\">\tDominique Mo\u00efsi, politologue et g\u00e9opoliticien, conseiller de l\u2019IFRI, ancien professeur \u00e0 Harvard.<\/div>\n<p><span style=\"color: #777777; font-family: Arial;\">Les \u00e9v\u00e8nements en Syrie sont pr\u00e9occupants.<br \/>\n<\/span><\/p>\n<p><a href=\"http:\/\/tempsreel.nouvelobs.com\/monde\/20150930.OBS6775\/la-troisieme-guerre-mondiale-a-peut-etre-commence-aujourd-hui.html?xtref=http%3A%2F%2Ft.co%2FHm1ZblW3dF\"><span style=\"color: blue; font-family: Arial; text-decoration: underline;\"><span style=\"color: #0000ff; text-decoration: underline;\">Il y a m\u00eame des proph\u00e8tes de malheur qui pense possible que la 3\u00e8me guerre mondiale ait d\u00e9marr\u00e9 avec l&rsquo;intervention russe en Syrie et parall\u00e8lement des tensions de plus en plus fortes entre l&rsquo;Arabie Saoudite et l&rsquo;Iran.<\/span><\/span><\/a><span style=\"color: #777777; font-family: Arial;\"><br \/>\n<\/span><\/p>\n<p><span style=\"color: #777777; font-family: Arial;\">Certains, dont Poutine, comparent la situation en Syrie \u00e0 la 2\u00e8me guerre mondiale : DAESH c&rsquo;est Hitler et Assad c&rsquo;est Staline. Pour gagner contre DAESH, il faut s&rsquo;allier \u00e0 Bachar el Assad.<br \/>\n<\/span><\/p>\n<p><span style=\"color: #777777; font-family: Arial;\">Dans cette situation, l&rsquo;intervention de Dominique Mo\u00efsi <span style=\"color: #0000ff;\"><a style=\"color: #0000ff;\" href=\"http:\/\/www.europe1.fr\/evenements\/dominique-moisi-le-club-de-la-presse-2523687\"><span style=\"text-decoration: underline;\">au club de la presse d&rsquo;Europe 1<\/span><\/a> m<\/span>&lsquo;a sembl\u00e9 la plus \u00e9clairante.<br \/>\n<\/span><\/p>\n<p><span style=\"color: #777777; font-family: Arial;\">D&rsquo;abord comme r\u00e9f\u00e9rence historique, lui s&rsquo;appuie sur la guerre d&rsquo;Espagne. Ce qui n&rsquo;est pas non plus tr\u00e8s rassurant puisque tout cela a tr\u00e8s mal fini.<br \/>\n<\/span><\/p>\n<p><span style=\"color: #777777; font-family: Arial;\">Mais dans la guerre d&rsquo;Espagne il y avait aux prises un bloc militaire fasciste et des r\u00e9publicains divis\u00e9s. Le bloc militaire fasciste a b\u00e9n\u00e9fici\u00e9 d&rsquo;un appui militaire sans faille des nazis allemands et des fascistes italiens.<br \/>\n<\/span><\/p>\n<p><span style=\"color: #777777; font-family: Arial;\">Les pays occidentaux, ennemis des fascistes ont soutenu mollement les r\u00e9publicains, parce qu&rsquo;ils se m\u00e9fiaient des communistes qui y jouaient un r\u00f4le important.<br \/>\n<\/span><\/p>\n<p><span style=\"color: #777777; font-family: Arial;\">L&rsquo;issue a \u00e9t\u00e9 favorable au camp le mieux soutenu.<br \/>\n<\/span><\/p>\n<p><span style=\"color: #777777; font-family: Arial;\">Force est de constater que dans l&rsquo;affaire syrienne, la Russie, comme l&rsquo;Iran sont tr\u00e8s clairs : ils sont les alli\u00e9s de Bachar el Assad et leurs ennemis sont les ennemis de Bachar el Assad.<br \/>\n<\/span><\/p>\n<p><span style=\"color: #777777; font-family: Arial;\">L&rsquo;Occident a pour ennemi DAESH mais ne trouve pas d&rsquo;alli\u00e9 acceptable sur le terrain.<br \/>\n<\/span><\/p>\n<p><span style=\"color: #777777; font-family: Arial;\">Il \u00e9tait question tout au d\u00e9but d&rsquo;aider les d\u00e9mocrates. Mo\u00efsi dit :<br \/>\n<\/span><\/p>\n<p style=\"margin-left: 28pt;\"><span style=\"color: #c00000; font-family: Arial;\">\u00ab En Syrie, trouver des d\u00e9mocrates dans les groupes rebelles est un grand mot. Mais il existe des rebelles qui ne sont proche ni de l&rsquo;Etat islamique, ni d&rsquo;Al Qa\u00efda \u00bb<br \/>\n<\/span><\/p>\n<p><span style=\"color: #777777; font-family: Arial;\">Obama et Poutine se sont d&rsquo;abord affront\u00e9s puis rencontr\u00e9s \u00e0 l&rsquo;ONU.<br \/>\n<\/span><\/p>\n<p><span style=\"color: #777777; font-family: Arial;\">Le fait qu&rsquo;ils se parlent est positif. M\u00eame si certains pr\u00e9tendent que<\/span><span style=\"font-family: Arial; color: #0000ff;\"><a style=\"color: #0000ff;\" href=\"http:\/\/tempsreel.nouvelobs.com\/monde\/20151002.OBS6945\/syrie-comment-poutine-a-berne-obama.html\"><span style=\"text-decoration: underline;\"> Poutine a bern\u00e9 Obama.<\/span><\/a><\/span><span style=\"color: #777777; font-family: Arial;\"><br \/>\n<\/span><\/p>\n<p><span style=\"color: #777777; font-family: Arial;\">Les discours \u00e0 l&rsquo;ONU des deux protagonistes a montr\u00e9 non seulement des divergences de fond qui se synth\u00e9tisent essentiellement dans le rejet ou l&rsquo;alliance avec le tyran syrien, mais ont surtout montr\u00e9 la diff\u00e9rence de strat\u00e9gie.<br \/>\n<\/span><\/p>\n<p><span style=\"color: #777777; font-family: Arial;\">Obama a fait un beau discours, ferme sur les principes et expliquant, grosso modo, ce que la morale devrait nous pousser \u00e0 faire.<br \/>\n<\/span><\/p>\n<p><span style=\"color: #777777; font-family: Arial;\">Poutine a r\u00e9agi en chef de guerre. Il n&rsquo;a pas chang\u00e9 de position depuis le d\u00e9but, il est alli\u00e9 du pouvoir syrien qui \u00e9tait en place avant les \u00e9v\u00e8nements et c&rsquo;est avec ce pouvoir qu&rsquo;il faut n\u00e9gocier.<br \/>\n<\/span><\/p>\n<p><span style=\"color: #777777; font-family: Arial;\">Il propose son aide bienveillante aux europ\u00e9ens qui doivent faire face \u00e0 la crise des r\u00e9fugi\u00e9s et aux occidentaux en g\u00e9n\u00e9ral pour lutter contre le terrorisme.<br \/>\n<\/span><\/p>\n<p><span style=\"color: #777777; font-family: Arial;\">Bref le premier manie le concept, le second a ce que le grand penseur de la guerre \u00ab\u00a0Clausewitz\u00a0\u00bb, consid\u00e9rait comme fondamental : un but de guerre clair et objectif : Aider Bachar El Assad \u00e0 vaincre ses opposants et conserver ses positions strat\u00e9giques en Syrie.<br \/>\n<\/span><\/p>\n<p><span style=\"color: #777777; font-family: Arial;\">Il faut dire que l&rsquo;Occident a des alli\u00e9s sunnites d\u00e9concertants et encombrants : L&rsquo;Arabie Saoudite a pour premier ennemi l&rsquo;Iran et les chiites. Elle a incontestablement soutenu tous les mouvements sunnites fondamentalistes partout dans le monde et m\u00eame chez nous. Elle a un probl\u00e8me parce que Al Qaida d&rsquo;abord puis DAESH ont totalement \u00e9chapp\u00e9 \u00e0 son contr\u00f4le. Quoique d\u00e9sormais il se rapproche du front Al Nosra qui est une cr\u00e9ature d&rsquo;Al Qaida pour essayer de contenir la progression de DAESH. Mais \u00e0 la fin des fins, l&rsquo;Arabie Saoudite aura toujours beaucoup de mal \u00e0 combattre ces extr\u00e9mistes sunnites si cela avait pour cons\u00e9quence de donner la victoire aux chiites, par exemple \u00e0 Assad.<br \/>\n<\/span><\/p>\n<p><span style=\"color: #777777; font-family: Arial;\">La Turquie, notre alli\u00e9, pi\u00e8ce maitresse de l&rsquo;OTAN, est tout aussi ambig\u00fce. Lors du si\u00e8ge de Koban\u00e9, il a emp\u00each\u00e9 des Kurdes non syrien, d&rsquo;aller combattre avec les kurdes syriens contre DAESH. Maintenant il bombarde en Syrie, mais pas les fiefs de DAESH mais les positions kurdes, car son principal ennemi est le PKK, le parti des Kurdes qui pourrait, selon les craintes d&rsquo;Erdogan, faire s\u00e9cession de la Turquie. Or, les kurdes sont quasi les seules troupes au sol qui se battent contre DAESH et qui constituent des interlocuteurs s\u00e9rieux des Etats-Unis et des occidentaux.<br \/>\n<\/span><\/p>\n<p><span style=\"color: #777777; font-family: Arial;\">En face les chiites et la Russie sont unis et ont une strat\u00e9gie claire et univoque.<br \/>\n<\/span><\/p>\n<p><span style=\"color: #777777; font-family: Arial;\">En outre Obama va vers la fin de son mandat, il est attentif \u00e0 la trace qu&rsquo;il laissera dans l&rsquo;Histoire. Ses mandats ont \u00e9t\u00e9 ceux de la strat\u00e9gie inverse de GW Busch, \u00e0 savoir, retirer les troupes am\u00e9ricaines des bourbiers cr\u00e9\u00e9s par son pr\u00e9d\u00e9cesseur. La derni\u00e8re chose que veut Obama c&rsquo;est avoir des soldats combattants au sol. D&rsquo;ailleurs, il semble qu&rsquo;en priv\u00e9 il d\u00e9clare que Poutine dans son intervention en Syrie est en train de commettre la m\u00eame erreur que GW Busch.<br \/>\n<\/span><\/p>\n<p><span style=\"color: #777777; font-family: Arial;\">Il faut dire que la derni\u00e8re fois que la Russie qui \u00e9tait alors l&rsquo;URSS a fait ce type d&rsquo;intervention c&rsquo;\u00e9tait en Afghanistan et que cela s&rsquo;est tr\u00e8s mal termin\u00e9 pour elle.<br \/>\n<\/span><\/p>\n<p><span style=\"color: #777777; font-family: Arial;\">Toujours est-il que si Poutine va peut-\u00eatre devant de grandes difficult\u00e9s, on ne comprend toujours pas comment les Etats-Unis, la France et ses alli\u00e9s vont intervenir de mani\u00e8re op\u00e9rationnelle, c&rsquo;est \u00e0 dire en \u00e9tant en mesure d&rsquo;influer sur les \u00e9v\u00e8nements.<br \/>\n<\/span><\/p>\n<p><span style=\"color: #777777; font-family: Arial;\">Je finirai par ce propos clairvoyant rappel\u00e9 par Mo\u00efsi :<br \/>\n<\/span><\/p>\n<p><span style=\"color: #777777; font-family: Arial;\">Raymond Aron avait expliqu\u00e9 en son temps :<br \/>\n<\/span><\/p>\n<p style=\"margin-left: 28pt;\"><span style=\"color: #c00000; font-family: Arial;\">\u00abDans une guerre, vous choisissez votre ennemi, mais pas vos alli\u00e9s.\u00bb<br \/>\n<\/span><\/p>\n<p><span style=\"color: #800000; font-family: Arial;\">&lt;570&gt;<\/span><\/p>\n","protected":false},"excerpt":{"rendered":"<p>\u00abLa guerre en Syrie, depuis 3 ans, me rappelle la guerre en Espagne. Vous avez deux pays, la Russie et l\u2019Iran qui savent qui est leur alli\u00e9, qui savent qui est leur ennemi et qui ne connaissent aucune limite \u00e0<\/p>\n","protected":false},"author":1,"featured_media":0,"comment_status":"closed","ping_status":"closed","sticky":false,"template":"","format":"standard","meta":{"footnotes":""},"categories":[1],"tags":[65,18,78],"class_list":["post-1266","post","type-post","status-publish","format-standard","hentry","category-motdujour","tag-etats-unis","tag-international","tag-russie"],"_links":{"self":[{"href":"https:\/\/lemotdujour.fr\/index.php?rest_route=\/wp\/v2\/posts\/1266","targetHints":{"allow":["GET"]}}],"collection":[{"href":"https:\/\/lemotdujour.fr\/index.php?rest_route=\/wp\/v2\/posts"}],"about":[{"href":"https:\/\/lemotdujour.fr\/index.php?rest_route=\/wp\/v2\/types\/post"}],"author":[{"embeddable":true,"href":"https:\/\/lemotdujour.fr\/index.php?rest_route=\/wp\/v2\/users\/1"}],"replies":[{"embeddable":true,"href":"https:\/\/lemotdujour.fr\/index.php?rest_route=%2Fwp%2Fv2%2Fcomments&post=1266"}],"version-history":[{"count":4,"href":"https:\/\/lemotdujour.fr\/index.php?rest_route=\/wp\/v2\/posts\/1266\/revisions"}],"predecessor-version":[{"id":10141,"href":"https:\/\/lemotdujour.fr\/index.php?rest_route=\/wp\/v2\/posts\/1266\/revisions\/10141"}],"wp:attachment":[{"href":"https:\/\/lemotdujour.fr\/index.php?rest_route=%2Fwp%2Fv2%2Fmedia&parent=1266"}],"wp:term":[{"taxonomy":"category","embeddable":true,"href":"https:\/\/lemotdujour.fr\/index.php?rest_route=%2Fwp%2Fv2%2Fcategories&post=1266"},{"taxonomy":"post_tag","embeddable":true,"href":"https:\/\/lemotdujour.fr\/index.php?rest_route=%2Fwp%2Fv2%2Ftags&post=1266"}],"curies":[{"name":"wp","href":"https:\/\/api.w.org\/{rel}","templated":true}]}}