{"id":1264,"date":"2015-10-05T02:00:00","date_gmt":"2015-10-04T22:00:00","guid":{"rendered":"http:\/\/lemotdujour.fr\/?p=1264"},"modified":"2020-11-15T18:38:40","modified_gmt":"2020-11-15T17:38:40","slug":"lundi-05102015","status":"publish","type":"post","link":"https:\/\/lemotdujour.fr\/?p=1264","title":{"rendered":"Lundi 5 octobre 2015"},"content":{"rendered":"<div class=\"mdjTexte\">\t\u00abPDV MV PDV\u00bb Pas de vague, mon vieux, pas de vague<\/div>\n<div class=\"mdjAuteur\">\tR\u00e8gle appliqu\u00e9e par les \u00e9narques selon Adeline Baldacchino<\/div>\n<p><a href=\"http:\/\/www.franceculture.fr\/emission-les-matins-france-une-societe-bloquee-2015-09-15\"><span style=\"color: blue; font-family: Arial; text-decoration: underline;\"><span style=\"color: #0000ff; text-decoration: underline;\">Le 15 septembre, les matins de France Culture avaient pour th\u00e8me : La France une soci\u00e9t\u00e9 bloqu\u00e9e ?<\/span><\/span><\/a><span style=\"color: #777777; font-family: Arial;\"><br \/>\n<\/span><\/p>\n<p><span style=\"color: #777777; font-family: Arial;\">Le titre de l&rsquo;\u00e9mission fait r\u00e9f\u00e9rence \u00e0 un livre que j&rsquo;ai lu lors de mes \u00e9tudes de Droit, d\u00e9but des ann\u00e9es 1980, mais qui avait \u00e9t\u00e9 publi\u00e9 en 1971, il y a pr\u00e8s de 45 ans : \u00abLa France bloqu\u00e9e l\u00bb de Michel Crozier.<br \/>\n<\/span><\/p>\n<p><span style=\"color: #777777; font-family: Arial;\">Le site de l&rsquo;\u00e9diteur, le Seuil, donne ce r\u00e9sum\u00e9 :<br \/>\n<\/span><\/p>\n<p style=\"margin-left: 28pt;\"><span style=\"color: #c00000; font-family: Arial;\">\u00abSi l&rsquo;on veut faire bouger cette soci\u00e9t\u00e9 bloqu\u00e9e qu&rsquo;est devenue la soci\u00e9t\u00e9 fran\u00e7aise, il faut absolument secouer le carcan que fait peser sur elle la passion de commandement, de contr\u00f4le et de logique simpliste qui anime les grands commis, les patrons, les techniciens et mandarins divers qui nous gouvernent, tous trop brillants, trop comp\u00e9tents et trop \u00e9galement d\u00e9pass\u00e9s par les exigences de d\u00e9veloppement \u00e9conomique et social\u00bb<br \/>\n<\/span><\/p>\n<p><span style=\"color: #777777; font-family: Arial;\">Dans cette \u00e9mission, Guillaume Erner a invit\u00e9 Eric Maurin, directeur d&rsquo;\u00e9tudes \u00e0 l&rsquo;EHESS et auteur de \u00abLa fabrique du conformisme\u00bb (Seuil, 10 septembre 2015). Peter Gumbel, journaliste et auteur de \u00abCes \u00e9coles pas comme les autres : \u00e0 la rencontre des dissidents de l&rsquo;\u00e9ducation\u00bb (La Librairie Vuibert, 14 ao\u00fbt 2015). Le mot du jour du 18 juin 2013 \u00e9tait consacr\u00e9 \u00e0 ce dernier : \u00abLe bassin dans lequel on p\u00eache l&rsquo;\u00e9lite fran\u00e7aise est minuscule\u00bb diagnostic qu&rsquo;il avait explicit\u00e9 dans son livre \u00abElite Academy\u00bb Enqu\u00eate sur la France malade de ses grandes \u00e9coles,<br \/>\n<\/span><\/p>\n<p><img decoding=\"async\" class=\"alignright\" src=\"https:\/\/lemotdujour.fr\/wp-content\/uploads\/2018\/07\/070418_2116_LundiXXjuin1.jpg\" alt=\"\" align=\"left\"><span style=\"color: #777777; font-family: Arial;\">La derni\u00e8re invit\u00e9e \u00e9tait une p\u00e9tillante jeune \u00e9narque issue de la promotion 2007-2009 et auteure de <a href=\"http:\/\/livre.fnac.com\/a8604724\/Adeline-Baldacchino-La-ferme-des-enarques\"><span style=\"color: blue; text-decoration: underline;\">\u00ab<span style=\"color: #0000ff; text-decoration: underline;\">La ferme des \u00e9narques<\/span>\u00bb <\/span><\/a>(Michalon, 3 septembre 2015) : Adeline Baldacchino. Le titre de son livre s&rsquo;inspire du livre \u00e9crit en 1945 par George Orwell, \u00abla ferme des animaux\u00bb o\u00f9 les animaux se r\u00e9voltent contre les humains, les chassent de la ferme et prennent le pouvoir qui se transformera en dictature. C&rsquo;est une satire de la r\u00e9volution russe et du stalinisme.<br \/>\n<\/span><\/p>\n<p><span style=\"color: #777777; font-family: Arial;\">C&rsquo;est cette \u00e9narque qui r\u00e9v\u00e8le le v\u00e9ritable mot d&rsquo;ordre des \u00e9narques. Vous savez peut \u00eatre que la devise de l&rsquo;ENA est \u00ab<span style=\"color: #c00000;\">servir sans s&rsquo;asservir<span style=\"color: #777777;\">\u00bb certains ajoutant \u00ab <span style=\"color: #c00000;\">et sans se servir<span style=\"color: #777777;\">\u00bb.<br \/>\n<\/span><\/span><\/span><\/span><\/span><\/p>\n<p><span style=\"color: #777777; font-family: Arial;\">Mais Adeline Baldacchino nous rapporte que dans son action quotidienne, l&rsquo;\u00e9narque qui pense \u00e0 sa carri\u00e8re va plut\u00f4t mettre en \u0153uvre ce conseil d&rsquo;ancien, synth\u00e9tis\u00e9 par un acronyme :<br \/>\n<\/span><\/p>\n<p style=\"margin-left: 28pt;\"><span style=\"color: #c00000; font-family: Arial;\">\u00abPDV MV PDV\u00bb, \u00abPas de vague, mon vieux, pas de vague.\u00bb<br \/>\n<\/span><\/p>\n<p><span style=\"color: #777777; font-family: Arial;\">Elle en ajoute un autre dans l&rsquo;\u00e9mission :<br \/>\n<\/span><\/p>\n<p style=\"margin-left: 28pt;\"><span style=\"color: #c00000; font-family: Arial;\">\u00abMRVC\u00bb, \u00abMon rempla\u00e7ant verra \u00e7a\u00bb.<br \/>\n<\/span><\/p>\n<p><span style=\"color: #777777; font-family: Arial;\">Vous comprendrez donc ais\u00e9ment que sur cette base on ne peut aboutir qu&rsquo;\u00e0 une soci\u00e9t\u00e9 bloqu\u00e9e puisque nous sommes, dans ce cas, dans un univers o\u00f9 tous les conservatismes sont pr\u00e9f\u00e9rables \u00e0 la vraie r\u00e9forme, \u00e0 celle qui permet de se hisser aux d\u00e9fis de la modernit\u00e9.<br \/>\n<\/span><\/p>\n<p><span style=\"color: #777777; font-family: Arial;\">Pour illustrer son livre, Adeline Baldacchino a choisi les trois singes de la sagesse chinoise qui se cache les yeux, se bouche les oreilles et se ferme la bouche : Refuser de voir, d&rsquo;entendre et de parler.<br \/>\n<\/span><\/p>\n<p><span style=\"color: #777777; font-family: Arial;\">Dans un article du <a href=\"http:\/\/www.lefigaro.fr\/vox\/culture\/2015\/09\/02\/31006-20150902ARTFIG00331--la-ferme-des-enarques-les-illusions-perdues-d-une-ancienne-eleve.php\"><span style=\"color: blue; text-decoration: underline;\"><span style=\"color: #0000ff; text-decoration: underline;\">&lt;Figaro&gt;<\/span><\/span><\/a> on lit : Dans cette \u00e9cole qui enseigne \u00e0 \u00abd\u00e9-penser\u00bb, o\u00f9 l&rsquo;on n&rsquo;apprend rien que l&rsquo;on n&rsquo;ait d\u00e9j\u00e0 appris \u00e0 Sciences Po \u2013 hormis pendant les stages \u2013 la culture se r\u00e9duit \u00e0 des fiches, des r\u00e9sum\u00e9s, des condens\u00e9s, des \u00ab<em>petits pots de la pens\u00e9e<\/em>\u00bb, plus digestes et surtout plus utiles. Car \u00e0 l&rsquo;ENA on ne lit pas. Ou \u00e0 la rigueur la presse. \u00abLe Canard encha\u00een\u00e9<em> est le petit vice secret [de l&rsquo;\u00e9narque], mais il ne circulera jamais en public avec autre chose que <\/em>Le Monde <em>ou <\/em>Les Echos <em>dans les couloirs de l&rsquo;\u00e9cole. <\/em>Alternatives \u00e9conomiques <em>rel\u00e8ve du domaine de la grande subversion. [\u2026] Le dernier BHL peut tout de m\u00eame se lire en terrasse<\/em>.\u00bb<br \/>\n<\/span><\/p>\n<p><span style=\"color: #777777; font-family: Arial;\">Mais je trouve particuli\u00e8rement r\u00e9v\u00e9lateur cet entretien de Adeline Balacchino sur le <a href=\"http:\/\/www.acteurspublics.com\/2015\/09\/03\/adeline-baldacchino-on-sait-trop-bien-en-fait-que-l-enarque-ne-sait-pas-grand-chose\"><span style=\"color: blue; text-decoration: underline;\"><span style=\"color: #0000ff; text-decoration: underline;\">&lt;site acteurs publics&gt; :<\/span><\/span><\/a><br \/>\n<\/span><\/p>\n<p style=\"margin-left: 28pt;\"><span style=\"color: #c00000; font-family: Arial;\">\u00abUn jour, donc, je lan\u00e7ai l&rsquo;id\u00e9e d&rsquo;accueillir une fois par mois \u00e0 Strasbourg un \u00e9crivain, \u00e9ventuellement ex ou actuel fonctionnaire si cela devait permettre d&rsquo;amadouer l&rsquo;\u00e9cole, de lui proposer de faire une conf\u00e9rence sur sa vision du service public, et de d\u00eener avec eux en organisant le d\u00e9bat. Je pensais \u00e0 Orsenna pour commencer, j&rsquo;avais envie de le rencontrer \u00e0 cause de sa belle histoire de la mondialisation, <em>Sur la route du papier<\/em>.<br \/>\n<\/span><\/p>\n<p style=\"margin-left: 28pt;\"><span style=\"color: #c00000; font-family: Arial;\">On me regarda avec des yeux ronds, tr\u00e8s ronds. Pour quoi faire ?<br \/>\n<\/span><\/p>\n<p style=\"margin-left: 28pt;\"><span style=\"color: #c00000; font-family: Arial;\">Dans quel module cela s&rsquo;inscrirait-il ?<br \/>\n<\/span><\/p>\n<p style=\"margin-left: 28pt;\"><span style=\"color: #c00000; font-family: Arial;\">Gestion et management public, s\u00fbrement pas. L\u00e9gistique, encore moins. Finances publiques, ne plaisantons pas. Pour quoi faire ?<br \/>\n<\/span><\/p>\n<p style=\"margin-left: 28pt;\"><span style=\"color: #c00000; font-family: Arial;\">L&rsquo;\u00e9cole, ce n&rsquo;est pas la cr\u00e9ation, ce n&rsquo;est pas l&rsquo;innovation, c&rsquo;est la gestion, on vous a dit. De l&rsquo;existant. De ce qui est. Quant \u00e0 ce qui devrait \u00eatre\u2026<br \/>\n<\/span><\/p>\n<p style=\"margin-left: 28pt;\"><span style=\"color: #c00000; font-family: Arial;\">J&rsquo;imaginais b\u00eatement en arrivant \u00e0 Strasbourg que nous aurions de vastes d\u00e9bats sur l&rsquo;\u00e9conomie du bien-\u00eatre, les th\u00e9ories politiques post-rawlsiennes de la redistribution sociale, l&rsquo;\u00e9tat des recherches sur la lutte contre la pauvret\u00e9, la fiabilit\u00e9 des techniques de sondage, les questions de responsabilit\u00e9 du fonctionnaire, les g\u00e9nocides, les th\u00e9ocraties, Foucault et l&rsquo;Iran, la d\u00e9sob\u00e9issance civile, les minimas sociaux et les effets de seuil, les politiques \u00e9ducatives, la transition \u00e9nerg\u00e9tique\u2026<br \/>\n<\/span><\/p>\n<p style=\"margin-left: 28pt;\"><span style=\"color: #c00000; font-family: Arial;\">J&rsquo;imaginais follement un croisement entre le monde des intellectuels, chercheurs, scientifiques et celui des administrateurs, gestionnaires, managers. Je me disais que tout ce que j&rsquo;avais lu pourrait enfin irriguer le vrai monde o\u00f9 l&rsquo;on fait (\u2026).<br \/>\n<\/span><\/p>\n<p style=\"margin-left: 28pt;\"><span style=\"color: #c00000; font-family: Arial;\">Or, non. Cela n&rsquo;existe pas. Cela n&rsquo;est pas fait pour \u00e7a. L&rsquo;\u00e9conomie, par exemple, on l&rsquo;\u00e9tudie, non pour comprendre ses usages possibles mais pour savoir ce qu&rsquo;il faut en dire.<br \/>\n<\/span><\/p>\n<p style=\"margin-left: 28pt;\"><span style=\"color: #c00000; font-family: Arial;\">Ainsi, l&rsquo;\u00e9narque lambda sortira-t-il \u00e0 la direction du budget. Il n&rsquo;aura qu&rsquo;une id\u00e9e tr\u00e8s limit\u00e9e, parfaitement scolaire (au mieux, elle tient dans la lecture et la relecture du manuel de r\u00e9f\u00e9rence qu&rsquo;on nomme le \u00ab Pisani-Ferry \u00bb) des m\u00e9canismes \u00e9conomiques.<br \/>\n<\/span><\/p>\n<p style=\"margin-left: 28pt;\"><span style=\"color: #c00000; font-family: Arial;\">Ne parlons pas de d\u00e9bats. Mais il sera s\u00fbr d&rsquo;une chose, absolument. Il faut \u2013 parce que \u00ab c&rsquo;est bien \u00bb \u2013, dans le bon ordre : faire des \u00e9conomies, tenir le cap de la rigueur budg\u00e9taire, ma\u00eetriser la d\u00e9pense, affamer la Gr\u00e8ce mais ils n&rsquo;avaient qu&rsquo;\u00e0 payer leurs imp\u00f4ts plus t\u00f4t, proposer une trajectoire d&rsquo;\u00e9quilibre des comptes publics, ne pas f\u00e2cher la Commission europ\u00e9enne, ne pas parler, jamais, tabou, des keyn\u00e9siens, de Joseph Stiglitz ou de Paul Krugman (\u2026).<br \/>\n<\/span><\/p>\n<p style=\"margin-left: 28pt;\"><span style=\"color: #c00000; font-family: Arial;\">Mais tout cela, l&rsquo;\u00e9narque n&rsquo;en parle pas, c&rsquo;est trop dangereux, car d&rsquo;une part ce n&rsquo;est pas \u00ab ce qu&rsquo;il faut dire \u00bb, d&rsquo;autre part il n&rsquo;y conna\u00eet rien, donc il ne prendra pas le risque d&rsquo;affirmer l&rsquo;inverse.<br \/>\n<\/span><\/p>\n<p style=\"margin-left: 28pt;\"><span style=\"color: #c00000; font-family: Arial;\">Il lui suffit de savoir que ce n&rsquo;est pas ce qu&rsquo;il faut dire. Il est fin pr\u00eat pour la direction du budget, ou pour le cabinet du ministre des Finances. Il y pr\u00eachera l&rsquo;aust\u00e9rit\u00e9, m\u00eame contra-cyclique, m\u00eame \u00e0 contretemps, m\u00eame contre toute \u00e9vidence, parce que c&rsquo;est ce qu&rsquo;on lui a dit qu&rsquo;il fallait dire, un jour.\u00bb<br \/>\n<\/span><\/p>\n<p><span style=\"color: #777777; font-family: Arial;\">Les \u00e9narques sont s\u00e9lectionn\u00e9s par rapport \u00e0 leur capacit\u00e9 de redire et de refaire ce qui a toujours \u00e9t\u00e9 fait. \u00ab<span style=\"color: #c00000;\">De l&rsquo;existant. De ce qui est<span style=\"color: #777777;\">.\u00bb dit Adeline Balacchino. Il n&rsquo;est pas impossible qu&rsquo;ils soient cr\u00e9atifs ou innovateurs, mais force est de constater que ce n&rsquo;est pas sur cela qu&rsquo;on les juge et qu&rsquo;on les recrute.<br \/>\n<\/span><\/span><\/span><\/p>\n<p><span style=\"color: #777777; font-family: Arial;\">Je finirai par une photo, celle d&rsquo;un \u00e9minent et brillant \u00e9narque qui est parvenu \u00e0 se faire \u00e9lire pr\u00e9sident de la R\u00e9publique :<br \/>\n<\/span><\/p>\n<p><span style=\"color: #0000ff;\"><a style=\"color: #0000ff;\" href=\"http:\/\/rue89.nouvelobs.com\/2015\/03\/12\/francois-hollande-montagne-papier-exception-francaise-258153\"><span style=\"font-family: Arial; text-decoration: underline;\">Le Pr\u00e9sident de la R\u00e9publique dans son bureau, le 24 f\u00e9vrier 2015, entour\u00e9 d&rsquo;une montagne de papier<\/span><\/a><\/span><span style=\"color: #777777; font-family: Arial;\"><br \/>\n<\/span><\/p>\n<p><img decoding=\"async\" class=\"alignleft\" src=\"https:\/\/lemotdujour.fr\/wp-content\/uploads\/2018\/07\/070418_2116_LundiXXjuin2.jpg\" alt=\"\" align=\"left\"><span style=\"color: #777777; font-family: Arial;\">Le d\u00e9cryptage de cette photo am\u00e8ne \u00e0 plusieurs r\u00e9flexions :<br \/>\n<\/span><\/p>\n<ul>\n<li><span style=\"color: #777777; font-family: Arial;\">1\u00b0 Cela montre, combien de d\u00e9cisions rel\u00e8vent du Pr\u00e9sident de la R\u00e9publique. Cet homme n&rsquo;a plus le temps de r\u00e9fl\u00e9chir, d&rsquo;\u00eatre strat\u00e8ge s&rsquo;il faut que dans la journ\u00e9e il doivent se prononcer sur tant d&rsquo;affaires particuli\u00e8res. Cette photo montre ainsi le blocage du fonctionnement de l&rsquo;Etat, celui d&rsquo;un Pr\u00e9sident qui ne sait pas d\u00e9l\u00e9guer, qui doit tout voir ou en tout cas plus qu&rsquo;il n&rsquo;est en capacit\u00e9 de ma\u00eetriser. Vous me direz, nul besoin de cette photo lorsqu&rsquo;on se souvient de son intervention sur le cas particulier de<span style=\"color: #0000ff;\"><a style=\"color: #0000ff;\" href=\"http:\/\/tempsreel.nouvelobs.com\/politique\/20131021.OBS1937\/affaire-leonarda-hollande-fait-naufrage.html\"><span style=\"text-decoration: underline;\"> Leonarda<\/span><\/a><\/span> o\u00f9 le pr\u00e9sident strat\u00e8ge s&rsquo;est rabaiss\u00e9 \u00e0 un simple gestionnaire des affaires courantes.<br \/>\n<\/span><\/li>\n<li><span style=\"color: #777777; font-family: Arial;\">2\u00b0 Il n&rsquo;y a pas d&rsquo;ordinateur ou d&rsquo;autre outil moderne d&rsquo;acc\u00e8s \u00e0 l&rsquo;information. Cette photo dans les dorures du palais n&rsquo;a comme seul \u00e9l\u00e9ment de modernit\u00e9 visible utilis\u00e9, par rapport au 19\u00e8me si\u00e8cle, que l&rsquo;\u00e9lectricit\u00e9 de la lampe de bureau. Electricit\u00e9 g\u00e9n\u00e9ralis\u00e9e au d\u00e9but du XX\u00e8me si\u00e8cle. rappelons que c&rsquo;est la ville de Heilbronn (Allemagne) qui est en 1892 la premi\u00e8re ville en Europe \u00e9quip\u00e9e d&rsquo;un syst\u00e8me de distribution en \u00e9lectricit\u00e9 par un r\u00e9seau de distribution en courant alternatif. Il y a peut-\u00eatre au premier plan un DVD ou un CD, \u00e9l\u00e9ment de modernit\u00e9 d\u00e9j\u00e0 largement d\u00e9pass\u00e9 dans le monde des r\u00e9seaux.<br \/>\n<\/span><\/li>\n<li><span style=\"color: #777777; font-family: Arial;\">3\u00b0 Cet homme est totalement structur\u00e9 par la \u00abculture papier\u00bb o\u00f9 on acc\u00e8de \u00e0 l&rsquo;information par le papier, on d\u00e9cide sur le papier, on communique par le papier. Je m&rsquo;interroge : une organisation fonctionnant de cette mani\u00e8re permet-elle de comprendre la civilisation du num\u00e9rique et de nous pr\u00e9parer au monde de demain. Cette incapacit\u00e9 de s&rsquo;extraire de l&rsquo;existant, de la mani\u00e8re de fonctionner du XIX\u00e8me si\u00e8cle me semble inqui\u00e9tante, surtout si on int\u00e8gre PDV MV PDV.<br \/>\n<\/span><\/li>\n<\/ul>\n<p><span style=\"color: #800000; font-family: Arial;\">&lt;569&gt;<\/span><\/p>\n","protected":false},"excerpt":{"rendered":"<p>\u00abPDV MV PDV\u00bb Pas de vague, mon vieux, pas de vague R\u00e8gle appliqu\u00e9e par les \u00e9narques selon Adeline Baldacchino Le 15 septembre, les matins de France Culture avaient pour th\u00e8me : La France une soci\u00e9t\u00e9 bloqu\u00e9e ? Le titre de<\/p>\n","protected":false},"author":1,"featured_media":0,"comment_status":"closed","ping_status":"closed","sticky":false,"template":"","format":"standard","meta":{"footnotes":""},"categories":[1],"tags":[104,3,11],"class_list":["post-1264","post","type-post","status-publish","format-standard","hentry","category-motdujour","tag-administration","tag-politique","tag-sociologie"],"_links":{"self":[{"href":"https:\/\/lemotdujour.fr\/index.php?rest_route=\/wp\/v2\/posts\/1264","targetHints":{"allow":["GET"]}}],"collection":[{"href":"https:\/\/lemotdujour.fr\/index.php?rest_route=\/wp\/v2\/posts"}],"about":[{"href":"https:\/\/lemotdujour.fr\/index.php?rest_route=\/wp\/v2\/types\/post"}],"author":[{"embeddable":true,"href":"https:\/\/lemotdujour.fr\/index.php?rest_route=\/wp\/v2\/users\/1"}],"replies":[{"embeddable":true,"href":"https:\/\/lemotdujour.fr\/index.php?rest_route=%2Fwp%2Fv2%2Fcomments&post=1264"}],"version-history":[{"count":6,"href":"https:\/\/lemotdujour.fr\/index.php?rest_route=\/wp\/v2\/posts\/1264\/revisions"}],"predecessor-version":[{"id":10140,"href":"https:\/\/lemotdujour.fr\/index.php?rest_route=\/wp\/v2\/posts\/1264\/revisions\/10140"}],"wp:attachment":[{"href":"https:\/\/lemotdujour.fr\/index.php?rest_route=%2Fwp%2Fv2%2Fmedia&parent=1264"}],"wp:term":[{"taxonomy":"category","embeddable":true,"href":"https:\/\/lemotdujour.fr\/index.php?rest_route=%2Fwp%2Fv2%2Fcategories&post=1264"},{"taxonomy":"post_tag","embeddable":true,"href":"https:\/\/lemotdujour.fr\/index.php?rest_route=%2Fwp%2Fv2%2Ftags&post=1264"}],"curies":[{"name":"wp","href":"https:\/\/api.w.org\/{rel}","templated":true}]}}