{"id":12625,"date":"2021-11-09T00:40:23","date_gmt":"2021-11-08T23:40:23","guid":{"rendered":"http:\/\/lemotdujour.fr\/?p=12625"},"modified":"2021-11-15T22:44:42","modified_gmt":"2021-11-15T21:44:42","slug":"mardi-9-novembre-2021","status":"publish","type":"post","link":"https:\/\/lemotdujour.fr\/?p=12625","title":{"rendered":"Mardi 9 Novembre 2021"},"content":{"rendered":"<div class=\"mdjTexte\">\u00ab\u00a0J&rsquo;\u00e9cris des chansons pour m&rsquo;aider \u00e0 avancer. Elles sont mes \u00e9toiles. Elles me guident dans la nuit.\u00a0\u00bb<\/div>\n<div class=\"mdjAuteur\">Lhasa<\/div>\n<p><span style=\"color: #777777; font-family: Arial;\">Le chant du cygne, son troisi\u00e8me et dernier album est paru en 2009. Il avait simplement pour titre\u00a0: \u00ab\u00a0<strong>Lhasa\u00a0<\/strong>\u00bb<br \/>\n<\/span><\/p>\n<p><img loading=\"lazy\" decoding=\"async\" class=\" wp-image-12657 alignleft\" src=\"https:\/\/lemotdujour.fr\/wp-content\/uploads\/2021\/11\/11-Im-Going-In-mp3-image.jpg\" alt=\"\" width=\"359\" height=\"359\" srcset=\"https:\/\/lemotdujour.fr\/wp-content\/uploads\/2021\/11\/11-Im-Going-In-mp3-image.jpg 600w, https:\/\/lemotdujour.fr\/wp-content\/uploads\/2021\/11\/11-Im-Going-In-mp3-image-300x300.jpg 300w, https:\/\/lemotdujour.fr\/wp-content\/uploads\/2021\/11\/11-Im-Going-In-mp3-image-150x150.jpg 150w, https:\/\/lemotdujour.fr\/wp-content\/uploads\/2021\/11\/11-Im-Going-In-mp3-image-230x230.jpg 230w, https:\/\/lemotdujour.fr\/wp-content\/uploads\/2021\/11\/11-Im-Going-In-mp3-image-365x365.jpg 365w\" sizes=\"auto, (max-width: 359px) 100vw, 359px\" \/><span style=\"color: #777777; font-family: Arial;\">Il aura donc fallu \u00e0 nouveau 6 ans entre le pr\u00e9c\u00e9dent album et celui-ci.<br \/>\n<\/span><\/p>\n<p><span style=\"color: #777777; font-family: Arial;\">La maturation \u00e9tait lente chez cette artiste, c&rsquo;est probablement pour cette raison que le r\u00e9sultat est si abouti.<br \/>\n<\/span><\/p>\n<p><span style=\"color: #777777; font-family: Arial;\">Cette fois elle ne quittera pas Montr\u00e9al. Apr\u00e8s deux ans pass\u00e9s sur les sc\u00e8nes du monde entier pour pr\u00e9senter son deuxi\u00e8me album, <\/span><span style=\"color: #777777; font-family: Arial;\">elle se mettra tranquillement \u00e0 composer les paroles et les m\u00e9lodies pour son nouvel ouvrage.<br \/>\n<\/span><\/p>\n<p><span style=\"color: #777777; font-family: Arial;\">Et comme pr\u00e9c\u00e9demment elle va changer de musiciens.<br \/>\n<\/span><\/p>\n<p><span style=\"color: #777777; font-family: Arial;\">Lhasa \u00e9tait selon la description qu&rsquo;en fait Fred Goodman une personne sympathique, chaleureuse et fid\u00e8le en amiti\u00e9. <\/span><span style=\"color: #777777; font-family: Arial;\">Mais pour sa trajectoire musicale, elle \u00e9tait sans concession : savait ce qu&rsquo;elle voulait et n&rsquo;h\u00e9sitait pas \u00e0 trancher dans le vif.<br \/>\n<\/span><\/p>\n<p><span style=\"color: #777777; font-family: Arial;\">Rien ne l&rsquo;illustre mieux que son attitude avec <strong>M\u00e9lanie Auclair<\/strong>, une violoncelliste qui a int\u00e9gr\u00e9 son groupe de musicien pour l&rsquo;album \u00ab\u00a0<strong>Living Road<\/strong>\u00a0\u00bb et qui va devenir son amie.<br \/>\n<\/span><\/p>\n<p><img decoding=\"async\" class=\"alignright\" src=\"https:\/\/lemotdujour.fr\/wp-content\/uploads\/2021\/11\/110821_2334_Mardi9Novem2.jpg\" alt=\"\" align=\"left\" \/><span style=\"color: #777777; font-family: Arial;\">Fred Goodman raconte\u00a0:<br \/>\n<\/span><\/p>\n<p style=\"margin-left: 28pt;\"><span style=\"color: #c00000; font-family: Arial;\">\u00ab\u00a0L&rsquo;arriv\u00e9e de M\u00e9lanie \u00e9tait un changement bienvenu pour Lhasa. Au cours des tourn\u00e9es pr\u00e9c\u00e9dentes, elle s&rsquo;\u00e9tait sentie isol\u00e9e\u00a0: presque chaque soir, les gars [que des hommes] faisaient la f\u00eate pendant qu&rsquo;elle dormait et reposait sa voix. Cette fois, elle voulait que \u00e7a se passe autrement. Lhasa et M\u00e9lanie allaient prendre l&rsquo;habitude de s&rsquo;\u00e9clipser une heure avant le test de son.<br \/>\n<\/span><\/p>\n<p style=\"margin-left: 28pt;\"><span style=\"color: #c00000; font-family: Arial;\">Du magasinage \u00e9clair, se souvient M\u00e9lanie. Elle \u00e9tait du genre \u00e0 m&rsquo;acheter de nouvelles chaussures un jour o\u00f9 je me sentais triste. Ou \u00e0 d\u00e9barquer avec une soupe miso. Elle \u00e9tait comme une grande s\u0153ur bienveillante. Elle prenait soin de moi.\u00a0\u00bb<br \/>\n<em>\u00ab\u00a0Envoutante Lhasa\u00a0\u00bb Page 124<br \/>\n<\/em><\/span><\/p>\n<p><span style=\"color: #777777; font-family: Arial;\">Mais pour le troisi\u00e8me album, Lhasa veut explorer d&rsquo;autres pistes et cela se passe ainsi\u00a0:<br \/>\n<\/span><\/p>\n<p style=\"margin-left: 28pt;\"><span style=\"color: #c00000; font-family: Arial;\">\u00ab\u00a0M\u00e9lanie savait que Lhasa explorait la sc\u00e8ne de Mile End. \u00ab\u00a0Elle voulait trouver sa place l\u00e0-dedans\u00a0\u00bb indique t&rsquo;elle. Mais quand elle a re\u00e7u un coup de fil de la chanteuse qui l&rsquo;invitait \u00e0 passer \u00e0 la maison, elle n&rsquo;\u00e9tait pas pr\u00eate \u00e0 encaisser l&rsquo;in\u00e9vitable. C&rsquo;est autour d&rsquo;un souper dans un restaurant du coin que Lhasa lui a appris la nouvelle.<br \/>\n<\/span><\/p>\n<p style=\"margin-left: 28pt;\"><span style=\"color: #c00000; font-family: Arial;\">\u00ab Il faut que je te le dise : je travaille avec d&rsquo;autres musiciens, lui a-t-elle annonc\u00e9 et je vais peut-\u00eatre prendre un autre violoncelliste. \u00bb<br \/>\n\u00ab Non ! Non, non, non s&rsquo;il te plait ! \u00bb Je l&rsquo;ai pris tr\u00e8s durement, se souvient M\u00e9lanie. J&rsquo;avais le c\u0153ur bris\u00e9. Je la respectais, je respectais sa vision, mais c&rsquo;\u00e9tait tr\u00e8s difficile \u00e0 avaler sur le plan personnel. Le plus dur, c&rsquo;est que je savais que j&rsquo;allais perdre la place de choix que j&rsquo;occupais dans son c\u0153ur. Notre relation s&rsquo;est poursuivie par la suite, nous sommes rest\u00e9es amies, mais ce n&rsquo;\u00e9tait plus comme avant. \u00bb<br \/>\n<em>\u00ab\u00a0Envoutante Lhasa\u00a0\u00bb Page 143<\/em><br \/>\n<\/span><\/p>\n<p><span style=\"color: #777777; font-family: Arial;\">L&rsquo;amiti\u00e9 et l&rsquo;exigence musicale, par rapport aux \u00e9volutions de Lhasa \u00e9taient bien distinctes dans son esprit.<br \/>\n<\/span><\/p>\n<p><span style=\"color: #777777; font-family: Arial;\">Apr\u00e8s le premier album enti\u00e8rement en espagnol, le second en trois langues, le troisi\u00e8me sera enti\u00e8rement en anglais, la langue maternelle.<br \/>\n<\/span><\/p>\n<p><span style=\"color: #777777; font-family: Arial;\">&lt;<span style=\"color: #0000ff;\"><a style=\"color: #0000ff;\" href=\"https:\/\/www.telerama.fr\/musique\/lhasa-du-blues-a-l-ame,46215.php\">TELERAMA<\/a><\/span>&gt; la cite<br \/>\n<\/span><\/p>\n<p style=\"margin-left: 28pt;\"><span style=\"color: #c00000; font-family: Arial;\">\u00ab Chanter dans ma langue maternelle a \u00e9t\u00e9 comme un atterrissage, un r\u00e9-enracinement, apr\u00e8s plusieurs ann\u00e9es pass\u00e9es \u00e0 flotter dans les airs&#8230; Une esp\u00e8ce de grounding, dirait-on en anglais. \u00c7a me fait du bien, j&rsquo;en avais besoin. \u00bb<br \/>\n<\/span><\/p>\n<p><span style=\"color: #777777; font-family: Arial;\">Elle changera aussi de voix. Elle a eu un probl\u00e8me aux cordes vocales parce que pr\u00e9c\u00e9demment, elle for\u00e7ait sa voix la rendant plus grave et plus rocailleuse. Les m\u00e9decins voulaient l&rsquo;op\u00e9rer mais une vieille chanteuse, sachant ce que chanter veut dire lui a simplement dit de chanter avec sa voix naturelle qui \u00e9tait plus haute et plus l\u00e9g\u00e8re et que tout irait bien. C&rsquo;est ce qu&rsquo;elle a fait et sa voix s&rsquo;en ait port\u00e9 mieux.<br \/>\n<\/span><\/p>\n<p><span style=\"color: #777777; font-family: Arial;\">Ses \u0153uvres sont pourtant toujours aussi profondes et porteuses d&rsquo;\u00e9motions.<br \/>\n<\/span><\/p>\n<p><span style=\"color: #777777; font-family: Arial;\">Dans un article de <strong>\u00ab\u00a0L\u00a0HUMANITE\u00a0\u00bb<\/strong> publi\u00e9 le 29 mai 2009 pour la sortie de son album \u00a0: <span style=\"color: #0000ff;\">&lt;<a style=\"color: #0000ff;\" href=\"https:\/\/www.humanite.fr\/node\/417842\">Lhasa : \u00ab Aller jusqu&rsquo;au bout de ce que je ressens \u00bb&gt;<\/a><\/span> elle dit\u00a0:<br \/>\n<\/span><\/p>\n<p style=\"margin-left: 28pt;\"><span style=\"color: #c00000; font-family: Arial;\">\u00ab\u00a0Je ne me dis pas : je vais faire un album plus dense. C&rsquo;est la beaut\u00e9 qui m&rsquo;importe. Mais ce n&rsquo;est pas mon affaire de dire si l&rsquo;album est m\u00e9lancolique, ou joyeux&#8230; Je cours apr\u00e8s la beaut\u00e9. Ce qui est tr\u00e8s subjectif !<br \/>\n<\/span><\/p>\n<p><span style=\"color: #777777; font-family: Arial;\">Ce troisi\u00e8me album compte 12 chansons. Son \u00e9diteur canadien, Audiogram, n&rsquo;aime pas ce troisi\u00e8me album et trouve que les chansons se ressemblent trop, veut du tri. Lhasa r\u00e9pond alors :<br \/>\n<\/span><\/p>\n<p style=\"margin-left: 28pt;\"><span style=\"color: #c00000; font-family: Arial;\">\u00ab Je vous demande pardon, mais lequel de mes enfants voulez-vous que je tue ? \u00bb<br \/>\n<\/span><\/p>\n<p><span style=\"color: #777777; font-family: Arial;\">L&rsquo;album sera comme elle l&rsquo;a d\u00e9cid\u00e9.<br \/>\n<\/span><\/p>\n<p><span style=\"color: #777777; font-family: Arial;\">Les chansons ont \u00e9t\u00e9 \u00e9crites avant qu&rsquo;elle connaisse sa maladie, l&rsquo;enregistrement et le d\u00e9but de la promotion ont eu lieu alors que la maladie \u00e9tait pr\u00e9sente. La tourn\u00e9e qui s&rsquo;annon\u00e7ait a du rapidement s&rsquo;interrompre.<br \/>\n<\/span><\/p>\n<p><span style=\"color: #777777; font-family: Arial;\">Lhasa a cependant pu venir en France, en mai 2009 et faire deux concerts au Th\u00e9\u00e2tre des Bouffes du Nord<br \/>\n<\/span><\/p>\n<p><span style=\"color: #777777; font-family: Arial;\">La journaliste Val\u00e9rie Lehoux \u00e9tait pr\u00e9sente et raconte dans &lt;<a href=\"https:\/\/www.telerama.fr\/musique\/lhasa-du-blues-a-l-ame,46215.php\"><span style=\"color: #0000ff;\">TELERAMA<\/span><\/a>&gt;<br \/>\n<\/span><\/p>\n<p style=\"margin-left: 28pt;\"><span style=\"color: #c00000; font-family: Arial;\">\u00ab\u00a0Ce jour-l\u00e0, en mai dernier, il aura suffi d&rsquo;une seconde pour qu&rsquo;elle nous hypnotise. Elle est entr\u00e9e d&rsquo;un pas feutr\u00e9, silhouette fine comme la lame d&rsquo;un couteau, sourire l\u00e9ger et intrigant. Pas un soup\u00e7on d&rsquo;artifice. Sa voix s&rsquo;est \u00e9lev\u00e9e entre les murs d\u00e9cr\u00e9pis du Th\u00e9\u00e2tre des Bouffes du Nord, embrasant tout l&rsquo;espace de sa gravit\u00e9 voil\u00e9e et de sa rare intensit\u00e9. Musique incantatoire et voyageuse, folk-blues gorg\u00e9 de lumi\u00e8re et de douleur.<br \/>\n<\/span><\/p>\n<p style=\"margin-left: 28pt;\"><span style=\"color: #c00000; font-family: Arial;\">Lhasa n&rsquo;a que trois disques \u00e0 son actif [\u2026] Trois disques en onze ans, c&rsquo;est tr\u00e8s peu dans un univers musical o\u00f9 la course \u00e0 la production est souvent la condition de l&rsquo;existence artistique : \u00ab Je suis lente, j&rsquo;attends la n\u00e9cessit\u00e9, je soigne mes disques jusque dans leurs moindres d\u00e9tails. J&rsquo;ai envie d&rsquo;en \u00eatre fi\u00e8re, qu&rsquo;ils durent longtemps. Les chansons, je les laisse venir \u00e0 moi sans les brusquer. Quand j&rsquo;en sens une se pr\u00e9ciser, je la travaille bien s\u00fbr, mais je ne force jamais son \u00e9criture. Une chanson devient vraiment magique quand elle vous d\u00e9passe, qu&rsquo;elle a une vie bien \u00e0 elle. \u00bb<br \/>\n<em>Article publi\u00e9 dans T\u00e9l\u00e9rama n\u00b03110 le 22 ao\u00fbt 2009<br \/>\n<\/em><\/span><\/p>\n<p><span style=\"color: #777777; font-family: Arial;\"><img loading=\"lazy\" decoding=\"async\" class=\" wp-image-12635 alignleft\" src=\"https:\/\/lemotdujour.fr\/wp-content\/uploads\/2021\/11\/Lhasa-aux-bouffes-du-Nord.png\" alt=\"\" width=\"534\" height=\"343\" srcset=\"https:\/\/lemotdujour.fr\/wp-content\/uploads\/2021\/11\/Lhasa-aux-bouffes-du-Nord.png 969w, https:\/\/lemotdujour.fr\/wp-content\/uploads\/2021\/11\/Lhasa-aux-bouffes-du-Nord-300x193.png 300w, https:\/\/lemotdujour.fr\/wp-content\/uploads\/2021\/11\/Lhasa-aux-bouffes-du-Nord-768x493.png 768w\" sizes=\"auto, (max-width: 534px) 100vw, 534px\" \/>Un des concerts, celui du 11 mai 2009 a \u00e9t\u00e9 organis\u00e9 par la FNAC et on trouve les vid\u00e9os sur la chaine Youtube de la FNAC<br \/>\n<\/span><\/p>\n<p><span style=\"color: #777777; font-family: Arial;\">Je vous propose d&rsquo;\u00e9couter &lt;<a href=\"https:\/\/www.youtube.com\/watch?v=wiMW6eikgu8\"><strong><span style=\"color: #0000ff;\">Rising<\/span><\/strong><\/a>&gt;<br \/>\n<\/span><\/p>\n<p><span style=\"color: #777777; font-family: Arial;\">Pour la chanson Rising Lhasa a r\u00e9pondu dans l&rsquo;article de L&rsquo;humanit\u00e9 pr\u00e9cit\u00e9\u00a0:<br \/>\n<\/span><\/p>\n<p style=\"margin-left: 28pt;\"><span style=\"color: #c00000; font-family: Arial;\">\u00ab\u00a0Cette chanson est n\u00e9e d&rsquo;une image que j&rsquo;ai explor\u00e9e. Pour moi, ce n&rsquo;est pas tr\u00e8s int\u00e9ressant maintenant d&rsquo;explorer cette chanson, c&rsquo;est plus int\u00e9ressant que les autres imaginent l&rsquo;image. Les mots m&rsquo;ont attir\u00e9e parce que je sentais qu&rsquo;ils v\u00e9hiculaient une image puissante. Mon boulot est d&rsquo;explorer cette image, d&rsquo;aller jusqu&rsquo;au bout de ce que je ressens. Ensuite, c&rsquo;est aux autres de voir ce qu&rsquo;elle veut dire.\u00a0\u00bb<br \/>\n<\/span><\/p>\n<p><span style=\"color: #777777; font-family: Arial;\">Voici les paroles avec une tentative de traduction<br \/>\n<\/span><\/p>\n<p style=\"margin-left: 28pt;\"><span style=\"color: #c00000; font-family: Arial;\">I got caught in a storm<br \/>\nAnd carried away<br \/>\nI got turned, turned around<br \/>\nI got caught in a storm<br \/>\nThat&rsquo;s what happened to me<br \/>\n<\/span><\/p>\n<p><span style=\"color: #777777; font-family: Arial;\">J&rsquo;ai \u00e9t\u00e9 pris dans une temp\u00eate<br \/>\nEt emport\u00e9<br \/>\nJe me suis tourn\u00e9, retourn\u00e9<br \/>\nJ&rsquo;ai \u00e9t\u00e9 pris dans une temp\u00eate<br \/>\nC&rsquo;est ce qui m&rsquo;est arriv\u00e9<br \/>\n<\/span><\/p>\n<p style=\"margin-left: 28pt;\"><span style=\"color: #c00000; font-family: Arial;\">So I didn&rsquo;t call<br \/>\nAnd you didn&rsquo;t see me for a while<br \/>\nI was rising up<br \/>\nHitting the ground<br \/>\nAnd breaking and breaking<br \/>\n<\/span><\/p>\n<p><span style=\"color: #777777; font-family: Arial;\">Alors je n&rsquo;ai pas appel\u00e9<br \/>\nEt vous ne m&rsquo;avez pas vu pendant un moment<br \/>\nJe m&rsquo;\u00e9levais<br \/>\nCognais le sol<br \/>\nEt me brisais et me brisais<br \/>\n<\/span><\/p>\n<p style=\"margin-left: 28pt;\"><span style=\"color: #c00000; font-family: Arial; font-size: 11pt;\">I got caught in a storm<br \/>\nThings were flying around<br \/>\nAnd doors were slamming<br \/>\nAnd windows were breaking<br \/>\nAnd I couldn&rsquo;t hear what you were saying<br \/>\nI couldn&rsquo;t hear what you were saying<br \/>\nI couldn&rsquo;t hear what you were saying<br \/>\n<\/span><\/p>\n<p><span style=\"color: #777777; font-family: Arial;\">J&rsquo;ai \u00e9t\u00e9 pris dans une temp\u00eate<br \/>\nDes choses volaient alentour<br \/>\nEt les portes claquaient<br \/>\nEt les fen\u00eatres se brisaient<br \/>\nEt je ne pouvais pas entendre ce que vous disiez<br \/>\nJe ne pouvais pas entendre ce que vous disiez<br \/>\nJe ne pouvais pas entendre ce que vous disiez<br \/>\n<\/span><\/p>\n<p style=\"margin-left: 28pt;\"><span style=\"color: #c00000; font-family: Arial;\">I was rising up<br \/>\nHitting the ground<br \/>\nAnd breaking and breaking<br \/>\nRising up<br \/>\nRising up<br \/>\n<\/span><\/p>\n<p><span style=\"color: #777777; font-family: Arial;\">Je m&rsquo;\u00e9levais<br \/>\nCognais le sol<br \/>\nEt me brisais, et me brisais<br \/>\nM&rsquo;\u00e9levais<br \/>\nM&rsquo;\u00e9levais<br \/>\n<\/span><\/p>\n<p><span style=\"color: #777777; font-family: Arial;\">Il y a d&rsquo;autres chansons sur la cha\u00eene de la FNAC comme <a href=\"https:\/\/www.youtube.com\/watch?v=nKmo0L1y8tI\">&lt;<span style=\"color: #0000ff;\">Fool&rsquo;s gold &#8211; Bouffes du Nord<\/span>&gt;<\/a><br \/>\n<\/span><\/p>\n<p><span style=\"color: #777777; font-family: Arial;\"><img loading=\"lazy\" decoding=\"async\" class=\" wp-image-12629 alignleft\" src=\"https:\/\/lemotdujour.fr\/wp-content\/uploads\/2021\/11\/La-route-chante.jpg\" alt=\"\" width=\"341\" height=\"341\" srcset=\"https:\/\/lemotdujour.fr\/wp-content\/uploads\/2021\/11\/La-route-chante.jpg 475w, https:\/\/lemotdujour.fr\/wp-content\/uploads\/2021\/11\/La-route-chante-300x300.jpg 300w, https:\/\/lemotdujour.fr\/wp-content\/uploads\/2021\/11\/La-route-chante-150x150.jpg 150w, https:\/\/lemotdujour.fr\/wp-content\/uploads\/2021\/11\/La-route-chante-230x230.jpg 230w, https:\/\/lemotdujour.fr\/wp-content\/uploads\/2021\/11\/La-route-chante-365x365.jpg 365w\" sizes=\"auto, (max-width: 341px) 100vw, 341px\" \/>Le 3 d\u00e9cembre 2017, beaucoup de ses amis se sont r\u00e9unis pour un concert hommage \u00e0 Lhasa. Ils l&rsquo;ont appel\u00e9 <strong>\u00ab\u00a0La route chante\u00a0\u00bb<\/strong> Comme le livre qu&rsquo;elle avait \u00e9crit et qui est paru en 2008.<br \/>\n<\/span><\/p>\n<p><span style=\"color: #777777; font-family: Arial;\">&lt;<span style=\"color: #0000ff;\"><a style=\"color: #0000ff;\" href=\"https:\/\/musique.rfi.fr\/musique\/20171205-lhasa-hommage-llorona\">Cet article<\/a><\/span>&gt; sur le site de RFI raconte cet hommage \u00e9mu de la part des musiciens qui ont particip\u00e9 \u00e0 son aventure musicale. Et l&rsquo;article se termine ainsi\u00a0:<br \/>\n<\/span><\/p>\n<p style=\"margin-left: 28pt;\"><span style=\"color: #c00000; font-family: Arial;\">\u00c0 la fin du concert \u00e0 la Philharmonie, une dame appara\u00eet, \u00e9paul\u00e9e par tous les artistes de l&rsquo;hommage : c&rsquo;est Alexandra, sa maman. Sur la sc\u00e8ne, elle lit les paroles de sa fille, tir\u00e9es de son ouvrage \u00ab\u00a0La Route chante\u00a0\u00bb\u00a0:<br \/>\n\u00ab\u00a0<strong>J&rsquo;\u00e9cris des chansons pour m&rsquo;aider \u00e0 avancer. Elles sont mes \u00e9toiles. Elles me guident dans la nuit (\u2026)<\/strong>\u00a0\u00bb.<br \/>\nSous les tonnerres d&rsquo;applaudissement d&rsquo;une salle debout, sous l&rsquo;esprit de Lhasa, elle conclut l&rsquo;hommage par ces mots de la chanteuse\u00a0:<br \/>\n\u00ab\u00a0Tu as fait grandir le c\u0153ur de ce monde. Tu as repouss\u00e9 les murs. Merci.\u00a0\u00bb<br \/>\n<\/span><\/p>\n<p><span style=\"color: #c00000; font-family: Arial;\">&lt;1619&gt;<\/span><\/p>\n","protected":false},"excerpt":{"rendered":"<p>\u00ab\u00a0J&rsquo;\u00e9cris des chansons pour m&rsquo;aider \u00e0 avancer. Elles sont mes \u00e9toiles. Elles me guident dans la nuit.\u00a0\u00bb Lhasa Le chant du cygne, son troisi\u00e8me et dernier album est paru en 2009. Il avait simplement pour titre\u00a0: \u00ab\u00a0Lhasa\u00a0\u00bb Il aura donc<\/p>\n","protected":false},"author":1,"featured_media":0,"comment_status":"open","ping_status":"closed","sticky":false,"template":"","format":"standard","meta":{"footnotes":""},"categories":[1],"tags":[159,193],"class_list":["post-12625","post","type-post","status-publish","format-standard","hentry","category-motdujour","tag-canada","tag-chanson"],"_links":{"self":[{"href":"https:\/\/lemotdujour.fr\/index.php?rest_route=\/wp\/v2\/posts\/12625","targetHints":{"allow":["GET"]}}],"collection":[{"href":"https:\/\/lemotdujour.fr\/index.php?rest_route=\/wp\/v2\/posts"}],"about":[{"href":"https:\/\/lemotdujour.fr\/index.php?rest_route=\/wp\/v2\/types\/post"}],"author":[{"embeddable":true,"href":"https:\/\/lemotdujour.fr\/index.php?rest_route=\/wp\/v2\/users\/1"}],"replies":[{"embeddable":true,"href":"https:\/\/lemotdujour.fr\/index.php?rest_route=%2Fwp%2Fv2%2Fcomments&post=12625"}],"version-history":[{"count":15,"href":"https:\/\/lemotdujour.fr\/index.php?rest_route=\/wp\/v2\/posts\/12625\/revisions"}],"predecessor-version":[{"id":12756,"href":"https:\/\/lemotdujour.fr\/index.php?rest_route=\/wp\/v2\/posts\/12625\/revisions\/12756"}],"wp:attachment":[{"href":"https:\/\/lemotdujour.fr\/index.php?rest_route=%2Fwp%2Fv2%2Fmedia&parent=12625"}],"wp:term":[{"taxonomy":"category","embeddable":true,"href":"https:\/\/lemotdujour.fr\/index.php?rest_route=%2Fwp%2Fv2%2Fcategories&post=12625"},{"taxonomy":"post_tag","embeddable":true,"href":"https:\/\/lemotdujour.fr\/index.php?rest_route=%2Fwp%2Fv2%2Ftags&post=12625"}],"curies":[{"name":"wp","href":"https:\/\/api.w.org\/{rel}","templated":true}]}}