{"id":12600,"date":"2021-11-08T01:10:00","date_gmt":"2021-11-08T00:10:00","guid":{"rendered":"http:\/\/lemotdujour.fr\/?p=12600"},"modified":"2022-08-02T18:02:53","modified_gmt":"2022-08-02T16:02:53","slug":"lundi-8-novembre-2021","status":"publish","type":"post","link":"https:\/\/lemotdujour.fr\/?p=12600","title":{"rendered":"Lundi 8 Novembre 2021"},"content":{"rendered":"<div class=\"mdjTexte\">\u00ab\u00a0Si elle ne se saignait pas \u00e0 chaque repr\u00e9sentation, elle croyait qu&rsquo;elle trompait le public.\u00a0\u00bb<\/div>\n<div class=\"mdjAuteur\">Rick Haworth, guitariste sur le deuxi\u00e8me album de Lhasa<\/div>\n<p><span style=\"color: #777777;\"><span style=\"font-family: Arial;\">Le premier album, enti\u00e8rement chant\u00e9 en espagnol, est un succ\u00e8s. Lhasa va faire une tourn\u00e9e mondiale pour le pr\u00e9senter. En France elle sera tr\u00e8s bien accueillie, la critique musicale qui fait autorit\u00e9 dans le domaine de la chanson, <strong>Anne-Marie Paquotte<\/strong> et qui \u00e9crit dans \u00ab TELERAMA \u00bb, l&rsquo;a entendue \u00e0 Montr\u00e9al et en fait l&rsquo;\u00e9loge par un article laudatif. Elle la signale \u00e0 Vincent Fr\u00e8rebeau, patron de T\u00f4t ou Tard, qui va devenir son distributeur en Europe. Elle viendra, aur\u00e9ol\u00e9e de cette renomm\u00e9e au Printemps de Bourges 1997.<\/span><\/span><\/p>\n<p><span style=\"color: #777777;\"><span style=\"font-family: Arial;\">Seul les \u00c9tats-Unis seront insensibles \u00e0 cette artiste n\u00e9e aux \u00c9tats-Unis et qui ne chante pas en anglais.<\/span><\/span><\/p>\n<p><span style=\"color: #777777;\"><span style=\"font-family: Arial;\"><img loading=\"lazy\" decoding=\"async\" class=\"wp-image-12618 alignright\" src=\"https:\/\/lemotdujour.fr\/wp-content\/uploads\/2021\/11\/Lhasa-belle.jpg\" alt=\"\" width=\"528\" height=\"338\" srcset=\"https:\/\/lemotdujour.fr\/wp-content\/uploads\/2021\/11\/Lhasa-belle.jpg 1656w, https:\/\/lemotdujour.fr\/wp-content\/uploads\/2021\/11\/Lhasa-belle-300x192.jpg 300w, https:\/\/lemotdujour.fr\/wp-content\/uploads\/2021\/11\/Lhasa-belle-1024x655.jpg 1024w, https:\/\/lemotdujour.fr\/wp-content\/uploads\/2021\/11\/Lhasa-belle-768x492.jpg 768w, https:\/\/lemotdujour.fr\/wp-content\/uploads\/2021\/11\/Lhasa-belle-1536x983.jpg 1536w\" sizes=\"auto, (max-width: 528px) 100vw, 528px\" \/>Son \u00e9diteur canadien, Audiogram, est combl\u00e9 et attend avec impatience qu&rsquo;elle continue sur cette voix et pr\u00e9pare rapidement un deuxi\u00e8me Album. Mais Lhasa n&rsquo;est pas de cet avis, elle a besoin de faire une pause.<\/span><\/span><\/p>\n<p style=\"margin-left: 28pt;\"><span style=\"color: #c00000;\"><span style=\"font-family: Arial;\">\u00ab\u00a0J&rsquo;\u00e9tais rendue parano\u00efaque, j&rsquo;avais l&rsquo;impression de ne plus avoir d&rsquo;espace pour vivre. Je perdais tout estime de moi-m\u00eame\u00a0\u00bb. Un jour, elle a stup\u00e9fait l&rsquo;\u00e9quipe d&rsquo;Audiogram, Yves Desrosiers et ses autres musiciens en leur annon\u00e7ant qu&rsquo;elle quittait Montr\u00e9al pour se joindre \u00e0 la troupe de cirque de ses s\u0153urs en France. Quand reviendrait-elle\u00a0? Qui sait, peut-\u00eatre jamais.\u00a0\u00bb<br \/>\n<em>Fred Goodman\u00a0: \u00ab\u00a0Envoutante Lhasa\u00a0\u00bb page 87<\/em><\/span><\/span><\/p>\n<p><span style=\"color: #777777;\"><span style=\"font-family: Arial;\">Elle dira plus tard\u00a0:<\/span><\/span><\/p>\n<p style=\"margin-left: 28pt;\"><span style=\"color: #c00000;\"><span style=\"font-family: Arial;\">\u00ab\u00a0Avec le recul, je me suis dit que c&rsquo;\u00e9tait assez extr\u00eame. Mais quand je suis partie pour la France, c&rsquo;\u00e9tait presque comme si j&rsquo;allais vers la mort. J&rsquo;ai tout abandonn\u00e9. J&rsquo;ai tout essay\u00e9 sauf me raser la t\u00eate et me faire moine.\u00a0\u00bb<br \/>\n<em>m\u00eame r\u00e9f\u00e9rence.<\/em><\/span><\/span><\/p>\n<p><span style=\"color: #777777;\"><span style=\"font-family: Arial;\">Sa s\u0153ur Miriam explique que leurs parents leur ont transmis cette qu\u00eate que la vie est recherche int\u00e9rieure qu&rsquo;il est important de poursuivre. Il fallait donc \u00eatre \u00e0 l&rsquo;\u00e9coute de ses intuitions et faire confiance \u00e0 la vie.<\/span><\/span><\/p>\n<p><span style=\"color: #777777;\"><span style=\"font-family: Arial;\">Et c&rsquo;est ainsi que Lhasa va venir dans notre pays rejoindre ses s\u0153urs. Elle restera en France 4 ans et s&rsquo;installera \u00e0 Marseille pendant deux ans et demi et fera des tourn\u00e9es avec le cirque de ses s\u0153urs. Elle chantera pendant le spectacle de cirque dans des conditions simples et m\u00eame pr\u00e9caires, bien loin des standards auxquels elle s&rsquo;\u00e9tait habitu\u00e9e pendant la tourn\u00e9e avec Yves Desrosiers et les autres musiciens.<\/span><\/span><\/p>\n<p><span style=\"color: #777777;\"><span style=\"font-family: Arial;\">Mais le d\u00e9sir de recomposer de nouvelles chansons la reprendra \u00e0 Marseille.<\/span><\/span><\/p>\n<p><span style=\"color: #777777;\"><span style=\"font-family: Arial;\">Cette fois les chansons seront toujours en espagnol mais aussi en fran\u00e7ais, langue de Marseille et de Montr\u00e9al et en anglais, sa langue maternelle.<\/span><\/span><\/p>\n<p><span style=\"color: #777777;\"><span style=\"font-family: Arial;\">Elle dit\u00a0: \u00ab\u00a0<span style=\"color: #c00000;\">Pour mon deuxi\u00e8me album, je voulais cr\u00e9er quelque chose d&rsquo;intime, de personnel<span style=\"color: #777777;\">\u00a0\u00bb<\/span><br \/>\n<span style=\"color: #777777;\"><span style=\"font-family: Arial;\">Elle commencera \u00e0 Marseille, mais il lui faut des musiciens.<\/span><\/span><\/span><\/span><\/span><\/p>\n<p><span style=\"color: #777777;\"><span style=\"font-family: Arial;\">Arthur H, qu&rsquo;elle connait depuis qu&rsquo;elle a chant\u00e9 au Bataclan, la met en contact avec un groupe de musiciens parisiens. Mais l&rsquo;osmose ne se fait pas, elle ne retrouve pas la relation qu&rsquo;elle avait avec Yves Desrosiers.<\/span><\/span><\/p>\n<p><span style=\"color: #777777;\"><span style=\"font-family: Arial;\">Alors cette nomade dans l&rsquo;\u00e2me retourne vers la ville qui sera son port d&rsquo;attache dans sa courte vie\u00a0: Montr\u00e9al.<\/span><br \/>\n<span style=\"color: #777777; font-family: Arial;\">D\u00e8s son retour, en 2002, Lhasa va retrouver Yves Desrosiers. Mais l&rsquo;alchimie ne fonctionne plus. Ce site canadien cite le guitariste :<br \/>\n<\/span><\/span><\/p>\n<p style=\"margin-left: 28pt;\"><span style=\"color: #c00000; font-family: Arial;\">\u00ab \u00c7a commen\u00e7ait \u00e0 \u00eatre difficile entre elle et moi. Avec du recul, je crois qu&rsquo;elle \u00e9tait tann\u00e9e qu&rsquo;il y ait tout le temps quelqu&rsquo;un derri\u00e8re elle. Depuis le d\u00e9but, je symbolisais celui qui la parrainait et je crois qu&rsquo;elle en avait son casse. Elle ne voulait pas qu&rsquo;on se s\u00e9pare, mais elle voulait prendre les r\u00eanes.\u00bb<br \/>\n<\/span><\/p>\n<p style=\"margin-left: 28pt;\"><span style=\"color: #c00000; font-family: Arial;\">Yves Desrosiers met donc un terme \u00e0 son aventure artistique avec Lhasa de Sela : \u00abJ&rsquo;me disais qu&rsquo;il \u00e9tait temps qu&rsquo;elle fasse ses choses toute seule, qu&rsquo;elle contr\u00f4le enti\u00e8rement son univers artistique. Je voyais que c&rsquo;est \u00e7a qu&rsquo;elle avait envie de faire. C&rsquo;\u00e9tait \u00e9crit dans le ciel qu&rsquo;un jour, \u00e7a allait arriver.\u00bb\u00a0\u00bb<br \/>\n<\/span><\/p>\n<p><span style=\"color: #777777; font-family: Arial;\"><img loading=\"lazy\" decoding=\"async\" class=\"wp-image-13847 alignright\" src=\"https:\/\/lemotdujour.fr\/wp-content\/uploads\/2021\/11\/Lhasa-en-transe.jpg\" alt=\"\" width=\"467\" height=\"425\" srcset=\"https:\/\/lemotdujour.fr\/wp-content\/uploads\/2021\/11\/Lhasa-en-transe.jpg 844w, https:\/\/lemotdujour.fr\/wp-content\/uploads\/2021\/11\/Lhasa-en-transe-300x273.jpg 300w, https:\/\/lemotdujour.fr\/wp-content\/uploads\/2021\/11\/Lhasa-en-transe-768x699.jpg 768w\" sizes=\"auto, (max-width: 467px) 100vw, 467px\" \/>Quelques mois apr\u00e8s sa mort, Yves Desrosiers confiera au m\u00eame journal son regret\u00a0:<br \/>\n<\/span><\/p>\n<p style=\"margin-left: 28pt;\"><span style=\"color: #c00000; font-family: Arial;\">\u00ab La raison pour laquelle on a d\u00e9cid\u00e9 de se s\u00e9parer musicalement, elle n&rsquo;est plus importante\u2026 mais, dans ma t\u00eate, je me disais que, dans 10 ou 15 ans, j&rsquo;allais rejouer avec elle sur sc\u00e8ne. Pas n\u00e9cessairement pour refaire un disque, mais pour renouer avec le plaisir que j&rsquo;avais d&rsquo;\u00eatre \u00e0 c\u00f4t\u00e9 d&rsquo;elle, de jouer pour elle\u00bb, confie-t-il, encore sous le coup de l&rsquo;\u00e9motion. \u00ab Malheureusement, c&rsquo;est pas arriv\u00e9\u2026 et j&rsquo;ai jamais \u00e9t\u00e9 capable de lui dire avant qu&rsquo;elle parte. \u00bb<br \/>\n<\/span><\/p>\n<p><span style=\"color: #777777; font-family: Arial;\">Elle va se tourner vers <strong>Fran\u00e7ois Lalonde<\/strong> (batteur) et <strong>Jean Massicotte<\/strong> (pianiste) qui avaient d\u00e9j\u00e0 particip\u00e9 au premier album.<br \/>\n<\/span><\/p>\n<p><span style=\"color: #777777; font-family: Arial;\">S&rsquo;y ajoutera le guitariste <strong>Rick Haworth<\/strong> qui jouera sur l&rsquo;album et participera \u00e0 la tourn\u00e9e qui a suivi. Il fera, \u00e0 Fred Goodman cette confidence que je reprends, en partie, comme exergue de ce mot du jour\u00a0:<br \/>\n<\/span><\/p>\n<p style=\"margin-left: 28pt;\"><span style=\"color: #c00000; font-family: Arial;\"><strong>\u00ab\u2009Si elle ne se saignait pas \u00e0 chaque repr\u00e9sentation, elle croyait qu&rsquo;elle trompait le public.<\/strong> Elle creusait plus profond\u00e9ment dans une chanson que quiconque avec qui j&rsquo;ai jou\u00e9. C&rsquo;\u00e9tait \u00e7a, son d\u00e9fi. J&rsquo;ai d\u00fb changer la fa\u00e7on dont j&rsquo;abordais les chansons, nous l&rsquo;avons tous fait. Tu devais la suivre, sinon, tu ne faisais plus partie de la chanson. Il n&rsquo;y avait pas de compromis. Tu devais toi aussi saigner.\u2009\u00bb<br \/>\n<\/span><\/p>\n<p><img loading=\"lazy\" decoding=\"async\" class=\"alignleft\" src=\"https:\/\/lemotdujour.fr\/wp-content\/uploads\/2021\/11\/110821_0004_Lundi8Novem1.jpg\" alt=\"\" width=\"428\" height=\"428\" align=\"left\" \/><span style=\"color: #777777; font-family: Arial;\">Ce deuxi\u00e8me album aura pour titre \u00ab\u00a0<strong>Living road<\/strong>\u00a0\u00bb<br \/>\n<\/span><\/p>\n<p><span style=\"color: #777777; font-family: Arial;\">La pochette sera \u00e0 nouveau r\u00e9alis\u00e9 graphiquement par Lhasa.<br \/>\n<\/span><\/p>\n<p><span style=\"color: #777777; font-family: Arial;\">Il est encore question de route, la route vivante.<br \/>\n<\/span><\/p>\n<p><span style=\"color: #777777; font-family: Arial;\">Cette expression se trouve dans la derni\u00e8re chanson du disque<br \/>\n<\/span><\/p>\n<p><span style=\"color: #777777; font-family: Arial;\">&lt;<a href=\"https:\/\/www.youtube.com\/watch?v=j46E3Myuyeg\"><span style=\"color: #0000ff;\">Soon this space will be too small<\/span><\/a>&gt;<br \/>\n<\/span><\/p>\n<p><span style=\"color: #c00000; font-family: Arial;\">Bient\u00f4t cet espace sera trop petit<br \/>\nEt j&rsquo;irais dehors<br \/>\nSur l&rsquo;immense flanc de colline<br \/>\nO\u00f9 soufflent les vents sauvages<br \/>\nEt brillent les \u00e9toiles froides<br \/>\n<\/span><\/p>\n<p><span style=\"color: #c00000; font-family: Arial;\">Je poserai mon pied<br \/>\nSur la route vivante<br \/>\nEt je serai port\u00e9e<br \/>\nJusqu&rsquo;au c\u0153ur du monde<br \/>\n[\u2026]<br \/>\n<\/span><\/p>\n<p><span style=\"color: #0000ff;\"><a style=\"color: #0000ff;\" href=\"https:\/\/atem-journal.com\/ojs2\/index.php\/ATeM\"><span style=\"font-family: Arial;\">&lt;Vous trouverez ici&gt;<\/span><\/a><\/span><span style=\"color: #777777; font-family: Arial;\"> une description et analyse de l&rsquo;ensemble des chansons de cet album qui commence par \u00ab\u00a0<a href=\"https:\/\/www.youtube.com\/watch?v=W1WVrcXV9W4\"><span style=\"color: #0000ff;\">Con toda palabra\u00a0<\/span><\/a>\u00bb d\u00e9j\u00e0 cit\u00e9e lors du premier mot du jour de la s\u00e9rie.<br \/>\n<\/span><\/p>\n<p><span style=\"color: #777777; font-family: Arial;\">Elle chante donc cette fois aussi en fran\u00e7ais.<br \/>\n<\/span><\/p>\n<p><span style=\"color: #777777; font-family: Arial;\">Je vous propose d&rsquo;\u00e9couter \u00ab\u00a0<a href=\"https:\/\/www.youtube.com\/watch?v=dJ60T7jlRgo\"><span style=\"color: #0000ff;\">Mar\u00e9e Haute<\/span>\u00a0<\/a>\u00bb dont &lt;<a href=\"https:\/\/www.lexpress.fr\/culture\/musique\/la-route-de-lhasa_839987.html\"><span style=\"color: #0000ff;\">elle dit<\/span><\/a>&gt;<br \/>\n<\/span><\/p>\n<p style=\"margin-left: 28pt;\"><span style=\"color: #c00000; font-family: Arial;\">\u00ab Je travaille mes chansons d&rsquo;une fa\u00e7on tr\u00e8s visuelle, et vice versa: mes grandes peintures abstraites sont des partitions. Il m&rsquo;arrive de dessiner un point rouge, juste pour le plaisir. Ce point, c&rsquo;est comme un son, il cr\u00e9e un \u00e9quilibre dans la toile. La peinture m&rsquo;inspire des chansons. [\u2026] Et la chanson La Mar\u00e9e haute a \u00e9t\u00e9 marqu\u00e9e par l&rsquo;exposition sur les surr\u00e9alistes \u00e0 Beaubourg. Les influences sont souvent per\u00e7ues comme quelque chose qui vient de l&rsquo;ext\u00e9rieur. Je pense au contraire qu&rsquo;on les dig\u00e8re et qu&rsquo;il faut plonger \u00e0 l&rsquo;int\u00e9rieur de soi pour les retrouver.\u00bb<br \/>\n<\/span><\/p>\n<p><span style=\"color: #777777; font-family: Arial;\">Les paroles sont les suivantes\u00a0:<br \/>\n<\/span><\/p>\n<p style=\"margin-left: 28pt;\"><span style=\"color: #c00000; font-family: Arial;\">La route chante<br \/>\nQuand je m&rsquo;en vais<br \/>\nJe fais trois pas\u2026<br \/>\nLa route se tait<br \/>\n<\/span><\/p>\n<p style=\"margin-left: 28pt;\"><span style=\"color: #c00000; font-family: Arial;\">La route est noire<br \/>\n\u00c0 perte de vue<br \/>\nJe fais trois pas\u2026<br \/>\nLa route n&rsquo;est plus<br \/>\n<\/span><\/p>\n<p style=\"margin-left: 28pt;\"><span style=\"color: #c00000; font-family: Arial;\">Sur la mar\u00e9e haute<br \/>\nJe suis mont\u00e9e<br \/>\nLa t\u00eate est pleine<br \/>\nMais le coeur n&rsquo;a<br \/>\nPas assez<br \/>\n<\/span><\/p>\n<p><img decoding=\"async\" class=\"alignleft\" src=\"https:\/\/lemotdujour.fr\/wp-content\/uploads\/2021\/11\/110821_0004_Lundi8Novem2.jpg\" alt=\"\" align=\"left\" \/><span style=\"color: #777777; font-family: Arial;\">Et puis il y a cette chanson extraordinaire\u00a0: <strong>La frontera<\/strong> \u00bb (la fronti\u00e8re)<span style=\"color: black;\">.<br \/>\n<\/span><\/span><\/p>\n<p><span style=\"color: #777777; font-family: Arial;\">Dans cette &lt;<span style=\"color: #0000ff;\"><a style=\"color: #0000ff;\" href=\"https:\/\/www.youtube.com\/watch?v=KqSGIRo9VKE\">interpr\u00e9tation au Grand Rex<\/a><\/span>&gt; d\u00e9j\u00e0 sa pr\u00e9sentation est un moment d&rsquo;\u00e9motion.<br \/>\n<\/span><\/p>\n<p><span style=\"color: #777777; font-family: Arial;\">Les mots sont tous simples. Elles parlent de nuages qui s&rsquo;affrontent, puis dansent, puis il ne se passe plus rien.<br \/>\n<\/span><\/p>\n<p><span style=\"color: #777777; font-family: Arial;\">Mais quand Lhasa dit cela, on voit des migrants qui s&rsquo;approchent de la fronti\u00e8re qui ont peur, mais qui esp\u00e8rent aussi une vie meilleure et qui attendent.<br \/>\n<\/span><\/p>\n<p><span style=\"color: #777777; font-family: Arial;\">C&rsquo;est l&rsquo;\u00e9motion dont parle <strong>Rick Haworth, <\/strong>c&rsquo;est indescriptible<strong>.<br \/>\n<\/strong><\/span><\/p>\n<p><span style=\"color: #777777; font-family: Arial;\">Dans cette vid\u00e9o on entend aussi Lhasa expliquer son exp\u00e9rience sur sc\u00e8ne.Et puis <span style=\"color: #0000ff;\"><a style=\"color: #0000ff;\" href=\"https:\/\/www.youtube.com\/watch?v=nqW5e-jv6go\">&lt;ICI&gt;<\/a> <\/span>elle r\u00e9pond plus longuement sur TV5 \u00e0 une interview concernant cet album.<br \/>\n<\/span><\/p>\n<p><span style=\"color: #777777; font-family: Arial;\">Living Road est sorti en novembre 2003, 6 ans apr\u00e8s le premier album.<br \/>\n<\/span><\/p>\n<p><span style=\"color: #777777; font-family: Arial;\">En 2004 et 2005, Lhasa entreprend une longue tourn\u00e9e et donne un total de plus de 180 repr\u00e9sentations : elle parcourt l&rsquo;Europe, puis elle chante aux \u00c9tats-Unis, au Canada et au Mexique. Cette tourn\u00e9e remporte un grand succ\u00e8s aupr\u00e8s du public et les salles sont bond\u00e9es un peu partout.<br \/>\n<\/span><\/p>\n<p><span style=\"color: maroon; font-family: Arial;\">&lt;1618&gt;<\/span><\/p>\n","protected":false},"excerpt":{"rendered":"<p>\u00ab\u00a0Si elle ne se saignait pas \u00e0 chaque repr\u00e9sentation, elle croyait qu&rsquo;elle trompait le public.\u00a0\u00bb Rick Haworth, guitariste sur le deuxi\u00e8me album de Lhasa Le premier album, enti\u00e8rement chant\u00e9 en espagnol, est un succ\u00e8s. Lhasa va faire une tourn\u00e9e mondiale<\/p>\n","protected":false},"author":1,"featured_media":0,"comment_status":"open","ping_status":"closed","sticky":false,"template":"","format":"standard","meta":{"footnotes":""},"categories":[1],"tags":[159,193,15],"class_list":["post-12600","post","type-post","status-publish","format-standard","hentry","category-motdujour","tag-canada","tag-chanson","tag-france"],"_links":{"self":[{"href":"https:\/\/lemotdujour.fr\/index.php?rest_route=\/wp\/v2\/posts\/12600","targetHints":{"allow":["GET"]}}],"collection":[{"href":"https:\/\/lemotdujour.fr\/index.php?rest_route=\/wp\/v2\/posts"}],"about":[{"href":"https:\/\/lemotdujour.fr\/index.php?rest_route=\/wp\/v2\/types\/post"}],"author":[{"embeddable":true,"href":"https:\/\/lemotdujour.fr\/index.php?rest_route=\/wp\/v2\/users\/1"}],"replies":[{"embeddable":true,"href":"https:\/\/lemotdujour.fr\/index.php?rest_route=%2Fwp%2Fv2%2Fcomments&post=12600"}],"version-history":[{"count":14,"href":"https:\/\/lemotdujour.fr\/index.php?rest_route=\/wp\/v2\/posts\/12600\/revisions"}],"predecessor-version":[{"id":13849,"href":"https:\/\/lemotdujour.fr\/index.php?rest_route=\/wp\/v2\/posts\/12600\/revisions\/13849"}],"wp:attachment":[{"href":"https:\/\/lemotdujour.fr\/index.php?rest_route=%2Fwp%2Fv2%2Fmedia&parent=12600"}],"wp:term":[{"taxonomy":"category","embeddable":true,"href":"https:\/\/lemotdujour.fr\/index.php?rest_route=%2Fwp%2Fv2%2Fcategories&post=12600"},{"taxonomy":"post_tag","embeddable":true,"href":"https:\/\/lemotdujour.fr\/index.php?rest_route=%2Fwp%2Fv2%2Ftags&post=12600"}],"curies":[{"name":"wp","href":"https:\/\/api.w.org\/{rel}","templated":true}]}}