{"id":12592,"date":"2021-11-05T05:55:00","date_gmt":"2021-11-05T04:55:00","guid":{"rendered":"http:\/\/lemotdujour.fr\/?p=12592"},"modified":"2021-11-04T23:57:01","modified_gmt":"2021-11-04T22:57:01","slug":"vendredi-5-novembre-2021","status":"publish","type":"post","link":"https:\/\/lemotdujour.fr\/?p=12592","title":{"rendered":"Vendredi 5 novembre 2021"},"content":{"rendered":"<div class=\"mdjTexte\">\u00ab&nbsp;Pause (s\u00e9rie sur Lhasa)&nbsp;\u00bb<\/div>\n<div class=\"mdjAuteur\">Un jour sans mot du jour nouveau<\/div>\n<p><span style=\"color: #777777; font-family: Arial;\">Dans l&rsquo;album la Llhorona il y a aussi cette chanson&nbsp;: &lt;<a href=\"https:\/\/www.youtube.com\/watch?v=yg22xtm4gEs\"><span style=\"color: #0000ff;\">Los Peces<\/span><\/a>&gt;.<br \/>\n<\/span><\/p>\n<p><img loading=\"lazy\" decoding=\"async\" class=\"alignleft\" src=\"https:\/\/lemotdujour.fr\/wp-content\/uploads\/2021\/11\/110421_2155_Vendredi5no1.jpg\" alt=\"\" width=\"265\" height=\"330\" align=\"left\"><span style=\"color: #777777; font-family: Arial;\">Un mois apr\u00e8s la sortie de son album, <strong>Lhasa <\/strong>avec<strong> Yves Desrosiers<\/strong> et un second guitariste, Mario Legar\u00e9 vont jouer pour les d\u00e9tenus dans une prison de Montr\u00e9al &lt;<a href=\"https:\/\/www.youtube.com\/watch?v=Co-5K1iwZ_o\"><span style=\"color: #0000ff;\">Chez les Souverains 6 mars 1997<\/span><\/a>&gt; et en 1999, elle chante \u00e0 la t\u00e9l\u00e9vision fran\u00e7aise la m\u00eame chanson &lt;<a href=\"https:\/\/www.youtube.com\/watch?v=KmipW6tWP9s\"><span style=\"color: #0000ff;\">avec le groupe fran\u00e7ais Bratsch<\/span><\/a>&gt;<br \/>\n<\/span><\/p>\n<p><span style=\"color: #777777; font-family: Arial;\">Je finissais le mot du jour d&rsquo;hier en citant <strong>Bertrand Dicale<\/strong>. Voici l&rsquo;int\u00e9gralit\u00e9 de son petit billet de 4 minutes &lt;<span style=\"color: #0000ff;\"><a style=\"color: #0000ff;\" href=\"https:\/\/www.youtube.com\/watch?v=r0rdzWon_tc\">Lhasa de Sela, heureuse en trois langues<\/a><\/span>&gt;<\/span><\/p>\n<p><span style=\"color: #777777; font-family: Arial;\"><br \/>\n<\/span><span style=\"color: maroon; font-family: Arial;\">&lt;Mot du jour sans num\u00e9ro&gt;<\/span><\/p>\n<p><img decoding=\"async\" src=\"https:\/\/lemotdujour.fr\/wp-content\/uploads\/2021\/11\/110421_2155_Vendredi5no2.jpg\" alt=\"\"><span style=\"color: #777777; font-family: Arial;\"><br \/>\n<\/span><\/p>\n","protected":false},"excerpt":{"rendered":"<p>\u00ab&nbsp;Pause (s\u00e9rie sur Lhasa)&nbsp;\u00bb Un jour sans mot du jour nouveau Dans l&rsquo;album la Llhorona il y a aussi cette chanson&nbsp;: &lt;Los Peces&gt;. Un mois apr\u00e8s la sortie de son album, Lhasa avec Yves Desrosiers et un second guitariste, Mario<\/p>\n","protected":false},"author":1,"featured_media":0,"comment_status":"open","ping_status":"closed","sticky":false,"template":"","format":"standard","meta":{"footnotes":""},"categories":[1],"tags":[96],"class_list":["post-12592","post","type-post","status-publish","format-standard","hentry","category-motdujour","tag-pause"],"_links":{"self":[{"href":"https:\/\/lemotdujour.fr\/index.php?rest_route=\/wp\/v2\/posts\/12592","targetHints":{"allow":["GET"]}}],"collection":[{"href":"https:\/\/lemotdujour.fr\/index.php?rest_route=\/wp\/v2\/posts"}],"about":[{"href":"https:\/\/lemotdujour.fr\/index.php?rest_route=\/wp\/v2\/types\/post"}],"author":[{"embeddable":true,"href":"https:\/\/lemotdujour.fr\/index.php?rest_route=\/wp\/v2\/users\/1"}],"replies":[{"embeddable":true,"href":"https:\/\/lemotdujour.fr\/index.php?rest_route=%2Fwp%2Fv2%2Fcomments&post=12592"}],"version-history":[{"count":5,"href":"https:\/\/lemotdujour.fr\/index.php?rest_route=\/wp\/v2\/posts\/12592\/revisions"}],"predecessor-version":[{"id":12598,"href":"https:\/\/lemotdujour.fr\/index.php?rest_route=\/wp\/v2\/posts\/12592\/revisions\/12598"}],"wp:attachment":[{"href":"https:\/\/lemotdujour.fr\/index.php?rest_route=%2Fwp%2Fv2%2Fmedia&parent=12592"}],"wp:term":[{"taxonomy":"category","embeddable":true,"href":"https:\/\/lemotdujour.fr\/index.php?rest_route=%2Fwp%2Fv2%2Fcategories&post=12592"},{"taxonomy":"post_tag","embeddable":true,"href":"https:\/\/lemotdujour.fr\/index.php?rest_route=%2Fwp%2Fv2%2Ftags&post=12592"}],"curies":[{"name":"wp","href":"https:\/\/api.w.org\/{rel}","templated":true}]}}