{"id":12561,"date":"2021-11-03T00:41:49","date_gmt":"2021-11-02T23:41:49","guid":{"rendered":"http:\/\/lemotdujour.fr\/?p=12561"},"modified":"2021-11-12T20:44:24","modified_gmt":"2021-11-12T19:44:24","slug":"mercredi-3-novembre-2021","status":"publish","type":"post","link":"https:\/\/lemotdujour.fr\/?p=12561","title":{"rendered":"Mercredi 3 novembre 2021"},"content":{"rendered":"<div class=\"mdjTexte\">\u00ab\u00a0La route de Lhasa (1972-2010)\u00bb<\/div>\n<div class=\"mdjAuteur\">Documentaire d&rsquo;\u00c9lise Andrieu consacr\u00e9 \u00e0 la chanteuse Lhasa de Sela<\/div>\n<p><span style=\"color: #777777; font-family: Arial;\">Connaissez-vous Lhasa\u00a0?<br \/>\n<\/span><\/p>\n<p><span style=\"color: #777777; font-family: Arial;\">Clara Ys\u00e9 la d\u00e9signe comme une de ses inspiratrices<br \/>\n<\/span><\/p>\n<p><span style=\"color: #777777; font-family: Arial;\">Je ne la connaissais pas et puis j&rsquo;ai entendu, sur France Culture, en ao\u00fbt, dans une \u00e9mission du samedi \u00ab\u00a0<span style=\"color: #0000ff;\"><a style=\"color: #0000ff;\" href=\"https:\/\/www.franceculture.fr\/emissions\/une-vie-une-oeuvre\">Toute une vie<\/a>\u00a0<\/span>\u00bb, ce documentaire\u00a0: &lt;<a href=\"https:\/\/www.franceculture.fr\/emissions\/toute-une-vie\/la-route-de-lhasa-1972-2010\"><strong><span style=\"color: #0000ff;\">La route de Lhasa (1972-2010)<\/span><\/strong><\/a>&gt; et j&rsquo;ai appris \u00e0 la conna\u00eetre.<br \/>\n<\/span><\/p>\n<p><span style=\"color: #777777; font-family: Arial;\">Alors, j&rsquo;ai acquis les trois albums qu&rsquo;elle a r\u00e9alis\u00e9s au cours de sa vie.<br \/>\n<\/span><\/p>\n<p><img loading=\"lazy\" decoding=\"async\" class=\"alignleft\" src=\"https:\/\/lemotdujour.fr\/wp-content\/uploads\/2021\/11\/110221_2330_Mercredi3no1.jpg\" alt=\"\" width=\"423\" height=\"635\" align=\"left\" \/><span style=\"color: #777777; font-family: Arial;\">Puis, J&rsquo;ai achet\u00e9 le livre de <strong>Fred Goodman<\/strong> \u00ab\u00a0<span style=\"color: #0000ff;\"><a style=\"color: #0000ff;\" href=\"https:\/\/express.editionsboreal.qc.ca\/articles\/fred-goodman-envoutante-lhasa-resume\/?slug=focus\">Envo\u00fbtante Lhasa\u00a0<\/a><\/span>\u00bb et je l&rsquo;ai lu pendant notre s\u00e9jour dans le massif de la chartreuse, en \u00e9coutant les chansons de cette artiste incomparable qui exprime une \u00e9motion qui touche et fait vibrer dans les profondeurs de l&rsquo;\u00eatre.<br \/>\n<\/span><\/p>\n<p><span style=\"color: #777777; font-family: Arial;\">Annie partage ma fascination pour cette chanteuse dont la parenth\u00e8se enchant\u00e9e d&rsquo;existence a \u00e9t\u00e9 si courte.<br \/>\n<\/span><\/p>\n<p><span style=\"color: #777777; font-family: Arial;\">Heureusement que nous sommes d&rsquo;accord, parce que la voix enregistr\u00e9e de Lhasa a rempli beaucoup l&rsquo;espace sonore de notre gite.<br \/>\n<\/span><\/p>\n<p><span style=\"color: #777777; font-family: Arial;\">Le livre de Fred Goodman a \u00e9t\u00e9 \u00e9dit\u00e9 d&rsquo;abord au Canada fin 2020 et a \u00e9t\u00e9 publi\u00e9 en France en mars 2021, c&rsquo;est donc tout r\u00e9cent.<br \/>\n<\/span><\/p>\n<p><span style=\"color: #777777; font-family: Arial;\">Ce livre s&rsquo;ouvre ainsi\u00a0:<br \/>\n<\/span><\/p>\n<p style=\"margin-left: 28pt;\"><span style=\"color: #c00000; font-family: Arial;\">\u00ab\u00a0New York, 9 janvier 2010<br \/>\n<\/span><\/p>\n<p style=\"margin-left: 28pt;\"><span style=\"color: #c00000; font-family: Arial;\">Voici Lhasa qui vient tout juste de mourir, ce jour de l&rsquo;an \u00e0 Montr\u00e9al. C&rsquo;est ainsi que Delphine Blue m&rsquo;a r\u00e9v\u00e9l\u00e9 l&rsquo;existence de Lhasa de Sela. [\u2026]<br \/>\n<\/span><\/p>\n<p style=\"margin-left: 28pt;\"><span style=\"color: #c00000; font-family: Arial;\">Apr\u00e8s cette pr\u00e9sentation, je ne savais pas trop \u00e0 quoi m&rsquo;attendre, mais jamais je n&rsquo;aurais pu anticiper ceci : un froid carillon se d\u00e9tachait d&rsquo;un bourdonnement grave et cadenc\u00e9 \u00e9voquant la voix de la Terre que je n&rsquo;avais entendu que dans la musique des moines tib\u00e9tains de Gyuto. Au-dessus flottait, tel un vent sec du d\u00e9sert un solo de trompette \u00e0 la Don Cherry. J&rsquo;\u00e9tais transport\u00e9 en une contr\u00e9e inhospitali\u00e8re, un lieu tr\u00e8s lointain o\u00f9 je foulais \u00e0 la merci des \u00e9l\u00e9ments, un rude sentier mill\u00e9naire sous un vaste ciel nocturne.<\/span><span style=\"color: #c00000; font-family: Arial;\">[\u2026]<br \/>\n<\/span><span style=\"color: #c00000; font-family: Arial;\">Une musique envoutante, ambitieuse et raffin\u00e9e, un propos d&rsquo;une grande maturit\u00e9 \u00e9motionnelle. [\u2026] Comment pouvais-je n&rsquo;avoir jamais entendu parler d&rsquo;elle\u00a0?\u00a0\u00bb<br \/>\n<\/span><\/p>\n<p><span style=\"color: #777777; font-family: Arial;\">Et c&rsquo;est ainsi qu&rsquo;a commenc\u00e9 la qu\u00eate de Fred Goodman, journaliste sp\u00e9cialis\u00e9 dans la musique, \u00e9crivant dans le magazine <strong>Rolling Stone<\/strong> et dans Le <strong>New York Times<\/strong> pour r\u00e9diger la premi\u00e8re biographie de Lhasa en allant notamment \u00e0 la rencontre de celles et de ceux qui ont connu cette artiste n\u00e9e le <strong>27 septembre 1972 \u00e0 Big Indian, New York.<br \/>\n<\/strong><\/span><\/p>\n<p><span style=\"color: #777777; font-family: Arial;\">Goodman a d&rsquo;ailleurs d\u00e9di\u00e9 son livre \u00e0 <strong>Alexandra<\/strong> la m\u00e8re de Lhasa.<br \/>\n<\/span><\/p>\n<p><span style=\"color: #777777; font-family: Arial;\"><strong>Alexandra Karam<\/strong> est am\u00e9ricaine, elle est d&rsquo;origine mixte russo-polonaise par sa m\u00e8re et libanaise par son p\u00e8re (Karam).<br \/>\n<\/span><\/p>\n<p><span style=\"color: #777777; font-family: Arial;\"><a href=\"https:\/\/montrealgazette.com\/entertainment\/local-arts\/ten-years-after-her-death-lhasa-de-selas-legacy-matters-as-much-as-ever\"><img loading=\"lazy\" decoding=\"async\" class=\"wp-image-12587 alignright\" src=\"https:\/\/lemotdujour.fr\/wp-content\/uploads\/2021\/11\/Lhasa-de-Sela-et-sa-mere-mere-Alexandra-Karam.png\" alt=\"\" width=\"451\" height=\"391\" srcset=\"https:\/\/lemotdujour.fr\/wp-content\/uploads\/2021\/11\/Lhasa-de-Sela-et-sa-mere-mere-Alexandra-Karam.png 572w, https:\/\/lemotdujour.fr\/wp-content\/uploads\/2021\/11\/Lhasa-de-Sela-et-sa-mere-mere-Alexandra-Karam-300x260.png 300w\" sizes=\"auto, (max-width: 451px) 100vw, 451px\" \/><\/a>Alexandra est la fille d&rsquo;<strong>Elena Karam<\/strong> qui a fait la rencontre d&rsquo;<strong>Elia Kazan<\/strong> et d\u00e9croch\u00e9 son r\u00f4le le plus important au cin\u00e9ma, soit celui de la m\u00e8re dans <a href=\"https:\/\/fr.wikipedia.org\/wiki\/America,_America_(film)\"><span style=\"color: #0000ff;\">America, America<\/span><\/a><span style=\"color: #0000ff;\">.<\/span> Le p\u00e8re d&rsquo;Alexandra \u00e9tait un brillant avocat new-yorkais qui a \u00e9pous\u00e9 la m\u00e8re d&rsquo;Alexandra pour l\u00e9gitimer la naissance de leur fille. Ils ont ensuite rapidement divorc\u00e9, sans jamais vivre sous le m\u00eame toit. Puis cela devint difficile pour Alexandra qui d\u00e9testait le nouveau mari de sa m\u00e8re, autre new-yorkais riche et influent. Elle deviendra une enfant tr\u00e8s indocile.<br \/>\n<\/span><\/p>\n<p><span style=\"color: #777777; font-family: Arial;\">Son beau-p\u00e8re exige de sa m\u00e8re\u00a0:<br \/>\n<\/span><\/p>\n<p style=\"margin-left: 28pt;\"><span style=\"color: #c00000; font-family: Arial;\">\u00ab\u00a0Je ne peux plus tol\u00e9rer \u00e7a. Tu dois te d\u00e9barrasser d&rsquo;elle\u00a0\u00bb<br \/>\n<\/span><\/p>\n<p><span style=\"color: #777777; font-family: Arial;\">C&rsquo;est ainsi qu&rsquo;Alexandra se trouvera enferm\u00e9 dans un h\u00f4pital psychiatrique du Maryland. Et elle comprendra que le projet est qu&rsquo;elle y reste\u00a0!<br \/>\n<\/span><\/p>\n<p><span style=\"color: #777777; font-family: Arial;\">Je ne vais pas raconter toute l&rsquo;histoire d&rsquo;Alexandra telle que Goodman la d\u00e9roule dans son livre. <\/span><span style=\"color: #777777; font-family: Arial;\">Mais ce qu&rsquo;il faut comprendre c&rsquo;est que la m\u00e8re de Lhasa \u00e9tait une enfant rebelle dans une famille tr\u00e8s ais\u00e9e de New York qui voulait s&rsquo;en d\u00e9barrasser en l&rsquo;enfermant. Elle va s&rsquo;en sortir par une vie d&rsquo;errance, de drogue, de mariages successifs. Elle sera photographe.<br \/>\n<\/span><\/p>\n<p><span style=\"color: #777777; font-family: Arial;\">Et le p\u00e8re\u00a0? <strong>Alejandro de Sela ?<br \/>\n<\/strong><\/span><\/p>\n<p><span style=\"color: #777777; font-family: Arial;\">Lui aussi sera<strong> \u00ab\u00a0un mouton noir\u00a0\u00bb <\/strong>selon l&rsquo;expression de Goodman d&rsquo;une famille ais\u00e9e mexicaine. Il est n\u00e9 \u00e0 San Francisco et a pass\u00e9 les premi\u00e8res ann\u00e9es de sa vie dans un va et vient incessant entre le Mexique et les \u00c9tats-Unis. Sa m\u00e8re Carmen de Obarrio, \u00e9tait une pianiste de concert panam\u00e9enne qui avait enregistr\u00e9 chez RCA Victor dans les ann\u00e9es 1920. Le grand p\u00e8re maternel d&rsquo;Alejandro \u00e9tait ambassadeur du Panama aux \u00c9tats-Unis. Le p\u00e8re d&rsquo;Alejandro \u00e9tait un homme d&rsquo;affaires mexicain qui devint prosp\u00e8re.<br \/>\n<\/span><\/p>\n<p><span style=\"color: #777777; font-family: Arial;\">Mais Alejandro \u00e9tait tr\u00e8s inspir\u00e9 par la contre-culture et va se lancer dans une qu\u00eate spirituelle incessante. Miriam de Sela, s\u0153ur cadette de Lhasa raconte\u00a0:<br \/>\n<\/span><\/p>\n<p style=\"margin-left: 28pt;\"><span style=\"color: #c00000; font-family: Arial;\">\u00ab Mon p\u00e8re a essay\u00e9 pratiquement toutes les religions qui existent sur la plan\u00e8te. Et il n&rsquo;\u00e9prouvait aucun scrupule de passer de l&rsquo;une \u00e0 l&rsquo;autre : pour lui ce n&rsquo;\u00e9tait pas contradictoire. \u00bb<strong><br \/>\n<\/strong><\/span><\/p>\n<p><img decoding=\"async\" class=\"alignright\" src=\"https:\/\/lemotdujour.fr\/wp-content\/uploads\/2021\/11\/110221_2330_Mercredi3no2.jpg\" alt=\"\" align=\"left\" \/><span style=\"color: #777777; font-family: Arial;\">Et c&rsquo;est donc ces \u00ab\u00a0deux moutons noirs\u00a0\u00bb qui vont se rencontrer et donner naissance \u00e0 <strong>Lhasa de Sela <\/strong>ainsi qu&rsquo;\u00e0 trois autres filles. Le couple durera 12 ans.<br \/>\n<\/span><\/p>\n<p><span style=\"color: #777777; font-family: Arial;\">Mais la famille d&rsquo;Alexandra et d&rsquo;Alejandro est beaucoup plus \u00e9tendue que cela.<br \/>\n<\/span><\/p>\n<p><span style=\"color: #777777; font-family: Arial;\">Ainsi Lhasa en plus de ses trois s\u0153urs directes a aussi trois demi-s\u0153urs et trois demi-fr\u00e8res<br \/>\n<\/span><\/p>\n<p><span style=\"color: #777777; font-family: Arial;\">Cette famille vivra d&rsquo;amour, de culture et de livres comme cela est pr\u00e9cis\u00e9 dans le documentaire. Du point de vue des ressources financi\u00e8res, elle fera comme elle peut.<br \/>\n<\/span><\/p>\n<p><span style=\"color: #777777; font-family: Arial;\">Le p\u00e8re trouvera pertinent d&rsquo;acqu\u00e9rir un autobus qui constituera \u00e0 la fois le logis et le moyen de transport de toute la famille. Le titre \u00abLa route de Lhasa\u00bb se comprend aussi par cette vie nomade dans les premi\u00e8res ann\u00e9es de vie.<br \/>\n<\/span><\/p>\n<p><a href=\"https:\/\/www.telerama.fr\/musique\/lhasa-du-blues-a-l-ame,46215.php\"><span style=\"font-family: Arial;\"><span style=\"color: #0000ff;\">TELERAMA<\/span><\/span><\/a><span style=\"color: #777777; font-family: Arial;\"> \u00e9crira en 2009, pour parler du dernier album\u00a0:<br \/>\n<\/span><\/p>\n<p style=\"margin-left: 28pt;\"><span style=\"color: #c00000; font-family: Arial;\">\u00ab Jamais cette femme de 37 ans n&rsquo;a suivi les chemins balis\u00e9s, ni dans sa musique ni dans sa vie. Existence d&#8217;embl\u00e9e marqu\u00e9e par le sceau de la singularit\u00e9 : fille d&rsquo;un Mexicain, ex-ouvrier devenu prof de philo, et d&rsquo;une Am\u00e9ricaine photographe et joueuse de harpe, elle aura pass\u00e9 son enfance \u00e0 sillonner le sud des \u00c9tats-Unis et le Mexique \u00e0 bord d&rsquo;un&#8230; autobus familial : \u00ab Un jour, il est tomb\u00e9 en panne, raconte-t-elle . Le moteur avait cass\u00e9. Nous n&rsquo;avions pas d&rsquo;argent et avons log\u00e9 dans une station-service. Mon p\u00e8re travaillait comme saisonnier et cueillait les l\u00e9gumes et les fruits. Parfois, nous allions dans les champs avec lui pour cueillir les tomates, toute la journ\u00e9e. Apr\u00e8s des mois, on a r\u00e9ussi \u00e0 accumuler l&rsquo;argent n\u00e9cessaire pour acheter un nouveau moteur et repartir. \u00bb Trois d\u00e9cennies plus tard, l&rsquo;errance revient en \u00e9cho dans nombre de ses chansons, dont la langueur m\u00e9lancolique \u00e9voque les grands espaces. \u00bb<br \/>\n<\/span><\/p>\n<p><span style=\"color: #777777; font-family: Arial;\">J&rsquo;ai aussi trouv\u00e9 cette description qui est proche de ce qu&rsquo;\u00e9crit Goodman sur ce site consacr\u00e9 \u00e0 la pop moderne &lt;<span style=\"color: #0000ff;\"><a style=\"color: #0000ff;\" href=\"https:\/\/section-26.fr\/lhasa-de-sela-lhasa-tot-ou-tard-audiogram-2009\/\">Section26.fr<\/a><\/span>&gt;\u00a0:<br \/>\n<\/span><\/p>\n<p style=\"margin-left: 28pt;\"><span style=\"color: #c00000; font-family: Arial;\">\u00ab\u00a0Alexandra Karam et Alejandro de Sela vivent alors et vivront encore des ann\u00e9es durant sur la route, dans un ancien car scolaire, l&rsquo;un de ces school bus jaunes iconiques, reconverti en camping car, en foyer roulant.<br \/>\n<\/span><\/p>\n<p style=\"margin-left: 28pt;\"><span style=\"color: #c00000; font-family: Arial;\">[\u2026] Alexandra a choisi la boh\u00e8me, la libert\u00e9, a assist\u00e9 aux sessions qui ont donn\u00e9 naissance au free jazz, a connu Charlie Haden dont elle s&rsquo;est \u00e9loign\u00e9e pour s&rsquo;\u00e9loigner, aussi, de l&rsquo;h\u00e9ro\u00efne. Sa rencontre avec Alejandro Sela, sous les apparences brinquebalantes que donne leur vie commune sans domicile fixe, est ainsi une pause, propice \u00e0 l&rsquo;\u00e9difice. Car la qu\u00eate d&rsquo;Alejandro, d&rsquo;origine mexicaine, est tout aussi tranquillement intranquille : il arpente les pratiques mystiques dans un questionnement spirituel constant, que rejoint Alexandra, tout en s&rsquo;\u00e9prouvant ouvrier le plus souvent agricole, lui qui a renonc\u00e9 \u00e0 un confortable h\u00e9ritage en marxiste du temps. Ces deux \u00eatres n&rsquo;\u00e9prouvent gu\u00e8re le souci du qu&rsquo;en-dira-t-on, s&rsquo;accordent sur l&rsquo;\u00e9ducation des filles \u2013 men\u00e9e pour la partie scolaire par Alexandra \u2013, d\u00e9placent la famille selon les emplois trouv\u00e9s par le p\u00e8re, les communaut\u00e9s rencontr\u00e9es, les qu\u00eates et les enseignements. La vie est engag\u00e9e, pr\u00e9caire, entre les \u00c9tats-Unis et le Mexique, le monde est syncr\u00e9tique : Alejandro r\u00e9cite des \u00ab Je vous salue Marie \u00bb, chante des sutras bouddhistes, lit la Bible et Rumi, m\u00e9dite. Et de m\u00eame, Alejandro et Alexandra lisent sans exclusive, ouverts \u00e0 l&rsquo;Orient et \u00e0 la magie, vers\u00e9s dans les contes, ils \u00e9coutent des musiques de toutes les origines et de toutes les \u00e9poques \u2013 Maria Callas, des field recordings, des rancheras, Victor Jara, Violetta Parra \u2013 les cultures plut\u00f4t que la culture.<br \/>\n<\/span><\/p>\n<p style=\"margin-left: 28pt;\"><span style=\"color: #c00000; font-family: Arial;\">Et ils font don de \u00e7a, de ces tr\u00e9sors et de cette curiosit\u00e9 \u00e0 leurs filles, de m\u00eame que de leur exigence : il s&rsquo;agit chaque jour d&rsquo;\u00eatre, de faire, de cr\u00e9er, de donner.<br \/>\n<\/span><\/p>\n<p style=\"margin-left: 28pt;\"><span style=\"color: #c00000; font-family: Arial;\">Ils ne leur font pas don de la soci\u00e9t\u00e9, et entre deux pauses s\u00e9dentaires le vase reste souvent clos, une bulle r\u00e9duite au bus et aux arpents o\u00f9 il stoppe.<br \/>\n<\/span><\/p>\n<p style=\"margin-left: 28pt;\"><span style=\"color: #c00000; font-family: Arial;\">Si l&rsquo;on doit alors imaginer, on entrevoit beaucoup d&rsquo;amour et beaucoup de poids sur les \u00e9paules des enfants qui, peu \u00e0 peu, d\u00e9couvrent que le monde n&rsquo;est pas que ce que leurs parents leur offrent, que ce que leurs parents leur offrent est souvent r\u00e9sum\u00e9, majoritairement ni\u00e9, parfois ri, et que l&rsquo;exigence peut rencontrer le vide. Les hiatus ainsi sont des gouffres \u00e0 enjamber ; nous avons tous le souvenir de semblables \u00e9v\u00e9nements : pour elles, ils sont le quotidien.<br \/>\n<\/span><\/p>\n<p style=\"margin-left: 28pt;\"><span style=\"color: #c00000; font-family: Arial;\"><strong>Il s&rsquo;agit donc de faire, d&rsquo;apprendre, de cr\u00e9er.<\/strong><br \/>\n<\/span><\/p>\n<p style=\"margin-left: 28pt;\"><span style=\"color: #c00000; font-family: Arial;\">S&rsquo;amuser sans doute, aussi, parce que c&rsquo;est sacr\u00e9. Mais la paresse, non.<br \/>\n<\/span><\/p>\n<p style=\"margin-left: 28pt;\"><span style=\"color: #c00000; font-family: Arial;\">Lhasa est la plus r\u00eaveuse, et ne suit pas ses s\u0153urs dans la voie circassienne qu&rsquo;elles se trouvent, passe pour indisciplin\u00e9e, moins travailleuse, est surtout la t\u00eate aux histoires, aux vertiges de l&rsquo;\u00eatre. Elle n&rsquo;a simplement pas trouv\u00e9 encore comment raconter \u00e7a, ses histoires, le monde. Mais elle chante, d\u00e9j\u00e0, du matin au soir, agace les autres \u00e0 ne jamais cesser de chanter, fredonne ou siffle pour donner le change.\u00a0\u00bb<br \/>\n<\/span><\/p>\n<p><span style=\"color: #777777; font-family: Arial;\">Dans le documentaire \u00ab\u00a0<a href=\"https:\/\/www.franceculture.fr\/emissions\/toute-une-vie\/la-route-de-lhasa-1972-2010\"><span style=\"color: #0000ff;\">La route de Lhasa\u00a0<\/span><\/a>\u00bb, les s\u0153urs racontent aussi que Lhasa fredonnait tout le temps et que cela \u00e9nervait les autres dans cet espace restreint qu&rsquo;\u00e9tait ce bus.<br \/>\n<\/span><\/p>\n<p><span style=\"color: #777777; font-family: Arial;\">Au d\u00e9but du documentaire, une s\u0153ur de Lhasa la d\u00e9crit \u00e0 peu pr\u00e8s ainsi : <\/span><span style=\"color: #777777; font-family: Arial;\">\u00ab Il y a un livre qui est parfait pour d\u00e9crire Lhasa. C&rsquo;est un livre qui parle d&rsquo;un troupeau de petite souris. Et toutes les souris sont tr\u00e8s travailleuses. Elles pr\u00e9parent l&rsquo;hiver et elles mettent les graines de c\u00f4t\u00e9. Sauf une qui ne fait rien et toutes les autres qui disent : \u00ab Mais qu&rsquo;est-ce que tu fais ?\u00a0 pourquoi tu ne participes pas ? \u00bb La petite souris dit : \u00ab moi je collectionne les couleurs et les mots. Parce que quand ce sera le creux de l&rsquo;hiver on en aura besoin \u00bb.<br \/>\n<\/span><span style=\"color: #777777; font-family: Arial;\">Alors le d\u00e9but de l&rsquo;hiver est facile avec les provisions. Mais apr\u00e8s cela devient dur, de plus en plus dur. C&rsquo;est alors que la petite souris puise dans les couleurs et les mots qu&rsquo;elle a collectionn\u00e9s et leur parle, leur offre les mots qui r\u00e9chauffent le c\u0153ur et leur permettent de percevoir, au fond d&rsquo;eux, l&rsquo;image et la pens\u00e9e du soleil qu&rsquo;elles ne voient pas. C&rsquo;est \u00e7a Lhasa.\u00a0\u00bb<br \/>\n<\/span><\/p>\n<p><span style=\"color: #777777; font-family: Arial;\">Et puis il faut bien finir par une chanson\u00a0: Voici \u00ab\u00a0<a href=\"https:\/\/www.youtube.com\/watch?v=W1WVrcXV9W4\"><span style=\"color: #0000ff;\">Con toda palabra<\/span>\u00a0<\/a>\u00bb chant\u00e9e en 2004, lors de son passage sur la sc\u00e8ne parisienne du Grand Rex. Voil\u00e0 les mots collectionn\u00e9s par Lhasa:<br \/>\n<\/span><\/p>\n<div>\n<table style=\"border-collapse: collapse; height: 1420px;\" border=\"0\" width=\"517\">\n<colgroup>\n<col style=\"width: 184px;\" \/>\n<col style=\"width: 161px;\" \/><\/colgroup>\n<tbody valign=\"top\">\n<tr style=\"height: 17px;\">\n<td style=\"padding-left: 5px; padding-right: 5px; border: none;\" valign=\"bottom\"><span style=\"color: #c00000; font-family: Arial;\">Con toda palabra<\/span><\/td>\n<td style=\"padding-left: 5px; padding-right: 5px; border: none;\" valign=\"bottom\"><span style=\"color: #c00000; font-family: Arial;\">Avec tous les mots<\/span><\/td>\n<\/tr>\n<tr style=\"height: 17px;\">\n<td style=\"padding-left: 5px; padding-right: 5px; border: none;\" valign=\"bottom\"><span style=\"color: #c00000; font-family: Arial;\">Con toda sonrisa<\/span><\/td>\n<td style=\"padding-left: 5px; padding-right: 5px; border: none;\" valign=\"bottom\"><span style=\"color: #c00000; font-family: Arial;\">Avec tous les sourires<\/span><\/td>\n<\/tr>\n<tr style=\"height: 17px;\">\n<td style=\"padding-left: 5px; padding-right: 5px; border: none;\" valign=\"bottom\"><span style=\"color: #c00000; font-family: Arial;\">Con toda mirada<\/span><\/td>\n<td style=\"padding-left: 5px; padding-right: 5px; border: none;\" valign=\"bottom\"><span style=\"color: #c00000; font-family: Arial;\">Avec tous les regards<\/span><\/td>\n<\/tr>\n<tr style=\"height: 17px;\">\n<td style=\"padding-left: 5px; padding-right: 5px; border: none;\" valign=\"bottom\"><span style=\"color: #c00000; font-family: Arial;\">Con toda caricia<\/span><\/td>\n<td style=\"padding-left: 5px; padding-right: 5px; border: none;\" valign=\"bottom\"><span style=\"color: #c00000; font-family: Arial;\">Avec chaque caresse<\/span><\/td>\n<\/tr>\n<tr style=\"height: 17px;\">\n<td style=\"padding-left: 5px; padding-right: 5px; border: none;\" valign=\"bottom\"><\/td>\n<td style=\"padding-left: 5px; padding-right: 5px; border: none;\" valign=\"bottom\"><\/td>\n<\/tr>\n<tr style=\"height: 17px;\">\n<td style=\"padding-left: 5px; padding-right: 5px; border: none;\" valign=\"bottom\"><span style=\"color: #c00000; font-family: Arial;\">Me acerco al agua<\/span><\/td>\n<td style=\"padding-left: 5px; padding-right: 5px; border: none;\" valign=\"bottom\"><span style=\"color: #c00000; font-family: Arial;\">Je m&rsquo;approche de l&rsquo;eau<\/span><\/td>\n<\/tr>\n<tr style=\"height: 17px;\">\n<td style=\"padding-left: 5px; padding-right: 5px; border: none;\" valign=\"bottom\"><span style=\"color: #c00000; font-family: Arial;\">Bebiendo tu beso<\/span><\/td>\n<td style=\"padding-left: 5px; padding-right: 5px; border: none;\" valign=\"bottom\"><span style=\"color: #c00000; font-family: Arial;\">En buvant ton baiser<\/span><\/td>\n<\/tr>\n<tr style=\"height: 17px;\">\n<td style=\"padding-left: 5px; padding-right: 5px; border: none;\" valign=\"bottom\"><span style=\"color: #c00000; font-family: Arial;\">La luz de tu cara<\/span><\/td>\n<td style=\"padding-left: 5px; padding-right: 5px; border: none;\" valign=\"bottom\"><span style=\"color: #c00000; font-family: Arial;\">La lumi\u00e8re de ton visage<\/span><\/td>\n<\/tr>\n<tr style=\"height: 17px;\">\n<td style=\"padding-left: 5px; padding-right: 5px; border: none;\" valign=\"bottom\"><span style=\"color: #c00000; font-family: Arial;\">La luz de tu cuerpo<\/span><\/td>\n<td style=\"padding-left: 5px; padding-right: 5px; border: none;\" valign=\"bottom\"><span style=\"color: #c00000; font-family: Arial;\">La lumi\u00e8re de ton corps<\/span><\/td>\n<\/tr>\n<tr style=\"height: 17px;\">\n<td style=\"padding-left: 5px; padding-right: 5px; border: none;\" valign=\"bottom\"><\/td>\n<td style=\"padding-left: 5px; padding-right: 5px; border: none;\" valign=\"bottom\"><\/td>\n<\/tr>\n<tr style=\"height: 17px;\">\n<td style=\"padding-left: 5px; padding-right: 5px; border: none;\" valign=\"bottom\"><span style=\"color: #c00000; font-family: Arial;\">Es ruego el quererte<\/span><\/td>\n<td style=\"padding-left: 5px; padding-right: 5px; border: none;\" valign=\"bottom\"><span style=\"color: #c00000; font-family: Arial;\">C&rsquo;est une pri\u00e8re t&rsquo;aimer<\/span><\/td>\n<\/tr>\n<tr style=\"height: 17px;\">\n<td style=\"padding-left: 5px; padding-right: 5px; border: none;\" valign=\"bottom\"><span style=\"color: #c00000; font-family: Arial;\">Es canto de mudo<\/span><\/td>\n<td style=\"padding-left: 5px; padding-right: 5px; border: none;\" valign=\"bottom\"><span style=\"color: #c00000; font-family: Arial;\">C&rsquo;est un chant de muet<\/span><\/td>\n<\/tr>\n<tr style=\"height: 17px;\">\n<td style=\"padding-left: 5px; padding-right: 5px; border: none;\" valign=\"bottom\"><span style=\"color: #c00000; font-family: Arial;\">Mirada de ciego<\/span><\/td>\n<td style=\"padding-left: 5px; padding-right: 5px; border: none;\" valign=\"bottom\"><span style=\"color: #c00000; font-family: Arial;\">Un regard d&rsquo;aveugle<\/span><\/td>\n<\/tr>\n<tr style=\"height: 17px;\">\n<td style=\"padding-left: 5px; padding-right: 5px; border: none;\" valign=\"bottom\"><span style=\"color: #c00000; font-family: Arial;\">Secreto desnudo<\/span><\/td>\n<td style=\"padding-left: 5px; padding-right: 5px; border: none;\" valign=\"bottom\"><span style=\"color: #c00000; font-family: Arial;\">Un secret nu<\/span><\/td>\n<\/tr>\n<tr style=\"height: 17px;\">\n<td style=\"padding-left: 5px; padding-right: 5px; border: none;\" valign=\"bottom\"><\/td>\n<td style=\"padding-left: 5px; padding-right: 5px; border: none;\" valign=\"bottom\"><\/td>\n<\/tr>\n<tr style=\"height: 17px;\">\n<td style=\"padding-left: 5px; padding-right: 5px; border: none;\" valign=\"bottom\"><span style=\"color: #c00000; font-family: Arial;\">Me entrego a tus brazos<\/span><\/td>\n<td style=\"padding-left: 5px; padding-right: 5px; border: none;\" valign=\"bottom\"><span style=\"color: #c00000; font-family: Arial;\">Je me rends \u00e0 tes bras<\/span><\/td>\n<\/tr>\n<tr style=\"height: 17px;\">\n<td style=\"padding-left: 5px; padding-right: 5px; border: none;\" valign=\"bottom\"><span style=\"color: #c00000; font-family: Arial;\">Con miedo y con calma<\/span><\/td>\n<td style=\"padding-left: 5px; padding-right: 5px; border: none;\" valign=\"bottom\"><span style=\"color: #c00000; font-family: Arial;\">Avec peur et calme<\/span><\/td>\n<\/tr>\n<tr style=\"height: 17px;\">\n<td style=\"padding-left: 5px; padding-right: 5px; border: none;\" valign=\"bottom\"><span style=\"color: #c00000; font-family: Arial;\">Y un ruego en la boca<\/span><\/td>\n<td style=\"padding-left: 5px; padding-right: 5px; border: none;\" valign=\"bottom\"><span style=\"color: #c00000; font-family: Arial;\">Une pri\u00e8re dans la bouche<\/span><\/td>\n<\/tr>\n<tr style=\"height: 17px;\">\n<td style=\"padding-left: 5px; padding-right: 5px; border: none;\" valign=\"bottom\"><span style=\"color: #c00000; font-family: Arial;\">Y un ruego en el alma<\/span><\/td>\n<td style=\"padding-left: 5px; padding-right: 5px; border: none;\" valign=\"bottom\"><span style=\"color: #c00000; font-family: Arial;\">Et une pri\u00e8re dans l&rsquo;\u00e2me<\/span><\/td>\n<\/tr>\n<tr style=\"height: 17px;\">\n<td style=\"padding-left: 5px; padding-right: 5px; border: none;\" valign=\"bottom\"><\/td>\n<td style=\"padding-left: 5px; padding-right: 5px; border: none;\" valign=\"bottom\"><\/td>\n<\/tr>\n<tr style=\"height: 17px;\">\n<td style=\"padding-left: 5px; padding-right: 5px; border: none;\" valign=\"bottom\"><span style=\"color: #c00000; font-family: Arial;\">Con toda palabra<\/span><\/td>\n<td style=\"padding-left: 5px; padding-right: 5px; border: none;\" valign=\"bottom\"><span style=\"color: #c00000; font-family: Arial;\">Avec tous les mots<\/span><\/td>\n<\/tr>\n<tr style=\"height: 17px;\">\n<td style=\"padding-left: 5px; padding-right: 5px; border: none;\" valign=\"bottom\"><span style=\"color: #c00000; font-family: Arial;\">Con toda sonrisa<\/span><\/td>\n<td style=\"padding-left: 5px; padding-right: 5px; border: none;\" valign=\"bottom\"><span style=\"color: #c00000; font-family: Arial;\">Avec tous les sourires<\/span><\/td>\n<\/tr>\n<tr style=\"height: 17px;\">\n<td style=\"padding-left: 5px; padding-right: 5px; border: none;\" valign=\"bottom\"><span style=\"color: #c00000; font-family: Arial;\">Con toda mirada<\/span><\/td>\n<td style=\"padding-left: 5px; padding-right: 5px; border: none;\" valign=\"bottom\"><span style=\"color: #c00000; font-family: Arial;\">Avec tous les regards<\/span><\/td>\n<\/tr>\n<tr style=\"height: 17px;\">\n<td style=\"padding-left: 5px; padding-right: 5px; border: none;\" valign=\"bottom\"><span style=\"color: #c00000; font-family: Arial;\">Con toda caricia<\/span><\/td>\n<td style=\"padding-left: 5px; padding-right: 5px; border: none;\" valign=\"bottom\"><span style=\"color: #c00000; font-family: Arial;\">Avec chaque caresse<\/span><\/td>\n<\/tr>\n<tr style=\"height: 17px;\">\n<td style=\"padding-left: 5px; padding-right: 5px; border: none;\" valign=\"bottom\"><\/td>\n<td style=\"padding-left: 5px; padding-right: 5px; border: none;\" valign=\"bottom\"><\/td>\n<\/tr>\n<tr style=\"height: 17px;\">\n<td style=\"padding-left: 5px; padding-right: 5px; border: none;\" valign=\"bottom\"><span style=\"color: #c00000; font-family: Arial;\">Me acerco al fuego<\/span><\/td>\n<td style=\"padding-left: 5px; padding-right: 5px; border: none;\" valign=\"bottom\"><span style=\"color: #c00000; font-family: Arial;\">Je m&rsquo;approche du feu<\/span><\/td>\n<\/tr>\n<tr style=\"height: 17px;\">\n<td style=\"padding-left: 5px; padding-right: 5px; border: none;\" valign=\"bottom\"><span style=\"color: #c00000; font-family: Arial;\">Que todo lo quema<\/span><\/td>\n<td style=\"padding-left: 5px; padding-right: 5px; border: none;\" valign=\"bottom\"><span style=\"color: #c00000; font-family: Arial;\">Que tout br\u00fble<\/span><\/td>\n<\/tr>\n<tr style=\"height: 17px;\">\n<td style=\"padding-left: 5px; padding-right: 5px; border: none;\" valign=\"bottom\"><span style=\"color: #c00000; font-family: Arial;\">La luz de tu cara<\/span><\/td>\n<td style=\"padding-left: 5px; padding-right: 5px; border: none;\" valign=\"bottom\"><span style=\"color: #c00000; font-family: Arial;\">La lumi\u00e8re de ton visage<\/span><\/td>\n<\/tr>\n<tr style=\"height: 17px;\">\n<td style=\"padding-left: 5px; padding-right: 5px; border: none;\" valign=\"bottom\"><span style=\"color: #c00000; font-family: Arial;\">La luz de tu cuerpo<\/span><\/td>\n<td style=\"padding-left: 5px; padding-right: 5px; border: none;\" valign=\"bottom\"><span style=\"color: #c00000; font-family: Arial;\">La lumi\u00e8re de ton corps<\/span><\/td>\n<\/tr>\n<tr style=\"height: 17px;\">\n<td style=\"padding-left: 5px; padding-right: 5px; border: none;\" valign=\"bottom\"><\/td>\n<td style=\"padding-left: 5px; padding-right: 5px; border: none;\" valign=\"bottom\"><\/td>\n<\/tr>\n<tr style=\"height: 17px;\">\n<td style=\"padding-left: 5px; padding-right: 5px; border: none;\" valign=\"bottom\"><span style=\"color: #c00000; font-family: Arial;\">Es ruego el quererte<\/span><\/td>\n<td style=\"padding-left: 5px; padding-right: 5px; border: none;\" valign=\"bottom\"><span style=\"color: #c00000; font-family: Arial;\">C&rsquo;est une pri\u00e8re t&rsquo;aimer<\/span><\/td>\n<\/tr>\n<tr style=\"height: 17px;\">\n<td style=\"padding-left: 5px; padding-right: 5px; border: none;\" valign=\"bottom\"><span style=\"color: #c00000; font-family: Arial;\">Es canto de mudo<\/span><\/td>\n<td style=\"padding-left: 5px; padding-right: 5px; border: none;\" valign=\"bottom\"><span style=\"color: #c00000; font-family: Arial;\">C&rsquo;est un chant de muet<\/span><\/td>\n<\/tr>\n<tr style=\"height: 17px;\">\n<td style=\"padding-left: 5px; padding-right: 5px; border: none;\" valign=\"bottom\"><span style=\"color: #c00000; font-family: Arial;\">Mirada de ciego<\/span><\/td>\n<td style=\"padding-left: 5px; padding-right: 5px; border: none;\" valign=\"bottom\"><span style=\"color: #c00000; font-family: Arial;\">Un regard d&rsquo;aveugle<\/span><\/td>\n<\/tr>\n<tr style=\"height: 17px;\">\n<td style=\"padding-left: 5px; padding-right: 5px; border: none;\" valign=\"bottom\"><span style=\"color: #c00000; font-family: Arial;\">Secreto desnudo<\/span><\/td>\n<td style=\"padding-left: 5px; padding-right: 5px; border: none;\" valign=\"bottom\"><span style=\"color: #c00000; font-family: Arial;\">Un secret nu<\/span><\/td>\n<\/tr>\n<tr style=\"height: 17px;\">\n<td style=\"padding-left: 5px; padding-right: 5px; border: none;\" valign=\"bottom\"><\/td>\n<td style=\"padding-left: 5px; padding-right: 5px; border: none;\" valign=\"bottom\"><\/td>\n<\/tr>\n<tr style=\"height: 17px;\">\n<td style=\"padding-left: 5px; padding-right: 5px; border: none;\" valign=\"bottom\"><span style=\"color: #c00000; font-family: Arial;\">Me entrego a tus brazos<\/span><\/td>\n<td style=\"padding-left: 5px; padding-right: 5px; border: none;\" valign=\"bottom\"><span style=\"color: #c00000; font-family: Arial;\">Je me rends \u00e0 tes bras<\/span><\/td>\n<\/tr>\n<tr style=\"height: 17px;\">\n<td style=\"padding-left: 5px; padding-right: 5px; border: none;\" valign=\"bottom\"><span style=\"color: #c00000; font-family: Arial;\">Con miedo y con calma<\/span><\/td>\n<td style=\"padding-left: 5px; padding-right: 5px; border: none;\" valign=\"bottom\"><span style=\"color: #c00000; font-family: Arial;\">Avec peur et calme<\/span><\/td>\n<\/tr>\n<tr style=\"height: 17px;\">\n<td style=\"padding-left: 5px; padding-right: 5px; border: none;\" valign=\"bottom\"><span style=\"color: #c00000; font-family: Arial;\">Y un ruego en la boca<\/span><\/td>\n<td style=\"padding-left: 5px; padding-right: 5px; border: none;\" valign=\"bottom\"><span style=\"color: #c00000; font-family: Arial;\">Une pri\u00e8re dans la bouche<\/span><\/td>\n<\/tr>\n<tr style=\"height: 17px;\">\n<td style=\"padding-left: 5px; padding-right: 5px; border: none;\" valign=\"bottom\"><span style=\"color: #c00000; font-family: Arial;\">Y un ruego en el alma<\/span><\/td>\n<td style=\"padding-left: 5px; padding-right: 5px; border: none;\" valign=\"bottom\"><span style=\"color: #c00000; font-family: Arial;\">Et une pri\u00e8re dans l&rsquo;\u00e2me<\/span><\/td>\n<\/tr>\n<\/tbody>\n<\/table>\n<\/div>\n<p><span style=\"color: maroon; font-family: Arial;\">&lt;1616&gt;<\/span><\/p>\n","protected":false},"excerpt":{"rendered":"<p>\u00ab\u00a0La route de Lhasa (1972-2010)\u00bb Documentaire d&rsquo;\u00c9lise Andrieu consacr\u00e9 \u00e0 la chanteuse Lhasa de Sela Connaissez-vous Lhasa\u00a0? Clara Ys\u00e9 la d\u00e9signe comme une de ses inspiratrices Je ne la connaissais pas et puis j&rsquo;ai entendu, sur France Culture, en ao\u00fbt,<\/p>\n","protected":false},"author":1,"featured_media":0,"comment_status":"open","ping_status":"closed","sticky":false,"template":"","format":"standard","meta":{"footnotes":""},"categories":[1],"tags":[159,193,54],"class_list":["post-12561","post","type-post","status-publish","format-standard","hentry","category-motdujour","tag-canada","tag-chanson","tag-humanisme"],"_links":{"self":[{"href":"https:\/\/lemotdujour.fr\/index.php?rest_route=\/wp\/v2\/posts\/12561","targetHints":{"allow":["GET"]}}],"collection":[{"href":"https:\/\/lemotdujour.fr\/index.php?rest_route=\/wp\/v2\/posts"}],"about":[{"href":"https:\/\/lemotdujour.fr\/index.php?rest_route=\/wp\/v2\/types\/post"}],"author":[{"embeddable":true,"href":"https:\/\/lemotdujour.fr\/index.php?rest_route=\/wp\/v2\/users\/1"}],"replies":[{"embeddable":true,"href":"https:\/\/lemotdujour.fr\/index.php?rest_route=%2Fwp%2Fv2%2Fcomments&post=12561"}],"version-history":[{"count":11,"href":"https:\/\/lemotdujour.fr\/index.php?rest_route=\/wp\/v2\/posts\/12561\/revisions"}],"predecessor-version":[{"id":12715,"href":"https:\/\/lemotdujour.fr\/index.php?rest_route=\/wp\/v2\/posts\/12561\/revisions\/12715"}],"wp:attachment":[{"href":"https:\/\/lemotdujour.fr\/index.php?rest_route=%2Fwp%2Fv2%2Fmedia&parent=12561"}],"wp:term":[{"taxonomy":"category","embeddable":true,"href":"https:\/\/lemotdujour.fr\/index.php?rest_route=%2Fwp%2Fv2%2Fcategories&post=12561"},{"taxonomy":"post_tag","embeddable":true,"href":"https:\/\/lemotdujour.fr\/index.php?rest_route=%2Fwp%2Fv2%2Ftags&post=12561"}],"curies":[{"name":"wp","href":"https:\/\/api.w.org\/{rel}","templated":true}]}}