{"id":12549,"date":"2021-11-02T00:09:00","date_gmt":"2021-11-01T23:09:00","guid":{"rendered":"http:\/\/lemotdujour.fr\/?p=12549"},"modified":"2021-11-12T20:45:05","modified_gmt":"2021-11-12T19:45:05","slug":"mardi-2-novembre-2021","status":"publish","type":"post","link":"https:\/\/lemotdujour.fr\/?p=12549","title":{"rendered":"Mardi 2 novembre 2021"},"content":{"rendered":"<div class=\"mdjTexte\">\u00ab\u00a0Mise \u00e0 feu\u00a0\u00bb<\/div>\n<div class=\"mdjAuteur\">Clara Ys\u00e9<\/div>\n<p><span style=\"color: #777777; font-family: Arial;\"><strong>Clara Ys\u00e9<\/strong> a fait l&rsquo;objet du mot du jour du 16 octobre 2019 \u00ab\u00a0<a href=\"https:\/\/lemotdujour.fr\/?p=7295\"><span style=\"color: #0000ff;\">Ce matin il est arriv\u00e9 une chose bien \u00e9trange. Le monde s&rsquo;est d\u00e9doubl\u00e9\u00a0<\/span><\/a>\u00bb. Cette phrase est le d\u00e9but d&rsquo;une chanson envoutante, comme je la qualifiais alors.<br \/>\n<\/span><\/p>\n<p><span style=\"color: #777777; font-family: Arial;\">Elle avait \u00e9t\u00e9 \u00e9crite par la chanteuse suite au d\u00e9c\u00e8s brutal de sa m\u00e8re, la philosophe <strong>Anne Dufourmantelle<\/strong> qui \u00e9tait morte d&rsquo;un arr\u00eat cardiaque suite aux efforts qu&rsquo;elle avait fournis pour porter secours \u00e0 deux enfants qui \u00e9taient en train de se noyer dans la mer. J&rsquo;avais narr\u00e9 cette histoire dans le mot du jour du 26 septembre 2019 \u00ab<span style=\"color: #0000ff;\"> <a style=\"color: #0000ff;\" href=\"https:\/\/lemotdujour.fr\/?p=7205\">Puissance de la douceur<\/a><\/span> \u00bb<br \/>\n<\/span><\/p>\n<p><span style=\"color: #777777; font-family: Arial;\">Fin ao\u00fbt 2021, elle \u00e9tait &lt;<span style=\"color: #0000ff;\"><a style=\"color: #0000ff;\" href=\"https:\/\/www.franceculture.fr\/emissions\/l-invite-des-matins\/l-invite-2-des-matins-du-mercredi-25-aout-2021\">l&rsquo;invit\u00e9 des matins de France culture<\/a><\/span>&gt;, parce qu&rsquo;elle venait de publier son premier roman\u00a0: \u00ab\u00a0<span style=\"color: #0000ff;\"><a style=\"color: #0000ff;\" href=\"https:\/\/www.chez-mon-libraire.fr\/livre\/9782246827603-mise-a-feu-clara-yse\/\"><strong>Mise \u00e0 feu<\/strong>\u00a0<\/a><\/span>\u00bb.<br \/>\n<\/span><\/p>\n<p><img loading=\"lazy\" decoding=\"async\" class=\"alignleft\" src=\"https:\/\/lemotdujour.fr\/wp-content\/uploads\/2021\/11\/110121_2129_Mardi2novem1.jpg\" alt=\"\" width=\"195\" height=\"303\" align=\"left\" \/><span style=\"color: #777777; font-family: Arial;\">Et comme il en va quelquefois quand on entend l&rsquo;auteure d&rsquo;un livre, le d\u00e9sir de le lire jaillit.<br \/>\n<\/span><\/p>\n<p><span style=\"color: #777777; font-family: Arial;\">J&rsquo;ai achet\u00e9 ce livre le lendemain et je l&rsquo;ai lu imm\u00e9diatement.<br \/>\n<\/span><\/p>\n<p><span style=\"color: #777777; font-family: Arial;\">C&rsquo;est un livre qui comme la chanson &lt;<span style=\"color: #0000ff;\"><a style=\"color: #0000ff;\" href=\"https:\/\/www.youtube.com\/watch?v=atBYPluuSoQ\">Le monde s&rsquo;est d\u00e9doubl\u00e9<\/a><\/span>&gt; parle de la s\u00e9paration et de l&rsquo;absence.<br \/>\n<\/span><\/p>\n<p><span style=\"color: #777777; font-family: Arial;\">Gaspard, 8 ans et Nine 6 ans vivent avec leur m\u00e8re qu&rsquo;ils appellent l&rsquo;Amazone. C&rsquo;est Nine qui est la narratrice. Voici comment elle d\u00e9crit sa m\u00e8re\u00a0:<br \/>\n<\/span><\/p>\n<p style=\"margin-left: 28pt;\"><span style=\"color: #c00000; font-family: Arial;\">\u00ab\u00a0L&rsquo;Amazone, Gaspard et moi on inspirait la joie quand on passait quelque part. Je me souviens de la fa\u00e7on dont on s&rsquo;accrochait \u00e0 ses jambes. Le soir pendant qu&rsquo;elle travaillait ou qu&rsquo;elle faisait la cuisine. Elle \u00e9tait bijouti\u00e8re. [\u2026] L&rsquo;Amazone portait en elle un magn\u00e9tisme qui planait au-dessus de tout ce qu&rsquo;n vivait. Une forme de gr\u00e2ce, en plus charnel. Depuis petits, \u00e7a nous inqui\u00e9tait. Comme si au creux de ce pouvoir qu&rsquo;elle avait d&rsquo;enchanter les \u00eatres, r\u00e9sidait un pacte mortel avec le monde. Un poids que tous ses gestes tentaient d\u00e9sesp\u00e9r\u00e9ment de dissimuler et qui r\u00e9sonnait autour d&rsquo;elle comme un bourdon, cette note tenue, quasi imperceptible, qui charge un morceau d&rsquo;orage.<br \/>\nGaspard et moi, on savait, mais on ne disait rien.\u00a0\u00bb<br \/>\n<em>page 12<\/em><br \/>\n<\/span><\/p>\n<p><span style=\"color: #777777; font-family: Arial;\">L&rsquo;Amazone est donc une femme et une m\u00e8re assez \u00e9trange.<br \/>\n<\/span><\/p>\n<p><span style=\"color: #777777; font-family: Arial;\">Ce roman est initiatique : le fr\u00e8re et la s\u0153ur vont au long des pages grandir et s&rsquo;\u00e9manciper. Il constitue aussi un conte fantastique qui commence ainsi :<br \/>\n<\/span><\/p>\n<p style=\"margin-left: 28pt;\"><span style=\"color: #c00000; font-family: Arial;\">\u00ab\u00a0Avant mes six ans, c&rsquo;est le soleil. Quelque chose de pur, de frais, de vivant. Gaspard, l&rsquo;Amazone, Nouchka et moi. Unis.\u00a0\u00bb<br \/>\n<\/span><\/p>\n<p><span style=\"color: #777777; font-family: Arial;\">Il y a Nouchka.<br \/>\n<\/span><span style=\"color: #777777; font-family: Arial;\">Nouchka est une pie Gaspard et Nine comprennent son langage et peuvent \u00e9changer avec elle\u00a0:<br \/>\n<\/span><\/p>\n<p style=\"margin-left: 28pt;\"><span style=\"color: #c00000; font-family: Arial;\">\u00ab\u00a0On l&rsquo;a d\u00e9couverte un jour sur le bord e la route, dans le Sud. Elle avait une aile cass\u00e9e. On l&rsquo;a recueillie, on lui a donn\u00e9 \u00e0 boire, \u00e0 manger, tant et si bien que Nouchka nous a d\u00e9clar\u00e9, au bout de quelques mois, que nous \u00e9tions sa nouvelle famille. Je dis \u00ab\u00a0d\u00e9clar\u00e9\u00a0\u00bb oui [\u2026] elle nous a appris, elle, \u00e0 parler oiseau. [\u2026] On lui r\u00e9pondait. On lui parlait. Ca me parait \u00e9tranger aujourd&rsquo;hui, mais l&rsquo;amazone avait ce genre de dons. Elle avait fait advenir la langue du vol, de l&rsquo;air, de la libert\u00e9, entre nos bouches<br \/>\n<\/span><\/p>\n<p><span style=\"color: #777777; font-family: Arial;\">Dans l&rsquo;\u00e9mission de France Culture, Clara Ys\u00e9 confie que :<br \/>\n<\/span><\/p>\n<p style=\"margin-left: 28pt;\"><span style=\"color: #c00000; font-family: Arial;\">\u00ab\u00a0Le langage des oiseaux est celui des po\u00e8tes\u00a0\u00bb<br \/>\n<\/span><\/p>\n<p><span style=\"color: #777777; font-family: Arial;\">C&rsquo;est un monde de l&rsquo;imaginaire, dans lequel Gaspard, plus que Nine, est immerg\u00e9\u00a0:<br \/>\n<\/span><\/p>\n<p style=\"margin-left: 28pt;\"><span style=\"color: #c00000; font-family: Arial;\">\u00ab\u00a0 Gaspard, mon fr\u00e8re, mon a\u00een\u00e9 de deux ans. Il portait des lunettes rondes et vivait dans un univers parall\u00e8le, dont l&rsquo;Amazone, Nouchka et moi avions la cl\u00e9.\u00a0\u00bb<br \/>\n<\/span><\/p>\n<p><span style=\"color: #777777; font-family: Arial;\">Et puis, il y a l&rsquo;incendie. L&rsquo;Amazone a invit\u00e9 beaucoup de monde chez elle, pour f\u00eater le tournant du deuxi\u00e8me mill\u00e9naire. Les adultes s&rsquo;\u00e9tourdissent de musique et d&rsquo;alcool, et un gigantesque incendie se d\u00e9clare dans la maison et l&#8217;embrase.<br \/>\n<\/span><\/p>\n<p><span style=\"color: #777777; font-family: Arial;\">Au bout de la nuit de cauchemar, Nine se rend compte que l&rsquo;Amazone a disparu.<br \/>\n<\/span><\/p>\n<p><span style=\"color: #777777; font-family: Arial;\">Les deux enfants sont confi\u00e9s \u00e0 leur oncle, surnomm\u00e9 le Lord.<br \/>\n<\/span><\/p>\n<p><span style=\"color: #777777; font-family: Arial;\">La plus grande partie du roman se d\u00e9roule dans la maison de cet homme, trouble, alcoolique, violent qui invite dans sa maison des hommes et des femmes dans une ambiance malsaine pour les enfants et une sourde menace \u00e0 leur \u00e9gard notamment de Nine, prot\u00e9g\u00e9e autant que possible par son fr\u00e8re et l&rsquo;intelligence de Nouchka.<br \/>\n<\/span><\/p>\n<p><span style=\"color: #777777; font-family: Arial;\">Dans une atmosph\u00e8re de crainte, les enfants sont confront\u00e9s \u00e0 l&rsquo;absence, \u00e0 la perte. Mais de temps en temps, une lettre de l&rsquo;Amazone arrive, dans laquelle elle les assure de son amour et raconte qu&rsquo;elle fait des travaux dans une maison de campagne o\u00f9 elle s&rsquo;est r\u00e9fugi\u00e9e et qu&rsquo;ils pourront venir la rejoindre quand le chantier aura suffisamment avanc\u00e9. Dans la longue attente qui les conduira jusqu&rsquo;\u00e0 la sortie de l&rsquo;adolescence, les enfants se r\u00e9fugient dans l&rsquo;imaginaire.<br \/>\n<\/span><\/p>\n<p><span style=\"color: #777777; font-family: Arial;\">Puis des rencontres vont permettre \u00e0 Nine de se lib\u00e9rer, revenir vers le r\u00e9el, rencontrer l&rsquo;amour, fuir la maison du Lord pour aller \u00e0 la recherche de l&rsquo;Amazone et aller vers la vie..<br \/>\n<\/span><\/p>\n<p><span style=\"color: #777777; font-family: Arial;\">Gaspard ne parviendra pas \u00e0 r\u00e9aliser le m\u00eame parcours, son monde imaginaire le tient trop fort.<br \/>\n<\/span><\/p>\n<p><span style=\"color: #777777; font-family: Arial;\"><a href=\"https:\/\/lessentiart.fr\/interview-clara-yse-mise-a-feu-le-monde-s-est-dedouble\/\"><img loading=\"lazy\" decoding=\"async\" class=\"wp-image-12555 alignright\" src=\"https:\/\/lemotdujour.fr\/wp-content\/uploads\/2021\/11\/Clara-Yse.jpg\" alt=\"\" width=\"318\" height=\"211\" srcset=\"https:\/\/lemotdujour.fr\/wp-content\/uploads\/2021\/11\/Clara-Yse.jpg 538w, https:\/\/lemotdujour.fr\/wp-content\/uploads\/2021\/11\/Clara-Yse-300x199.jpg 300w\" sizes=\"auto, (max-width: 318px) 100vw, 318px\" \/><\/a>Clara Ys\u00e9 explique dans l&rsquo;\u00e9mission de France Culture\u00a0:<br \/>\n<\/span><\/p>\n<p style=\"margin-left: 28pt;\"><span style=\"color: #c00000; font-family: Arial;\">\u00ab\u00a0La symbolique de Nouchka \u00e0 une double lecture puisque c&rsquo;est \u00e0 la fois le symbole de leur langage \u00e0 deux, puis lorsque Nine ne va plus la comprendre, elle symbolise le retour au r\u00e9el, l&rsquo;entr\u00e9e dans le monde des adultes. Gaspard \u00e0 l&rsquo;inverse, refuse tout rapport au r\u00e9el et se laisse avaler par l&rsquo;imaginaire.\u00a0\u00bb<br \/>\n<\/span><\/p>\n<p><span style=\"color: #777777; font-family: Arial;\">L&rsquo;\u00e9criture de Clara Ys\u00e9 est subtile, elle sugg\u00e8re plus qu&rsquo;elle ne d\u00e9crit.<br \/>\n<\/span><\/p>\n<p><span style=\"color: #777777; font-family: Arial;\">Je trouve tr\u00e8s juste l&rsquo;avis de la journaliste Sophie Joubert dans &lt;<span style=\"color: #0000ff;\"><a style=\"color: #0000ff;\" href=\"https:\/\/www.humanite.fr\/litterature-clara-yse-le-pari-du-feu-717853\">L&rsquo;Humanit\u00e9<\/a><\/span>&gt;\u00a0:<br \/>\n<\/span><\/p>\n<p style=\"margin-left: 28pt;\"><span style=\"color: #c00000; font-family: Arial;\">\u00ab\u00a0 Elle transfigure la perte et la violence par l&rsquo;art, les mots, un dialogue secret avec les oiseaux.\u00a0\u00bb<br \/>\n<\/span><\/p>\n<p><span style=\"color: #777777; font-family: Arial;\">Dans ce m\u00eame article Clara Ys\u00e9 dit :<br \/>\n<\/span><\/p>\n<p style=\"margin-left: 28pt;\"><span style=\"color: #c00000; font-family: Arial;\">\u00ab\u2009J&rsquo;ai puis\u00e9 le mat\u00e9riel d&rsquo;\u00e9criture dans la relation tr\u00e8s forte que j&rsquo;ai avec mon petit fr\u00e8re, \u00e0 qui le livre est d\u00e9di\u00e9. \u00c0 deux, Gaspard et Nine forment une entit\u00e9, ils ont un rapport sensible au monde et un langage commun, celui de l&rsquo;oiseau, qu&rsquo;ils sont les seuls \u00e0 comprendre. Je voulais montrer la puissance vitale des mondes imaginaires qu&rsquo;on cr\u00e9e \u00e0 cet \u00e2ge-l\u00e0 pour rendre le r\u00e9el vivable.\u2009\u00bb<br \/>\n<\/span><\/p>\n<p><span style=\"color: #777777; font-family: Arial;\">Et revient vers son histoire personnelle\u2009:<br \/>\n<\/span><\/p>\n<p style=\"margin-left: 28pt;\"><span style=\"color: #c00000; font-family: Arial;\">\u00ab\u2009Je n&rsquo;ai jamais v\u00e9cu de vrai incendie, mais, tel qu&rsquo;il est pr\u00e9sent\u00e9 dans le roman, c&rsquo;est un \u00e9v\u00e9nement qui d\u00e9truit tout d&rsquo;une seconde \u00e0 l&rsquo;autre. Et \u00e7a, je l&rsquo;ai v\u00e9cu.\u2009\u00bb<br \/>\n<\/span><\/p>\n<p><span style=\"color: #777777; font-family: Arial;\">La <strong>Nouvelle R\u00e9publique<\/strong> consacre aussi un article \u00e9logieux \u00e0 ce livre\u00a0: \u00ab<span style=\"color: #0000ff;\">\u00a0<a style=\"color: #0000ff;\" href=\"https:\/\/www.lanouvellerepublique.fr\/a-la-une\/incandescente-clara-yse\">L&rsquo;incandescente Clara Ys\u00e9 d\u00e9sormais aussi \u00e9crivaine<\/a><\/span>\u00bb<br \/>\n<\/span><\/p>\n<p><span style=\"color: #777777; font-family: Arial;\">Elle y r\u00e9v\u00e8le que la musique et l&rsquo;\u00e9criture l&rsquo;ont accompagn\u00e9 depuis longtemps\u00a0:<br \/>\n<\/span><\/p>\n<p style=\"margin-left: 28pt;\"><span style=\"color: #c00000; font-family: Arial;\">\u00ab La musique et l&rsquo;\u00e9criture, \u00e7a a toujours \u00e9t\u00e9 mes deux langues [\u2026] La musique, je l&rsquo;ai partag\u00e9e tr\u00e8s vite alors que l&rsquo;\u00e9criture est longtemps rest\u00e9e intime \u00bb.<br \/>\n<\/span><\/p>\n<p><span style=\"color: #777777; font-family: Arial;\">Et Sophie Rosemont dans &lt;<span style=\"color: #0000ff;\"><a style=\"color: #0000ff;\" href=\"https:\/\/madame.lefigaro.fr\/celebrites\/clara-yse-rentree-litteraire-livre-mise-a-feu-premier-roman-010921-197853\">Madame Figaro<\/a><\/span>&gt; \u00e9crit\u00a0:<br \/>\n<\/span><\/p>\n<p style=\"margin-left: 28pt;\"><span style=\"color: #c00000; font-family: Arial;\">\u00ab\u00a0Avec \u00ab\u00a0Mise \u00e0 feu\u00a0\u00bb, son premier roman, Clara Ys\u00e9 embrase la rentr\u00e9e litt\u00e9raire, [\u2026] C&rsquo;est un premier roman et c&rsquo;est une r\u00e9v\u00e9lation : d\u00e9j\u00e0 chanteuse et performeuse de haut vol, l&rsquo;artiste fran\u00e7aise nous emporte dans une belle histoire d&rsquo;amour et de t\u00e9n\u00e8bres.<br \/>\n<\/span><\/p>\n<p><span style=\"color: #777777; font-family: Arial;\">Pour ce livre, elle a re\u00e7u le &lt;<span style=\"color: #0000ff;\"><a style=\"color: #0000ff;\" href=\"https:\/\/www.livreshebdo.fr\/article\/clara-yse-laureate-du-prix-litteraire-de-la-vocation-2021\">prix litt\u00e9raire de la Vocation 2021<\/a><\/span>&gt;<br \/>\n<\/span><\/p>\n<p><span style=\"color: #777777; font-family: Arial;\">Et elle reviendra \u00e0 la chanson en 2022, un album est annonc\u00e9 au printemps. <\/span><\/p>\n<p><span style=\"color: #777777; font-family: Arial;\"><span style=\"color: #800000;\">&lt;1615&gt;<\/span><br \/>\n<\/span><\/p>\n","protected":false},"excerpt":{"rendered":"<p>\u00ab\u00a0Mise \u00e0 feu\u00a0\u00bb Clara Ys\u00e9 Clara Ys\u00e9 a fait l&rsquo;objet du mot du jour du 16 octobre 2019 \u00ab\u00a0Ce matin il est arriv\u00e9 une chose bien \u00e9trange. Le monde s&rsquo;est d\u00e9doubl\u00e9\u00a0\u00bb. Cette phrase est le d\u00e9but d&rsquo;une chanson envoutante, comme<\/p>\n","protected":false},"author":1,"featured_media":0,"comment_status":"open","ping_status":"closed","sticky":false,"template":"","format":"standard","meta":{"footnotes":""},"categories":[1],"tags":[15,9],"class_list":["post-12549","post","type-post","status-publish","format-standard","hentry","category-motdujour","tag-france","tag-litterature"],"_links":{"self":[{"href":"https:\/\/lemotdujour.fr\/index.php?rest_route=\/wp\/v2\/posts\/12549","targetHints":{"allow":["GET"]}}],"collection":[{"href":"https:\/\/lemotdujour.fr\/index.php?rest_route=\/wp\/v2\/posts"}],"about":[{"href":"https:\/\/lemotdujour.fr\/index.php?rest_route=\/wp\/v2\/types\/post"}],"author":[{"embeddable":true,"href":"https:\/\/lemotdujour.fr\/index.php?rest_route=\/wp\/v2\/users\/1"}],"replies":[{"embeddable":true,"href":"https:\/\/lemotdujour.fr\/index.php?rest_route=%2Fwp%2Fv2%2Fcomments&post=12549"}],"version-history":[{"count":7,"href":"https:\/\/lemotdujour.fr\/index.php?rest_route=\/wp\/v2\/posts\/12549\/revisions"}],"predecessor-version":[{"id":12716,"href":"https:\/\/lemotdujour.fr\/index.php?rest_route=\/wp\/v2\/posts\/12549\/revisions\/12716"}],"wp:attachment":[{"href":"https:\/\/lemotdujour.fr\/index.php?rest_route=%2Fwp%2Fv2%2Fmedia&parent=12549"}],"wp:term":[{"taxonomy":"category","embeddable":true,"href":"https:\/\/lemotdujour.fr\/index.php?rest_route=%2Fwp%2Fv2%2Fcategories&post=12549"},{"taxonomy":"post_tag","embeddable":true,"href":"https:\/\/lemotdujour.fr\/index.php?rest_route=%2Fwp%2Fv2%2Ftags&post=12549"}],"curies":[{"name":"wp","href":"https:\/\/api.w.org\/{rel}","templated":true}]}}