{"id":12538,"date":"2021-10-29T02:46:00","date_gmt":"2021-10-29T00:46:00","guid":{"rendered":"http:\/\/lemotdujour.fr\/?p=12538"},"modified":"2021-10-28T22:54:01","modified_gmt":"2021-10-28T20:54:01","slug":"vendredi-29-octobre-2021","status":"publish","type":"post","link":"https:\/\/lemotdujour.fr\/?p=12538","title":{"rendered":"Vendredi 29 octobre 2021"},"content":{"rendered":"<div class=\"mdjTexte\">\u00ab&nbsp;Pause (Dans 20 ans, la demande de main-d&rsquo;\u0153uvre sera substantiellement plus faible)\u00bb<\/div>\n<div class=\"mdjAuteur\">Un jour sans mot du jour nouveau<\/div>\n<p><span style=\"color: #777777; font-family: Arial;\">Le jour, avant un grand week-end devrait \u00eatre f\u00e9ri\u00e9.<br \/>\n<\/span><\/p>\n<p><img decoding=\"async\" class=\"alignleft\" src=\"https:\/\/lemotdujour.fr\/wp-content\/uploads\/2021\/10\/102821_2046_Vendredi29o1.jpg\" alt=\"\" align=\"left\"><span style=\"color: #777777; font-family: Arial;\">C&rsquo;est ce que me dit mon corps et mon esprit.<br \/>\n<\/span><\/p>\n<p><span style=\"color: #777777; font-family: Arial;\">Il faut toujours \u00e9couter son corps.<br \/>\n<\/span><\/p>\n<p><span style=\"color: #777777; font-family: Arial;\">Le <strong>29 octobre 2014<\/strong>, je reprenais une pr\u00e9vision de Bill Gates&nbsp;:<br \/>\n<\/span><\/p>\n<p><span style=\"color: #777777; font-family: Arial;\">\u00ab&nbsp;<span style=\"color: #0000ff;\"><a style=\"color: #0000ff;\" href=\"https:\/\/lemotdujour.fr\/?p=886\">Dans 20 ans, la demande de main-d&rsquo;\u0153uvre pour beaucoup de comp\u00e9tences sera substantiellement plus faible<\/a><\/span>.&nbsp;\u00bb<br \/>\n<\/span><\/p>\n<p><span style=\"color: #777777; font-family: Arial;\">Si je compte bien dans 20 ans en 2014, signifie que c&rsquo;est dans 13 ans aujourd&rsquo;hui.<br \/>\n<\/span><\/p>\n<p><span style=\"color: #777777; font-family: Arial;\">Et il ajoutait&nbsp;:<br \/>\n<\/span><\/p>\n<p style=\"margin-left: 28pt;\"><span style=\"color: #c00000; font-family: Arial;\">\u00ab&nbsp;Je ne pense pas que ce soit int\u00e9gr\u00e9 dans le mod\u00e8le mental des gens&nbsp;\u00bb.<br \/>\n<\/span><\/p>\n<p><span style=\"color: #777777; font-family: Arial;\">C&rsquo;est peut \u00eatre mieux int\u00e9gr\u00e9 aujourd&rsquo;hui, car Amazon nous a montr\u00e9 que les entrep\u00f4ts pouvaient se vider des humains.<br \/>\n<\/span><\/p>\n<p><span style=\"color: #777777; font-family: Arial;\">Et hier, c&rsquo;\u00e9tait Xavier qui rempla\u00e7ait la force publique \u00e0 Singapour.<br \/>\n<\/span><\/p>\n<p><span style=\"color: #777777; font-family: Arial;\">J&rsquo;ai h\u00e9sit\u00e9 de mettre \u00e0 l&rsquo;affiche un chat robot comme celui que vous trouvez dans cet article de 2020&nbsp;: <span style=\"color: #0000ff;\">&lt;<a style=\"color: #0000ff;\" href=\"https:\/\/www.bienchezsoi.net\/breves\/votre-prochain-chat-sera-peut-etre-un-robot-882.php\">Votre prochain chat sera peut-\u00eatre un robot<\/a>&gt;<\/span><br \/>\n<\/span><\/p>\n<p><span style=\"color: #777777; font-family: Arial;\">Finalement j&rsquo;ai pr\u00e9f\u00e9r\u00e9 ce chat bougon car je pr\u00e9f\u00e9rerai toujours le vivant aux machines.<br \/>\n<\/span><\/p>\n<p><span style=\"color: #777777; font-family: Arial;\">Car comme l&rsquo;\u00e9crit Alain Damasio<br \/>\n<\/span><\/p>\n<p style=\"margin-left: 28pt;\"><span style=\"color: #c00000; font-family: Arial;\">\u00ab&nbsp;Le vivant n&rsquo;est pas une propri\u00e9t\u00e9, un bien qu&rsquo;on pourrait acqu\u00e9rir ou prot\u00e9ger.<br \/>\nC&rsquo;est un milieu, c&rsquo;est un chant qui nous traverse dans lequel nous sommes immerg\u00e9s, fondus ou \u00e9lectris\u00e9s.<br \/>\nSi bien que s&rsquo;il existe une \u00e9thique en tant qu&rsquo;\u00eatre humain.<br \/>\nC&rsquo;est d&rsquo;\u00eatre digne de ce don sublime d&rsquo;\u00eatre vivant.<br \/>\nEt d&rsquo;en incarner, d&rsquo;en d\u00e9ployer autant que faire se peut les puissances.<br \/>\nQu&rsquo;est-ce qu&rsquo;une puissance ?<br \/>\nUne puissance de vie&nbsp;!<br \/>\nC&rsquo;est le volume de liens, de relations qu&rsquo;un \u00eatre est capable de tisser et d&rsquo;entrelacer sans se porter atteinte.<br \/>\nOu encore c&rsquo;est la gamme chromatique des affects dont nous sommes capables<br \/>\nVivre revient alors \u00e0 accroitre notre capacit\u00e9 \u00e0 \u00eatre affect\u00e9.<br \/>\nDonc notre spectre ou notre amplitude \u00e0 \u00eatre touch\u00e9, chang\u00e9, \u00e9mu.<br \/>\nContracter une sensation, contempler, habiter un instant ou un lieu.&nbsp;\u00bb<br \/>\n<\/span><\/p>\n<p><span style=\"color: maroon; font-family: Arial;\">&lt;Mot du jour sans num\u00e9ro&gt;<\/span><\/p>\n","protected":false},"excerpt":{"rendered":"<p>\u00ab&nbsp;Pause (Dans 20 ans, la demande de main-d&rsquo;\u0153uvre sera substantiellement plus faible)\u00bb Un jour sans mot du jour nouveau Le jour, avant un grand week-end devrait \u00eatre f\u00e9ri\u00e9. C&rsquo;est ce que me dit mon corps et mon esprit. Il faut<\/p>\n","protected":false},"author":1,"featured_media":0,"comment_status":"open","ping_status":"closed","sticky":false,"template":"","format":"standard","meta":{"footnotes":""},"categories":[1],"tags":[96],"class_list":["post-12538","post","type-post","status-publish","format-standard","hentry","category-motdujour","tag-pause"],"_links":{"self":[{"href":"https:\/\/lemotdujour.fr\/index.php?rest_route=\/wp\/v2\/posts\/12538","targetHints":{"allow":["GET"]}}],"collection":[{"href":"https:\/\/lemotdujour.fr\/index.php?rest_route=\/wp\/v2\/posts"}],"about":[{"href":"https:\/\/lemotdujour.fr\/index.php?rest_route=\/wp\/v2\/types\/post"}],"author":[{"embeddable":true,"href":"https:\/\/lemotdujour.fr\/index.php?rest_route=\/wp\/v2\/users\/1"}],"replies":[{"embeddable":true,"href":"https:\/\/lemotdujour.fr\/index.php?rest_route=%2Fwp%2Fv2%2Fcomments&post=12538"}],"version-history":[{"count":5,"href":"https:\/\/lemotdujour.fr\/index.php?rest_route=\/wp\/v2\/posts\/12538\/revisions"}],"predecessor-version":[{"id":12544,"href":"https:\/\/lemotdujour.fr\/index.php?rest_route=\/wp\/v2\/posts\/12538\/revisions\/12544"}],"wp:attachment":[{"href":"https:\/\/lemotdujour.fr\/index.php?rest_route=%2Fwp%2Fv2%2Fmedia&parent=12538"}],"wp:term":[{"taxonomy":"category","embeddable":true,"href":"https:\/\/lemotdujour.fr\/index.php?rest_route=%2Fwp%2Fv2%2Fcategories&post=12538"},{"taxonomy":"post_tag","embeddable":true,"href":"https:\/\/lemotdujour.fr\/index.php?rest_route=%2Fwp%2Fv2%2Ftags&post=12538"}],"curies":[{"name":"wp","href":"https:\/\/api.w.org\/{rel}","templated":true}]}}