{"id":12506,"date":"2021-10-27T03:38:00","date_gmt":"2021-10-27T01:38:00","guid":{"rendered":"http:\/\/lemotdujour.fr\/?p=12506"},"modified":"2021-11-12T20:47:18","modified_gmt":"2021-11-12T19:47:18","slug":"mercredi-27-octobre-2021","status":"publish","type":"post","link":"https:\/\/lemotdujour.fr\/?p=12506","title":{"rendered":"Mercredi 27 octobre 2021"},"content":{"rendered":"<div class=\"mdjTexte\">\u00ab\u00a0Vous pouvez \u00e9couter votre ost\u00e9opathe, il en est bien qui \u00e9coute leur coiffeur !\u00a0\u00bb<\/div>\n<div class=\"mdjAuteur\">Un m\u00e9decin rencontr\u00e9 lors d&rsquo;une \u00e9chographie<\/div>\n<p><span style=\"color: #777777; font-family: Arial;\">Aujourd&rsquo;hui je vais parler de m\u00e9decins, de techniciens et d&rsquo;ost\u00e9opathie.<br \/>\n<\/span><\/p>\n<p><span style=\"color: #777777; font-family: Arial;\">Mais pour ce faire, il me semble utile de parler d&rsquo;une exp\u00e9rience personnelle et d&rsquo;expliquer le d\u00e9but de l&rsquo;affaire.<br \/>\n<\/span><\/p>\n<p><span style=\"color: #777777; font-family: Arial;\">Ce r\u00e9cit, \u00e9crit en couleur verte, peut \u00eatre cependant saut\u00e9 par les lecteurs press\u00e9s. Il a pour objet d&rsquo;expliquer pourquoi un vendredi \u00e0 16\u00a0:10 je me suis retrouv\u00e9 dans le cabinet d&rsquo;un utilisateur de l&rsquo;appareil S3000 de marque Siemens en vue de r\u00e9aliser une \u00e9chographie abdominale<br \/>\n<\/span><\/p>\n<p style=\"margin-left: 85pt;\"><span style=\"color: #9bbb59; font-family: Arial;\">Nous \u00e9tions donc au mois de septembre dans un g\u00eete situ\u00e9 dans le massif de la chartreuse, pr\u00e8s du col du Cucheron.<br \/>\n<\/span><\/p>\n<p style=\"margin-left: 85pt;\"><span style=\"color: #9bbb59; font-family: Arial;\">Le premier matin, j&rsquo;ai ouvert des volets \u00e0 battants et en voulant les bloquer par le loquet pr\u00e9vu, je me suis appuy\u00e9 sur le rebord de la fen\u00eatre et j&rsquo;ai essay\u00e9 d&rsquo;\u00e9tendre mon bras droit jusqu&rsquo;au loquet. J&rsquo;ai brusquement senti une douleur suffisamment vive pour que j&rsquo;arr\u00eate le mouvement et que je sorte pour accrocher le loquet de l&rsquo;ext\u00e9rieur, exercice plus simple et plus confortable.<br \/>\n<\/span><\/p>\n<p style=\"margin-left: 85pt;\"><span style=\"color: #9bbb59; font-family: Arial;\">Dans l&rsquo;apr\u00e8s-midi, j&rsquo;ai ressenti une douleur plus intense dans cette zone, sans d&rsquo;abord faire le lien avec l&rsquo;\u00e9pisode du matin.<br \/>\n<\/span><\/p>\n<p style=\"margin-left: 85pt;\"><span style=\"color: #9bbb59; font-family: Arial;\">Le soir, il m&rsquo;\u00e9tait impossible, dans le lit, de me coucher du c\u00f4t\u00e9 droit, ni de tendre le bras droit pour attraper quoi que ce soit sur la table de nuit.<br \/>\n<\/span><\/p>\n<p style=\"margin-left: 85pt;\"><span style=\"color: #9bbb59; font-family: Arial;\">Cette douleur intense a dur\u00e9 une semaine.<br \/>\n<\/span><\/p>\n<p style=\"margin-left: 85pt;\"><span style=\"color: #9bbb59; font-family: Arial;\">Je me soignais avec des granules et de la cr\u00e8me d&rsquo;arnica.<br \/>\n<\/span><\/p>\n<p style=\"margin-left: 85pt;\"><span style=\"color: #9bbb59; font-family: Arial;\">La deuxi\u00e8me semaine il y a avait une am\u00e9lioration mais j&rsquo;avais des sensations d\u00e9sagr\u00e9ables dans la m\u00eame zone, notamment au moment de manger ou de dig\u00e9rer et quelques autres d\u00e9sagr\u00e9ments quand je respirais profond\u00e9ment ou que conduisais pendant un certain temps.<br \/>\n<\/span><\/p>\n<p style=\"margin-left: 85pt;\"><span style=\"color: #9bbb59; font-family: Arial;\">Au retour des vacances, en consultant mon oncologue pour la visite p\u00e9riodique, je lui ai fait part de cette douleur, des circonstances de son apparition.<br \/>\n<\/span><\/p>\n<p style=\"margin-left: 85pt;\"><span style=\"color: #9bbb59; font-family: Arial;\">En m&rsquo;examinant, elle a conclu \u00e0 des probables douleurs intercostales sans gravit\u00e9.<br \/>\n<\/span><\/p>\n<p style=\"margin-left: 85pt;\"><span style=\"color: #9bbb59; font-family: Arial;\">Nous avons cependant d\u00e9cid\u00e9 de r\u00e9aliser un examen approfondi dans 6 mois (techniquement un pet scan) pour v\u00e9rifier l&rsquo;\u00e9tat des m\u00e9tastases du cancer.<br \/>\n<\/span><\/p>\n<p style=\"margin-left: 85pt;\"><span style=\"color: #9bbb59; font-family: Arial;\">Mais juste avant de partir, elle a ajout\u00e9 : \u00absi les douleurs persistent nous avancerons l&rsquo;examen\u00bb.<br \/>\n<\/span><\/p>\n<p style=\"margin-left: 85pt;\"><span style=\"color: #9bbb59; font-family: Arial;\">Cette remarque, juste \u00e0 la sortie de la consultation, a eu pour effet d&rsquo;augmenter l\u00e9g\u00e8rement mon niveau d&rsquo;inqui\u00e9tude.<br \/>\n<\/span><\/p>\n<p style=\"margin-left: 85pt;\"><span style=\"color: #9bbb59; font-family: Arial;\">Les douleurs persistaient sans que je puisse avoir la certitude qu&rsquo;elles diminuaient. Je suis d&rsquo;abord all\u00e9 voir mon m\u00e9decin traitant, puis mon ost\u00e9opathe qui ont tous les deux \u00e9t\u00e9 rassurants. L&rsquo;ost\u00e9opathe expliquant mes douleurs annexes en disant que tout \u00e9tant li\u00e9 dans la cavit\u00e9 abdominale, il n&rsquo;\u00e9tait pas anormal que des douleurs organiques puissent \u00eatre d\u00e9clench\u00e9es par un traumatisme au niveau des c\u00f4tes.<br \/>\n<\/span><\/p>\n<p style=\"margin-left: 85pt;\"><span style=\"color: #9bbb59; font-family: Arial;\">Et il avait \u00e9t\u00e9 d\u00e9cid\u00e9 de r\u00e9aliser une \u00e9chographie abdominale si au bout d&rsquo;un mois, depuis le d\u00e9but des douleurs, si des perceptions d\u00e9sagr\u00e9ables persistaient.<br \/>\n<\/span><\/p>\n<p style=\"margin-left: 85pt;\">\n<p><span style=\"color: #777777; font-family: Arial;\">Et voil\u00e0, pourquoi vendredi apr\u00e8s-midi dernier je suis entr\u00e9 dans un cabinet d&rsquo;\u00e9chographie dans un h\u00f4pital lyonnais en vue d&rsquo;un examen de la zone douloureuse.<br \/>\n<\/span><\/p>\n<p><span style=\"color: #777777; font-family: Arial;\">Pour \u00eatre efficace, le m\u00e9decin qui m&rsquo;a re\u00e7u m&rsquo;a demand\u00e9 de m&rsquo;allonger pour que l&rsquo;\u00e9chographie d\u00e9bute imm\u00e9diatement.<br \/>\n<\/span><\/p>\n<p><span style=\"color: #777777; font-family: Arial;\">Il \u00e9coutait d&rsquo;une oreille distraite ce que je lui racontais sur mon \u00e9tat de sant\u00e9, toute son attention \u00e9tait retenue par l&rsquo;appareil dont il \u00e9tait le servant.<br \/>\n<\/span><\/p>\n<p><span style=\"color: #777777; font-family: Arial;\">Tout \u00e9tait normal, jusqu&rsquo;\u00e0 la d\u00e9tection des stigmates d&rsquo;une fracture de l&rsquo;axe ant\u00e9rieur de la 9<sup>\u00e8me<\/sup> cote droite avec un cal osseux.<br \/>\n<\/span><\/p>\n<p><span style=\"color: #777777; font-family: Arial;\">Pour celles et ceux qui auraient besoin d&rsquo;explications\u00a0: Apr\u00e8s une fracture, l&rsquo;organisme est capable de fabriquer \u00e0 nouveau de l&rsquo;os et un \u00e9paississement osseux se forme afin de favoriser la cicatrisation de l&rsquo;os : il s&rsquo;agit d&rsquo;un cal osseux.<br \/>\n<\/span><\/p>\n<p><span style=\"color: #777777; font-family: Arial;\">C&rsquo;est alors que nous avons engag\u00e9 la conversation\u00a0:<br \/>\n<\/span><\/p>\n<p style=\"margin-left: 28pt;\"><span style=\"color: #c00000; font-family: Arial;\">Moi\u00a0: C&rsquo;est donc cette fracture qui justifie mes douleurs\u00a0? et aussi mes douleurs plus profondes. Mon ost\u00e9opathe m&rsquo;a expliqu\u00e9 que ces choses \u00e9taient li\u00e9es.<br \/>\n<\/span><\/p>\n<p style=\"margin-left: 28pt;\"><span style=\"color: #c00000; font-family: Arial;\">Le m\u00e9decin\u00a0: De toute fa\u00e7on pour les ost\u00e9opathes tout est toujours li\u00e9\u00a0!<br \/>\n<\/span><\/p>\n<p style=\"margin-left: 28pt;\"><span style=\"color: #c00000; font-family: Arial;\">Moi\u00a0: Ah vous doutez de l&rsquo;ost\u00e9opathie\u00a0?<br \/>\n<\/span><\/p>\n<p style=\"margin-left: 28pt;\"><span style=\"color: #c00000; font-family: Arial;\">Le m\u00e9decin\u00a0: Oh\u00a0! Vous pouvez \u00e9couter votre ost\u00e9opathe, il en est bien qui \u00e9coute leur coiffeur\u00a0!<br \/>\n<\/span><\/p>\n<p><span style=\"color: #777777; font-family: Arial;\">C&rsquo;est ainsi que s&rsquo;est achev\u00e9 notre \u00e9change. Lui m&rsquo;expliquant que je pouvais me rhabiller et qu&rsquo;il allait pr\u00e9parer le compte rendu de l&rsquo;examen.<br \/>\n<\/span><\/p>\n<p><span style=\"color: #777777; font-family: Arial;\">Comparer l&rsquo;avis d&rsquo;un ost\u00e9opathe et l&rsquo;opinion d&rsquo;un coiffeur, c&rsquo;est \u00eatre un peu m\u00e9prisant, selon ma perception.<br \/>\n<\/span><\/p>\n<p><span style=\"color: #777777; font-family: Arial;\">France Culture dans son \u00e9mission, \u00ab\u00a0<strong>les id\u00e9es claires\u00a0<\/strong>\u00bb a pos\u00e9 la question\u00a0: \u00ab\u00a0<a href=\"https:\/\/www.franceculture.fr\/emissions\/les-idees-claires-le-podcast\/osteopathie-ca-ne-sert-a-rien\"><span style=\"color: #0000ff;\">Ost\u00e9opathie, \u00e7a ne sert \u00e0 rien ?<\/span>\u00a0<\/a>\u00bb<br \/>\n<\/span><\/p>\n<p><span style=\"color: #777777; font-family: Arial;\">L&rsquo;\u00e9mission avait invit\u00e9 le professeur <strong>Fran\u00e7ois Rannou<\/strong>, chef du service de m\u00e9decine physique et de r\u00e9adaptation \u00e0 <strong>l&rsquo;h\u00f4pital Cochin<\/strong> et dirigeant d&rsquo;une \u00e9quipe \u00e0 l&rsquo;Inserm de la facult\u00e9 des Saints-P\u00e8res, en charge d&rsquo;une \u00e9tude sur l&rsquo;effet de l&rsquo;ost\u00e9opathie sur <strong>400 patients<\/strong> souffrant de lombalgie.<br \/>\n<\/span><\/p>\n<p><span style=\"color: #777777; font-family: Arial;\">Les participants ont b\u00e9n\u00e9fici\u00e9 de six s\u00e9ances de manipulations ost\u00e9opathiques ou de six s\u00e9ances de manipulations placebo \u00e0 raison d&rsquo;une s\u00e9ance toutes les deux semaines, pendant trois mois.<br \/>\n<\/span><\/p>\n<p><span style=\"color: #777777; font-family: Arial;\">Les s\u00e9ances \u00e9taient toutes r\u00e9alis\u00e9es par des ost\u00e9opathes qui \u00e9taient d&rsquo;accord sur les manipulations que leur discipline pr\u00e9conisait pour une lombalgie.<br \/>\n<\/span><\/p>\n<p><span style=\"color: #777777; font-family: Arial;\">Une partie de ces ost\u00e9opathes appliquaient strictement ce protocole sur les membres du premier groupe, alors que l&rsquo;autre partie des ost\u00e9opathes se gardaient de le suivre en r\u00e9alisant des manipulations qui devaient \u00eatre neutre.<br \/>\n<\/span><\/p>\n<p><span style=\"color: #777777; font-family: Arial;\">Les r\u00e9sultats sont parus dans la revue JAMA (<em>Journal of the American Medical Association<\/em>) le 15 mars 2021.<br \/>\n<\/span><\/p>\n<p><span style=\"color: #777777; font-family: Arial;\">Le professeur Rannou rapporte\u00a0:<br \/>\n<\/span><\/p>\n<p style=\"margin-left: 28pt;\"><span style=\"color: #c00000; font-family: Arial;\">\u00ab\u00a0En g\u00e9n\u00e9ral, quand on fait des \u00e9tudes sur les faits, soit d&rsquo;un m\u00e9dicament, soit d&rsquo;une th\u00e9rapeutique non pharmacologique dans les maladies de l&rsquo;appareil locomoteur, on regarde trois choses. On regarde la douleur, est-ce qu&rsquo;on a mal ou pas ? Ou moins mal ou plus mal ? La fonction en gros c&rsquo;est, qu&rsquo;est ce qu&rsquo;on peut faire ? Et la qualit\u00e9 de vie, est-ce qu&rsquo;on a perdu ou pas en qualit\u00e9 de vie ? L\u00e0, on a montr\u00e9 que sur la douleur, il n&rsquo;y avait pas de diff\u00e9rences du tout entre les deux groupes, la qualit\u00e9 de vie non plus. Par contre, sur la fonction, il y a une petite diff\u00e9rence entre les deux groupes en faveur du groupe ost\u00e9opathie. Mais cette diff\u00e9rence n&rsquo;est pas ce que l&rsquo;on appelle cliniquement pertinente, c&rsquo;est-\u00e0-dire que c&rsquo;est une diff\u00e9rence qui est tellement faible qu&rsquo;on consid\u00e8re qu&rsquo;elle n&rsquo;a pas d&rsquo;existence clinique.\u00a0\u00bb<br \/>\n<\/span><\/p>\n<p><span style=\"color: #777777; font-family: Arial;\">Donc l&rsquo;ost\u00e9opathie n&rsquo;a pas plus d&rsquo;effet qu&rsquo;un placebo selon cette \u00e9tude.<br \/>\n<\/span><\/p>\n<p><span style=\"color: #777777; font-family: Arial;\">Je n&rsquo;ai pas vocation \u00e0 remettre en cause cette \u00e9tude.<br \/>\n<\/span><\/p>\n<p><span style=\"color: #777777; font-family: Arial;\">Je constate qu&rsquo;il s&rsquo;agissait d&rsquo;une \u00e9tude sur un point pr\u00e9cis de souffrance\u00a0: une lombalgie.<br \/>\n<\/span><\/p>\n<p><span style=\"color: #777777; font-family: Arial;\">Une \u00e9tude sur une autre pathologie conduirait-elle au m\u00eame r\u00e9sultat\u00a0?<br \/>\n<\/span><\/p>\n<p><span style=\"color: #777777; font-family: Arial;\">Et puis il y a un constat du professeur Rannou qui me semble essentiel\u00a0:<br \/>\n<\/span><\/p>\n<p style=\"margin-left: 28pt;\"><span style=\"color: #c00000; font-family: Arial;\">\u00ab\u00a0On a compar\u00e9 l&rsquo;ost\u00e9opathie chez les gens qui ont mal au dos depuis plus de 6 semaines \u00e0 un placebo et on montre qu&rsquo;il n&rsquo;y a pas de diff\u00e9rences entre les deux. En gros, les deux am\u00e9liorent les patients, mais il n&rsquo;y a pas de diff\u00e9rences cliniquement pertinentes entre les deux groupes.\u00a0\u00bb<br \/>\n<\/span><\/p>\n<p><span style=\"color: #777777; font-family: Arial;\">L&rsquo;ost\u00e9opathie dans ce cas am\u00e9liore la situation du patient, c&rsquo;est mieux que de ne rien faire, mais ce n&rsquo;est pas mieux qu&rsquo;un placebo.<br \/>\n<\/span><\/p>\n<p><span style=\"color: #777777; font-family: Arial;\">Mais dans les deux cas la prise en charge est la m\u00eame, je veux dire que les patients rencontrent un ost\u00e9opathe qui s&rsquo;occupe d&rsquo;eux, avec lequel ils \u00e9changent. Bref tout est dans la relation, dans la capacit\u00e9 d&#8217;empathie et d&rsquo;humanit\u00e9 dont est capable le praticien et la confiance que peut lui manifester le patient.<br \/>\n<\/span><\/p>\n<p><span style=\"color: #777777; font-family: Arial;\">Exactement le contraire de ce technicien que j&rsquo;ai rencontr\u00e9 vendredi apr\u00e8s-midi, appendice d&rsquo;une machine et qui n&rsquo;a marqu\u00e9 aucune empathie et tr\u00e8s peu d&rsquo;\u00e9coute.<br \/>\n<\/span><\/p>\n<p><span style=\"color: #777777; font-family: Arial;\">Il pourrait probablement \u00eatre remplac\u00e9 par une intelligence artificielle sans qu&rsquo;il n&rsquo;y ait de d\u00e9gradation du service.<br \/>\n<\/span><\/p>\n<p><span style=\"color: maroon; font-family: Arial;\">&lt;1613&gt;<span style=\"color: #777777;\"><br \/>\n<\/span><\/span><\/p>\n<p><span style=\"color: #777777; font-family: Arial;\">\u00a0<\/span><\/p>\n","protected":false},"excerpt":{"rendered":"<p>\u00ab\u00a0Vous pouvez \u00e9couter votre ost\u00e9opathe, il en est bien qui \u00e9coute leur coiffeur !\u00a0\u00bb Un m\u00e9decin rencontr\u00e9 lors d&rsquo;une \u00e9chographie Aujourd&rsquo;hui je vais parler de m\u00e9decins, de techniciens et d&rsquo;ost\u00e9opathie. Mais pour ce faire, il me semble utile de parler<\/p>\n","protected":false},"author":1,"featured_media":0,"comment_status":"open","ping_status":"closed","sticky":false,"template":"","format":"standard","meta":{"footnotes":""},"categories":[1],"tags":[132,19,13],"class_list":["post-12506","post","type-post","status-publish","format-standard","hentry","category-motdujour","tag-medecine","tag-personnel","tag-sante"],"_links":{"self":[{"href":"https:\/\/lemotdujour.fr\/index.php?rest_route=\/wp\/v2\/posts\/12506","targetHints":{"allow":["GET"]}}],"collection":[{"href":"https:\/\/lemotdujour.fr\/index.php?rest_route=\/wp\/v2\/posts"}],"about":[{"href":"https:\/\/lemotdujour.fr\/index.php?rest_route=\/wp\/v2\/types\/post"}],"author":[{"embeddable":true,"href":"https:\/\/lemotdujour.fr\/index.php?rest_route=\/wp\/v2\/users\/1"}],"replies":[{"embeddable":true,"href":"https:\/\/lemotdujour.fr\/index.php?rest_route=%2Fwp%2Fv2%2Fcomments&post=12506"}],"version-history":[{"count":6,"href":"https:\/\/lemotdujour.fr\/index.php?rest_route=\/wp\/v2\/posts\/12506\/revisions"}],"predecessor-version":[{"id":12718,"href":"https:\/\/lemotdujour.fr\/index.php?rest_route=\/wp\/v2\/posts\/12506\/revisions\/12718"}],"wp:attachment":[{"href":"https:\/\/lemotdujour.fr\/index.php?rest_route=%2Fwp%2Fv2%2Fmedia&parent=12506"}],"wp:term":[{"taxonomy":"category","embeddable":true,"href":"https:\/\/lemotdujour.fr\/index.php?rest_route=%2Fwp%2Fv2%2Fcategories&post=12506"},{"taxonomy":"post_tag","embeddable":true,"href":"https:\/\/lemotdujour.fr\/index.php?rest_route=%2Fwp%2Fv2%2Ftags&post=12506"}],"curies":[{"name":"wp","href":"https:\/\/api.w.org\/{rel}","templated":true}]}}